{"id":199006,"date":"2021-11-16T11:10:57","date_gmt":"2021-11-16T10:10:57","guid":{"rendered":"https:\/\/www.intoscana.it\/it\/?p=199006"},"modified":"2021-11-26T16:02:41","modified_gmt":"2021-11-26T15:02:41","slug":"profumo-di-festa-nellaria-tornano-i-mercatini-di-natale-in-toscana","status":"publish","type":"post","link":"https:\/\/www.intoscana.it\/it\/profumo-di-festa-nellaria-tornano-i-mercatini-di-natale-in-toscana\/","title":{"rendered":"Profumo di festa nell\u2019aria: tornano i mercatini di Natale in Toscana"},"content":{"rendered":"<p><strong>La magia del Natale sta per tornare in Toscana<\/strong>\u00a0in occasione delle festivit\u00e0.\u00a0Citt\u00e0 e borghi risplenderanno di <strong>luci, eventi, concerti, rievocazioni<\/strong> e gli immancabili <strong>mercatini di Natale<\/strong> tanto amati da grandi e piccini.<\/p>\n<p>Sono tante le iniziative che si svolgono in Toscana,<strong> ecco alcuni mercatini da non perdere.<\/strong><\/p>\n<p>A Firenze uno dei mercatini di Natale pi\u00f9 conosciuti \u00e8 sicuramente il\u00a0<a href=\"https:\/\/www.intoscana.it\/it\/articolo\/il-mercato-di-natale-in-santa-croce-una-tradizione-che-si-ripete-da-20-anni\/\" target=\"_blank\" rel=\"noopener\"><strong>Weihnachtsmarkt<\/strong>\u00a0<\/a>l\u2019appuntamento tradizionale con l\u2019artigianato e i sapori della Germania e del Nord Europa. Il <strong>mercatino torna nel cuore di Firenze<\/strong>, in <strong>piazza Santa Croce<\/strong> dopo un anno di stop forzato per la pandemia.<\/p>\n<p><strong>Da sabato 20 novembre<\/strong> torneranno le casette di legno addobbate in stile natalizio,<strong> il profumo di wurstel e stinchi di maiale cotti sulla brace, i bretzel, lo strudel<\/strong> e altre prelibatezze pervadono l\u2019aria e invitano i visitatori a cedere alle tentazioni della gola, magari accompagnando il tutto con un bel boccale di birra spillato sul momento.<\/p>\n<figure id=\"post-83149 media-83149\" class=\"align-center\"><img decoding=\"async\" src=\"https:\/\/www.intoscana.it\/wp-content\/uploads\/siena-piazza_night_1600-1.jpg\" alt=\"\" \/><\/figure>\n<div class=\"titleimg\"><em>Mercato nel Campo a Siena<\/em><\/div>\n<p>A Siena il<strong> 4 e 5 dicembre<\/strong>, torna come ogni anno l&#8217;affascinante <a href=\"https:\/\/www.intoscana.it\/it\/articolo\/il-4-e-5-dicembre-latteso-ritorno-del-mercato-nel-campo-a-siena\/\" target=\"_blank\" rel=\"noopener\"><strong>Mercato del Campo<\/strong><\/a> con <strong>oltre 140 banchi<\/strong> per immergersi nelle <strong>atmosfere medievali<\/strong> e scoprire bellezza, profumi e <strong>tipicit\u00e0 enogastronomiche provenienti da tutta Italia.<\/strong><\/p>\n<p>Per due giorni il cuore del centro storico di una delle pi\u00f9 belle citt\u00e0 toscane torner\u00e0 ad essere <strong>area di commercio e di relazioni sociali.<\/strong>\u00a0I visitatori potranno assaggiare e conoscere, chiedendo agli stessi produttori curiosit\u00e0 e informazioni.<\/p>\n<div class=\"titleimg\">\n<figure id=\"post-199275 media-199275\" class=\"align-none\"><img decoding=\"async\" src=\"https:\/\/www.intoscana.it\/wp-content\/uploads\/Arezzo-Citt\u00e0-Natale.jpeg\" alt=\"\" \/><\/figure>\n<div class=\"titleimg\">Arezzo Citt\u00e0 del Natale &#8211; \u00a9 Arezzo citt\u00e0 del Natale<\/div>\n<\/div>\n<p><strong>Dal 20 novembre al 9 gennaio<\/strong> torna <a href=\"https:\/\/www.intoscana.it\/it\/articolo\/arezzo-citta-del-natale-tornano-i-giorni-della-meraviglia-con-mercatini-e-spettacoli-di-luce\/\" target=\"_blank\" rel=\"noopener\"><strong>Arezzo Citt\u00e0 del Natale<\/strong><\/a>.\u00a0<strong>Tantissime le attrazioni<\/strong> che scandiranno <strong>l\u2019attesa del Natale<\/strong> e accompagneranno l\u2019inizio del nuovo anno, a partire dall\u2019originale percorso di <strong>istallazioni luminose<\/strong> che offrir\u00e0 una lettura insolita di architetture e palazzi storici accompagnando il visitatore in <strong>un itinerario spettacolare.<\/strong><\/p>\n<p>Al <strong>\u201cPrato\u201d<\/strong>, grande area verde che domina la citt\u00e0, sar\u00e0 istallata la suggestiva <strong>ruota panoramica<\/strong>\u00a0e verr\u00e0 allestito il \u201c<strong>Mercato delle Meraviglie<\/strong>\u201d ricco di prodotti gastronomici tipici e tantissime curiosit\u00e0.\u00a0Qui (fino al 26 dicembre) trover\u00e0 spazio anche il \u201c<strong>Christmas Brick Arezzo<\/strong>\u201d il villaggio natalizio realizzato con i mattoncini pi\u00f9 famosi del mondo.<\/p>\n<p>In <strong>Piazza Grande<\/strong>\u00a0immancabili i<strong> mercatini di Natale<\/strong> organizzati da Confcommercio Arezzo e le atmosfere uniche del <strong>Villaggio Tirolese<\/strong> con <strong>ben 32 casette di legno dove espositori dal Tirolo, dalla Germania e dall\u2019Austria<\/strong>. Sul fronte del gusto, <strong>due piccole baite<\/strong> somministreranno le migliori birre e piatti tipici tirolesi.<\/p>\n<figure id=\"post-198882 media-198882\" class=\"align-center\"><img decoding=\"async\" src=\"https:\/\/www.intoscana.it\/wp-content\/uploads\/Empoli-Natale-stella-cometa.jpeg\" alt=\"\" \/><\/figure>\n<div class=\"titleimg\"><em>La stella cometa di Empoli\u00a0<\/em><\/div>\n<p><strong>Fino al 16 gennaio<\/strong> nuova edizione per <a href=\"https:\/\/www.intoscana.it\/it\/articolo\/empoli-citta-del-natale-una-festa-piena-di-luce-lunga-due-mesi\/\" target=\"_blank\" rel=\"noopener\"><strong>Empoli Citt\u00e0 del Natale,<\/strong><\/a> la grande rassegna che animer\u00e0 le vie del centro storico di Empoli inondandole di <strong>magia e<\/strong> <strong>luci colorate<\/strong>.<\/p>\n<p>La citt\u00e0 toscana vivr\u00e0<strong> il magico mondo del\u00a0Natale<\/strong>, con una grande nevicata che imbiancher\u00e0 tutta<strong> piazza Farinata degli Uberti,<\/strong> con il<strong> luna park e la pista sul ghiaccio.<\/strong><\/p>\n<p>Non mancheranno<strong> il trenino turistico<\/strong> per le vie illuminate del centro, le proiezioni architettoniche, i <strong>mercatini di\u00a0Natale <\/strong>e\u00a0simbolicamente sar\u00e0 installato un albero in ogni frazione.<\/p>\n<div class=\"titleimg\">\n<figure id=\"post-199010 media-199010\" class=\"align-center\"><img decoding=\"async\" src=\"https:\/\/www.intoscana.it\/wp-content\/uploads\/002-castellonmp-tutte.jpg\" alt=\"\" \/><\/figure>\n<div class=\"titleimg\"><em>Castello di Babbo Natale, Montepulciano<\/em><\/div>\n<\/div>\n<p><strong>Dal 20 novembre al 6 gennaio<\/strong> infine torna a Montepulciano il <a href=\"http:\/\/www.nataleamontepulciano.it\" target=\"_blank\" rel=\"noopener\"><strong>Villaggio di Natale<\/strong><\/a>, ricco di appuntamenti per vivere a pieno la magia del periodo natalizio in un ambiente da favola.\u00a0<span id=\"u68284\">Dopo lo <\/span><span id=\"u68284-2\" class=\"helvetica-19-bold\">straordinario successo<\/span><span id=\"u68284-3\"> delle precedenti edizioni t<\/span><span id=\"u68284-5\">antissime <strong>le novit\u00e0 e le sorprese per tutta la famiglia.<\/strong><\/span><\/p>\n<p><span id=\"u68284-5\">Un&#8217;esperienza unica per grandi e piccini, un modo nuovo e divertente per trascorrere in armonia e tranquillit\u00e0 i giorni dell\u2019Avvento e delle festivit\u00e0 natalizie, immersi in <strong>un\u2019<\/strong><\/span><strong><span id=\"u68284-6\" class=\"helvetica-19-bold\">ambientazione da favola<\/span><span id=\"u68284-7\">, in uno dei luoghi pi\u00f9 belli del mondo.<\/span><\/strong><\/p>\n<p id=\"u68284-15\"><span id=\"u68284-10\">All\u2019interno del villaggio ci sar\u00e0 un <\/span><strong><span id=\"u68284-11\">grande mercatino caratteristico con casette in legno<\/span><\/strong><span id=\"u68284-12\">, il pi\u00f9 grande del Centro Italia, in cui trovare tantissime idee regalo per s\u00e9 e per i propri cari, per poi tuffarsi nell\u2019emozionante visita del <\/span><strong><span id=\"u68284-13\">Castello di Babbo Natale<\/span><\/strong><span id=\"u68284-14\"><strong>,<\/strong> ricco di sorprese e attrazioni, non solo per i pi\u00f9 piccoli. <\/span><\/p>\n","protected":false},"excerpt":{"rendered":"<p>Citt\u00e0 e borghi sono pronti a risplendere di luci, eventi, concerti, rievocazioni e gli immancabili mercatini di Natale tanto amati da grandi e piccini<\/p>\n","protected":false},"author":518,"featured_media":198418,"comment_status":"open","ping_status":"open","sticky":false,"template":"","format":"standard","meta":{"_acf_changed":false,"footnotes":""},"categories":[6],"tags":[409,1583],"class_list":["post-199006","post","type-post","status-publish","format-standard","has-post-thumbnail","hentry","category-viaggi","tag-natale","tag-natale-in-toscana"],"acf":[],"yoast_head":"<!-- This site is optimized with the Yoast SEO Premium plugin v24.2 (Yoast SEO v25.6) - https:\/\/yoast.com\/wordpress\/plugins\/seo\/ -->\n<title>Profumo di festa nell\u2019aria: tornano i mercatini di Natale in Toscana - intoscana<\/title>\n<meta name=\"description\" content=\"Citt\u00e0 e borghi sono pronti a risplendere di luci, eventi, concerti, rievocazioni e gli immancabili mercatini di Natale tanto amati\" \/>\n<meta name=\"robots\" content=\"index, follow, max-snippet:-1, max-image-preview:large, max-video-preview:-1\" \/>\n<link rel=\"canonical\" href=\"https:\/\/www.intoscana.it\/it\/profumo-di-festa-nellaria-tornano-i-mercatini-di-natale-in-toscana\/\" \/>\n<meta property=\"og:locale\" content=\"it_IT\" \/>\n<meta property=\"og:type\" content=\"article\" \/>\n<meta property=\"og:title\" content=\"Profumo di festa nell\u2019aria: tornano i mercatini di Natale in Toscana\" \/>\n<meta property=\"og:description\" content=\"Citt\u00e0 e borghi sono pronti a risplendere di luci, eventi, concerti, rievocazioni e gli immancabili mercatini di Natale tanto amati\" \/>\n<meta property=\"og:url\" content=\"https:\/\/www.intoscana.it\/it\/profumo-di-festa-nellaria-tornano-i-mercatini-di-natale-in-toscana\/\" \/>\n<meta property=\"og:site_name\" content=\"intoscana\" \/>\n<meta property=\"article:publisher\" content=\"https:\/\/www.facebook.com\/intoscana.it\" \/>\n<meta property=\"article:published_time\" content=\"2021-11-16T10:10:57+00:00\" \/>\n<meta property=\"article:modified_time\" content=\"2021-11-26T15:02:41+00:00\" \/>\n<meta property=\"og:image\" content=\"https:\/\/www.intoscana.it\/wp-content\/uploads\/Arezzo-Natale-2.jpg\" \/>\n\t<meta property=\"og:image:width\" content=\"1920\" \/>\n\t<meta property=\"og:image:height\" content=\"1280\" \/>\n\t<meta property=\"og:image:type\" content=\"image\/jpeg\" \/>\n<meta name=\"author\" content=\"Costanza Baldini\" \/>\n<meta name=\"twitter:card\" content=\"summary_large_image\" \/>\n<meta name=\"twitter:creator\" content=\"@intoscana\" \/>\n<meta name=\"twitter:site\" content=\"@intoscana\" \/>\n<meta name=\"twitter:label1\" content=\"Written by\" \/>\n\t<meta name=\"twitter:data1\" content=\"Costanza Baldini\" \/>\n\t<meta name=\"twitter:label2\" content=\"Est. reading time\" \/>\n\t<meta name=\"twitter:data2\" content=\"3 minuti\" \/>\n<script type=\"application\/ld+json\" class=\"yoast-schema-graph\">{\"@context\":\"https:\/\/schema.org\",\"@graph\":[{\"@type\":\"WebPage\",\"@id\":\"https:\/\/www.intoscana.it\/it\/profumo-di-festa-nellaria-tornano-i-mercatini-di-natale-in-toscana\/\",\"url\":\"https:\/\/www.intoscana.it\/it\/profumo-di-festa-nellaria-tornano-i-mercatini-di-natale-in-toscana\/\",\"name\":\"Profumo di festa nell\u2019aria: tornano i mercatini di Natale in Toscana - intoscana\",\"isPartOf\":{\"@id\":\"https:\/\/www.intoscana.it\/it\/#website\"},\"primaryImageOfPage\":{\"@id\":\"https:\/\/www.intoscana.it\/it\/profumo-di-festa-nellaria-tornano-i-mercatini-di-natale-in-toscana\/#primaryimage\"},\"image\":{\"@id\":\"https:\/\/www.intoscana.it\/it\/profumo-di-festa-nellaria-tornano-i-mercatini-di-natale-in-toscana\/#primaryimage\"},\"thumbnailUrl\":\"https:\/\/www.intoscana.it\/wp-content\/uploads\/Arezzo-Natale-2.jpg\",\"datePublished\":\"2021-11-16T10:10:57+00:00\",\"dateModified\":\"2021-11-26T15:02:41+00:00\",\"author\":{\"@id\":\"https:\/\/www.intoscana.it\/it\/#\/schema\/person\/d469f35f09739bdf00bf5dd3f0647a82\"},\"description\":\"Citt\u00e0 e borghi sono pronti a risplendere di luci, eventi, concerti, rievocazioni e gli immancabili mercatini di Natale tanto amati\",\"breadcrumb\":{\"@id\":\"https:\/\/www.intoscana.it\/it\/profumo-di-festa-nellaria-tornano-i-mercatini-di-natale-in-toscana\/#breadcrumb\"},\"inLanguage\":\"it-IT\",\"potentialAction\":[{\"@type\":\"ReadAction\",\"target\":[\"https:\/\/www.intoscana.it\/it\/profumo-di-festa-nellaria-tornano-i-mercatini-di-natale-in-toscana\/\"]}]},{\"@type\":\"ImageObject\",\"inLanguage\":\"it-IT\",\"@id\":\"https:\/\/www.intoscana.it\/it\/profumo-di-festa-nellaria-tornano-i-mercatini-di-natale-in-toscana\/#primaryimage\",\"url\":\"https:\/\/www.intoscana.it\/wp-content\/uploads\/Arezzo-Natale-2.jpg\",\"contentUrl\":\"https:\/\/www.intoscana.it\/wp-content\/uploads\/Arezzo-Natale-2.jpg\",\"width\":1920,\"height\":1280},{\"@type\":\"BreadcrumbList\",\"@id\":\"https:\/\/www.intoscana.it\/it\/profumo-di-festa-nellaria-tornano-i-mercatini-di-natale-in-toscana\/#breadcrumb\",\"itemListElement\":[{\"@type\":\"ListItem\",\"position\":1,\"name\":\"Home\",\"item\":\"https:\/\/www.intoscana.it\/it\/\"},{\"@type\":\"ListItem\",\"position\":2,\"name\":\"Profumo di festa nell\u2019aria: tornano i mercatini di Natale in Toscana\"}]},{\"@type\":\"WebSite\",\"@id\":\"https:\/\/www.intoscana.it\/it\/#website\",\"url\":\"https:\/\/www.intoscana.it\/it\/\",\"name\":\"intoscana\",\"description\":\"\",\"potentialAction\":[{\"@type\":\"SearchAction\",\"target\":{\"@type\":\"EntryPoint\",\"urlTemplate\":\"https:\/\/www.intoscana.it\/it\/?s={search_term_string}\"},\"query-input\":{\"@type\":\"PropertyValueSpecification\",\"valueRequired\":true,\"valueName\":\"search_term_string\"}}],\"inLanguage\":\"it-IT\"},{\"@type\":\"Person\",\"@id\":\"https:\/\/www.intoscana.it\/it\/#\/schema\/person\/d469f35f09739bdf00bf5dd3f0647a82\",\"name\":\"Costanza Baldini\",\"url\":\"https:\/\/www.intoscana.it\/it\/author\/costanza-baldini\/\"}]}<\/script>\n<!-- \/ Yoast SEO Premium plugin. -->","yoast_head_json":{"title":"Profumo di festa nell\u2019aria: tornano i mercatini di Natale in Toscana - intoscana","description":"Citt\u00e0 e borghi sono pronti a risplendere di luci, eventi, concerti, rievocazioni e gli immancabili mercatini di Natale tanto amati","robots":{"index":"index","follow":"follow","max-snippet":"max-snippet:-1","max-image-preview":"max-image-preview:large","max-video-preview":"max-video-preview:-1"},"canonical":"https:\/\/www.intoscana.it\/it\/profumo-di-festa-nellaria-tornano-i-mercatini-di-natale-in-toscana\/","og_locale":"it_IT","og_type":"article","og_title":"Profumo di festa nell\u2019aria: tornano i mercatini di Natale in Toscana","og_description":"Citt\u00e0 e borghi sono pronti a risplendere di luci, eventi, concerti, rievocazioni e gli immancabili mercatini di Natale tanto amati","og_url":"https:\/\/www.intoscana.it\/it\/profumo-di-festa-nellaria-tornano-i-mercatini-di-natale-in-toscana\/","og_site_name":"intoscana","article_publisher":"https:\/\/www.facebook.com\/intoscana.it","article_published_time":"2021-11-16T10:10:57+00:00","article_modified_time":"2021-11-26T15:02:41+00:00","og_image":[{"width":1920,"height":1280,"url":"https:\/\/www.intoscana.it\/wp-content\/uploads\/Arezzo-Natale-2.jpg","type":"image\/jpeg"}],"author":"Costanza Baldini","twitter_card":"summary_large_image","twitter_creator":"@intoscana","twitter_site":"@intoscana","twitter_misc":{"Written by":"Costanza Baldini","Est. reading time":"3 minuti"},"schema":{"@context":"https:\/\/schema.org","@graph":[{"@type":"WebPage","@id":"https:\/\/www.intoscana.it\/it\/profumo-di-festa-nellaria-tornano-i-mercatini-di-natale-in-toscana\/","url":"https:\/\/www.intoscana.it\/it\/profumo-di-festa-nellaria-tornano-i-mercatini-di-natale-in-toscana\/","name":"Profumo di festa nell\u2019aria: tornano i mercatini di Natale in Toscana - intoscana","isPartOf":{"@id":"https:\/\/www.intoscana.it\/it\/#website"},"primaryImageOfPage":{"@id":"https:\/\/www.intoscana.it\/it\/profumo-di-festa-nellaria-tornano-i-mercatini-di-natale-in-toscana\/#primaryimage"},"image":{"@id":"https:\/\/www.intoscana.it\/it\/profumo-di-festa-nellaria-tornano-i-mercatini-di-natale-in-toscana\/#primaryimage"},"thumbnailUrl":"https:\/\/www.intoscana.it\/wp-content\/uploads\/Arezzo-Natale-2.jpg","datePublished":"2021-11-16T10:10:57+00:00","dateModified":"2021-11-26T15:02:41+00:00","author":{"@id":"https:\/\/www.intoscana.it\/it\/#\/schema\/person\/d469f35f09739bdf00bf5dd3f0647a82"},"description":"Citt\u00e0 e borghi sono pronti a risplendere di luci, eventi, concerti, rievocazioni e gli immancabili mercatini di Natale tanto amati","breadcrumb":{"@id":"https:\/\/www.intoscana.it\/it\/profumo-di-festa-nellaria-tornano-i-mercatini-di-natale-in-toscana\/#breadcrumb"},"inLanguage":"it-IT","potentialAction":[{"@type":"ReadAction","target":["https:\/\/www.intoscana.it\/it\/profumo-di-festa-nellaria-tornano-i-mercatini-di-natale-in-toscana\/"]}]},{"@type":"ImageObject","inLanguage":"it-IT","@id":"https:\/\/www.intoscana.it\/it\/profumo-di-festa-nellaria-tornano-i-mercatini-di-natale-in-toscana\/#primaryimage","url":"https:\/\/www.intoscana.it\/wp-content\/uploads\/Arezzo-Natale-2.jpg","contentUrl":"https:\/\/www.intoscana.it\/wp-content\/uploads\/Arezzo-Natale-2.jpg","width":1920,"height":1280},{"@type":"BreadcrumbList","@id":"https:\/\/www.intoscana.it\/it\/profumo-di-festa-nellaria-tornano-i-mercatini-di-natale-in-toscana\/#breadcrumb","itemListElement":[{"@type":"ListItem","position":1,"name":"Home","item":"https:\/\/www.intoscana.it\/it\/"},{"@type":"ListItem","position":2,"name":"Profumo di festa nell\u2019aria: tornano i mercatini di Natale in Toscana"}]},{"@type":"WebSite","@id":"https:\/\/www.intoscana.it\/it\/#website","url":"https:\/\/www.intoscana.it\/it\/","name":"intoscana","description":"","potentialAction":[{"@type":"SearchAction","target":{"@type":"EntryPoint","urlTemplate":"https:\/\/www.intoscana.it\/it\/?s={search_term_string}"},"query-input":{"@type":"PropertyValueSpecification","valueRequired":true,"valueName":"search_term_string"}}],"inLanguage":"it-IT"},{"@type":"Person","@id":"https:\/\/www.intoscana.it\/it\/#\/schema\/person\/d469f35f09739bdf00bf5dd3f0647a82","name":"Costanza Baldini","url":"https:\/\/www.intoscana.it\/it\/author\/costanza-baldini\/"}]}},"_links":{"self":[{"href":"https:\/\/www.intoscana.it\/it\/wp-json\/wp\/v2\/posts\/199006","targetHints":{"allow":["GET"]}}],"collection":[{"href":"https:\/\/www.intoscana.it\/it\/wp-json\/wp\/v2\/posts"}],"about":[{"href":"https:\/\/www.intoscana.it\/it\/wp-json\/wp\/v2\/types\/post"}],"author":[{"embeddable":true,"href":"https:\/\/www.intoscana.it\/it\/wp-json\/wp\/v2\/users\/518"}],"replies":[{"embeddable":true,"href":"https:\/\/www.intoscana.it\/it\/wp-json\/wp\/v2\/comments?post=199006"}],"version-history":[{"count":0,"href":"https:\/\/www.intoscana.it\/it\/wp-json\/wp\/v2\/posts\/199006\/revisions"}],"wp:featuredmedia":[{"embeddable":true,"href":"https:\/\/www.intoscana.it\/it\/wp-json\/wp\/v2\/media\/198418"}],"wp:attachment":[{"href":"https:\/\/www.intoscana.it\/it\/wp-json\/wp\/v2\/media?parent=199006"}],"wp:term":[{"taxonomy":"category","embeddable":true,"href":"https:\/\/www.intoscana.it\/it\/wp-json\/wp\/v2\/categories?post=199006"},{"taxonomy":"post_tag","embeddable":true,"href":"https:\/\/www.intoscana.it\/it\/wp-json\/wp\/v2\/tags?post=199006"}],"curies":[{"name":"wp","href":"https:\/\/api.w.org\/{rel}","templated":true}]}}