{"id":199247,"date":"2021-11-17T11:45:00","date_gmt":"2021-11-17T10:45:00","guid":{"rendered":"https:\/\/www.intoscana.it\/it\/?p=199247"},"modified":"2021-11-17T11:45:00","modified_gmt":"2021-11-17T10:45:00","slug":"un-aiuto-per-linternazionalizzazione-delle-piccole-imprese-al-via-le-domande-dal-18-novembre","status":"publish","type":"post","link":"https:\/\/www.intoscana.it\/it\/un-aiuto-per-linternazionalizzazione-delle-piccole-imprese-al-via-le-domande-dal-18-novembre\/","title":{"rendered":"Un aiuto per l&#8217;internazionalizzazione delle piccole imprese: al via le domande dal 18 novembre"},"content":{"rendered":"<div class=\"rt-page__content rt-page-content--left\">\n<div class=\"rt-page__content-text\">\n<p>Aiuti alle <strong>imprese<\/strong>, in particolare quelle pi\u00f9 piccole, per farsi conoscere sui mercati al di fuori dall&#8217;Europa. <mark>Da gioved\u00ec 18 novembre sar\u00e0 possibile inviare le domande per partecipare al nuovo bando da 8,5 milioni di euro per l\u2019<strong>internazionalizzazione<\/strong>.<\/mark> Per quindici giorni le aziende potranno cos\u00ec &#8211;\u00a0 con posta elettronica certificata &#8211; presentare domanda per candidarsi a ricevere il contributo a fondo perduto. Nessun click day, ma la graduatoria sar\u00e0 costruita in base al merito.<\/p>\n<h3><em>L&#8217;export \u00e8 tornato a correre: pi\u00f9 38,5% nei primi sei mesi del 2021<\/em><\/h3>\n<p>Una spinta sul fronte <strong>export<\/strong>, che \u00e8 tornato a crescere dopo la fase acuta della pandemia\u00a0 e che richiede ora pi\u00f9 che mai particolare attenzione. <mark>Nei primi sei mesi \u00a0del 2021 l\u2019export \u00e8 cresciuto infatti del 38,5 per cento, quasi il doppio rispetto alla media nazionale.[\/maek] Solo il cartario presenta un segno negativo. \u00a0Ma le vendite estere toscane sono state nel primo semestre 2021 addirittura superiori in valore (+4.9 per cento) alle transazioni registrate negli stessi mesi del 2019, con la Toscana seconda in Italia solo all\u2019Emilia Romagna. Agricoltura ed agroalimentare registrano veri e propri exploit e anche il settore moda, con qualche affanno in pi\u00f9 per tessuti e filati, sta recuperando.<\/p>\n<p><em>\u201cIl rimbalzo economico era atteso <\/em>\u2013 commenta il presidente della Toscana <strong>Eugenio Giani<\/strong>, guardando i numeri messi in evidenza dall\u2019ultimo rapporto Irpet &#8211;<em> si sapeva anche che sarebbe stato superiore alla media del Paese, visto che la Toscana pi\u00f9 aveva patito del rallentamento dei commercio internazionale. \u00a0 Ma non si poteva forse prevedere un rimbalzo di tale misura e cos\u00ec veloce\u201d<\/em><\/p>\n<h3><em>Chi pu\u00f2 richiedere la misura di sostegno<\/em><\/h3>\n<p>\u201cIl bando appena uscito aiuter\u00e0 le imprese a farsi meglio conoscere \u2013 sottolinea l\u2019assessore all\u2019economia, Leonardo Marras \u2013<em> In una regione tradizionale vocata all\u2019export questo \u00e8 importante e lo \u00e8 ancora di pi\u00f9 aiutare ad affacciarsi sui mercati extraeuropei le aziende pi\u00f9 piccole e meno strutturate, che poi costituiscono la stragrande maggioranza del tessuto economico della regione\u201d.<\/em><\/p>\n<p>Per aggiudicarsi i <strong>contributi a fondo perduto<\/strong> non occorrer\u00e0 necessariamente affrettarsi: le richieste non saranno finanziate in base all\u2019ordine di presentazione, ma sulla base di una graduatoria di merito. [mark]La misura si rivolge a micro, piccole e medie imprese, a professionisti, reti di imprese, consorzi e societ\u00e0 consortili.<\/mark> Ed anche i tempi per sapere se si potr\u00e0 contare o meno su le risorse messe a bando \u00a0saranno pi\u00f9 brevi: i punteggi saranno infatti distribuiti automaticamente e controlli e verifiche sul possesso dei requisiti necessari saranno effettuati sui soli progetti in posizione utile per ricevere finanziamenti.<\/p>\n<h3><em>Contributi e scadenze: cosa c&#8217;\u00e8 da sapere<\/em><\/h3>\n<p><mark>Il bando mette a disposizione 8 milioni e mezzo di euro per progetti di investimento, da un minimo di 10 mila euro (a seconda della dimensione dell\u2019azienda) fino ad un massimo di 400 mila nel caso dei consorzi.<\/mark> L\u2019aiuto rientra tra le misure del progetto regionale <strong>Giovanis\u00ec<\/strong> per l\u2019autonomia dei giovani in quanto \u00a0rivolto anche alle imprese giovanili. Potranno essere finanziati, in misura variabile tra il 30 e il 50 per cento, la partecipazione a fiere e saloni, l\u2019utilizzo di uffici e sale espositive all\u2019estero, servizi promozionali, di internazionalizzazione o di supporto all\u2019innovazione commerciale realizzate a partire dal 23 febbraio 2020.<\/p>\n<p>Tutti i progetti dovranno concludersi ed essere rendicontati entro il 31 dicembre 2022: dovranno avere una durata di otto mesi con una possibile proroga di altri tre mesi. Saranno finanziati con risorse del fondo europeo per lo sviluppo regionale, il Fesr. <mark>Dal 2014 con questa misura sono state sostenute oltre 1300 imprese che per la promozione dell\u2019export hanno potuto complessivamente contare su 47 milioni di euro. Gli investimenti finanziabili dovranno essere rivolti a paesi esterni all\u2019Unione europea.<\/mark><\/p>\n<p>Le imprese del <strong>turismo<\/strong> avranno la precedenza rispetto alle altre fino al 10 per cento delle risorse stanziate, essendo\u00a0 quelle che pi\u00f9 hanno sofferto il contraccolpo delle limitazioni negli spostamenti. In merito poi alla validit\u00e0 economica del progetto presentato, le annualit\u00e0 2019 e 2020 saranno considerate in modo ponderato, in modo da tenere conto dell\u2019eccezionalit\u00e0 del periodo interessato dagli effetti economici causati dalla pandemia.<\/p>\n<p>&nbsp;<\/p>\n<\/div>\n<\/div>\n<div class=\"rt-btn-wrapper rt-btn-wrapper--right-align\">\n<div class=\"a2a_kit a2a_kit_size_32 a2a_default_style\" data-a2a-title=\"Export, contributi per l'internazionalizzazione delle aziende: domande dal 18 novembre\"><\/div>\n<\/div>\n","protected":false},"excerpt":{"rendered":"<p>La Regione pubblica un bando da 8,5 milioni di euro. Le attivit\u00e0 avranno tempo quindici giorni per fare richiesta di contributo: nessun click day, ma la graduatoria sar\u00e0 costruita sul merito<\/p>\n","protected":false},"author":525,"featured_media":192168,"comment_status":"open","ping_status":"open","sticky":false,"template":"","format":"standard","meta":{"_acf_changed":false,"footnotes":""},"categories":[494],"tags":[211,158,446,5008],"class_list":["post-199247","post","type-post","status-publish","format-standard","has-post-thumbnail","hentry","category-attualita","tag-economia","tag-eugenio-giani","tag-export","tag-leonardo-marras"],"acf":[],"yoast_head":"<!-- This site is optimized with the Yoast SEO Premium plugin v24.2 (Yoast SEO v25.6) - https:\/\/yoast.com\/wordpress\/plugins\/seo\/ -->\n<title>Un aiuto per l&#039;internazionalizzazione delle piccole imprese: al via le domande dal 18 novembre - intoscana<\/title>\n<meta name=\"description\" content=\"La Regione pubblica un bando da 8,5 milioni di euro. Le attivit\u00e0 avranno tempo quindici giorni per fare richiesta di contributo: nessun click day, ma la graduatoria sar\u00e0 costruita sul merito\" \/>\n<meta name=\"robots\" content=\"index, follow, max-snippet:-1, max-image-preview:large, max-video-preview:-1\" \/>\n<link rel=\"canonical\" href=\"https:\/\/www.intoscana.it\/it\/un-aiuto-per-linternazionalizzazione-delle-piccole-imprese-al-via-le-domande-dal-18-novembre\/\" \/>\n<meta property=\"og:locale\" content=\"it_IT\" \/>\n<meta property=\"og:type\" content=\"article\" \/>\n<meta property=\"og:title\" content=\"Un aiuto per l&#039;internazionalizzazione delle piccole imprese: al via le domande dal 18 novembre\" \/>\n<meta property=\"og:description\" content=\"La Regione pubblica un bando da 8,5 milioni di euro. Le attivit\u00e0 avranno tempo quindici giorni per fare richiesta di contributo: nessun click day, ma la graduatoria sar\u00e0 costruita sul merito\" \/>\n<meta property=\"og:url\" content=\"https:\/\/www.intoscana.it\/it\/un-aiuto-per-linternazionalizzazione-delle-piccole-imprese-al-via-le-domande-dal-18-novembre\/\" \/>\n<meta property=\"og:site_name\" content=\"intoscana\" \/>\n<meta property=\"article:publisher\" content=\"https:\/\/www.facebook.com\/intoscana.it\" \/>\n<meta property=\"article:published_time\" content=\"2021-11-17T10:45:00+00:00\" \/>\n<meta property=\"og:image\" content=\"https:\/\/www.intoscana.it\/wp-content\/uploads\/Export-CHUTTERSNAP-Unsplash.jpg\" \/>\n\t<meta property=\"og:image:width\" content=\"1920\" \/>\n\t<meta property=\"og:image:height\" content=\"1280\" \/>\n\t<meta property=\"og:image:type\" content=\"image\/jpeg\" \/>\n<meta name=\"author\" content=\"Redazione\" \/>\n<meta name=\"twitter:card\" content=\"summary_large_image\" \/>\n<meta name=\"twitter:creator\" content=\"@intoscana\" \/>\n<meta name=\"twitter:site\" content=\"@intoscana\" \/>\n<meta name=\"twitter:label1\" content=\"Written by\" \/>\n\t<meta name=\"twitter:data1\" content=\"Redazione\" \/>\n\t<meta name=\"twitter:label2\" content=\"Est. reading time\" \/>\n\t<meta name=\"twitter:data2\" content=\"3 minuti\" \/>\n<script type=\"application\/ld+json\" class=\"yoast-schema-graph\">{\"@context\":\"https:\/\/schema.org\",\"@graph\":[{\"@type\":\"WebPage\",\"@id\":\"https:\/\/www.intoscana.it\/it\/un-aiuto-per-linternazionalizzazione-delle-piccole-imprese-al-via-le-domande-dal-18-novembre\/\",\"url\":\"https:\/\/www.intoscana.it\/it\/un-aiuto-per-linternazionalizzazione-delle-piccole-imprese-al-via-le-domande-dal-18-novembre\/\",\"name\":\"Un aiuto per l'internazionalizzazione delle piccole imprese: al via le domande dal 18 novembre - intoscana\",\"isPartOf\":{\"@id\":\"https:\/\/www.intoscana.it\/it\/#website\"},\"primaryImageOfPage\":{\"@id\":\"https:\/\/www.intoscana.it\/it\/un-aiuto-per-linternazionalizzazione-delle-piccole-imprese-al-via-le-domande-dal-18-novembre\/#primaryimage\"},\"image\":{\"@id\":\"https:\/\/www.intoscana.it\/it\/un-aiuto-per-linternazionalizzazione-delle-piccole-imprese-al-via-le-domande-dal-18-novembre\/#primaryimage\"},\"thumbnailUrl\":\"https:\/\/www.intoscana.it\/wp-content\/uploads\/Export-CHUTTERSNAP-Unsplash.jpg\",\"datePublished\":\"2021-11-17T10:45:00+00:00\",\"author\":{\"@id\":\"https:\/\/www.intoscana.it\/it\/#\/schema\/person\/9223810753230f20bd670fdd322661f8\"},\"description\":\"La Regione pubblica un bando da 8,5 milioni di euro. Le attivit\u00e0 avranno tempo quindici giorni per fare richiesta di contributo: nessun click day, ma la graduatoria sar\u00e0 costruita sul merito\",\"breadcrumb\":{\"@id\":\"https:\/\/www.intoscana.it\/it\/un-aiuto-per-linternazionalizzazione-delle-piccole-imprese-al-via-le-domande-dal-18-novembre\/#breadcrumb\"},\"inLanguage\":\"it-IT\",\"potentialAction\":[{\"@type\":\"ReadAction\",\"target\":[\"https:\/\/www.intoscana.it\/it\/un-aiuto-per-linternazionalizzazione-delle-piccole-imprese-al-via-le-domande-dal-18-novembre\/\"]}]},{\"@type\":\"ImageObject\",\"inLanguage\":\"it-IT\",\"@id\":\"https:\/\/www.intoscana.it\/it\/un-aiuto-per-linternazionalizzazione-delle-piccole-imprese-al-via-le-domande-dal-18-novembre\/#primaryimage\",\"url\":\"https:\/\/www.intoscana.it\/wp-content\/uploads\/Export-CHUTTERSNAP-Unsplash.jpg\",\"contentUrl\":\"https:\/\/www.intoscana.it\/wp-content\/uploads\/Export-CHUTTERSNAP-Unsplash.jpg\",\"width\":1920,\"height\":1280},{\"@type\":\"BreadcrumbList\",\"@id\":\"https:\/\/www.intoscana.it\/it\/un-aiuto-per-linternazionalizzazione-delle-piccole-imprese-al-via-le-domande-dal-18-novembre\/#breadcrumb\",\"itemListElement\":[{\"@type\":\"ListItem\",\"position\":1,\"name\":\"Home\",\"item\":\"https:\/\/www.intoscana.it\/it\/\"},{\"@type\":\"ListItem\",\"position\":2,\"name\":\"Un aiuto per l&#8217;internazionalizzazione delle piccole imprese: al via le domande dal 18 novembre\"}]},{\"@type\":\"WebSite\",\"@id\":\"https:\/\/www.intoscana.it\/it\/#website\",\"url\":\"https:\/\/www.intoscana.it\/it\/\",\"name\":\"intoscana\",\"description\":\"\",\"potentialAction\":[{\"@type\":\"SearchAction\",\"target\":{\"@type\":\"EntryPoint\",\"urlTemplate\":\"https:\/\/www.intoscana.it\/it\/?s={search_term_string}\"},\"query-input\":{\"@type\":\"PropertyValueSpecification\",\"valueRequired\":true,\"valueName\":\"search_term_string\"}}],\"inLanguage\":\"it-IT\"},{\"@type\":\"Person\",\"@id\":\"https:\/\/www.intoscana.it\/it\/#\/schema\/person\/9223810753230f20bd670fdd322661f8\",\"name\":\"Redazione\",\"url\":\"https:\/\/www.intoscana.it\/it\/author\/redazione\/\"}]}<\/script>\n<!-- \/ Yoast SEO Premium plugin. -->","yoast_head_json":{"title":"Un aiuto per l'internazionalizzazione delle piccole imprese: al via le domande dal 18 novembre - intoscana","description":"La Regione pubblica un bando da 8,5 milioni di euro. Le attivit\u00e0 avranno tempo quindici giorni per fare richiesta di contributo: nessun click day, ma la graduatoria sar\u00e0 costruita sul merito","robots":{"index":"index","follow":"follow","max-snippet":"max-snippet:-1","max-image-preview":"max-image-preview:large","max-video-preview":"max-video-preview:-1"},"canonical":"https:\/\/www.intoscana.it\/it\/un-aiuto-per-linternazionalizzazione-delle-piccole-imprese-al-via-le-domande-dal-18-novembre\/","og_locale":"it_IT","og_type":"article","og_title":"Un aiuto per l'internazionalizzazione delle piccole imprese: al via le domande dal 18 novembre","og_description":"La Regione pubblica un bando da 8,5 milioni di euro. Le attivit\u00e0 avranno tempo quindici giorni per fare richiesta di contributo: nessun click day, ma la graduatoria sar\u00e0 costruita sul merito","og_url":"https:\/\/www.intoscana.it\/it\/un-aiuto-per-linternazionalizzazione-delle-piccole-imprese-al-via-le-domande-dal-18-novembre\/","og_site_name":"intoscana","article_publisher":"https:\/\/www.facebook.com\/intoscana.it","article_published_time":"2021-11-17T10:45:00+00:00","og_image":[{"width":1920,"height":1280,"url":"https:\/\/www.intoscana.it\/wp-content\/uploads\/Export-CHUTTERSNAP-Unsplash.jpg","type":"image\/jpeg"}],"author":"Redazione","twitter_card":"summary_large_image","twitter_creator":"@intoscana","twitter_site":"@intoscana","twitter_misc":{"Written by":"Redazione","Est. reading time":"3 minuti"},"schema":{"@context":"https:\/\/schema.org","@graph":[{"@type":"WebPage","@id":"https:\/\/www.intoscana.it\/it\/un-aiuto-per-linternazionalizzazione-delle-piccole-imprese-al-via-le-domande-dal-18-novembre\/","url":"https:\/\/www.intoscana.it\/it\/un-aiuto-per-linternazionalizzazione-delle-piccole-imprese-al-via-le-domande-dal-18-novembre\/","name":"Un aiuto per l'internazionalizzazione delle piccole imprese: al via le domande dal 18 novembre - intoscana","isPartOf":{"@id":"https:\/\/www.intoscana.it\/it\/#website"},"primaryImageOfPage":{"@id":"https:\/\/www.intoscana.it\/it\/un-aiuto-per-linternazionalizzazione-delle-piccole-imprese-al-via-le-domande-dal-18-novembre\/#primaryimage"},"image":{"@id":"https:\/\/www.intoscana.it\/it\/un-aiuto-per-linternazionalizzazione-delle-piccole-imprese-al-via-le-domande-dal-18-novembre\/#primaryimage"},"thumbnailUrl":"https:\/\/www.intoscana.it\/wp-content\/uploads\/Export-CHUTTERSNAP-Unsplash.jpg","datePublished":"2021-11-17T10:45:00+00:00","author":{"@id":"https:\/\/www.intoscana.it\/it\/#\/schema\/person\/9223810753230f20bd670fdd322661f8"},"description":"La Regione pubblica un bando da 8,5 milioni di euro. Le attivit\u00e0 avranno tempo quindici giorni per fare richiesta di contributo: nessun click day, ma la graduatoria sar\u00e0 costruita sul merito","breadcrumb":{"@id":"https:\/\/www.intoscana.it\/it\/un-aiuto-per-linternazionalizzazione-delle-piccole-imprese-al-via-le-domande-dal-18-novembre\/#breadcrumb"},"inLanguage":"it-IT","potentialAction":[{"@type":"ReadAction","target":["https:\/\/www.intoscana.it\/it\/un-aiuto-per-linternazionalizzazione-delle-piccole-imprese-al-via-le-domande-dal-18-novembre\/"]}]},{"@type":"ImageObject","inLanguage":"it-IT","@id":"https:\/\/www.intoscana.it\/it\/un-aiuto-per-linternazionalizzazione-delle-piccole-imprese-al-via-le-domande-dal-18-novembre\/#primaryimage","url":"https:\/\/www.intoscana.it\/wp-content\/uploads\/Export-CHUTTERSNAP-Unsplash.jpg","contentUrl":"https:\/\/www.intoscana.it\/wp-content\/uploads\/Export-CHUTTERSNAP-Unsplash.jpg","width":1920,"height":1280},{"@type":"BreadcrumbList","@id":"https:\/\/www.intoscana.it\/it\/un-aiuto-per-linternazionalizzazione-delle-piccole-imprese-al-via-le-domande-dal-18-novembre\/#breadcrumb","itemListElement":[{"@type":"ListItem","position":1,"name":"Home","item":"https:\/\/www.intoscana.it\/it\/"},{"@type":"ListItem","position":2,"name":"Un aiuto per l&#8217;internazionalizzazione delle piccole imprese: al via le domande dal 18 novembre"}]},{"@type":"WebSite","@id":"https:\/\/www.intoscana.it\/it\/#website","url":"https:\/\/www.intoscana.it\/it\/","name":"intoscana","description":"","potentialAction":[{"@type":"SearchAction","target":{"@type":"EntryPoint","urlTemplate":"https:\/\/www.intoscana.it\/it\/?s={search_term_string}"},"query-input":{"@type":"PropertyValueSpecification","valueRequired":true,"valueName":"search_term_string"}}],"inLanguage":"it-IT"},{"@type":"Person","@id":"https:\/\/www.intoscana.it\/it\/#\/schema\/person\/9223810753230f20bd670fdd322661f8","name":"Redazione","url":"https:\/\/www.intoscana.it\/it\/author\/redazione\/"}]}},"_links":{"self":[{"href":"https:\/\/www.intoscana.it\/it\/wp-json\/wp\/v2\/posts\/199247","targetHints":{"allow":["GET"]}}],"collection":[{"href":"https:\/\/www.intoscana.it\/it\/wp-json\/wp\/v2\/posts"}],"about":[{"href":"https:\/\/www.intoscana.it\/it\/wp-json\/wp\/v2\/types\/post"}],"author":[{"embeddable":true,"href":"https:\/\/www.intoscana.it\/it\/wp-json\/wp\/v2\/users\/525"}],"replies":[{"embeddable":true,"href":"https:\/\/www.intoscana.it\/it\/wp-json\/wp\/v2\/comments?post=199247"}],"version-history":[{"count":0,"href":"https:\/\/www.intoscana.it\/it\/wp-json\/wp\/v2\/posts\/199247\/revisions"}],"wp:featuredmedia":[{"embeddable":true,"href":"https:\/\/www.intoscana.it\/it\/wp-json\/wp\/v2\/media\/192168"}],"wp:attachment":[{"href":"https:\/\/www.intoscana.it\/it\/wp-json\/wp\/v2\/media?parent=199247"}],"wp:term":[{"taxonomy":"category","embeddable":true,"href":"https:\/\/www.intoscana.it\/it\/wp-json\/wp\/v2\/categories?post=199247"},{"taxonomy":"post_tag","embeddable":true,"href":"https:\/\/www.intoscana.it\/it\/wp-json\/wp\/v2\/tags?post=199247"}],"curies":[{"name":"wp","href":"https:\/\/api.w.org\/{rel}","templated":true}]}}