{"id":199271,"date":"2021-11-17T12:12:59","date_gmt":"2021-11-17T11:12:59","guid":{"rendered":"https:\/\/www.intoscana.it\/it\/?p=199271"},"modified":"2021-11-18T09:53:26","modified_gmt":"2021-11-18T08:53:26","slug":"covid-372-nuovi-casi-11-i-decessi-ancora-in-aumento-le-terapie-intensive","status":"publish","type":"post","link":"https:\/\/www.intoscana.it\/it\/covid-372-nuovi-casi-11-i-decessi-ancora-in-aumento-le-terapie-intensive\/","title":{"rendered":"Covid, 372 nuovi casi, 11 i decessi. Ancora in aumento le terapie intensive"},"content":{"rendered":"<p><strong>In Toscana sono 295.605 i casi di positivit\u00e0 al Coronavirus<\/strong>, 372 in pi\u00f9 rispetto a ieri: 356 confermati con tampone molecolare e 16 da test rapido antigenico.<\/p>\n<h3>I nuovi casi<\/h3>\n<p><strong>I nuovi casi sono lo 0,1% in pi\u00f9 rispetto al totale del giorno precedente<\/strong>. Oggi sono stati eseguiti 10.174 tamponi molecolari e 17.928 tamponi antigenici rapidi, <strong>di questi l&#8217;1,3% \u00e8 risultato positivo<\/strong>. Sono invece 8.505 i soggetti testati oggi (con tampone antigenico e\/o molecolare, escludendo i tamponi di controllo), di cui il 4,4% \u00e8 risultato positivo. <strong>Gli attualmente positivi sono oggi 7.469, +0,03% rispetto a ieri.<\/strong><\/p>\n<p><strong>L&#8217;et\u00e0 media dei 372 nuovi positivi odierni \u00e8 di 40 anni circa<\/strong> (31% ha meno di 20 anni, 17% tra 20 e 39 anni, 27% tra 40 e 59 anni, 18% tra 60 e 79 anni, 7% ha 80 anni o pi\u00f9).<\/p>\n<p>Di seguito i casi di positivit\u00e0 sul territorio con la variazione rispetto a ieri (356 confermati con tampone molecolare e 16 da test rapido antigenico). Sono 81.899 i casi complessivi ad oggi a Firenze (94 in pi\u00f9 rispetto a ieri), 27.086 a Prato (18 in pi\u00f9), 27.993 a Pistoia (31 in pi\u00f9), 15.429 a Massa Carrara (18 in pi\u00f9), 30.028 a Lucca (40 in pi\u00f9), 34.679 a Pisa (33 in pi\u00f9), 21.882 a Livorno (28 in pi\u00f9), 26.568 ad Arezzo (31 in pi\u00f9), 17.542 a Siena (40 in pi\u00f9), 11.944 a Grosseto (39 in pi\u00f9). Sono 555 i casi positivi notificati in Toscana, ma residenti in altre regioni.<\/p>\n<p>Sono 152 i casi riscontrati oggi nell&#8217;Asl Centro, 110 nella Nord Ovest, 110 nella Sud est.<\/p>\n<p>La Toscana si trova al 10\u00b0 posto in Italia come numerosit\u00e0 di casi (comprensivi di residenti e non residenti), con circa 8.058 casi per 100.000 abitanti (media italiana circa 8.224 per 100.000, dato di ieri). <strong>Le province di notifica con il tasso pi\u00f9 alto sono Prato con 10.579 casi,\u00a0Pistoia con 9.626, Pisa con 8.328, la pi\u00f9 bassa Grosseto con 5.465.<\/strong><\/p>\n<h3>Isolamento, sorveglianza attiva e ricoveri<\/h3>\n<p>Complessivamente, 7.164 persone sono in isolamento a casa, poich\u00e9 presentano sintomi lievi che non richiedono cure ospedaliere, o risultano prive di sintomi (2 in meno rispetto a ieri, meno 0,03%).<br \/>\nSono 15.812 (272 in pi\u00f9 rispetto a ieri, pi\u00f9 1,8%) le persone, anch&#8217;esse isolate, in sorveglianza attiva perch\u00e9 hanno avuto contatti con persone contagiate (ASL Centro 5.189, Nord Ovest 6.378, Sud Est 4.245).<\/p>\n<p><strong>I ricoverati sono 305<\/strong> (4 in pi\u00f9 rispetto a ieri), <strong>di cui 39 in terapia intensiva (5 in pi\u00f9)<\/strong>.<\/p>\n<p>Le persone complessivamente guarite sono invece 280.781 (359 in pi\u00f9 rispetto a ieri, pi\u00f9 0,1%): 0 persone clinicamente guarite (stabili rispetto a ieri), divenute cio\u00e8 asintomatiche dopo aver presentato manifestazioni cliniche associate all&#8217;infezione e 280.781 (359 in pi\u00f9 rispetto a ieri, pi\u00f9 0,1%) dichiarate guarite a tutti gli effetti, le cosiddette guarigioni virali, con tampone negativo.<\/p>\n<p>I decessi<\/p>\n<p>Oggi si registrano <strong>11 nuovi decessi: 5 uomini e 6 donne con un&#8217;et\u00e0 media di 84,7 anni<\/strong> ( 2 a Firenze, 1 a Prato, 5 a Pistoia, 1 a Lucca, 1 a Arezzo, 1 a Grosseto).<\/p>\n<p>Sono 7.355 i deceduti dall&#8217;inizio dell&#8217;epidemia cosi ripartiti: 2.376 a Firenze, 650 a Prato, 684 a Pistoia, 541 a Massa Carrara, 697 a Lucca, 734 a Pisa, 428 a Livorno, 565 ad Arezzo, 364 a Siena, 221 a Grosseto, 95 persone sono decedute sul suolo toscano ma erano residenti fuori regione.<\/p>\n<p>Il tasso grezzo di mortalit\u00e0 toscano (numero di deceduti\/popolazione residente) per Covid-19 \u00e8 di 200,5 per00.000 residenti contro il 224,3 della media italiana (11\u00b0 regione). Per quanto riguarda le province, il tasso di mortalit\u00e0 pi\u00f9 alto si riscontra a Massa Carrara (285), Prato (253,9)\u00a0\u00a0e Firenze (241), il pi\u00f9 basso a Grosseto (101,1.<\/p>\n","protected":false},"excerpt":{"rendered":"<p>L&#8217;et\u00e0 media dei 372 nuovi positivi odierni \u00e8 di 40 anni circa (31% ha meno di 20 anni, 17% tra 20 e 39 anni, 27% tra 40 e 59 anni, 18% tra 60 e 79 anni, 7% ha 80 anni o pi\u00f9)<\/p>\n","protected":false},"author":525,"featured_media":159943,"comment_status":"open","ping_status":"open","sticky":false,"template":"","format":"standard","meta":{"_acf_changed":false,"footnotes":""},"categories":[494],"tags":[4868,4809,134,349],"class_list":["post-199271","post","type-post","status-publish","format-standard","has-post-thumbnail","hentry","category-attualita","tag-bollettino-covid-toscana","tag-covid","tag-salute","tag-sanita"],"acf":[],"yoast_head":"<!-- This site is optimized with the Yoast SEO Premium plugin v24.2 (Yoast SEO v25.6) - https:\/\/yoast.com\/wordpress\/plugins\/seo\/ -->\n<title>Covid, 372 nuovi casi, 11 i decessi. Ancora in aumento le terapie intensive - intoscana<\/title>\n<meta name=\"description\" content=\"L&#039;et\u00e0 media dei 372 nuovi positivi odierni \u00e8 di 40 anni circa. Le persone ricoverate nei posti letto Covid sono 305\" \/>\n<meta name=\"robots\" content=\"index, follow, max-snippet:-1, max-image-preview:large, max-video-preview:-1\" \/>\n<link rel=\"canonical\" href=\"https:\/\/www.intoscana.it\/it\/covid-372-nuovi-casi-11-i-decessi-ancora-in-aumento-le-terapie-intensive\/\" \/>\n<meta property=\"og:locale\" content=\"it_IT\" \/>\n<meta property=\"og:type\" content=\"article\" \/>\n<meta property=\"og:title\" content=\"Covid, 372 nuovi casi, 11 i decessi. Ancora in aumento le terapie intensive\" \/>\n<meta property=\"og:description\" content=\"L&#039;et\u00e0 media dei 372 nuovi positivi odierni \u00e8 di 40 anni circa. Le persone ricoverate nei posti letto Covid sono 305\" \/>\n<meta property=\"og:url\" content=\"https:\/\/www.intoscana.it\/it\/covid-372-nuovi-casi-11-i-decessi-ancora-in-aumento-le-terapie-intensive\/\" \/>\n<meta property=\"og:site_name\" content=\"intoscana\" \/>\n<meta property=\"article:publisher\" content=\"https:\/\/www.facebook.com\/intoscana.it\" \/>\n<meta property=\"article:published_time\" content=\"2021-11-17T11:12:59+00:00\" \/>\n<meta property=\"article:modified_time\" content=\"2021-11-18T08:53:26+00:00\" \/>\n<meta property=\"og:image\" content=\"https:\/\/www.intoscana.it\/wp-content\/uploads\/Infermieri-dellospedale-San-Luca-di-Lucca.jpg\" \/>\n\t<meta property=\"og:image:width\" content=\"1600\" \/>\n\t<meta property=\"og:image:height\" content=\"1065\" \/>\n\t<meta property=\"og:image:type\" content=\"image\/jpeg\" \/>\n<meta name=\"author\" content=\"Redazione\" \/>\n<meta name=\"twitter:card\" content=\"summary_large_image\" \/>\n<meta name=\"twitter:creator\" content=\"@intoscana\" \/>\n<meta name=\"twitter:site\" content=\"@intoscana\" \/>\n<meta name=\"twitter:label1\" content=\"Written by\" \/>\n\t<meta name=\"twitter:data1\" content=\"Redazione\" \/>\n\t<meta name=\"twitter:label2\" content=\"Est. reading time\" \/>\n\t<meta name=\"twitter:data2\" content=\"2 minuti\" \/>\n<script type=\"application\/ld+json\" class=\"yoast-schema-graph\">{\"@context\":\"https:\/\/schema.org\",\"@graph\":[{\"@type\":\"WebPage\",\"@id\":\"https:\/\/www.intoscana.it\/it\/covid-372-nuovi-casi-11-i-decessi-ancora-in-aumento-le-terapie-intensive\/\",\"url\":\"https:\/\/www.intoscana.it\/it\/covid-372-nuovi-casi-11-i-decessi-ancora-in-aumento-le-terapie-intensive\/\",\"name\":\"Covid, 372 nuovi casi, 11 i decessi. Ancora in aumento le terapie intensive - intoscana\",\"isPartOf\":{\"@id\":\"https:\/\/www.intoscana.it\/it\/#website\"},\"primaryImageOfPage\":{\"@id\":\"https:\/\/www.intoscana.it\/it\/covid-372-nuovi-casi-11-i-decessi-ancora-in-aumento-le-terapie-intensive\/#primaryimage\"},\"image\":{\"@id\":\"https:\/\/www.intoscana.it\/it\/covid-372-nuovi-casi-11-i-decessi-ancora-in-aumento-le-terapie-intensive\/#primaryimage\"},\"thumbnailUrl\":\"https:\/\/www.intoscana.it\/wp-content\/uploads\/Infermieri-dellospedale-San-Luca-di-Lucca.jpg\",\"datePublished\":\"2021-11-17T11:12:59+00:00\",\"dateModified\":\"2021-11-18T08:53:26+00:00\",\"author\":{\"@id\":\"https:\/\/www.intoscana.it\/it\/#\/schema\/person\/9223810753230f20bd670fdd322661f8\"},\"description\":\"L'et\u00e0 media dei 372 nuovi positivi odierni \u00e8 di 40 anni circa. Le persone ricoverate nei posti letto Covid sono 305\",\"breadcrumb\":{\"@id\":\"https:\/\/www.intoscana.it\/it\/covid-372-nuovi-casi-11-i-decessi-ancora-in-aumento-le-terapie-intensive\/#breadcrumb\"},\"inLanguage\":\"it-IT\",\"potentialAction\":[{\"@type\":\"ReadAction\",\"target\":[\"https:\/\/www.intoscana.it\/it\/covid-372-nuovi-casi-11-i-decessi-ancora-in-aumento-le-terapie-intensive\/\"]}]},{\"@type\":\"ImageObject\",\"inLanguage\":\"it-IT\",\"@id\":\"https:\/\/www.intoscana.it\/it\/covid-372-nuovi-casi-11-i-decessi-ancora-in-aumento-le-terapie-intensive\/#primaryimage\",\"url\":\"https:\/\/www.intoscana.it\/wp-content\/uploads\/Infermieri-dellospedale-San-Luca-di-Lucca.jpg\",\"contentUrl\":\"https:\/\/www.intoscana.it\/wp-content\/uploads\/Infermieri-dellospedale-San-Luca-di-Lucca.jpg\",\"width\":1600,\"height\":1065,\"caption\":\"Infermieri dell'ospedale San Luca di Lucca\"},{\"@type\":\"BreadcrumbList\",\"@id\":\"https:\/\/www.intoscana.it\/it\/covid-372-nuovi-casi-11-i-decessi-ancora-in-aumento-le-terapie-intensive\/#breadcrumb\",\"itemListElement\":[{\"@type\":\"ListItem\",\"position\":1,\"name\":\"Home\",\"item\":\"https:\/\/www.intoscana.it\/it\/\"},{\"@type\":\"ListItem\",\"position\":2,\"name\":\"Covid, 372 nuovi casi, 11 i decessi. Ancora in aumento le terapie intensive\"}]},{\"@type\":\"WebSite\",\"@id\":\"https:\/\/www.intoscana.it\/it\/#website\",\"url\":\"https:\/\/www.intoscana.it\/it\/\",\"name\":\"intoscana\",\"description\":\"\",\"potentialAction\":[{\"@type\":\"SearchAction\",\"target\":{\"@type\":\"EntryPoint\",\"urlTemplate\":\"https:\/\/www.intoscana.it\/it\/?s={search_term_string}\"},\"query-input\":{\"@type\":\"PropertyValueSpecification\",\"valueRequired\":true,\"valueName\":\"search_term_string\"}}],\"inLanguage\":\"it-IT\"},{\"@type\":\"Person\",\"@id\":\"https:\/\/www.intoscana.it\/it\/#\/schema\/person\/9223810753230f20bd670fdd322661f8\",\"name\":\"Redazione\",\"url\":\"https:\/\/www.intoscana.it\/it\/author\/redazione\/\"}]}<\/script>\n<!-- \/ Yoast SEO Premium plugin. -->","yoast_head_json":{"title":"Covid, 372 nuovi casi, 11 i decessi. Ancora in aumento le terapie intensive - intoscana","description":"L'et\u00e0 media dei 372 nuovi positivi odierni \u00e8 di 40 anni circa. Le persone ricoverate nei posti letto Covid sono 305","robots":{"index":"index","follow":"follow","max-snippet":"max-snippet:-1","max-image-preview":"max-image-preview:large","max-video-preview":"max-video-preview:-1"},"canonical":"https:\/\/www.intoscana.it\/it\/covid-372-nuovi-casi-11-i-decessi-ancora-in-aumento-le-terapie-intensive\/","og_locale":"it_IT","og_type":"article","og_title":"Covid, 372 nuovi casi, 11 i decessi. Ancora in aumento le terapie intensive","og_description":"L'et\u00e0 media dei 372 nuovi positivi odierni \u00e8 di 40 anni circa. Le persone ricoverate nei posti letto Covid sono 305","og_url":"https:\/\/www.intoscana.it\/it\/covid-372-nuovi-casi-11-i-decessi-ancora-in-aumento-le-terapie-intensive\/","og_site_name":"intoscana","article_publisher":"https:\/\/www.facebook.com\/intoscana.it","article_published_time":"2021-11-17T11:12:59+00:00","article_modified_time":"2021-11-18T08:53:26+00:00","og_image":[{"width":1600,"height":1065,"url":"https:\/\/www.intoscana.it\/wp-content\/uploads\/Infermieri-dellospedale-San-Luca-di-Lucca.jpg","type":"image\/jpeg"}],"author":"Redazione","twitter_card":"summary_large_image","twitter_creator":"@intoscana","twitter_site":"@intoscana","twitter_misc":{"Written by":"Redazione","Est. reading time":"2 minuti"},"schema":{"@context":"https:\/\/schema.org","@graph":[{"@type":"WebPage","@id":"https:\/\/www.intoscana.it\/it\/covid-372-nuovi-casi-11-i-decessi-ancora-in-aumento-le-terapie-intensive\/","url":"https:\/\/www.intoscana.it\/it\/covid-372-nuovi-casi-11-i-decessi-ancora-in-aumento-le-terapie-intensive\/","name":"Covid, 372 nuovi casi, 11 i decessi. Ancora in aumento le terapie intensive - intoscana","isPartOf":{"@id":"https:\/\/www.intoscana.it\/it\/#website"},"primaryImageOfPage":{"@id":"https:\/\/www.intoscana.it\/it\/covid-372-nuovi-casi-11-i-decessi-ancora-in-aumento-le-terapie-intensive\/#primaryimage"},"image":{"@id":"https:\/\/www.intoscana.it\/it\/covid-372-nuovi-casi-11-i-decessi-ancora-in-aumento-le-terapie-intensive\/#primaryimage"},"thumbnailUrl":"https:\/\/www.intoscana.it\/wp-content\/uploads\/Infermieri-dellospedale-San-Luca-di-Lucca.jpg","datePublished":"2021-11-17T11:12:59+00:00","dateModified":"2021-11-18T08:53:26+00:00","author":{"@id":"https:\/\/www.intoscana.it\/it\/#\/schema\/person\/9223810753230f20bd670fdd322661f8"},"description":"L'et\u00e0 media dei 372 nuovi positivi odierni \u00e8 di 40 anni circa. Le persone ricoverate nei posti letto Covid sono 305","breadcrumb":{"@id":"https:\/\/www.intoscana.it\/it\/covid-372-nuovi-casi-11-i-decessi-ancora-in-aumento-le-terapie-intensive\/#breadcrumb"},"inLanguage":"it-IT","potentialAction":[{"@type":"ReadAction","target":["https:\/\/www.intoscana.it\/it\/covid-372-nuovi-casi-11-i-decessi-ancora-in-aumento-le-terapie-intensive\/"]}]},{"@type":"ImageObject","inLanguage":"it-IT","@id":"https:\/\/www.intoscana.it\/it\/covid-372-nuovi-casi-11-i-decessi-ancora-in-aumento-le-terapie-intensive\/#primaryimage","url":"https:\/\/www.intoscana.it\/wp-content\/uploads\/Infermieri-dellospedale-San-Luca-di-Lucca.jpg","contentUrl":"https:\/\/www.intoscana.it\/wp-content\/uploads\/Infermieri-dellospedale-San-Luca-di-Lucca.jpg","width":1600,"height":1065,"caption":"Infermieri dell'ospedale San Luca di Lucca"},{"@type":"BreadcrumbList","@id":"https:\/\/www.intoscana.it\/it\/covid-372-nuovi-casi-11-i-decessi-ancora-in-aumento-le-terapie-intensive\/#breadcrumb","itemListElement":[{"@type":"ListItem","position":1,"name":"Home","item":"https:\/\/www.intoscana.it\/it\/"},{"@type":"ListItem","position":2,"name":"Covid, 372 nuovi casi, 11 i decessi. Ancora in aumento le terapie intensive"}]},{"@type":"WebSite","@id":"https:\/\/www.intoscana.it\/it\/#website","url":"https:\/\/www.intoscana.it\/it\/","name":"intoscana","description":"","potentialAction":[{"@type":"SearchAction","target":{"@type":"EntryPoint","urlTemplate":"https:\/\/www.intoscana.it\/it\/?s={search_term_string}"},"query-input":{"@type":"PropertyValueSpecification","valueRequired":true,"valueName":"search_term_string"}}],"inLanguage":"it-IT"},{"@type":"Person","@id":"https:\/\/www.intoscana.it\/it\/#\/schema\/person\/9223810753230f20bd670fdd322661f8","name":"Redazione","url":"https:\/\/www.intoscana.it\/it\/author\/redazione\/"}]}},"_links":{"self":[{"href":"https:\/\/www.intoscana.it\/it\/wp-json\/wp\/v2\/posts\/199271","targetHints":{"allow":["GET"]}}],"collection":[{"href":"https:\/\/www.intoscana.it\/it\/wp-json\/wp\/v2\/posts"}],"about":[{"href":"https:\/\/www.intoscana.it\/it\/wp-json\/wp\/v2\/types\/post"}],"author":[{"embeddable":true,"href":"https:\/\/www.intoscana.it\/it\/wp-json\/wp\/v2\/users\/525"}],"replies":[{"embeddable":true,"href":"https:\/\/www.intoscana.it\/it\/wp-json\/wp\/v2\/comments?post=199271"}],"version-history":[{"count":0,"href":"https:\/\/www.intoscana.it\/it\/wp-json\/wp\/v2\/posts\/199271\/revisions"}],"wp:featuredmedia":[{"embeddable":true,"href":"https:\/\/www.intoscana.it\/it\/wp-json\/wp\/v2\/media\/159943"}],"wp:attachment":[{"href":"https:\/\/www.intoscana.it\/it\/wp-json\/wp\/v2\/media?parent=199271"}],"wp:term":[{"taxonomy":"category","embeddable":true,"href":"https:\/\/www.intoscana.it\/it\/wp-json\/wp\/v2\/categories?post=199271"},{"taxonomy":"post_tag","embeddable":true,"href":"https:\/\/www.intoscana.it\/it\/wp-json\/wp\/v2\/tags?post=199271"}],"curies":[{"name":"wp","href":"https:\/\/api.w.org\/{rel}","templated":true}]}}