{"id":199542,"date":"2021-11-18T16:32:35","date_gmt":"2021-11-18T15:32:35","guid":{"rendered":"https:\/\/www.intoscana.it\/it\/?p=199542"},"modified":"2025-04-04T10:27:21","modified_gmt":"2025-04-04T08:27:21","slug":"leconomia-toscana-reagisce-alla-pandemia-i-numeri-della-ripresa-piu-6-da-inizio-2021","status":"publish","type":"post","link":"https:\/\/www.intoscana.it\/it\/leconomia-toscana-reagisce-alla-pandemia-i-numeri-della-ripresa-piu-6-da-inizio-2021\/","title":{"rendered":"L&#8217;economia toscana reagisce alla pandemia, i numeri della ripresa: pi\u00f9 6% da inizio 2021"},"content":{"rendered":"<p>Una <strong>ripresa<\/strong> attesa che apre ad un ottimismo ormai nemmeno pi\u00f9 cauto: l&#8217;economia toscana ritorna su un terreno finalmente positivo dopo il tracollo del 2020, l&#8217;anno nero. <mark>Siamo a un pi\u00f9 6 per cento nei primi nove mesi del 2021, contro il meno 9% registrati nella fase pi\u00f9 buia della pandemia. Merito dell&#8217;avanzare della campagna vaccinale e dell&#8217;allentamento delle restrizioni.<\/mark> Una buona notizia, messa nero su bianco dal rapporto della <strong>Banca d&#8217;Italia<\/strong> che nel suo aggiornamento congiunturale verifica lo stato di salute dell&#8217;economia toscana.<\/p>\n<p>Una variazione che risulta per\u00f2 inferiore a quella stimata per l\u2019intero Paese per un punto percentuale. Il motivo? Le peculiarit\u00e0 del sistema regionale e del peso che hanno settori fortemente penalizzati dai limiti imposti dall&#8217;emergenza sanitaria, come il turismo. Come spiega <strong>Mario Venturi<\/strong>, direttore della sede di Firenze di Bankitalia: <em>&#8220;Il turismo\u00a0 finora non ha recuperato ancora del tutto i livelli pre-pandemia, soprattutto quello internazionale&#8221;. <\/em>Ma non solo<em>, &#8220;nella stessa industria questa ripresa si sta manifestando comunque con differenze settoriali. Nel settore della moda ancora non sono stati recuperati del tutto i livelli pre-pandemia&#8221;<\/em>.<\/p>\n<h3><em>Le imprese toscane cercano il riscatto: bene l&#8217;export<\/em><\/h3>\n<p>Dal sondaggio di Bankitalia che ha coinvolto circa 200 imprese toscane con almeno 20 addetti \u00e8 emerso come due terzi abbiano registrato\u00a0 un aumento del fatturato. Gli incrementi hanno riguardato in particolare le piccole e medie imprese, quelle che esportano almeno un terzo della produzione e quelle appartenenti ai settori della metalmeccanica e della moda. Ma la vera locomotiva della ripresa \u00e8 data dall&#8217;<strong>export<\/strong>,\u00a0 che cresce di quasi un terzo nel primo semestre,\u00a0 pi\u00f9 intensamente che in Italia, e con un ritmo che ha raggiunto addirittura livelli superiori a quelli pre-crisi.<\/p>\n<p><mark>La vera ripresa \u00e8 partita dunque da questa primavera, quando la domanda interna \u00e8 stata sprinta dall&#8217;aumento dei consumi.<\/mark> Cresce la produzione, come il fatturato delle imprese e anche l\u2019attivit\u00e0 di investimento ha mostrato un deciso recupero.\u00a0 Balzo in avanti &#8211; anche grazie alle imponenti agevolazioni fiscali &#8211;\u00a0 \u00a0per il settore dell&#8217;edilizia e del mercato immobiliare, quasi il 50% in pi\u00f9 rispetto all&#8217;anno scorso, con una conseguente tendenza all&#8217;aumento dei prezzi delle case.<\/p>\n<figure id=\"post-199608 media-199608\" class=\"align-none\"><img decoding=\"async\" src=\"https:\/\/www.intoscana.it\/wp-content\/uploads\/Immagine-6-e1637249363331.png\" alt=\"\" \/><\/figure>\n<div class=\"titleimg\">Immagine<\/div>\n<h3><em>Lavoro: aumentano i contratti a tempo determinato<\/em><\/h3>\n<p>Nei primi otto mesi dell\u2019anno si registra una crescita delle assunzioni nette nel settore privato non agricolo pari a circa 66.000 unit\u00e0, portando i valori a quelli del 2019. <mark>Buona parte del recupero \u00e8 dovuto ai\u00a0 contratti a tempo determinato in particolare nei settori del turismo, del commercio e delle attivit\u00e0 culturali.<\/mark><\/p>\n<h3><em>Credito e famiglie<\/em><\/h3>\n<p>Nella prima met\u00e0 del 2021 il credito all&#8217;economia \u00e8 aumentato del 4,2%. Il credito al consumo \u00e8 tornato a crescere (3,5% su base annua), dopo l\u2019arresto del 2020, e il volume dei prestiti per l\u2019acquisto di abitazioni ha continuato a salire (5%). La qualit\u00e0 del credito \u00e8 rimasta\u00a0 invariata grazie anche alle moratorie volte a posticipare i rimborsi e all\u2019utilizzo della flessibilit\u00e0. L\u2019incidenza delle posizioni deteriorate \u00e8 calata al 6,6%.<\/p>\n<h3><em>Il futuro e le incognite sull&#8217;andamento della pandemia<\/em><\/h3>\n<p>Un clima favorevole, di <strong>fiducia<\/strong>, soprattutto per le aspettative riposte nel Piano nazionale di ripresa e resilienza. Tra le righe del rapporto di Bankitalia emerge soprattutto questo. <em>&#8220;Le aspettative a breve termine formulate dalle imprese nel nostro sondaggio congiunturale sono favorevoli quanto al fatturato e al recupero degli investimenti<\/em> &#8211; spiega Venturi &#8211; <em>ma gravano delle <mark>incertezze sia per i rischi di natura globale connessi alla pandemia sia per le difficolt\u00e0 di approvvigionamento di materie prime, di semilavorati, connesse anche al forte aumento dei prezzi dell&#8217;energia, che potrebbero avere anche un peso maggiore rispetto a quanto si ipotizzava fino a poco tempo fa&#8221;.<\/mark><\/em><\/p>\n","protected":false},"excerpt":{"rendered":"<p>Il rapporto presentato nella sede Bankitalia di Firenze. L&#8217;export traina la crescita e aumenta di quasi un terzo nel primo trimestre, pi\u00f9 che in Italia. Buono il clima di fiducia, ma sul futuro pesa l&#8217;andamento dei contagi<\/p>\n","protected":false},"author":545,"featured_media":301070,"comment_status":"open","ping_status":"open","sticky":false,"template":"","format":"standard","meta":{"_acf_changed":false,"footnotes":""},"categories":[9],"tags":[211,153],"class_list":["post-199542","post","type-post","status-publish","format-standard","has-post-thumbnail","hentry","category-made-in-toscana","tag-economia","tag-toscana"],"acf":[],"yoast_head":"<!-- This site is optimized with the Yoast SEO Premium plugin v24.2 (Yoast SEO v25.6) - https:\/\/yoast.com\/wordpress\/plugins\/seo\/ -->\n<title>L&#039;economia toscana reagisce alla pandemia, i numeri della ripresa: pi\u00f9 6% da inizio 2021 - intoscana<\/title>\n<meta name=\"description\" content=\"Il rapporto presentato nella sede Bankitalia di Firenze. L&#039;export traina la crescita e aumenta di quasi un terzo nel primo trimestre, pi\u00f9 che in Italia. Buono il clima di fiducia, ma sul futuro pesa l&#039;andamento dei contagi\" \/>\n<meta name=\"robots\" content=\"index, follow, max-snippet:-1, max-image-preview:large, max-video-preview:-1\" \/>\n<link rel=\"canonical\" href=\"https:\/\/www.intoscana.it\/it\/leconomia-toscana-reagisce-alla-pandemia-i-numeri-della-ripresa-piu-6-da-inizio-2021\/\" \/>\n<meta property=\"og:locale\" content=\"it_IT\" \/>\n<meta property=\"og:type\" content=\"article\" \/>\n<meta property=\"og:title\" content=\"L&#039;economia toscana reagisce alla pandemia, i numeri della ripresa: pi\u00f9 6% da inizio 2021\" \/>\n<meta property=\"og:description\" content=\"Il rapporto presentato nella sede Bankitalia di Firenze. L&#039;export traina la crescita e aumenta di quasi un terzo nel primo trimestre, pi\u00f9 che in Italia. Buono il clima di fiducia, ma sul futuro pesa l&#039;andamento dei contagi\" \/>\n<meta property=\"og:url\" content=\"https:\/\/www.intoscana.it\/it\/leconomia-toscana-reagisce-alla-pandemia-i-numeri-della-ripresa-piu-6-da-inizio-2021\/\" \/>\n<meta property=\"og:site_name\" content=\"intoscana\" \/>\n<meta property=\"article:publisher\" content=\"https:\/\/www.facebook.com\/intoscana.it\" \/>\n<meta property=\"article:published_time\" content=\"2021-11-18T15:32:35+00:00\" \/>\n<meta property=\"article:modified_time\" content=\"2025-04-04T08:27:21+00:00\" \/>\n<meta property=\"og:image\" content=\"https:\/\/www.intoscana.it\/wp-content\/uploads\/artigianato-moda-fashion-tessuti-industria-tessile-pratese-scaled.jpeg\" \/>\n\t<meta property=\"og:image:width\" content=\"2048\" \/>\n\t<meta property=\"og:image:height\" content=\"1536\" \/>\n\t<meta property=\"og:image:type\" content=\"image\/jpeg\" \/>\n<meta name=\"author\" content=\"Clara D&#039;Acunto\" \/>\n<meta name=\"twitter:card\" content=\"summary_large_image\" \/>\n<meta name=\"twitter:creator\" content=\"@intoscana\" \/>\n<meta name=\"twitter:site\" content=\"@intoscana\" \/>\n<meta name=\"twitter:label1\" content=\"Written by\" \/>\n\t<meta name=\"twitter:data1\" content=\"Clara D&#039;Acunto\" \/>\n\t<meta name=\"twitter:label2\" content=\"Est. reading time\" \/>\n\t<meta name=\"twitter:data2\" content=\"4 minuti\" \/>\n<script type=\"application\/ld+json\" class=\"yoast-schema-graph\">{\"@context\":\"https:\/\/schema.org\",\"@graph\":[{\"@type\":\"WebPage\",\"@id\":\"https:\/\/www.intoscana.it\/it\/leconomia-toscana-reagisce-alla-pandemia-i-numeri-della-ripresa-piu-6-da-inizio-2021\/\",\"url\":\"https:\/\/www.intoscana.it\/it\/leconomia-toscana-reagisce-alla-pandemia-i-numeri-della-ripresa-piu-6-da-inizio-2021\/\",\"name\":\"L'economia toscana reagisce alla pandemia, i numeri della ripresa: pi\u00f9 6% da inizio 2021 - intoscana\",\"isPartOf\":{\"@id\":\"https:\/\/www.intoscana.it\/it\/#website\"},\"primaryImageOfPage\":{\"@id\":\"https:\/\/www.intoscana.it\/it\/leconomia-toscana-reagisce-alla-pandemia-i-numeri-della-ripresa-piu-6-da-inizio-2021\/#primaryimage\"},\"image\":{\"@id\":\"https:\/\/www.intoscana.it\/it\/leconomia-toscana-reagisce-alla-pandemia-i-numeri-della-ripresa-piu-6-da-inizio-2021\/#primaryimage\"},\"thumbnailUrl\":\"https:\/\/www.intoscana.it\/wp-content\/uploads\/artigianato-moda-fashion-tessuti-industria-tessile-pratese-scaled.jpeg\",\"datePublished\":\"2021-11-18T15:32:35+00:00\",\"dateModified\":\"2025-04-04T08:27:21+00:00\",\"author\":{\"@id\":\"https:\/\/www.intoscana.it\/it\/#\/schema\/person\/137419af9ef5d385bde52864a841e6ce\"},\"description\":\"Il rapporto presentato nella sede Bankitalia di Firenze. L'export traina la crescita e aumenta di quasi un terzo nel primo trimestre, pi\u00f9 che in Italia. Buono il clima di fiducia, ma sul futuro pesa l'andamento dei contagi\",\"breadcrumb\":{\"@id\":\"https:\/\/www.intoscana.it\/it\/leconomia-toscana-reagisce-alla-pandemia-i-numeri-della-ripresa-piu-6-da-inizio-2021\/#breadcrumb\"},\"inLanguage\":\"it-IT\",\"potentialAction\":[{\"@type\":\"ReadAction\",\"target\":[\"https:\/\/www.intoscana.it\/it\/leconomia-toscana-reagisce-alla-pandemia-i-numeri-della-ripresa-piu-6-da-inizio-2021\/\"]}]},{\"@type\":\"ImageObject\",\"inLanguage\":\"it-IT\",\"@id\":\"https:\/\/www.intoscana.it\/it\/leconomia-toscana-reagisce-alla-pandemia-i-numeri-della-ripresa-piu-6-da-inizio-2021\/#primaryimage\",\"url\":\"https:\/\/www.intoscana.it\/wp-content\/uploads\/artigianato-moda-fashion-tessuti-industria-tessile-pratese-scaled.jpeg\",\"contentUrl\":\"https:\/\/www.intoscana.it\/wp-content\/uploads\/artigianato-moda-fashion-tessuti-industria-tessile-pratese-scaled.jpeg\",\"width\":2048,\"height\":1536,\"caption\":\"Moda, fashion, industria tessile, tessuti, campionario\"},{\"@type\":\"BreadcrumbList\",\"@id\":\"https:\/\/www.intoscana.it\/it\/leconomia-toscana-reagisce-alla-pandemia-i-numeri-della-ripresa-piu-6-da-inizio-2021\/#breadcrumb\",\"itemListElement\":[{\"@type\":\"ListItem\",\"position\":1,\"name\":\"Home\",\"item\":\"https:\/\/www.intoscana.it\/it\/\"},{\"@type\":\"ListItem\",\"position\":2,\"name\":\"L&#8217;economia toscana reagisce alla pandemia, i numeri della ripresa: pi\u00f9 6% da inizio 2021\"}]},{\"@type\":\"WebSite\",\"@id\":\"https:\/\/www.intoscana.it\/it\/#website\",\"url\":\"https:\/\/www.intoscana.it\/it\/\",\"name\":\"intoscana\",\"description\":\"\",\"potentialAction\":[{\"@type\":\"SearchAction\",\"target\":{\"@type\":\"EntryPoint\",\"urlTemplate\":\"https:\/\/www.intoscana.it\/it\/?s={search_term_string}\"},\"query-input\":{\"@type\":\"PropertyValueSpecification\",\"valueRequired\":true,\"valueName\":\"search_term_string\"}}],\"inLanguage\":\"it-IT\"},{\"@type\":\"Person\",\"@id\":\"https:\/\/www.intoscana.it\/it\/#\/schema\/person\/137419af9ef5d385bde52864a841e6ce\",\"name\":\"Clara D'Acunto\",\"url\":\"https:\/\/www.intoscana.it\/it\/author\/clara-d_acunto\/\"}]}<\/script>\n<!-- \/ Yoast SEO Premium plugin. -->","yoast_head_json":{"title":"L'economia toscana reagisce alla pandemia, i numeri della ripresa: pi\u00f9 6% da inizio 2021 - intoscana","description":"Il rapporto presentato nella sede Bankitalia di Firenze. L'export traina la crescita e aumenta di quasi un terzo nel primo trimestre, pi\u00f9 che in Italia. Buono il clima di fiducia, ma sul futuro pesa l'andamento dei contagi","robots":{"index":"index","follow":"follow","max-snippet":"max-snippet:-1","max-image-preview":"max-image-preview:large","max-video-preview":"max-video-preview:-1"},"canonical":"https:\/\/www.intoscana.it\/it\/leconomia-toscana-reagisce-alla-pandemia-i-numeri-della-ripresa-piu-6-da-inizio-2021\/","og_locale":"it_IT","og_type":"article","og_title":"L'economia toscana reagisce alla pandemia, i numeri della ripresa: pi\u00f9 6% da inizio 2021","og_description":"Il rapporto presentato nella sede Bankitalia di Firenze. L'export traina la crescita e aumenta di quasi un terzo nel primo trimestre, pi\u00f9 che in Italia. Buono il clima di fiducia, ma sul futuro pesa l'andamento dei contagi","og_url":"https:\/\/www.intoscana.it\/it\/leconomia-toscana-reagisce-alla-pandemia-i-numeri-della-ripresa-piu-6-da-inizio-2021\/","og_site_name":"intoscana","article_publisher":"https:\/\/www.facebook.com\/intoscana.it","article_published_time":"2021-11-18T15:32:35+00:00","article_modified_time":"2025-04-04T08:27:21+00:00","og_image":[{"width":2048,"height":1536,"url":"https:\/\/www.intoscana.it\/wp-content\/uploads\/artigianato-moda-fashion-tessuti-industria-tessile-pratese-scaled.jpeg","type":"image\/jpeg"}],"author":"Clara D'Acunto","twitter_card":"summary_large_image","twitter_creator":"@intoscana","twitter_site":"@intoscana","twitter_misc":{"Written by":"Clara D'Acunto","Est. reading time":"4 minuti"},"schema":{"@context":"https:\/\/schema.org","@graph":[{"@type":"WebPage","@id":"https:\/\/www.intoscana.it\/it\/leconomia-toscana-reagisce-alla-pandemia-i-numeri-della-ripresa-piu-6-da-inizio-2021\/","url":"https:\/\/www.intoscana.it\/it\/leconomia-toscana-reagisce-alla-pandemia-i-numeri-della-ripresa-piu-6-da-inizio-2021\/","name":"L'economia toscana reagisce alla pandemia, i numeri della ripresa: pi\u00f9 6% da inizio 2021 - intoscana","isPartOf":{"@id":"https:\/\/www.intoscana.it\/it\/#website"},"primaryImageOfPage":{"@id":"https:\/\/www.intoscana.it\/it\/leconomia-toscana-reagisce-alla-pandemia-i-numeri-della-ripresa-piu-6-da-inizio-2021\/#primaryimage"},"image":{"@id":"https:\/\/www.intoscana.it\/it\/leconomia-toscana-reagisce-alla-pandemia-i-numeri-della-ripresa-piu-6-da-inizio-2021\/#primaryimage"},"thumbnailUrl":"https:\/\/www.intoscana.it\/wp-content\/uploads\/artigianato-moda-fashion-tessuti-industria-tessile-pratese-scaled.jpeg","datePublished":"2021-11-18T15:32:35+00:00","dateModified":"2025-04-04T08:27:21+00:00","author":{"@id":"https:\/\/www.intoscana.it\/it\/#\/schema\/person\/137419af9ef5d385bde52864a841e6ce"},"description":"Il rapporto presentato nella sede Bankitalia di Firenze. L'export traina la crescita e aumenta di quasi un terzo nel primo trimestre, pi\u00f9 che in Italia. Buono il clima di fiducia, ma sul futuro pesa l'andamento dei contagi","breadcrumb":{"@id":"https:\/\/www.intoscana.it\/it\/leconomia-toscana-reagisce-alla-pandemia-i-numeri-della-ripresa-piu-6-da-inizio-2021\/#breadcrumb"},"inLanguage":"it-IT","potentialAction":[{"@type":"ReadAction","target":["https:\/\/www.intoscana.it\/it\/leconomia-toscana-reagisce-alla-pandemia-i-numeri-della-ripresa-piu-6-da-inizio-2021\/"]}]},{"@type":"ImageObject","inLanguage":"it-IT","@id":"https:\/\/www.intoscana.it\/it\/leconomia-toscana-reagisce-alla-pandemia-i-numeri-della-ripresa-piu-6-da-inizio-2021\/#primaryimage","url":"https:\/\/www.intoscana.it\/wp-content\/uploads\/artigianato-moda-fashion-tessuti-industria-tessile-pratese-scaled.jpeg","contentUrl":"https:\/\/www.intoscana.it\/wp-content\/uploads\/artigianato-moda-fashion-tessuti-industria-tessile-pratese-scaled.jpeg","width":2048,"height":1536,"caption":"Moda, fashion, industria tessile, tessuti, campionario"},{"@type":"BreadcrumbList","@id":"https:\/\/www.intoscana.it\/it\/leconomia-toscana-reagisce-alla-pandemia-i-numeri-della-ripresa-piu-6-da-inizio-2021\/#breadcrumb","itemListElement":[{"@type":"ListItem","position":1,"name":"Home","item":"https:\/\/www.intoscana.it\/it\/"},{"@type":"ListItem","position":2,"name":"L&#8217;economia toscana reagisce alla pandemia, i numeri della ripresa: pi\u00f9 6% da inizio 2021"}]},{"@type":"WebSite","@id":"https:\/\/www.intoscana.it\/it\/#website","url":"https:\/\/www.intoscana.it\/it\/","name":"intoscana","description":"","potentialAction":[{"@type":"SearchAction","target":{"@type":"EntryPoint","urlTemplate":"https:\/\/www.intoscana.it\/it\/?s={search_term_string}"},"query-input":{"@type":"PropertyValueSpecification","valueRequired":true,"valueName":"search_term_string"}}],"inLanguage":"it-IT"},{"@type":"Person","@id":"https:\/\/www.intoscana.it\/it\/#\/schema\/person\/137419af9ef5d385bde52864a841e6ce","name":"Clara D'Acunto","url":"https:\/\/www.intoscana.it\/it\/author\/clara-d_acunto\/"}]}},"_links":{"self":[{"href":"https:\/\/www.intoscana.it\/it\/wp-json\/wp\/v2\/posts\/199542","targetHints":{"allow":["GET"]}}],"collection":[{"href":"https:\/\/www.intoscana.it\/it\/wp-json\/wp\/v2\/posts"}],"about":[{"href":"https:\/\/www.intoscana.it\/it\/wp-json\/wp\/v2\/types\/post"}],"author":[{"embeddable":true,"href":"https:\/\/www.intoscana.it\/it\/wp-json\/wp\/v2\/users\/545"}],"replies":[{"embeddable":true,"href":"https:\/\/www.intoscana.it\/it\/wp-json\/wp\/v2\/comments?post=199542"}],"version-history":[{"count":1,"href":"https:\/\/www.intoscana.it\/it\/wp-json\/wp\/v2\/posts\/199542\/revisions"}],"predecessor-version":[{"id":380623,"href":"https:\/\/www.intoscana.it\/it\/wp-json\/wp\/v2\/posts\/199542\/revisions\/380623"}],"wp:featuredmedia":[{"embeddable":true,"href":"https:\/\/www.intoscana.it\/it\/wp-json\/wp\/v2\/media\/301070"}],"wp:attachment":[{"href":"https:\/\/www.intoscana.it\/it\/wp-json\/wp\/v2\/media?parent=199542"}],"wp:term":[{"taxonomy":"category","embeddable":true,"href":"https:\/\/www.intoscana.it\/it\/wp-json\/wp\/v2\/categories?post=199542"},{"taxonomy":"post_tag","embeddable":true,"href":"https:\/\/www.intoscana.it\/it\/wp-json\/wp\/v2\/tags?post=199542"}],"curies":[{"name":"wp","href":"https:\/\/api.w.org\/{rel}","templated":true}]}}