{"id":200062,"date":"2021-11-20T13:08:59","date_gmt":"2021-11-20T12:08:59","guid":{"rendered":"https:\/\/www.intoscana.it\/it\/?p=200062"},"modified":"2021-11-20T13:08:59","modified_gmt":"2021-11-20T12:08:59","slug":"la-scuola-riparte-anche-da-un-laboratorio-innovativo-di-grafica","status":"publish","type":"post","link":"https:\/\/www.intoscana.it\/it\/la-scuola-riparte-anche-da-un-laboratorio-innovativo-di-grafica\/","title":{"rendered":"La scuola riparte anche da un laboratorio (innovativo) di grafica"},"content":{"rendered":"<p><em>&#8220;Una bella notizia sia per questa scuola, sia per il mondo della scuola in generale, perch\u00e9 parla di futuro e di ripartenza&#8221;.<\/em> L\u2019assessora all\u2019istruzione e alla formazione <strong>Alessandra Nardini<\/strong> ha inaugurato il nuovo laboratorio di grafica dell\u2019Istituto &#8220;G. Caselli&#8221; di Siena, storico istituto scolastico del territorio senese che negli ultimi anni conta il maggiore numero di iscritti della provincia.<\/p>\n<p><mark>L\u2019allestimento dell\u2019innovativo laboratorio, attrezzato con apparecchiature di ultima generazione, \u00e8 stato realizzato grazie ai fondi del progetto Pon &#8220;Inclusione e accoglienza nella scuola attraverso la Dad del futuro&#8221;<\/mark> e sar\u00e0 a disposizione degli studenti dell\u2019omonimo corso di studi.<\/p>\n<h3>Le nuove tecnologie<\/h3>\n<p><em>&#8220;I laboratori arricchiscono l\u2019offerta didattica delle nostre realt\u00e0 scolastiche&#8221;<\/em> spiega Nardini. <em>&#8220;Averne uno nuovo dedicato alla grafica \u00e8 davvero importante, per le studentesse e gli studenti che qui si stanno formando e per quelli che arriveranno nei prossimi anni. <mark>\u00c8 un dovere quello di garantire alle giovani generazioni la conoscenza e l&#8217;utilizzo delle nuove tecnologie<\/mark>&#8220;<\/em>.<\/p>\n<p>L\u2019assessora \u00e8 stata accolta dal dirigente scolastico <strong>Luca Guerranti<\/strong> e dalla provveditora agli studi <strong>Renata Mentasti<\/strong>, la quale ha sottolineato la sinergia fra l\u2019Ufficio scolastico territoriale e la scuola che, nel rispetto dei protocolli di prevenzione, propone una didattica partecipata e coinvolgente.<\/p>\n<h3>L&#8217;offerta formativa<\/h3>\n<p>L\u2019allestimento dell\u2019innovativo laboratorio consente un ulteriore <strong>ampliamento dell\u2019offerta formativa<\/strong> dell\u2019istituto, che ormai da anni investe sulla formazione professionale dei propri studenti, fornendo loro percorsi di studio per l\u2019acquisizione di <strong>competenze di settore<\/strong> che rispondono ai bisogni ed agli input del territorio: \u00e8 sede di un Polo tecnico professionale (Ptp) sul turismo, \u00e8 socia di due percorsi Its (Its Energia-Ambiente di Colle val d&#8217;Elsa e Its Tab su turismo e beni culturali) ed \u00e8 anche polo regionale per la formazione dei docenti.<\/p>\n<p><span class=\"citazione\">&#8220;Dare risposte ai bisogni dei giovani deve essere la nostra priorit\u00e0&#8221;<\/span><\/p>\n<h3>I giovani sono la priorit\u00e0<\/h3>\n<p><em>&#8220;Sono davvero felice del clima che si respira in questo istituto e di tornare a visitare le scuole della Toscana&#8221;<\/em> ha aggiunto l\u2019assessora Nardini, che ha ricordato come sia stata <em>&#8220;particolare la fase vissuta in questi mesi, per tutte e per tutti, ma per il mondo della scuola ancora di pi\u00f9. Proprio per questo, oggi dare risposte ai bisogni dei giovani deve essere la nostra priorit\u00e0, a partire dal diritto allo studio, elemento centrale in questa ripartenza&#8221;.<\/em><\/p>\n<p><em>&#8220;Voglio davvero ringraziare dirigenti, docenti e tutto il personale scolastico&#8221;<\/em> ha concluso l\u2019assessora. <em>&#8220;Perch\u00e9 con dedizione, anche nei mesi pi\u00f9 duri di pandemia, hanno garantito la prosecuzione della didattica in presenza quando \u00e8 stato possibile, e a distanza quando \u00e8 stato necessario. <mark>Sulla didattica in presenza come Regione Toscana ci siamo impegnati molto, perch\u00e9 siamo convinti che la dad non possa sostituirla per lungo periodo: la scuola \u00e8 anche socialit\u00e0<\/mark>, un aspetto importante della formazione e della crescita delle giovani generazioni. Ringrazio infine per questo graditissimo invito che mi ha consentito di visitare una importantissima e bella realt\u00e0 scolastica senese&#8221;.<\/em><\/p>\n","protected":false},"excerpt":{"rendered":"<p>L&#8217;istituto Caselli di Siena \u00e8 quello che conta pi\u00f9 iscritti in tutta la provincia. \u00c8 qui che l&#8217;assessora Alessandra Nardini ha inaugurato il nuovo laboratorio: &#8220;Una migliore offerta didattica per le nostre scuole&#8221;<\/p>\n","protected":false},"author":525,"featured_media":200063,"comment_status":"open","ping_status":"open","sticky":false,"template":"","format":"standard","meta":{"_acf_changed":false,"footnotes":""},"categories":[494],"tags":[6226,4635,221,4424,212],"class_list":["post-200062","post","type-post","status-publish","format-standard","has-post-thumbnail","hentry","category-attualita","tag-alessandra-nardini","tag-didattica","tag-giovani","tag-istruzione","tag-scuola"],"acf":[],"yoast_head":"<!-- This site is optimized with the Yoast SEO Premium plugin v24.2 (Yoast SEO v25.6) - https:\/\/yoast.com\/wordpress\/plugins\/seo\/ -->\n<title>La scuola riparte anche da un laboratorio (innovativo) di grafica - intoscana<\/title>\n<meta name=\"description\" content=\"L&#039;istituto Caselli di Siena \u00e8 quello che conta pi\u00f9 iscritti in tutta la provincia. \u00c8 qui che l&#039;assessora Alessandra Nardini ha inaugurato il nuovo laboratorio: &quot;Una migliore offerta didattica per le nostre scuole&quot;\" \/>\n<meta name=\"robots\" content=\"index, follow, max-snippet:-1, max-image-preview:large, max-video-preview:-1\" \/>\n<link rel=\"canonical\" href=\"https:\/\/www.intoscana.it\/it\/la-scuola-riparte-anche-da-un-laboratorio-innovativo-di-grafica\/\" \/>\n<meta property=\"og:locale\" content=\"it_IT\" \/>\n<meta property=\"og:type\" content=\"article\" \/>\n<meta property=\"og:title\" content=\"La scuola riparte anche da un laboratorio (innovativo) di grafica\" \/>\n<meta property=\"og:description\" content=\"L&#039;istituto Caselli di Siena \u00e8 quello che conta pi\u00f9 iscritti in tutta la provincia. \u00c8 qui che l&#039;assessora Alessandra Nardini ha inaugurato il nuovo laboratorio: &quot;Una migliore offerta didattica per le nostre scuole&quot;\" \/>\n<meta property=\"og:url\" content=\"https:\/\/www.intoscana.it\/it\/la-scuola-riparte-anche-da-un-laboratorio-innovativo-di-grafica\/\" \/>\n<meta property=\"og:site_name\" content=\"intoscana\" \/>\n<meta property=\"article:publisher\" content=\"https:\/\/www.facebook.com\/intoscana.it\" \/>\n<meta property=\"article:published_time\" content=\"2021-11-20T12:08:59+00:00\" \/>\n<meta property=\"og:image\" content=\"https:\/\/www.intoscana.it\/wp-content\/uploads\/Alessandra-Nardini-a-Siena.jpeg\" \/>\n\t<meta property=\"og:image:width\" content=\"1600\" \/>\n\t<meta property=\"og:image:height\" content=\"1200\" \/>\n\t<meta property=\"og:image:type\" content=\"image\/jpeg\" \/>\n<meta name=\"author\" content=\"Redazione\" \/>\n<meta name=\"twitter:card\" content=\"summary_large_image\" \/>\n<meta name=\"twitter:creator\" content=\"@intoscana\" \/>\n<meta name=\"twitter:site\" content=\"@intoscana\" \/>\n<meta name=\"twitter:label1\" content=\"Written by\" \/>\n\t<meta name=\"twitter:data1\" content=\"Redazione\" \/>\n\t<meta name=\"twitter:label2\" content=\"Est. reading time\" \/>\n\t<meta name=\"twitter:data2\" content=\"2 minuti\" \/>\n<script type=\"application\/ld+json\" class=\"yoast-schema-graph\">{\"@context\":\"https:\/\/schema.org\",\"@graph\":[{\"@type\":\"WebPage\",\"@id\":\"https:\/\/www.intoscana.it\/it\/la-scuola-riparte-anche-da-un-laboratorio-innovativo-di-grafica\/\",\"url\":\"https:\/\/www.intoscana.it\/it\/la-scuola-riparte-anche-da-un-laboratorio-innovativo-di-grafica\/\",\"name\":\"La scuola riparte anche da un laboratorio (innovativo) di grafica - intoscana\",\"isPartOf\":{\"@id\":\"https:\/\/www.intoscana.it\/it\/#website\"},\"primaryImageOfPage\":{\"@id\":\"https:\/\/www.intoscana.it\/it\/la-scuola-riparte-anche-da-un-laboratorio-innovativo-di-grafica\/#primaryimage\"},\"image\":{\"@id\":\"https:\/\/www.intoscana.it\/it\/la-scuola-riparte-anche-da-un-laboratorio-innovativo-di-grafica\/#primaryimage\"},\"thumbnailUrl\":\"https:\/\/www.intoscana.it\/wp-content\/uploads\/Alessandra-Nardini-a-Siena.jpeg\",\"datePublished\":\"2021-11-20T12:08:59+00:00\",\"author\":{\"@id\":\"https:\/\/www.intoscana.it\/it\/#\/schema\/person\/9223810753230f20bd670fdd322661f8\"},\"description\":\"L'istituto Caselli di Siena \u00e8 quello che conta pi\u00f9 iscritti in tutta la provincia. \u00c8 qui che l'assessora Alessandra Nardini ha inaugurato il nuovo laboratorio: \\\"Una migliore offerta didattica per le nostre scuole\\\"\",\"breadcrumb\":{\"@id\":\"https:\/\/www.intoscana.it\/it\/la-scuola-riparte-anche-da-un-laboratorio-innovativo-di-grafica\/#breadcrumb\"},\"inLanguage\":\"it-IT\",\"potentialAction\":[{\"@type\":\"ReadAction\",\"target\":[\"https:\/\/www.intoscana.it\/it\/la-scuola-riparte-anche-da-un-laboratorio-innovativo-di-grafica\/\"]}]},{\"@type\":\"ImageObject\",\"inLanguage\":\"it-IT\",\"@id\":\"https:\/\/www.intoscana.it\/it\/la-scuola-riparte-anche-da-un-laboratorio-innovativo-di-grafica\/#primaryimage\",\"url\":\"https:\/\/www.intoscana.it\/wp-content\/uploads\/Alessandra-Nardini-a-Siena.jpeg\",\"contentUrl\":\"https:\/\/www.intoscana.it\/wp-content\/uploads\/Alessandra-Nardini-a-Siena.jpeg\",\"width\":1600,\"height\":1200,\"caption\":\"Alessandra Nardini a Siena\"},{\"@type\":\"BreadcrumbList\",\"@id\":\"https:\/\/www.intoscana.it\/it\/la-scuola-riparte-anche-da-un-laboratorio-innovativo-di-grafica\/#breadcrumb\",\"itemListElement\":[{\"@type\":\"ListItem\",\"position\":1,\"name\":\"Home\",\"item\":\"https:\/\/www.intoscana.it\/it\/\"},{\"@type\":\"ListItem\",\"position\":2,\"name\":\"La scuola riparte anche da un laboratorio (innovativo) di grafica\"}]},{\"@type\":\"WebSite\",\"@id\":\"https:\/\/www.intoscana.it\/it\/#website\",\"url\":\"https:\/\/www.intoscana.it\/it\/\",\"name\":\"intoscana\",\"description\":\"\",\"potentialAction\":[{\"@type\":\"SearchAction\",\"target\":{\"@type\":\"EntryPoint\",\"urlTemplate\":\"https:\/\/www.intoscana.it\/it\/?s={search_term_string}\"},\"query-input\":{\"@type\":\"PropertyValueSpecification\",\"valueRequired\":true,\"valueName\":\"search_term_string\"}}],\"inLanguage\":\"it-IT\"},{\"@type\":\"Person\",\"@id\":\"https:\/\/www.intoscana.it\/it\/#\/schema\/person\/9223810753230f20bd670fdd322661f8\",\"name\":\"Redazione\",\"url\":\"https:\/\/www.intoscana.it\/it\/author\/redazione\/\"}]}<\/script>\n<!-- \/ Yoast SEO Premium plugin. -->","yoast_head_json":{"title":"La scuola riparte anche da un laboratorio (innovativo) di grafica - intoscana","description":"L'istituto Caselli di Siena \u00e8 quello che conta pi\u00f9 iscritti in tutta la provincia. \u00c8 qui che l'assessora Alessandra Nardini ha inaugurato il nuovo laboratorio: \"Una migliore offerta didattica per le nostre scuole\"","robots":{"index":"index","follow":"follow","max-snippet":"max-snippet:-1","max-image-preview":"max-image-preview:large","max-video-preview":"max-video-preview:-1"},"canonical":"https:\/\/www.intoscana.it\/it\/la-scuola-riparte-anche-da-un-laboratorio-innovativo-di-grafica\/","og_locale":"it_IT","og_type":"article","og_title":"La scuola riparte anche da un laboratorio (innovativo) di grafica","og_description":"L'istituto Caselli di Siena \u00e8 quello che conta pi\u00f9 iscritti in tutta la provincia. \u00c8 qui che l'assessora Alessandra Nardini ha inaugurato il nuovo laboratorio: \"Una migliore offerta didattica per le nostre scuole\"","og_url":"https:\/\/www.intoscana.it\/it\/la-scuola-riparte-anche-da-un-laboratorio-innovativo-di-grafica\/","og_site_name":"intoscana","article_publisher":"https:\/\/www.facebook.com\/intoscana.it","article_published_time":"2021-11-20T12:08:59+00:00","og_image":[{"width":1600,"height":1200,"url":"https:\/\/www.intoscana.it\/wp-content\/uploads\/Alessandra-Nardini-a-Siena.jpeg","type":"image\/jpeg"}],"author":"Redazione","twitter_card":"summary_large_image","twitter_creator":"@intoscana","twitter_site":"@intoscana","twitter_misc":{"Written by":"Redazione","Est. reading time":"2 minuti"},"schema":{"@context":"https:\/\/schema.org","@graph":[{"@type":"WebPage","@id":"https:\/\/www.intoscana.it\/it\/la-scuola-riparte-anche-da-un-laboratorio-innovativo-di-grafica\/","url":"https:\/\/www.intoscana.it\/it\/la-scuola-riparte-anche-da-un-laboratorio-innovativo-di-grafica\/","name":"La scuola riparte anche da un laboratorio (innovativo) di grafica - intoscana","isPartOf":{"@id":"https:\/\/www.intoscana.it\/it\/#website"},"primaryImageOfPage":{"@id":"https:\/\/www.intoscana.it\/it\/la-scuola-riparte-anche-da-un-laboratorio-innovativo-di-grafica\/#primaryimage"},"image":{"@id":"https:\/\/www.intoscana.it\/it\/la-scuola-riparte-anche-da-un-laboratorio-innovativo-di-grafica\/#primaryimage"},"thumbnailUrl":"https:\/\/www.intoscana.it\/wp-content\/uploads\/Alessandra-Nardini-a-Siena.jpeg","datePublished":"2021-11-20T12:08:59+00:00","author":{"@id":"https:\/\/www.intoscana.it\/it\/#\/schema\/person\/9223810753230f20bd670fdd322661f8"},"description":"L'istituto Caselli di Siena \u00e8 quello che conta pi\u00f9 iscritti in tutta la provincia. \u00c8 qui che l'assessora Alessandra Nardini ha inaugurato il nuovo laboratorio: \"Una migliore offerta didattica per le nostre scuole\"","breadcrumb":{"@id":"https:\/\/www.intoscana.it\/it\/la-scuola-riparte-anche-da-un-laboratorio-innovativo-di-grafica\/#breadcrumb"},"inLanguage":"it-IT","potentialAction":[{"@type":"ReadAction","target":["https:\/\/www.intoscana.it\/it\/la-scuola-riparte-anche-da-un-laboratorio-innovativo-di-grafica\/"]}]},{"@type":"ImageObject","inLanguage":"it-IT","@id":"https:\/\/www.intoscana.it\/it\/la-scuola-riparte-anche-da-un-laboratorio-innovativo-di-grafica\/#primaryimage","url":"https:\/\/www.intoscana.it\/wp-content\/uploads\/Alessandra-Nardini-a-Siena.jpeg","contentUrl":"https:\/\/www.intoscana.it\/wp-content\/uploads\/Alessandra-Nardini-a-Siena.jpeg","width":1600,"height":1200,"caption":"Alessandra Nardini a Siena"},{"@type":"BreadcrumbList","@id":"https:\/\/www.intoscana.it\/it\/la-scuola-riparte-anche-da-un-laboratorio-innovativo-di-grafica\/#breadcrumb","itemListElement":[{"@type":"ListItem","position":1,"name":"Home","item":"https:\/\/www.intoscana.it\/it\/"},{"@type":"ListItem","position":2,"name":"La scuola riparte anche da un laboratorio (innovativo) di grafica"}]},{"@type":"WebSite","@id":"https:\/\/www.intoscana.it\/it\/#website","url":"https:\/\/www.intoscana.it\/it\/","name":"intoscana","description":"","potentialAction":[{"@type":"SearchAction","target":{"@type":"EntryPoint","urlTemplate":"https:\/\/www.intoscana.it\/it\/?s={search_term_string}"},"query-input":{"@type":"PropertyValueSpecification","valueRequired":true,"valueName":"search_term_string"}}],"inLanguage":"it-IT"},{"@type":"Person","@id":"https:\/\/www.intoscana.it\/it\/#\/schema\/person\/9223810753230f20bd670fdd322661f8","name":"Redazione","url":"https:\/\/www.intoscana.it\/it\/author\/redazione\/"}]}},"_links":{"self":[{"href":"https:\/\/www.intoscana.it\/it\/wp-json\/wp\/v2\/posts\/200062","targetHints":{"allow":["GET"]}}],"collection":[{"href":"https:\/\/www.intoscana.it\/it\/wp-json\/wp\/v2\/posts"}],"about":[{"href":"https:\/\/www.intoscana.it\/it\/wp-json\/wp\/v2\/types\/post"}],"author":[{"embeddable":true,"href":"https:\/\/www.intoscana.it\/it\/wp-json\/wp\/v2\/users\/525"}],"replies":[{"embeddable":true,"href":"https:\/\/www.intoscana.it\/it\/wp-json\/wp\/v2\/comments?post=200062"}],"version-history":[{"count":0,"href":"https:\/\/www.intoscana.it\/it\/wp-json\/wp\/v2\/posts\/200062\/revisions"}],"wp:featuredmedia":[{"embeddable":true,"href":"https:\/\/www.intoscana.it\/it\/wp-json\/wp\/v2\/media\/200063"}],"wp:attachment":[{"href":"https:\/\/www.intoscana.it\/it\/wp-json\/wp\/v2\/media?parent=200062"}],"wp:term":[{"taxonomy":"category","embeddable":true,"href":"https:\/\/www.intoscana.it\/it\/wp-json\/wp\/v2\/categories?post=200062"},{"taxonomy":"post_tag","embeddable":true,"href":"https:\/\/www.intoscana.it\/it\/wp-json\/wp\/v2\/tags?post=200062"}],"curies":[{"name":"wp","href":"https:\/\/api.w.org\/{rel}","templated":true}]}}