{"id":200481,"date":"2021-11-24T10:33:14","date_gmt":"2021-11-24T09:33:14","guid":{"rendered":"https:\/\/www.intoscana.it\/it\/?p=200481"},"modified":"2021-11-24T10:33:14","modified_gmt":"2021-11-24T09:33:14","slug":"cortona-christmas-2021-al-via-tra-mercatini-nevicate-artisti-di-strada-e-spettacoli","status":"publish","type":"post","link":"https:\/\/www.intoscana.it\/it\/cortona-christmas-2021-al-via-tra-mercatini-nevicate-artisti-di-strada-e-spettacoli\/","title":{"rendered":"Cortona Christmas 2021 al via tra mercatini, nevicate, artisti di strada e spettacoli"},"content":{"rendered":"<p>Tutto \u00e8 pronto per vivere \u2018<strong>Cortona Christmas 2021<\/strong>\u2019. Feste di Natale lunghe <strong>dal 27 novembre al 9 gennaio<\/strong> nella citt\u00e0 degli Angeli. Saranno <strong>40 giorni ricchi di iniziative<\/strong> che coinvolgeranno anche le frazioni di <strong>Camucia, Mercatale e Terontola<\/strong>. L\u2019inaugurazione si terr\u00e0 <strong>sabato 27 novembre<\/strong>, in piazza della Repubblica a Cortona, alle 16,30, e protagonisti della prima giornata saranno <strong>i bambini delle scuole<\/strong> che reciteranno le loro poesie.<\/p>\n<p>Un progetto a cui ha lavorato l\u2019<strong>assessorato all\u2019Istruzione<\/strong> insieme agli istituti scolastici. Gli alunni saranno protagonisti anche di alcuni progetti legati ai presepi e al tema di questa edizione del Natale, ovvero &#8220;<strong>la citt\u00e0 degli angeli<\/strong>&#8220;. Si accenderanno le <strong>luci di Natale<\/strong>, il grande albero e <strong>le luminarie<\/strong>. Inoltre si dar\u00e0 avvio a spettacoli e intrattenimenti che creeranno un\u2019atmosfera suggestiva, con <strong>artisti di strada del circo bianco<\/strong> e musica.<\/p>\n<figure id=\"post-200517 media-200517\" class=\"align-none\"><img decoding=\"async\" src=\"https:\/\/www.intoscana.it\/wp-content\/uploads\/img_9611-e1637745883436.jpeg\" alt=\"\" \/><\/figure>\n<div class=\"titleimg\">Cortona Christmas &#8211; \u00a9 Comune di Cortona<\/div>\n<p>Da sabato 27 aprono <strong>i mercatini nelle tre piazze cortonesi<\/strong>\u00a0(Piazza Signorelli, Giardini del Parterre e Piazza Garibaldi), un\u2019offerta che va a rafforzare la proposta commerciale del centro storico; tante attivit\u00e0 hanno scelto di puntare su questo evento per promuovere prodotti artigianali ed <strong>eccellenze enogastronomiche<\/strong>. Dallo stesso giorno apre la <strong>Casa di Babbo Natale<\/strong>, sar\u00e0 attivata la <strong>pista sul ghiaccio<\/strong>, la <strong>prima \u00abnevicata\u00bb<\/strong> \u00e8 fissata al 19 dicembre.\u00a0 Tutte le attivit\u00e0 saranno svolte nel pieno rispetto delle normative anti-contagio, sono organizzate dalla <strong>Montagna Cortonese<\/strong>, con il supporto dell\u2019amministrazione comunale, degli sponsor e con la collaborazione di numerose associazioni. Nel programma \u00e8 annunciato il ritorno della <strong>festa di San Silvestro in piazza<\/strong>, della <strong>Colazione al Museo<\/strong> e del <strong>Concerto di Capodanno<\/strong>.<\/p>\n<figure id=\"post-200527 media-200527\" class=\"align-none\"><img decoding=\"async\" src=\"https:\/\/www.intoscana.it\/wp-content\/uploads\/img_5435-2-scaled-1-scaled-e1637745954754.jpeg\" alt=\"\" \/><\/figure>\n<div class=\"titleimg\">Cortona Christmas &#8211; \u00a9 Comune di Cortona<\/div>\n<p>Quest\u2019anno infatti il periodo delle feste si lega all\u2019identit\u00e0 di Cortona come citt\u00e0 d\u2019arte, ma interessa anche le frazioni con l\u2019abbinamento di un colore per ogni paese del territorio. La presenza degli angeli \u00e8 una caratteristica storica di questo comune, si pensi all\u2019Annunciazione del Beato Angelico o a quella di Pietro da Cortona, senza dimenticare un\u2019infinit\u00e0 di angeli e \u00abputtini\u00bb che si ritrovano in tantissime opere come al Palazzone (di scuola Raffaelliana) oppure quelli presenti nei dipinti di Luca Signorelli (l\u2019artista sar\u00e0 celebrato con una grande mostra nel 2023). Di angeli si riempiranno anche le vetrine dei commercianti cortonesi, grazie alla collaborazione fra assessorato alle Attivit\u00e0 produttive e le associazioni di categoria del commercio.<\/p>\n<p>Il programma \u00e8 stato presentato nella sede del Consiglio regionale dal presidente\u00a0<strong>Antonio Mazzeo<\/strong>: &#8220;<em>Permettetemi di dire<\/em> \u2013 ha spiegato Antonio Mazzeo \u2013 <em>che se tutto questo \u00e8 possibile \u00e8 sicuramente perch\u00e9 l\u2019amministrazione comunale di Cortona ci ha creduto, e non era scontato qualche mese fa, ma anche perch\u00e9 c\u2019\u00e8 stata una grande campagna che ha consentito a centinaia di migliaia di cittadini e cittadine della nostra Regione di potersi vaccinare<\/em>\u201d.<\/p>\n<p>Per il vicepresidente del Consiglio regionale,\u00a0<strong>Marco Casucci<\/strong>, \u00e8 un\u2019occasione da non perdere per rilanciare il turismo dopo un periodo molto complicato: \u201c<em>Sono particolarmente soddisfatto di avere proposto la presentazione di questa iniziativa cos\u00ec importante per il mio territorio di provenienza nel Palazzo del Pegaso. Vediamo quello che sta gi\u00e0 succedendo per il Natale ad Arezzo, ora siamo certi che analogo successo potr\u00e0 avere sicuramente il Natale a Cortona<\/em>\u201d.<\/p>\n<p><strong>Francesco Attesti, <\/strong>assessore alla Cultura e al turismo del comune di Cortona: \u201c<em>La nostra citt\u00e0 ha voluto dare un bel segnale di ripartenza nonostante ancora si sia in piena emergenza, e quindi da sabato 27 novembre al 9 gennaio avremo letteralmente ogni giorno tante iniziative culturali, ludiche e ricreative dedicate al Natale. \u00c8 stato un grande sforzo da parte dell\u2019amministrazione, anche perch\u00e9 stiamo tentando di allungare la stagione turistica<\/em>\u201d.<\/p>\n<p>Alla presidente<strong>\u00a0Caterina Cittadini<\/strong> il compito di presentare la giovane <strong>cooperativa Montagna Cortonese<\/strong>: \u201c<em>Figlia della Regione e dei progetti di valorizzazione del territorio ha colto la sfida del Comune che ha creduto in un programma articolato e ricco che include la montagna e la citt\u00e0 con i suoi terreni limitrofi. Un progetto di rete a cui hanno partecipato tutti gli operatori proprio perch\u00e9 credono che si possa ripartire e credono che il Natale sar\u00e0 un momento di solidariet\u00e0 e di bellezza per giovani, bambini e famiglie<\/em>\u201d.<\/p>\n<p><strong>Silvia Vecchini<\/strong>, presidente di <strong>Omnia Guide<\/strong>, ha raccontato lo spirito dell\u2019iniziativa: \u201c<em>La sfida del Natale quest\u2019anno \u00e8 quella di portare le persone a vedere Cortona sia per il Natale, ma anche per le sue tradizioni. Cortona \u00e8 una citt\u00e0 d\u2019arte \u00e8 la citt\u00e0 che ha ospitato personaggi importanti della storia dell\u2019arte, \u00e8 la citt\u00e0 di Luca Signorelli e di Pietro Berrettini. Che proprio a Cortona hanno lasciato degli angeli stupendi. Ecco perch\u00e9 la citta degli Angeli. La voglia \u00e8 proprio quella di unire sia l\u2019aspetto tradizionale del Natale a quella che \u00e8 la nostra tradizione fatta di arte e di cultura<\/em>\u201d.<\/p>\n","protected":false},"excerpt":{"rendered":"<p>La Citt\u00e0 degli Angeli punta ad allungare la stagione turistica con un calendario di 40 giorni ricco di iniziative e divertimento<\/p>\n","protected":false},"author":525,"featured_media":200516,"comment_status":"open","ping_status":"open","sticky":false,"template":"","format":"standard","meta":{"_acf_changed":false,"footnotes":""},"categories":[6],"tags":[4753,2503,1583],"class_list":["post-200481","post","type-post","status-publish","format-standard","has-post-thumbnail","hentry","category-viaggi","tag-consiglio-regionale-della-toscana","tag-cortona","tag-natale-in-toscana"],"acf":[],"yoast_head":"<!-- This site is optimized with the Yoast SEO Premium plugin v24.2 (Yoast SEO v25.6) - https:\/\/yoast.com\/wordpress\/plugins\/seo\/ -->\n<title>Cortona Christmas 2021 al via tra mercatini, nevicate, artisti di strada e spettacoli - intoscana<\/title>\n<meta name=\"description\" content=\"La Citt\u00e0 degli Angeli punta ad allungare la stagione turistica con un calendario di 40 giorni ricco di iniziative e divertimento\" \/>\n<meta name=\"robots\" content=\"index, follow, max-snippet:-1, max-image-preview:large, max-video-preview:-1\" \/>\n<link rel=\"canonical\" href=\"https:\/\/www.intoscana.it\/it\/cortona-christmas-2021-al-via-tra-mercatini-nevicate-artisti-di-strada-e-spettacoli\/\" \/>\n<meta property=\"og:locale\" content=\"it_IT\" \/>\n<meta property=\"og:type\" content=\"article\" \/>\n<meta property=\"og:title\" content=\"Cortona Christmas 2021 al via tra mercatini, nevicate, artisti di strada e spettacoli\" \/>\n<meta property=\"og:description\" content=\"La Citt\u00e0 degli Angeli punta ad allungare la stagione turistica con un calendario di 40 giorni ricco di iniziative e divertimento\" \/>\n<meta property=\"og:url\" content=\"https:\/\/www.intoscana.it\/it\/cortona-christmas-2021-al-via-tra-mercatini-nevicate-artisti-di-strada-e-spettacoli\/\" \/>\n<meta property=\"og:site_name\" content=\"intoscana\" \/>\n<meta property=\"article:publisher\" content=\"https:\/\/www.facebook.com\/intoscana.it\" \/>\n<meta property=\"article:published_time\" content=\"2021-11-24T09:33:14+00:00\" \/>\n<meta property=\"og:image\" content=\"https:\/\/www.intoscana.it\/wp-content\/uploads\/img_8578.jpeg\" \/>\n\t<meta property=\"og:image:width\" content=\"1080\" \/>\n\t<meta property=\"og:image:height\" content=\"720\" \/>\n\t<meta property=\"og:image:type\" content=\"image\/jpeg\" \/>\n<meta name=\"author\" content=\"Redazione\" \/>\n<meta name=\"twitter:card\" content=\"summary_large_image\" \/>\n<meta name=\"twitter:creator\" content=\"@intoscana\" \/>\n<meta name=\"twitter:site\" content=\"@intoscana\" \/>\n<meta name=\"twitter:label1\" content=\"Written by\" \/>\n\t<meta name=\"twitter:data1\" content=\"Redazione\" \/>\n\t<meta name=\"twitter:label2\" content=\"Est. reading time\" \/>\n\t<meta name=\"twitter:data2\" content=\"4 minuti\" \/>\n<script type=\"application\/ld+json\" class=\"yoast-schema-graph\">{\"@context\":\"https:\/\/schema.org\",\"@graph\":[{\"@type\":\"WebPage\",\"@id\":\"https:\/\/www.intoscana.it\/it\/cortona-christmas-2021-al-via-tra-mercatini-nevicate-artisti-di-strada-e-spettacoli\/\",\"url\":\"https:\/\/www.intoscana.it\/it\/cortona-christmas-2021-al-via-tra-mercatini-nevicate-artisti-di-strada-e-spettacoli\/\",\"name\":\"Cortona Christmas 2021 al via tra mercatini, nevicate, artisti di strada e spettacoli - intoscana\",\"isPartOf\":{\"@id\":\"https:\/\/www.intoscana.it\/it\/#website\"},\"primaryImageOfPage\":{\"@id\":\"https:\/\/www.intoscana.it\/it\/cortona-christmas-2021-al-via-tra-mercatini-nevicate-artisti-di-strada-e-spettacoli\/#primaryimage\"},\"image\":{\"@id\":\"https:\/\/www.intoscana.it\/it\/cortona-christmas-2021-al-via-tra-mercatini-nevicate-artisti-di-strada-e-spettacoli\/#primaryimage\"},\"thumbnailUrl\":\"https:\/\/www.intoscana.it\/wp-content\/uploads\/img_8578.jpeg\",\"datePublished\":\"2021-11-24T09:33:14+00:00\",\"author\":{\"@id\":\"https:\/\/www.intoscana.it\/it\/#\/schema\/person\/9223810753230f20bd670fdd322661f8\"},\"description\":\"La Citt\u00e0 degli Angeli punta ad allungare la stagione turistica con un calendario di 40 giorni ricco di iniziative e divertimento\",\"breadcrumb\":{\"@id\":\"https:\/\/www.intoscana.it\/it\/cortona-christmas-2021-al-via-tra-mercatini-nevicate-artisti-di-strada-e-spettacoli\/#breadcrumb\"},\"inLanguage\":\"it-IT\",\"potentialAction\":[{\"@type\":\"ReadAction\",\"target\":[\"https:\/\/www.intoscana.it\/it\/cortona-christmas-2021-al-via-tra-mercatini-nevicate-artisti-di-strada-e-spettacoli\/\"]}]},{\"@type\":\"ImageObject\",\"inLanguage\":\"it-IT\",\"@id\":\"https:\/\/www.intoscana.it\/it\/cortona-christmas-2021-al-via-tra-mercatini-nevicate-artisti-di-strada-e-spettacoli\/#primaryimage\",\"url\":\"https:\/\/www.intoscana.it\/wp-content\/uploads\/img_8578.jpeg\",\"contentUrl\":\"https:\/\/www.intoscana.it\/wp-content\/uploads\/img_8578.jpeg\",\"width\":1080,\"height\":720,\"caption\":\"Cortona Christmas\"},{\"@type\":\"BreadcrumbList\",\"@id\":\"https:\/\/www.intoscana.it\/it\/cortona-christmas-2021-al-via-tra-mercatini-nevicate-artisti-di-strada-e-spettacoli\/#breadcrumb\",\"itemListElement\":[{\"@type\":\"ListItem\",\"position\":1,\"name\":\"Home\",\"item\":\"https:\/\/www.intoscana.it\/it\/\"},{\"@type\":\"ListItem\",\"position\":2,\"name\":\"Cortona Christmas 2021 al via tra mercatini, nevicate, artisti di strada e spettacoli\"}]},{\"@type\":\"WebSite\",\"@id\":\"https:\/\/www.intoscana.it\/it\/#website\",\"url\":\"https:\/\/www.intoscana.it\/it\/\",\"name\":\"intoscana\",\"description\":\"\",\"potentialAction\":[{\"@type\":\"SearchAction\",\"target\":{\"@type\":\"EntryPoint\",\"urlTemplate\":\"https:\/\/www.intoscana.it\/it\/?s={search_term_string}\"},\"query-input\":{\"@type\":\"PropertyValueSpecification\",\"valueRequired\":true,\"valueName\":\"search_term_string\"}}],\"inLanguage\":\"it-IT\"},{\"@type\":\"Person\",\"@id\":\"https:\/\/www.intoscana.it\/it\/#\/schema\/person\/9223810753230f20bd670fdd322661f8\",\"name\":\"Redazione\",\"url\":\"https:\/\/www.intoscana.it\/it\/author\/redazione\/\"}]}<\/script>\n<!-- \/ Yoast SEO Premium plugin. -->","yoast_head_json":{"title":"Cortona Christmas 2021 al via tra mercatini, nevicate, artisti di strada e spettacoli - intoscana","description":"La Citt\u00e0 degli Angeli punta ad allungare la stagione turistica con un calendario di 40 giorni ricco di iniziative e divertimento","robots":{"index":"index","follow":"follow","max-snippet":"max-snippet:-1","max-image-preview":"max-image-preview:large","max-video-preview":"max-video-preview:-1"},"canonical":"https:\/\/www.intoscana.it\/it\/cortona-christmas-2021-al-via-tra-mercatini-nevicate-artisti-di-strada-e-spettacoli\/","og_locale":"it_IT","og_type":"article","og_title":"Cortona Christmas 2021 al via tra mercatini, nevicate, artisti di strada e spettacoli","og_description":"La Citt\u00e0 degli Angeli punta ad allungare la stagione turistica con un calendario di 40 giorni ricco di iniziative e divertimento","og_url":"https:\/\/www.intoscana.it\/it\/cortona-christmas-2021-al-via-tra-mercatini-nevicate-artisti-di-strada-e-spettacoli\/","og_site_name":"intoscana","article_publisher":"https:\/\/www.facebook.com\/intoscana.it","article_published_time":"2021-11-24T09:33:14+00:00","og_image":[{"width":1080,"height":720,"url":"https:\/\/www.intoscana.it\/wp-content\/uploads\/img_8578.jpeg","type":"image\/jpeg"}],"author":"Redazione","twitter_card":"summary_large_image","twitter_creator":"@intoscana","twitter_site":"@intoscana","twitter_misc":{"Written by":"Redazione","Est. reading time":"4 minuti"},"schema":{"@context":"https:\/\/schema.org","@graph":[{"@type":"WebPage","@id":"https:\/\/www.intoscana.it\/it\/cortona-christmas-2021-al-via-tra-mercatini-nevicate-artisti-di-strada-e-spettacoli\/","url":"https:\/\/www.intoscana.it\/it\/cortona-christmas-2021-al-via-tra-mercatini-nevicate-artisti-di-strada-e-spettacoli\/","name":"Cortona Christmas 2021 al via tra mercatini, nevicate, artisti di strada e spettacoli - intoscana","isPartOf":{"@id":"https:\/\/www.intoscana.it\/it\/#website"},"primaryImageOfPage":{"@id":"https:\/\/www.intoscana.it\/it\/cortona-christmas-2021-al-via-tra-mercatini-nevicate-artisti-di-strada-e-spettacoli\/#primaryimage"},"image":{"@id":"https:\/\/www.intoscana.it\/it\/cortona-christmas-2021-al-via-tra-mercatini-nevicate-artisti-di-strada-e-spettacoli\/#primaryimage"},"thumbnailUrl":"https:\/\/www.intoscana.it\/wp-content\/uploads\/img_8578.jpeg","datePublished":"2021-11-24T09:33:14+00:00","author":{"@id":"https:\/\/www.intoscana.it\/it\/#\/schema\/person\/9223810753230f20bd670fdd322661f8"},"description":"La Citt\u00e0 degli Angeli punta ad allungare la stagione turistica con un calendario di 40 giorni ricco di iniziative e divertimento","breadcrumb":{"@id":"https:\/\/www.intoscana.it\/it\/cortona-christmas-2021-al-via-tra-mercatini-nevicate-artisti-di-strada-e-spettacoli\/#breadcrumb"},"inLanguage":"it-IT","potentialAction":[{"@type":"ReadAction","target":["https:\/\/www.intoscana.it\/it\/cortona-christmas-2021-al-via-tra-mercatini-nevicate-artisti-di-strada-e-spettacoli\/"]}]},{"@type":"ImageObject","inLanguage":"it-IT","@id":"https:\/\/www.intoscana.it\/it\/cortona-christmas-2021-al-via-tra-mercatini-nevicate-artisti-di-strada-e-spettacoli\/#primaryimage","url":"https:\/\/www.intoscana.it\/wp-content\/uploads\/img_8578.jpeg","contentUrl":"https:\/\/www.intoscana.it\/wp-content\/uploads\/img_8578.jpeg","width":1080,"height":720,"caption":"Cortona Christmas"},{"@type":"BreadcrumbList","@id":"https:\/\/www.intoscana.it\/it\/cortona-christmas-2021-al-via-tra-mercatini-nevicate-artisti-di-strada-e-spettacoli\/#breadcrumb","itemListElement":[{"@type":"ListItem","position":1,"name":"Home","item":"https:\/\/www.intoscana.it\/it\/"},{"@type":"ListItem","position":2,"name":"Cortona Christmas 2021 al via tra mercatini, nevicate, artisti di strada e spettacoli"}]},{"@type":"WebSite","@id":"https:\/\/www.intoscana.it\/it\/#website","url":"https:\/\/www.intoscana.it\/it\/","name":"intoscana","description":"","potentialAction":[{"@type":"SearchAction","target":{"@type":"EntryPoint","urlTemplate":"https:\/\/www.intoscana.it\/it\/?s={search_term_string}"},"query-input":{"@type":"PropertyValueSpecification","valueRequired":true,"valueName":"search_term_string"}}],"inLanguage":"it-IT"},{"@type":"Person","@id":"https:\/\/www.intoscana.it\/it\/#\/schema\/person\/9223810753230f20bd670fdd322661f8","name":"Redazione","url":"https:\/\/www.intoscana.it\/it\/author\/redazione\/"}]}},"_links":{"self":[{"href":"https:\/\/www.intoscana.it\/it\/wp-json\/wp\/v2\/posts\/200481","targetHints":{"allow":["GET"]}}],"collection":[{"href":"https:\/\/www.intoscana.it\/it\/wp-json\/wp\/v2\/posts"}],"about":[{"href":"https:\/\/www.intoscana.it\/it\/wp-json\/wp\/v2\/types\/post"}],"author":[{"embeddable":true,"href":"https:\/\/www.intoscana.it\/it\/wp-json\/wp\/v2\/users\/525"}],"replies":[{"embeddable":true,"href":"https:\/\/www.intoscana.it\/it\/wp-json\/wp\/v2\/comments?post=200481"}],"version-history":[{"count":0,"href":"https:\/\/www.intoscana.it\/it\/wp-json\/wp\/v2\/posts\/200481\/revisions"}],"wp:featuredmedia":[{"embeddable":true,"href":"https:\/\/www.intoscana.it\/it\/wp-json\/wp\/v2\/media\/200516"}],"wp:attachment":[{"href":"https:\/\/www.intoscana.it\/it\/wp-json\/wp\/v2\/media?parent=200481"}],"wp:term":[{"taxonomy":"category","embeddable":true,"href":"https:\/\/www.intoscana.it\/it\/wp-json\/wp\/v2\/categories?post=200481"},{"taxonomy":"post_tag","embeddable":true,"href":"https:\/\/www.intoscana.it\/it\/wp-json\/wp\/v2\/tags?post=200481"}],"curies":[{"name":"wp","href":"https:\/\/api.w.org\/{rel}","templated":true}]}}