{"id":200589,"date":"2021-11-24T15:44:56","date_gmt":"2021-11-24T14:44:56","guid":{"rendered":"https:\/\/www.intoscana.it\/it\/?p=200589"},"modified":"2021-11-24T16:32:55","modified_gmt":"2021-11-24T15:32:55","slug":"verso-un-welfare-di-comunita-spinelli-lambizione-e-essere-felici","status":"publish","type":"post","link":"https:\/\/www.intoscana.it\/it\/verso-un-welfare-di-comunita-spinelli-lambizione-e-essere-felici\/","title":{"rendered":"Verso un welfare di comunit\u00e0. Spinelli: &#8220;L&#8217;ambizione? \u00c8 essere felici&#8221;"},"content":{"rendered":"<p>Da tanto tempo (troppo) mancava un vero confronto in presenza. <mark>Il mondo del volontariato e del terzo settore toscano, che anche durante la pandemia non hai mai fatto passi indietro nonostante le crescenti difficolt\u00e0, si \u00e8 di nuovo incontrato a Lucca. Una citt\u00e0 non casuale, in un giorno che non \u00e8 un giorno qualunque<\/mark>. Da ieri \u00e8 infatti iniziata ufficialmente la migrazione degli enti presenti nei registri specifici verso il <a href=\"https:\/\/www.lavoro.gov.it\/temi-e-priorita\/Terzo-settore-e-responsabilita-sociale-imprese\/focus-on\/Riforma-terzo-settore\/Pagine\/Registro-Unico-Nazionale-Terzo-Settore.aspx\" target=\"_blank\" rel=\"noopener\">registro unico nazionale del terzo settore<\/a> (Runts). Il registro regionale conta al momento <strong>6.777 realt\u00e0<\/strong>, mentre l&#8217;Istat ne ha censite pi\u00f9 di <strong>21 mila<\/strong> in tutta la Toscana. <em>&#8220;L&#8217;obiettivo \u00e8 quello di riunire tutti dentro al registro unico&#8221;<\/em> ha detto l&#8217;assessore regionale al sociale <strong>Serena Spinelli<\/strong>.<\/p>\n<figure id=\"post-200591 media-200591\" class=\"align-center\"><img decoding=\"async\" class=\"aligncenter\" src=\"https:\/\/www.intoscana.it\/wp-content\/uploads\/Convegno-22La-comunita\u0300-locale22-organizzato-a-Lucca5.jpeg\" alt=\"\" \/><\/figure>\n<div class=\"titleimg\" style=\"text-align: center;\">Convegno \u201cLa comunita\u0300 locale\u201d organizzato a Lucca &#8211; \u00a9 Centro nazionale volontariato (Cnv)<\/div>\n<h3>Anche il linguaggio conta<\/h3>\n<p>A proposito dell&#8217;acronimo &#8220;Runts&#8221;. Anche l&#8217;assessore Spinelli, intervenendo a Lucca, l&#8217;ha definita una scelta di linguaggio <em>&#8220;poco felice&#8221;<\/em>. Ricordiamo che solo pochi giorni fa il presidente della Repubblica <strong>Sergio Mattarella<\/strong>, durante <a href=\"https:\/\/www.intoscana.it\/it\/articolo\/siena-mattarella-inaugura-anno-accademico-parlando-profughi-pandemia\/\">l&#8217;inaugurazione dell&#8217;anno accademico<\/a> dell&#8217;Universit\u00e0 di Siena, si era ironicamente (ma non troppo) interrogato sull&#8217;uso e sull&#8217;abuso di certi acronimi dicendo che, parole sue, <em>&#8220;sarebbero utili studi per approfondire le conseguenze del loro uso smisurato sul linguaggio e sulla facilit\u00e0 di comunicazione&#8221;<\/em>. Un appello ancora inascoltato. <mark><em>&#8220;Non si tratta solo di un atto amministrativo, ma di uno strumento per costruire reti territoriali&#8221;<\/em>, ha aggiunto Spinelli commentando questa novit\u00e0<\/mark>.<\/p>\n<h3>Lucca, capitale del volontariato<\/h3>\n<p><mark>Il contesto, come dicevamo, \u00e8 ancora una volta Lucca. Una citt\u00e0 che non solo ha una forte tradizione associativa e una spiccata attitudine alla solidariet\u00e0, ma che grazie al <a href=\"http:\/\/www.centrovolontariato.net\" target=\"_blank\" rel=\"noopener\">Centro nazionale per il volontariato<\/a> (Cnv)<\/mark>, fondato da <strong>Maria Eletta Martini<\/strong> e <strong>Giuseppe Bicocchi<\/strong>, ha contribuito a costruire negli anni una rinnovata cultura del dono. \u00c8 sempre a Lucca che l&#8217;allora premier <strong>Matteo Renzi<\/strong>, in una delle sue prime uscite pubbliche, al Festival del volontariato lanci\u00f2 la proposta della riforma del terzo settore.<\/p>\n<figure id=\"post-200592 media-200592\" class=\"align-center\"><\/figure>\n<div class=\"titleimg\">\n<figure id=\"post-200597 media-200597\" class=\"align-center\"><img decoding=\"async\" class=\"aligncenter\" src=\"https:\/\/www.intoscana.it\/wp-content\/uploads\/Convegno-22La-comunita\u0300-locale22-organizzato-a-Lucca.jpeg\" alt=\"\" \/><\/figure>\n<div class=\"titleimg\" style=\"text-align: center;\">Convegno \u201cLa comunita\u0300 locale\u201d organizzato a Lucca &#8211; \u00a9 Centro nazionale volontariato (Cnv)<\/div>\n<\/div>\n<p>Da allora ne \u00e8 passato di tempo (e di acqua sotto ai ponti). E se oggi le istituzioni e le organizzazioni di volontariato e terzo settore si sono incontrate nelle sale del Real Collegio, \u00e8 per una due giorni di discussione e riflessione su temi come la <strong>co-progettazione\u00a0<\/strong> l&#8217;<strong>integrazione socio-sanitaria<\/strong>. A organizzare questo appuntamento sono appunto Cnv e Regione Toscana, insieme al Cesvot e con la collaborazione di Anci Toscana e del Forum regionale del terzo settore. Il titolo? <a href=\"http:\/\/www.centrovolontariato.net\/2021\/11\/la-comunita-locale-24-25-11-21\/\" target=\"_blank\" rel=\"noopener\"><em>&#8220;La comunit\u00e0 locale. Pubblico e terzo settore tra reti di solidariet\u00e0 e prossimit\u00e0&#8221;<\/em><\/a>.<\/p>\n<p><span class=\"citazione\">&#8220;Se siamo qua \u00e8 perch\u00e9 insieme possiamo costruire comunit\u00e0 pi\u00f9 coese&#8221;<\/span><\/p>\n<h3>Lavorare insieme<\/h3>\n<p><em>&#8220;Se siamo qua \u00e8 perch\u00e9 insieme possiamo costruire comunit\u00e0 pi\u00f9 coese&#8221;<\/em> ha detto Spinelli. <em>&#8220;Tutti ci dicono che siamo in una fase di passaggio e che le sfida da affrontare sono tante. La pandemia non \u00e8 ancora superata, ma nei nostri sistemi territoriali ha gi\u00e0 evidenziato alcuni elementi di criticit\u00e0. <mark>Ora spetta a noi definire le azioni da compiere<\/mark>&#8221; <\/em>ha aggiunto rivolgendosi al terzo settore<em>. &#8220;\u00c8 anche grazie a voi se in questa fase complessa siamo riusciti a offrire risposte inclusive&#8221;.<\/em><\/p>\n<figure id=\"post-200592 media-200592\" class=\"align-center\"><img decoding=\"async\" class=\"aligncenter\" src=\"https:\/\/www.intoscana.it\/wp-content\/uploads\/Convegno-22La-comunita\u0300-locale22-organizzato-a-Lucca4.jpeg\" alt=\"\" \/><\/figure>\n<div class=\"titleimg\" style=\"text-align: center;\">Convegno \u201cLa comunita\u0300 locale\u201d organizzato a Lucca &#8211; \u00a9 Centro nazionale volontariato (Cnv)<\/div>\n<h3>Le sfide<\/h3>\n<p>I temi, discussi anche in gruppi di lavoro dedicati, sono <strong>co-programmazione<\/strong>, <strong>co-progettazione<\/strong>, <strong>integrazione socio-sanitaria<\/strong>, <strong>reti di prossimit\u00e0<\/strong> e <strong>comunit\u00e0 locali<\/strong>. <em>&#8220;Sono tutti temi di prospettiva&#8221;<\/em> ha proseguito l&#8217;assessore regionale al sociale. E ora cosa accadr\u00e0? <em>&#8220;Abbiamo visto come la relazione tra istituzioni e terzo settore abbia potuto fornire risposte concrete. Purtroppo, guardando in avanti, avremo senz&#8217;altro un aumento delle persone sotto la soglia di povert\u00e0. \u00c8 in crescita anche la povert\u00e0 educativa tra i pi\u00f9 giovani e ci saranno maggiori difficolt\u00e0 per le persone pi\u00f9 fragili. <mark>Di fronte a tutto questo possiamo pensare di arrenderci, oppure possiamo davvero metterci in rete per capire come ricostruire un welfare di comunit\u00e0<\/mark>&#8220;.<\/em><\/p>\n<p>Spinelli ha auspicato l&#8217;<strong>unione delle competenze, delle risorse e delle idee<\/strong> per raggiungere questi risultati. &#8220;<em>Dobbiamo riuscire a capire insieme quali sono i bisogni e offrire di conseguenza delle risposta adeguate, co-progettando le soluzioni di cui abbiamo drammaticamente bisogno. Solo cos\u00ec costruiremo comunit\u00e0 pi\u00f9 coese in cui le persone si senteranno prese in cura. Sempre, non solo nella fase del bisogno. <mark>Dobbiamo migliorare insieme la qualit\u00e0 di vita delle persone. L&#8217;ambizione? \u00c8 essere felici<\/mark>&#8220;.<\/em><\/p>\n<p><span class=\"citazione\">&#8220;Dobbiamo migliorare insieme la qualit\u00e0 di vita delle persone&#8221;<\/span><\/p>\n<h3>La ricerca<\/h3>\n<p><mark>Rispetto alla riforma del terzo settore e alla nascita del registro unico, secondo una ricerca condotta da <a href=\"https:\/\/www.cesvot.it\/\" target=\"_blank\" rel=\"noopener\">Cesvot<\/a> stiamo assistendo a una diminuzione delle organizzazioni di volontariato e a un aumento delle associazioni di promozione sociale<\/mark>. <em>&#8220;Un divario sottolineato anche dalle attivit\u00e0 svolte&#8221;<\/em> ha ricordato <strong>Luigi Paccosi<\/strong>, vicepresidente vicario del Centro servizi per il volontariato della Toscana. <em>&#8220;Il volontariato opera prevalentemente in ambito sanitario, la promozione sociale si concentra invece nel settore ricreativo, in quello culturale e nel sociale&#8221;<\/em>. Al posto di Paccosi, a Lucca sarebbe dovuto intervenire il presidente <strong>Federico Gelli<\/strong> che luned\u00ec scorso \u00e8 stato nominato nuovo responsabile della Direzione sanit\u00e0, diritti cittadinanza e coesione sociale della Regione Toscana. Una nomina che decorrer\u00e0 dal primo dicembre, ma per cui \u00e8 gi\u00e0 necessario mettersi al lavoro.<\/p>\n<figure id=\"post-200594 media-200594\" class=\"align-center\"><img decoding=\"async\" class=\"aligncenter\" src=\"https:\/\/www.intoscana.it\/wp-content\/uploads\/Convegno-22La-comunita\u0300-locale22-organizzato-a-Lucca3.jpeg\" alt=\"\" \/><\/figure>\n<div class=\"titleimg\" style=\"text-align: center;\">Convegno \u201cLa comunita\u0300 locale\u201d organizzato a Lucca &#8211; \u00a9 Centro nazionale volontariato (Cnv)<\/div>\n<h3>Luoghi insostituibili<\/h3>\n<p><span class=\"citazione\">&#8220;Da soli non si va da nessuna parte&#8221;<\/span><\/p>\n<p>Proprio durante la pandemia Cesvot aveva lanciato la campagna di comunicazione <a href=\"https:\/\/www.diventavolontario.it\/\" target=\"_blank\" rel=\"noopener\"><em>&#8220;Passa all\u2019azione, diventa volontario&#8221;<\/em><\/a>. Ebbene, secondo il bilancio condiviso da Paccosi, <mark>le richieste sono state pi\u00f9 di 1.500; poco meno della met\u00e0 (642) sono diventati volontari in circa 300 associazioni<\/mark>. Sempre a proposito di numeri, a Lucca il portavoce del Forum del terzo settore della Toscana, <strong>Gianluca Mengozzi<\/strong>, ha ricordato che sono ben <strong>9.750<\/strong> gli enti che aderiscono a questo organismo di rappresentanza sociale. <em>&#8220;Le associazioni e le cooperative sono luoghi insostituibili&#8221;<\/em> ha aggiunto Mengozzi. <em>&#8220;Non solo per cosa fanno, ma per come lo fanno. Qua tutto si decide insieme, consapevoli che da soli non si va da nessuna parte. <mark>Siamo una palestra di democrazia. Senza questo sistema, da salvaguardare e proteggere, saremmo molto pi\u00f9 soli<\/mark>&#8220;.<\/em><\/p>\n","protected":false},"excerpt":{"rendered":"<p>Il registro unico nazionale del terzo settore \u00e8 realt\u00e0. E cos\u00ec, con uno sguardo proiettato al futuro, a Lucca si \u00e8 tornati a discutere di co-progettazione, solidariet\u00e0 e prossimit\u00e0 per la costruzione di comunit\u00e0 pi\u00f9 coese<\/p>\n","protected":false},"author":521,"featured_media":200595,"comment_status":"open","ping_status":"open","sticky":false,"template":"","format":"standard","meta":{"_acf_changed":false,"footnotes":""},"categories":[494],"tags":[170,4822,4400,416,5394],"class_list":["post-200589","post","type-post","status-publish","format-standard","has-post-thumbnail","hentry","category-attualita","tag-lucca","tag-serena-spinelli","tag-terzo-settore","tag-volontariato","tag-welfare"],"acf":[],"yoast_head":"<!-- This site is optimized with the Yoast SEO Premium plugin v24.2 (Yoast SEO v25.6) - https:\/\/yoast.com\/wordpress\/plugins\/seo\/ -->\n<title>Verso un welfare di comunit\u00e0. Spinelli: &quot;L&#039;ambizione? \u00c8 essere felici&quot; - intoscana<\/title>\n<meta name=\"description\" content=\"Il registro unico nazionale del terzo settore \u00e8 realt\u00e0. E cos\u00ec, con uno sguardo proiettato al futuro, a Lucca si \u00e8 tornati a discutere di co-progettazione, solidariet\u00e0 e prossimit\u00e0 per la costruzione di comunit\u00e0 pi\u00f9 coese\" \/>\n<meta name=\"robots\" content=\"index, follow, max-snippet:-1, max-image-preview:large, max-video-preview:-1\" \/>\n<link rel=\"canonical\" href=\"https:\/\/www.intoscana.it\/it\/verso-un-welfare-di-comunita-spinelli-lambizione-e-essere-felici\/\" \/>\n<meta property=\"og:locale\" content=\"it_IT\" \/>\n<meta property=\"og:type\" content=\"article\" \/>\n<meta property=\"og:title\" content=\"Verso un welfare di comunit\u00e0. Spinelli: &quot;L&#039;ambizione? \u00c8 essere felici&quot;\" \/>\n<meta property=\"og:description\" content=\"Il registro unico nazionale del terzo settore \u00e8 realt\u00e0. E cos\u00ec, con uno sguardo proiettato al futuro, a Lucca si \u00e8 tornati a discutere di co-progettazione, solidariet\u00e0 e prossimit\u00e0 per la costruzione di comunit\u00e0 pi\u00f9 coese\" \/>\n<meta property=\"og:url\" content=\"https:\/\/www.intoscana.it\/it\/verso-un-welfare-di-comunita-spinelli-lambizione-e-essere-felici\/\" \/>\n<meta property=\"og:site_name\" content=\"intoscana\" \/>\n<meta property=\"article:publisher\" content=\"https:\/\/www.facebook.com\/intoscana.it\" \/>\n<meta property=\"article:published_time\" content=\"2021-11-24T14:44:56+00:00\" \/>\n<meta property=\"article:modified_time\" content=\"2021-11-24T15:32:55+00:00\" \/>\n<meta property=\"og:image\" content=\"https:\/\/www.intoscana.it\/wp-content\/uploads\/Convegno-22La-comunita\u0300-locale22-organizzato-a-Lucca-2.jpeg\" \/>\n\t<meta property=\"og:image:width\" content=\"1200\" \/>\n\t<meta property=\"og:image:height\" content=\"1600\" \/>\n\t<meta property=\"og:image:type\" content=\"image\/jpeg\" \/>\n<meta name=\"author\" content=\"Gianluca Testa\" \/>\n<meta name=\"twitter:card\" content=\"summary_large_image\" \/>\n<meta name=\"twitter:creator\" content=\"@intoscana\" \/>\n<meta name=\"twitter:site\" content=\"@intoscana\" \/>\n<meta name=\"twitter:label1\" content=\"Written by\" \/>\n\t<meta name=\"twitter:data1\" content=\"Gianluca Testa\" \/>\n\t<meta name=\"twitter:label2\" content=\"Est. reading time\" \/>\n\t<meta name=\"twitter:data2\" content=\"5 minuti\" \/>\n<script type=\"application\/ld+json\" class=\"yoast-schema-graph\">{\"@context\":\"https:\/\/schema.org\",\"@graph\":[{\"@type\":\"WebPage\",\"@id\":\"https:\/\/www.intoscana.it\/it\/verso-un-welfare-di-comunita-spinelli-lambizione-e-essere-felici\/\",\"url\":\"https:\/\/www.intoscana.it\/it\/verso-un-welfare-di-comunita-spinelli-lambizione-e-essere-felici\/\",\"name\":\"Verso un welfare di comunit\u00e0. Spinelli: \\\"L'ambizione? \u00c8 essere felici\\\" - intoscana\",\"isPartOf\":{\"@id\":\"https:\/\/www.intoscana.it\/it\/#website\"},\"primaryImageOfPage\":{\"@id\":\"https:\/\/www.intoscana.it\/it\/verso-un-welfare-di-comunita-spinelli-lambizione-e-essere-felici\/#primaryimage\"},\"image\":{\"@id\":\"https:\/\/www.intoscana.it\/it\/verso-un-welfare-di-comunita-spinelli-lambizione-e-essere-felici\/#primaryimage\"},\"thumbnailUrl\":\"https:\/\/www.intoscana.it\/wp-content\/uploads\/Convegno-22La-comunita\u0300-locale22-organizzato-a-Lucca-2.jpeg\",\"datePublished\":\"2021-11-24T14:44:56+00:00\",\"dateModified\":\"2021-11-24T15:32:55+00:00\",\"author\":{\"@id\":\"https:\/\/www.intoscana.it\/it\/#\/schema\/person\/f437e015c68b2824ef01d2ed8cdb2923\"},\"description\":\"Il registro unico nazionale del terzo settore \u00e8 realt\u00e0. E cos\u00ec, con uno sguardo proiettato al futuro, a Lucca si \u00e8 tornati a discutere di co-progettazione, solidariet\u00e0 e prossimit\u00e0 per la costruzione di comunit\u00e0 pi\u00f9 coese\",\"breadcrumb\":{\"@id\":\"https:\/\/www.intoscana.it\/it\/verso-un-welfare-di-comunita-spinelli-lambizione-e-essere-felici\/#breadcrumb\"},\"inLanguage\":\"it-IT\",\"potentialAction\":[{\"@type\":\"ReadAction\",\"target\":[\"https:\/\/www.intoscana.it\/it\/verso-un-welfare-di-comunita-spinelli-lambizione-e-essere-felici\/\"]}]},{\"@type\":\"ImageObject\",\"inLanguage\":\"it-IT\",\"@id\":\"https:\/\/www.intoscana.it\/it\/verso-un-welfare-di-comunita-spinelli-lambizione-e-essere-felici\/#primaryimage\",\"url\":\"https:\/\/www.intoscana.it\/wp-content\/uploads\/Convegno-22La-comunita\u0300-locale22-organizzato-a-Lucca-2.jpeg\",\"contentUrl\":\"https:\/\/www.intoscana.it\/wp-content\/uploads\/Convegno-22La-comunita\u0300-locale22-organizzato-a-Lucca-2.jpeg\",\"width\":1200,\"height\":1600,\"caption\":\"Convegno \\\"La comunita\u0300 locale\\\" organizzato a Lucca\"},{\"@type\":\"BreadcrumbList\",\"@id\":\"https:\/\/www.intoscana.it\/it\/verso-un-welfare-di-comunita-spinelli-lambizione-e-essere-felici\/#breadcrumb\",\"itemListElement\":[{\"@type\":\"ListItem\",\"position\":1,\"name\":\"Home\",\"item\":\"https:\/\/www.intoscana.it\/it\/\"},{\"@type\":\"ListItem\",\"position\":2,\"name\":\"Verso un welfare di comunit\u00e0. Spinelli: &#8220;L&#8217;ambizione? \u00c8 essere felici&#8221;\"}]},{\"@type\":\"WebSite\",\"@id\":\"https:\/\/www.intoscana.it\/it\/#website\",\"url\":\"https:\/\/www.intoscana.it\/it\/\",\"name\":\"intoscana\",\"description\":\"\",\"potentialAction\":[{\"@type\":\"SearchAction\",\"target\":{\"@type\":\"EntryPoint\",\"urlTemplate\":\"https:\/\/www.intoscana.it\/it\/?s={search_term_string}\"},\"query-input\":{\"@type\":\"PropertyValueSpecification\",\"valueRequired\":true,\"valueName\":\"search_term_string\"}}],\"inLanguage\":\"it-IT\"},{\"@type\":\"Person\",\"@id\":\"https:\/\/www.intoscana.it\/it\/#\/schema\/person\/f437e015c68b2824ef01d2ed8cdb2923\",\"name\":\"Gianluca Testa\",\"url\":\"https:\/\/www.intoscana.it\/it\/author\/gianluca-testa\/\"}]}<\/script>\n<!-- \/ Yoast SEO Premium plugin. -->","yoast_head_json":{"title":"Verso un welfare di comunit\u00e0. Spinelli: \"L'ambizione? \u00c8 essere felici\" - intoscana","description":"Il registro unico nazionale del terzo settore \u00e8 realt\u00e0. E cos\u00ec, con uno sguardo proiettato al futuro, a Lucca si \u00e8 tornati a discutere di co-progettazione, solidariet\u00e0 e prossimit\u00e0 per la costruzione di comunit\u00e0 pi\u00f9 coese","robots":{"index":"index","follow":"follow","max-snippet":"max-snippet:-1","max-image-preview":"max-image-preview:large","max-video-preview":"max-video-preview:-1"},"canonical":"https:\/\/www.intoscana.it\/it\/verso-un-welfare-di-comunita-spinelli-lambizione-e-essere-felici\/","og_locale":"it_IT","og_type":"article","og_title":"Verso un welfare di comunit\u00e0. Spinelli: \"L'ambizione? \u00c8 essere felici\"","og_description":"Il registro unico nazionale del terzo settore \u00e8 realt\u00e0. E cos\u00ec, con uno sguardo proiettato al futuro, a Lucca si \u00e8 tornati a discutere di co-progettazione, solidariet\u00e0 e prossimit\u00e0 per la costruzione di comunit\u00e0 pi\u00f9 coese","og_url":"https:\/\/www.intoscana.it\/it\/verso-un-welfare-di-comunita-spinelli-lambizione-e-essere-felici\/","og_site_name":"intoscana","article_publisher":"https:\/\/www.facebook.com\/intoscana.it","article_published_time":"2021-11-24T14:44:56+00:00","article_modified_time":"2021-11-24T15:32:55+00:00","og_image":[{"width":1200,"height":1600,"url":"https:\/\/www.intoscana.it\/wp-content\/uploads\/Convegno-22La-comunita\u0300-locale22-organizzato-a-Lucca-2.jpeg","type":"image\/jpeg"}],"author":"Gianluca Testa","twitter_card":"summary_large_image","twitter_creator":"@intoscana","twitter_site":"@intoscana","twitter_misc":{"Written by":"Gianluca Testa","Est. reading time":"5 minuti"},"schema":{"@context":"https:\/\/schema.org","@graph":[{"@type":"WebPage","@id":"https:\/\/www.intoscana.it\/it\/verso-un-welfare-di-comunita-spinelli-lambizione-e-essere-felici\/","url":"https:\/\/www.intoscana.it\/it\/verso-un-welfare-di-comunita-spinelli-lambizione-e-essere-felici\/","name":"Verso un welfare di comunit\u00e0. Spinelli: \"L'ambizione? \u00c8 essere felici\" - intoscana","isPartOf":{"@id":"https:\/\/www.intoscana.it\/it\/#website"},"primaryImageOfPage":{"@id":"https:\/\/www.intoscana.it\/it\/verso-un-welfare-di-comunita-spinelli-lambizione-e-essere-felici\/#primaryimage"},"image":{"@id":"https:\/\/www.intoscana.it\/it\/verso-un-welfare-di-comunita-spinelli-lambizione-e-essere-felici\/#primaryimage"},"thumbnailUrl":"https:\/\/www.intoscana.it\/wp-content\/uploads\/Convegno-22La-comunita\u0300-locale22-organizzato-a-Lucca-2.jpeg","datePublished":"2021-11-24T14:44:56+00:00","dateModified":"2021-11-24T15:32:55+00:00","author":{"@id":"https:\/\/www.intoscana.it\/it\/#\/schema\/person\/f437e015c68b2824ef01d2ed8cdb2923"},"description":"Il registro unico nazionale del terzo settore \u00e8 realt\u00e0. E cos\u00ec, con uno sguardo proiettato al futuro, a Lucca si \u00e8 tornati a discutere di co-progettazione, solidariet\u00e0 e prossimit\u00e0 per la costruzione di comunit\u00e0 pi\u00f9 coese","breadcrumb":{"@id":"https:\/\/www.intoscana.it\/it\/verso-un-welfare-di-comunita-spinelli-lambizione-e-essere-felici\/#breadcrumb"},"inLanguage":"it-IT","potentialAction":[{"@type":"ReadAction","target":["https:\/\/www.intoscana.it\/it\/verso-un-welfare-di-comunita-spinelli-lambizione-e-essere-felici\/"]}]},{"@type":"ImageObject","inLanguage":"it-IT","@id":"https:\/\/www.intoscana.it\/it\/verso-un-welfare-di-comunita-spinelli-lambizione-e-essere-felici\/#primaryimage","url":"https:\/\/www.intoscana.it\/wp-content\/uploads\/Convegno-22La-comunita\u0300-locale22-organizzato-a-Lucca-2.jpeg","contentUrl":"https:\/\/www.intoscana.it\/wp-content\/uploads\/Convegno-22La-comunita\u0300-locale22-organizzato-a-Lucca-2.jpeg","width":1200,"height":1600,"caption":"Convegno \"La comunita\u0300 locale\" organizzato a Lucca"},{"@type":"BreadcrumbList","@id":"https:\/\/www.intoscana.it\/it\/verso-un-welfare-di-comunita-spinelli-lambizione-e-essere-felici\/#breadcrumb","itemListElement":[{"@type":"ListItem","position":1,"name":"Home","item":"https:\/\/www.intoscana.it\/it\/"},{"@type":"ListItem","position":2,"name":"Verso un welfare di comunit\u00e0. Spinelli: &#8220;L&#8217;ambizione? \u00c8 essere felici&#8221;"}]},{"@type":"WebSite","@id":"https:\/\/www.intoscana.it\/it\/#website","url":"https:\/\/www.intoscana.it\/it\/","name":"intoscana","description":"","potentialAction":[{"@type":"SearchAction","target":{"@type":"EntryPoint","urlTemplate":"https:\/\/www.intoscana.it\/it\/?s={search_term_string}"},"query-input":{"@type":"PropertyValueSpecification","valueRequired":true,"valueName":"search_term_string"}}],"inLanguage":"it-IT"},{"@type":"Person","@id":"https:\/\/www.intoscana.it\/it\/#\/schema\/person\/f437e015c68b2824ef01d2ed8cdb2923","name":"Gianluca Testa","url":"https:\/\/www.intoscana.it\/it\/author\/gianluca-testa\/"}]}},"_links":{"self":[{"href":"https:\/\/www.intoscana.it\/it\/wp-json\/wp\/v2\/posts\/200589","targetHints":{"allow":["GET"]}}],"collection":[{"href":"https:\/\/www.intoscana.it\/it\/wp-json\/wp\/v2\/posts"}],"about":[{"href":"https:\/\/www.intoscana.it\/it\/wp-json\/wp\/v2\/types\/post"}],"author":[{"embeddable":true,"href":"https:\/\/www.intoscana.it\/it\/wp-json\/wp\/v2\/users\/521"}],"replies":[{"embeddable":true,"href":"https:\/\/www.intoscana.it\/it\/wp-json\/wp\/v2\/comments?post=200589"}],"version-history":[{"count":0,"href":"https:\/\/www.intoscana.it\/it\/wp-json\/wp\/v2\/posts\/200589\/revisions"}],"wp:featuredmedia":[{"embeddable":true,"href":"https:\/\/www.intoscana.it\/it\/wp-json\/wp\/v2\/media\/200595"}],"wp:attachment":[{"href":"https:\/\/www.intoscana.it\/it\/wp-json\/wp\/v2\/media?parent=200589"}],"wp:term":[{"taxonomy":"category","embeddable":true,"href":"https:\/\/www.intoscana.it\/it\/wp-json\/wp\/v2\/categories?post=200589"},{"taxonomy":"post_tag","embeddable":true,"href":"https:\/\/www.intoscana.it\/it\/wp-json\/wp\/v2\/tags?post=200589"}],"curies":[{"name":"wp","href":"https:\/\/api.w.org\/{rel}","templated":true}]}}