{"id":200736,"date":"2021-11-25T12:22:18","date_gmt":"2021-11-25T11:22:18","guid":{"rendered":"https:\/\/www.intoscana.it\/it\/?p=200736"},"modified":"2021-11-26T16:04:08","modified_gmt":"2021-11-26T15:04:08","slug":"covid-19-in-toscana-610-nuovi-casi-eta-media-42-anni-due-i-decessi","status":"publish","type":"post","link":"https:\/\/www.intoscana.it\/it\/covid-19-in-toscana-610-nuovi-casi-eta-media-42-anni-due-i-decessi\/","title":{"rendered":"Covid-19: in Toscana 610 nuovi casi, et\u00e0 media 42 anni, due i decessi"},"content":{"rendered":"<p>In Toscana <strong>sono 299.087 i casi di positivit\u00e0 al Coronavirus, 610 in pi\u00f9 rispetto a ieri<\/strong> (588 confermati con tampone molecolare e 22 da test rapido antigenico). I nuovi casi sono lo 0,2% in pi\u00f9 rispetto al totale del giorno precedente. I guariti crescono dello 0,1% e raggiungono quota 283.381 (94,7% dei casi totali).<\/p>\n<p>Oggi sono stati eseguiti <strong>10.443 tamponi molecolari e 24.686 tamponi antigenici rapidi,<\/strong> di questi l&#8217;1,7% \u00e8 risultato positivo. Sono invece 10.254 i soggetti testati oggi (con tampone antigenico e\/o molecolare, escludendo i tamponi di controllo), di cui il 5,9% \u00e8 risultato positivo. Gli attualmente positivi sono oggi 8.321, +2,7% rispetto a ieri. I ricoverati sono 301 (1 in pi\u00f9 rispetto a ieri), di cui 48 in terapia intensiva (1 in pi\u00f9). Oggi si registrano 2 nuovi decessi: un uomo e una donna con un&#8217;et\u00e0 media di 85 anni.<\/p>\n<p>Alle 12.00 di oggi <strong>sono state effettuate complessivamente 6.209.800 vaccinazioni, 21.285 in pi\u00f9 rispetto a ieri<\/strong> (+0,3%), tenendo presente che le Aziende del Sistema Sanitario Regionale proseguono per l&#8217;intera giornata. La Toscana \u00e8 la 2\u00b0 regione per % di dosi somministrate su quelle consegnate (il 96,6% delle 6.428.855 consegnate), per un tasso di vaccinazioni effettuate di 169.281 per 100mila abitanti (media italiana: 159.273 per 100mila).<\/p>\n<p><strong>L&#8217;et\u00e0 media dei 610 nuovi positivi odierni \u00e8 di 42 anni circa<\/strong> (23% ha meno di 20 anni, 19% tra 20 e 39 anni, 34% tra 40 e 59 anni, 20% tra 60 e 79 anni, 4% ha 80 anni o pi\u00f9).<\/p>\n<h3>I casi di positivit\u00e0 sul territorio<\/h3>\n<p>Di seguito i casi di positivit\u00e0 sul territorio con la variazione rispetto a ieri (588 confermati con tampone molecolare e 22 da test rapido antigenico). Sono 82.665 i casi complessivi ad oggi a Firenze (171 in pi\u00f9 rispetto a ieri), 27.282 a Prato (36 in pi\u00f9), 28.354 a Pistoia (55 in pi\u00f9), 15.633 a Massa (32 in pi\u00f9), 30.294 a Lucca (35 in pi\u00f9), 35.057 a Pisa (61 in pi\u00f9), 22.212 a Livorno (54 in pi\u00f9), 26.767 ad Arezzo (51 in pi\u00f9), 17.942 a Siena (59 in pi\u00f9), 12.326 a Grosseto (56 in pi\u00f9). Sono 555 i casi positivi notificati in Toscana, ma residenti in altre regioni.<\/p>\n<p>Sono 280 i casi riscontrati oggi nell&#8217;Asl Centro, 164 nella Nord Ovest, 166 nella Sud est.<\/p>\n<p>La Toscana si trova <strong>al 10\u00b0 posto in Italia come numerosit\u00e0 di casi<\/strong> (comprensivi di residenti e non residenti), con circa 8.153 casi per 100.000 abitanti (media italiana circa 8.361 x100.000, dato di ieri). Le province di notifica con il tasso pi\u00f9 alto sono Prato con 10.655 casi x100.000 abitanti, Pistoia con 9.750, Pisa con 8.419, la pi\u00f9 bassa Grosseto con 5.640.<\/p>\n<p>Complessivamente, <strong>8.020 persone sono in isolamento a casa, poich\u00e9 presentano sintomi lievi<\/strong> che non richiedono cure ospedaliere, o risultano prive di sintomi (220 in pi\u00f9 rispetto a ieri, pi\u00f9 2,8%).\u00a0Sono 17.528 (475 in pi\u00f9 rispetto a ieri, pi\u00f9 2,8%) le persone, anch&#8217;esse isolate, in sorveglianza attiva perch\u00e9 hanno avuto contatti con persone contagiate (ASL Centro 5.627, Nord Ovest 7.074, Sud Est 4.827).<\/p>\n<p><strong>Le persone ricoverate nei posti letto dedicati ai pazienti COVID oggi sono complessivamente 301<\/strong> (1 in pi\u00f9 rispetto a ieri, pi\u00f9 0,3%), 48 in terapia intensiva (1 in pi\u00f9 rispetto a ieri, pi\u00f9 2,1%).<\/p>\n<p><strong>Le persone complessivamente guarite sono 283.381<\/strong> (387 in pi\u00f9 rispetto a ieri, pi\u00f9 0,1%): 0 persone clinicamente guarite (stabili rispetto a ieri), divenute cio\u00e8 asintomatiche dopo aver presentato manifestazioni cliniche associate all&#8217;infezione e 283.381 (387 in pi\u00f9 rispetto a ieri, pi\u00f9 0,1%) dichiarate guarite a tutti gli effetti, le cosiddette guarigioni virali, con tampone negativo.<\/p>\n<h3>I decessi<\/h3>\n<p>Relativamente alla provincia di residenza, <strong>le 2 persone decedute sono 1 a Pistoia, 1 a Siena.<\/strong><\/p>\n<p><strong>Sono 7.385 i deceduti dall&#8217;inizio dell&#8217;epidemia<\/strong> cosi ripartiti: 2.382 a Firenze, 653 a Prato, 687 a Pistoia, 546 a Massa Carrara, 699 a Lucca, 739 a Pisa, 428 a Livorno, 566 ad Arezzo, 367 a Siena, 222 a Grosseto, 96 persone sono decedute sul suolo toscano ma erano residenti fuori regione.<\/p>\n<p>Il tasso grezzo di mortalit\u00e0 toscano (numero di deceduti\/popolazione residente) per Covid-19 \u00e8 di 201,3 x100.000 residenti contro il 225,1 x100.000 della media italiana (11\u00b0 regione). Per quanto riguarda le province, il tasso di mortalit\u00e0 pi\u00f9 alto si riscontra a Massa Carrara (287,6 x100.000), Prato (255,0 x100.000) e Firenze (241,6 x100.000), il pi\u00f9 basso a Grosseto (101,6 x100.000).<\/p>\n","protected":false},"excerpt":{"rendered":"<p>I ricoverati sono 301 (1 in pi\u00f9 rispetto a ieri), di cui 48 in terapia intensiva (1 in pi\u00f9)<\/p>\n","protected":false},"author":525,"featured_media":192549,"comment_status":"open","ping_status":"open","sticky":false,"template":"","format":"standard","meta":{"_acf_changed":false,"footnotes":""},"categories":[494],"tags":[418],"class_list":["post-200736","post","type-post","status-publish","format-standard","has-post-thumbnail","hentry","category-attualita","tag-covid-19"],"acf":[],"yoast_head":"<!-- This site is optimized with the Yoast SEO Premium plugin v24.2 (Yoast SEO v25.6) - https:\/\/yoast.com\/wordpress\/plugins\/seo\/ -->\n<title>Covid-19: in Toscana 610 nuovi casi, et\u00e0 media 42 anni, due i decessi - intoscana<\/title>\n<meta name=\"description\" content=\"I ricoverati sono 301 (1 in pi\u00f9 rispetto a ieri), di cui 48 in terapia intensiva (1 in pi\u00f9)\" \/>\n<meta name=\"robots\" content=\"index, follow, max-snippet:-1, max-image-preview:large, max-video-preview:-1\" \/>\n<link rel=\"canonical\" href=\"https:\/\/www.intoscana.it\/it\/covid-19-in-toscana-610-nuovi-casi-eta-media-42-anni-due-i-decessi\/\" \/>\n<meta property=\"og:locale\" content=\"it_IT\" \/>\n<meta property=\"og:type\" content=\"article\" \/>\n<meta property=\"og:title\" content=\"Covid-19: in Toscana 610 nuovi casi, et\u00e0 media 42 anni, due i decessi\" \/>\n<meta property=\"og:description\" content=\"I ricoverati sono 301 (1 in pi\u00f9 rispetto a ieri), di cui 48 in terapia intensiva (1 in pi\u00f9)\" \/>\n<meta property=\"og:url\" content=\"https:\/\/www.intoscana.it\/it\/covid-19-in-toscana-610-nuovi-casi-eta-media-42-anni-due-i-decessi\/\" \/>\n<meta property=\"og:site_name\" content=\"intoscana\" \/>\n<meta property=\"article:publisher\" content=\"https:\/\/www.facebook.com\/intoscana.it\" \/>\n<meta property=\"article:published_time\" content=\"2021-11-25T11:22:18+00:00\" \/>\n<meta property=\"article:modified_time\" content=\"2021-11-26T15:04:08+00:00\" \/>\n<meta property=\"og:image\" content=\"https:\/\/www.intoscana.it\/wp-content\/uploads\/Covid-19-scaled.jpg\" \/>\n\t<meta property=\"og:image:width\" content=\"2048\" \/>\n\t<meta property=\"og:image:height\" content=\"1365\" \/>\n\t<meta property=\"og:image:type\" content=\"image\/jpeg\" \/>\n<meta name=\"author\" content=\"Redazione\" \/>\n<meta name=\"twitter:card\" content=\"summary_large_image\" \/>\n<meta name=\"twitter:creator\" content=\"@intoscana\" \/>\n<meta name=\"twitter:site\" content=\"@intoscana\" \/>\n<meta name=\"twitter:label1\" content=\"Written by\" \/>\n\t<meta name=\"twitter:data1\" content=\"Redazione\" \/>\n\t<meta name=\"twitter:label2\" content=\"Est. reading time\" \/>\n\t<meta name=\"twitter:data2\" content=\"3 minuti\" \/>\n<script type=\"application\/ld+json\" class=\"yoast-schema-graph\">{\"@context\":\"https:\/\/schema.org\",\"@graph\":[{\"@type\":\"WebPage\",\"@id\":\"https:\/\/www.intoscana.it\/it\/covid-19-in-toscana-610-nuovi-casi-eta-media-42-anni-due-i-decessi\/\",\"url\":\"https:\/\/www.intoscana.it\/it\/covid-19-in-toscana-610-nuovi-casi-eta-media-42-anni-due-i-decessi\/\",\"name\":\"Covid-19: in Toscana 610 nuovi casi, et\u00e0 media 42 anni, due i decessi - intoscana\",\"isPartOf\":{\"@id\":\"https:\/\/www.intoscana.it\/it\/#website\"},\"primaryImageOfPage\":{\"@id\":\"https:\/\/www.intoscana.it\/it\/covid-19-in-toscana-610-nuovi-casi-eta-media-42-anni-due-i-decessi\/#primaryimage\"},\"image\":{\"@id\":\"https:\/\/www.intoscana.it\/it\/covid-19-in-toscana-610-nuovi-casi-eta-media-42-anni-due-i-decessi\/#primaryimage\"},\"thumbnailUrl\":\"https:\/\/www.intoscana.it\/wp-content\/uploads\/Covid-19-scaled.jpg\",\"datePublished\":\"2021-11-25T11:22:18+00:00\",\"dateModified\":\"2021-11-26T15:04:08+00:00\",\"author\":{\"@id\":\"https:\/\/www.intoscana.it\/it\/#\/schema\/person\/9223810753230f20bd670fdd322661f8\"},\"description\":\"I ricoverati sono 301 (1 in pi\u00f9 rispetto a ieri), di cui 48 in terapia intensiva (1 in pi\u00f9)\",\"breadcrumb\":{\"@id\":\"https:\/\/www.intoscana.it\/it\/covid-19-in-toscana-610-nuovi-casi-eta-media-42-anni-due-i-decessi\/#breadcrumb\"},\"inLanguage\":\"it-IT\",\"potentialAction\":[{\"@type\":\"ReadAction\",\"target\":[\"https:\/\/www.intoscana.it\/it\/covid-19-in-toscana-610-nuovi-casi-eta-media-42-anni-due-i-decessi\/\"]}]},{\"@type\":\"ImageObject\",\"inLanguage\":\"it-IT\",\"@id\":\"https:\/\/www.intoscana.it\/it\/covid-19-in-toscana-610-nuovi-casi-eta-media-42-anni-due-i-decessi\/#primaryimage\",\"url\":\"https:\/\/www.intoscana.it\/wp-content\/uploads\/Covid-19-scaled.jpg\",\"contentUrl\":\"https:\/\/www.intoscana.it\/wp-content\/uploads\/Covid-19-scaled.jpg\",\"width\":2048,\"height\":1365},{\"@type\":\"BreadcrumbList\",\"@id\":\"https:\/\/www.intoscana.it\/it\/covid-19-in-toscana-610-nuovi-casi-eta-media-42-anni-due-i-decessi\/#breadcrumb\",\"itemListElement\":[{\"@type\":\"ListItem\",\"position\":1,\"name\":\"Home\",\"item\":\"https:\/\/www.intoscana.it\/it\/\"},{\"@type\":\"ListItem\",\"position\":2,\"name\":\"Covid-19: in Toscana 610 nuovi casi, et\u00e0 media 42 anni, due i decessi\"}]},{\"@type\":\"WebSite\",\"@id\":\"https:\/\/www.intoscana.it\/it\/#website\",\"url\":\"https:\/\/www.intoscana.it\/it\/\",\"name\":\"intoscana\",\"description\":\"\",\"potentialAction\":[{\"@type\":\"SearchAction\",\"target\":{\"@type\":\"EntryPoint\",\"urlTemplate\":\"https:\/\/www.intoscana.it\/it\/?s={search_term_string}\"},\"query-input\":{\"@type\":\"PropertyValueSpecification\",\"valueRequired\":true,\"valueName\":\"search_term_string\"}}],\"inLanguage\":\"it-IT\"},{\"@type\":\"Person\",\"@id\":\"https:\/\/www.intoscana.it\/it\/#\/schema\/person\/9223810753230f20bd670fdd322661f8\",\"name\":\"Redazione\",\"url\":\"https:\/\/www.intoscana.it\/it\/author\/redazione\/\"}]}<\/script>\n<!-- \/ Yoast SEO Premium plugin. -->","yoast_head_json":{"title":"Covid-19: in Toscana 610 nuovi casi, et\u00e0 media 42 anni, due i decessi - intoscana","description":"I ricoverati sono 301 (1 in pi\u00f9 rispetto a ieri), di cui 48 in terapia intensiva (1 in pi\u00f9)","robots":{"index":"index","follow":"follow","max-snippet":"max-snippet:-1","max-image-preview":"max-image-preview:large","max-video-preview":"max-video-preview:-1"},"canonical":"https:\/\/www.intoscana.it\/it\/covid-19-in-toscana-610-nuovi-casi-eta-media-42-anni-due-i-decessi\/","og_locale":"it_IT","og_type":"article","og_title":"Covid-19: in Toscana 610 nuovi casi, et\u00e0 media 42 anni, due i decessi","og_description":"I ricoverati sono 301 (1 in pi\u00f9 rispetto a ieri), di cui 48 in terapia intensiva (1 in pi\u00f9)","og_url":"https:\/\/www.intoscana.it\/it\/covid-19-in-toscana-610-nuovi-casi-eta-media-42-anni-due-i-decessi\/","og_site_name":"intoscana","article_publisher":"https:\/\/www.facebook.com\/intoscana.it","article_published_time":"2021-11-25T11:22:18+00:00","article_modified_time":"2021-11-26T15:04:08+00:00","og_image":[{"width":2048,"height":1365,"url":"https:\/\/www.intoscana.it\/wp-content\/uploads\/Covid-19-scaled.jpg","type":"image\/jpeg"}],"author":"Redazione","twitter_card":"summary_large_image","twitter_creator":"@intoscana","twitter_site":"@intoscana","twitter_misc":{"Written by":"Redazione","Est. reading time":"3 minuti"},"schema":{"@context":"https:\/\/schema.org","@graph":[{"@type":"WebPage","@id":"https:\/\/www.intoscana.it\/it\/covid-19-in-toscana-610-nuovi-casi-eta-media-42-anni-due-i-decessi\/","url":"https:\/\/www.intoscana.it\/it\/covid-19-in-toscana-610-nuovi-casi-eta-media-42-anni-due-i-decessi\/","name":"Covid-19: in Toscana 610 nuovi casi, et\u00e0 media 42 anni, due i decessi - intoscana","isPartOf":{"@id":"https:\/\/www.intoscana.it\/it\/#website"},"primaryImageOfPage":{"@id":"https:\/\/www.intoscana.it\/it\/covid-19-in-toscana-610-nuovi-casi-eta-media-42-anni-due-i-decessi\/#primaryimage"},"image":{"@id":"https:\/\/www.intoscana.it\/it\/covid-19-in-toscana-610-nuovi-casi-eta-media-42-anni-due-i-decessi\/#primaryimage"},"thumbnailUrl":"https:\/\/www.intoscana.it\/wp-content\/uploads\/Covid-19-scaled.jpg","datePublished":"2021-11-25T11:22:18+00:00","dateModified":"2021-11-26T15:04:08+00:00","author":{"@id":"https:\/\/www.intoscana.it\/it\/#\/schema\/person\/9223810753230f20bd670fdd322661f8"},"description":"I ricoverati sono 301 (1 in pi\u00f9 rispetto a ieri), di cui 48 in terapia intensiva (1 in pi\u00f9)","breadcrumb":{"@id":"https:\/\/www.intoscana.it\/it\/covid-19-in-toscana-610-nuovi-casi-eta-media-42-anni-due-i-decessi\/#breadcrumb"},"inLanguage":"it-IT","potentialAction":[{"@type":"ReadAction","target":["https:\/\/www.intoscana.it\/it\/covid-19-in-toscana-610-nuovi-casi-eta-media-42-anni-due-i-decessi\/"]}]},{"@type":"ImageObject","inLanguage":"it-IT","@id":"https:\/\/www.intoscana.it\/it\/covid-19-in-toscana-610-nuovi-casi-eta-media-42-anni-due-i-decessi\/#primaryimage","url":"https:\/\/www.intoscana.it\/wp-content\/uploads\/Covid-19-scaled.jpg","contentUrl":"https:\/\/www.intoscana.it\/wp-content\/uploads\/Covid-19-scaled.jpg","width":2048,"height":1365},{"@type":"BreadcrumbList","@id":"https:\/\/www.intoscana.it\/it\/covid-19-in-toscana-610-nuovi-casi-eta-media-42-anni-due-i-decessi\/#breadcrumb","itemListElement":[{"@type":"ListItem","position":1,"name":"Home","item":"https:\/\/www.intoscana.it\/it\/"},{"@type":"ListItem","position":2,"name":"Covid-19: in Toscana 610 nuovi casi, et\u00e0 media 42 anni, due i decessi"}]},{"@type":"WebSite","@id":"https:\/\/www.intoscana.it\/it\/#website","url":"https:\/\/www.intoscana.it\/it\/","name":"intoscana","description":"","potentialAction":[{"@type":"SearchAction","target":{"@type":"EntryPoint","urlTemplate":"https:\/\/www.intoscana.it\/it\/?s={search_term_string}"},"query-input":{"@type":"PropertyValueSpecification","valueRequired":true,"valueName":"search_term_string"}}],"inLanguage":"it-IT"},{"@type":"Person","@id":"https:\/\/www.intoscana.it\/it\/#\/schema\/person\/9223810753230f20bd670fdd322661f8","name":"Redazione","url":"https:\/\/www.intoscana.it\/it\/author\/redazione\/"}]}},"_links":{"self":[{"href":"https:\/\/www.intoscana.it\/it\/wp-json\/wp\/v2\/posts\/200736","targetHints":{"allow":["GET"]}}],"collection":[{"href":"https:\/\/www.intoscana.it\/it\/wp-json\/wp\/v2\/posts"}],"about":[{"href":"https:\/\/www.intoscana.it\/it\/wp-json\/wp\/v2\/types\/post"}],"author":[{"embeddable":true,"href":"https:\/\/www.intoscana.it\/it\/wp-json\/wp\/v2\/users\/525"}],"replies":[{"embeddable":true,"href":"https:\/\/www.intoscana.it\/it\/wp-json\/wp\/v2\/comments?post=200736"}],"version-history":[{"count":0,"href":"https:\/\/www.intoscana.it\/it\/wp-json\/wp\/v2\/posts\/200736\/revisions"}],"wp:featuredmedia":[{"embeddable":true,"href":"https:\/\/www.intoscana.it\/it\/wp-json\/wp\/v2\/media\/192549"}],"wp:attachment":[{"href":"https:\/\/www.intoscana.it\/it\/wp-json\/wp\/v2\/media?parent=200736"}],"wp:term":[{"taxonomy":"category","embeddable":true,"href":"https:\/\/www.intoscana.it\/it\/wp-json\/wp\/v2\/categories?post=200736"},{"taxonomy":"post_tag","embeddable":true,"href":"https:\/\/www.intoscana.it\/it\/wp-json\/wp\/v2\/tags?post=200736"}],"curies":[{"name":"wp","href":"https:\/\/api.w.org\/{rel}","templated":true}]}}