{"id":201239,"date":"2021-11-29T16:35:10","date_gmt":"2021-11-29T15:35:10","guid":{"rendered":"https:\/\/www.intoscana.it\/it\/?p=201239"},"modified":"2021-11-29T18:57:38","modified_gmt":"2021-11-29T17:57:38","slug":"la-toscana-che-non-odia-un-manifesto-per-la-comunicazione-non-ostile","status":"publish","type":"post","link":"https:\/\/www.intoscana.it\/it\/la-toscana-che-non-odia-un-manifesto-per-la-comunicazione-non-ostile\/","title":{"rendered":"La Toscana che non odia, un manifesto per la comunicazione non ostile"},"content":{"rendered":"<p>Stop all&#8217;odio in rete, alle aggressioni verbali. La <strong>Regione Toscana<\/strong> con il suo <strong>Manifesto per la comunicazione non ostile<\/strong> apre le porte a <mark>parole come ascolto, rispetto, cura, consapevolezza, responsabilit\u00e0<\/mark>. Dieci i principi alla base del decalogo per contrastare<strong> l&#8217;hate speech e le parole discriminanti<\/strong>. Il documento sar\u00e0 sottoscritto <strong>marted\u00ec 30 novembre <\/strong>al <strong>Teatro della Compagnia<\/strong>, in via Cavour n. 50r, a Firenze, al termine del convegno (a partire dalle 15) \u2018<strong>La Toscana che non odia<\/strong>\u2019.<\/p>\n<p>Il manifesto elenca d<strong>ieci princ\u00ecpi di stile<\/strong> utili a migliorare <strong>lo stile e il comportamento<\/strong> di chi sta in Rete e si intende come\u00a0<strong>un impegno di responsabilit\u00e0<\/strong> condivisa. Vuole favorire <strong>comportamenti rispettosi e civili<\/strong> rendendo la Rete un luogo pi\u00f9 sicuro e inclusivo per tutti: dalla <strong>scelta accurata delle parole<\/strong> all&#8217;importanza dell&#8217;ascolto, dall&#8217;utilizzo di termini in grado di unire e non dividere alla consapevolezza di cosa determinate espressioni possano causare. Soprattutto il manifesto invita al <strong>confronto costruttivo<\/strong>, ad evitare insulti gratuiti e a tacere, quando \u00e8 opportuno.<\/p>\n<figure id=\"post-169879 media-169879\" class=\"align-none\"><img decoding=\"async\" src=\"https:\/\/www.intoscana.it\/wp-content\/uploads\/melio.jpeg\" alt=\"\" \/><\/figure>\n<div class=\"titleimg\">Iacopo Melio<\/div>\n<p>Ad introdurre l\u2019iniziativa saranno <strong>Antonio Mazzeo<\/strong>, presidente del Consiglio regionale della Toscana, <strong>Iacopo Melio<\/strong>, consigliere regionale, <strong>Agnese Pini<\/strong>, direttrice del quotidiano \u201cLa Nazione\u201d, <strong>Rosy Russo<\/strong>, presidente dell\u2019Associazione parole o-stili. Parteciperanno <strong>Sello Hatang<\/strong>, CEO Nelson Mandel Foundation, <strong>Francesco Verducci<\/strong>, senatore e vicepresidente Commissione Segre ed <strong>Ernesto Pellecchia<\/strong> direttore Ufficio scolastico regionale della Toscana.<\/p>\n<p>Sono previsti interventi di <strong>Simone Alliva<\/strong>, giornalista, <strong>Lorenzo Baglioni<\/strong>, cantante, <strong>Paola Barretta<\/strong>, coordinatrice dell\u2019Associazione Carta di Roma, <strong>Enzo Brogi<\/strong>, presidente del Corecom Toscana, <strong>Bernard Dika<\/strong>, consigliere del presidente della Regione Toscana all\u2019innovazione e alle politiche giovanili, <strong>Claudia Fusani<\/strong>, giornalista, <strong>Vera Gheno<\/strong>, accademica e saggista, <strong>Kalidou Koulibaly<\/strong>, calciatore, <strong>Davide Paolino<\/strong>, di lercio.it, <strong>Sergio Staino<\/strong>, vignettista, e gli studenti di \u201cRondine Cittadella della Pace\u201d. Conduce <strong>Veronica Maffei<\/strong>, giornalista. Alla fine del convegno la sottoscrizione del manifesto da parte dei presenti.<\/p>\n<p>L\u2019accesso all\u2019iniziativa \u00e8 gratuito e sar\u00e0 contingentato ai sensi della normativa per il contenimento della diffusione del contagio da Covid-19. Sar\u00e0 necessario esibire la <strong>certificazione verde Covid 19<\/strong> \u201cGreen pass\u201d, come stabilito dalle disposizioni vigenti.<\/p>\n<p>L\u2019evento si potr\u00e0 seguire, come di consueto, sui canali di comunicazione del Consiglio: <a href=\"http:\/\/www.consiglio.regione.toscana.it\/\" target=\"_blank\" rel=\"noopener\">sito web istituzionale<\/a>, <a href=\"https:\/\/www.facebook.com\/CRToscana\">pagina facebook<\/a>, <a href=\"https:\/\/inconsiglio.it\/\" target=\"_blank\" rel=\"noopener\">sito di informazione e comunicazione del Consiglio<\/a> e <a href=\"https:\/\/www.youtube.com\/channel\/UCnjSQbEDDhs0ThfO1bZJ78w\" target=\"_blank\" rel=\"noopener\">canale youtube<\/a>.<\/p>\n","protected":false},"excerpt":{"rendered":"<p>Convegno sul linguaggio d&#8217;odio al Teatro della Compagnia, poi la firma del documento contro hate speech e parole discriminanti<\/p>\n","protected":false},"author":525,"featured_media":201248,"comment_status":"open","ping_status":"open","sticky":false,"template":"","format":"standard","meta":{"_acf_changed":false,"footnotes":""},"categories":[494],"tags":[4753,5030],"class_list":["post-201239","post","type-post","status-publish","format-standard","has-post-thumbnail","hentry","category-attualita","tag-consiglio-regionale-della-toscana","tag-festa-della-toscana"],"acf":[],"yoast_head":"<!-- This site is optimized with the Yoast SEO Premium plugin v24.2 (Yoast SEO v25.6) - https:\/\/yoast.com\/wordpress\/plugins\/seo\/ -->\n<title>La Toscana che non odia, un manifesto per la comunicazione non ostile - intoscana<\/title>\n<meta name=\"robots\" content=\"index, follow, max-snippet:-1, max-image-preview:large, max-video-preview:-1\" \/>\n<link rel=\"canonical\" href=\"https:\/\/www.intoscana.it\/it\/la-toscana-che-non-odia-un-manifesto-per-la-comunicazione-non-ostile\/\" \/>\n<meta property=\"og:locale\" content=\"it_IT\" \/>\n<meta property=\"og:type\" content=\"article\" \/>\n<meta property=\"og:title\" content=\"La Toscana che non odia, un manifesto per la comunicazione non ostile\" \/>\n<meta property=\"og:description\" content=\"Convegno sul linguaggio d&#039;odio al Teatro della Compagnia, poi la firma del documento contro hate speech e parole discriminanti\" \/>\n<meta property=\"og:url\" content=\"https:\/\/www.intoscana.it\/it\/la-toscana-che-non-odia-un-manifesto-per-la-comunicazione-non-ostile\/\" \/>\n<meta property=\"og:site_name\" content=\"intoscana\" \/>\n<meta property=\"article:publisher\" content=\"https:\/\/www.facebook.com\/intoscana.it\" \/>\n<meta property=\"article:published_time\" content=\"2021-11-29T15:35:10+00:00\" \/>\n<meta property=\"article:modified_time\" content=\"2021-11-29T17:57:38+00:00\" \/>\n<meta property=\"og:image\" content=\"https:\/\/www.intoscana.it\/wp-content\/uploads\/shutterstock_704198179-scaled.jpg\" \/>\n\t<meta property=\"og:image:width\" content=\"2048\" \/>\n\t<meta property=\"og:image:height\" content=\"1152\" \/>\n\t<meta property=\"og:image:type\" content=\"image\/jpeg\" \/>\n<meta name=\"author\" content=\"Redazione\" \/>\n<meta name=\"twitter:card\" content=\"summary_large_image\" \/>\n<meta name=\"twitter:creator\" content=\"@intoscana\" \/>\n<meta name=\"twitter:site\" content=\"@intoscana\" \/>\n<meta name=\"twitter:label1\" content=\"Written by\" \/>\n\t<meta name=\"twitter:data1\" content=\"Redazione\" \/>\n\t<meta name=\"twitter:label2\" content=\"Est. reading time\" \/>\n\t<meta name=\"twitter:data2\" content=\"2 minuti\" \/>\n<script type=\"application\/ld+json\" class=\"yoast-schema-graph\">{\"@context\":\"https:\/\/schema.org\",\"@graph\":[{\"@type\":\"WebPage\",\"@id\":\"https:\/\/www.intoscana.it\/it\/la-toscana-che-non-odia-un-manifesto-per-la-comunicazione-non-ostile\/\",\"url\":\"https:\/\/www.intoscana.it\/it\/la-toscana-che-non-odia-un-manifesto-per-la-comunicazione-non-ostile\/\",\"name\":\"La Toscana che non odia, un manifesto per la comunicazione non ostile - intoscana\",\"isPartOf\":{\"@id\":\"https:\/\/www.intoscana.it\/it\/#website\"},\"primaryImageOfPage\":{\"@id\":\"https:\/\/www.intoscana.it\/it\/la-toscana-che-non-odia-un-manifesto-per-la-comunicazione-non-ostile\/#primaryimage\"},\"image\":{\"@id\":\"https:\/\/www.intoscana.it\/it\/la-toscana-che-non-odia-un-manifesto-per-la-comunicazione-non-ostile\/#primaryimage\"},\"thumbnailUrl\":\"https:\/\/www.intoscana.it\/wp-content\/uploads\/shutterstock_704198179-scaled.jpg\",\"datePublished\":\"2021-11-29T15:35:10+00:00\",\"dateModified\":\"2021-11-29T17:57:38+00:00\",\"author\":{\"@id\":\"https:\/\/www.intoscana.it\/it\/#\/schema\/person\/9223810753230f20bd670fdd322661f8\"},\"breadcrumb\":{\"@id\":\"https:\/\/www.intoscana.it\/it\/la-toscana-che-non-odia-un-manifesto-per-la-comunicazione-non-ostile\/#breadcrumb\"},\"inLanguage\":\"it-IT\",\"potentialAction\":[{\"@type\":\"ReadAction\",\"target\":[\"https:\/\/www.intoscana.it\/it\/la-toscana-che-non-odia-un-manifesto-per-la-comunicazione-non-ostile\/\"]}]},{\"@type\":\"ImageObject\",\"inLanguage\":\"it-IT\",\"@id\":\"https:\/\/www.intoscana.it\/it\/la-toscana-che-non-odia-un-manifesto-per-la-comunicazione-non-ostile\/#primaryimage\",\"url\":\"https:\/\/www.intoscana.it\/wp-content\/uploads\/shutterstock_704198179-scaled.jpg\",\"contentUrl\":\"https:\/\/www.intoscana.it\/wp-content\/uploads\/shutterstock_704198179-scaled.jpg\",\"width\":2048,\"height\":1152},{\"@type\":\"BreadcrumbList\",\"@id\":\"https:\/\/www.intoscana.it\/it\/la-toscana-che-non-odia-un-manifesto-per-la-comunicazione-non-ostile\/#breadcrumb\",\"itemListElement\":[{\"@type\":\"ListItem\",\"position\":1,\"name\":\"Home\",\"item\":\"https:\/\/www.intoscana.it\/it\/\"},{\"@type\":\"ListItem\",\"position\":2,\"name\":\"La Toscana che non odia, un manifesto per la comunicazione non ostile\"}]},{\"@type\":\"WebSite\",\"@id\":\"https:\/\/www.intoscana.it\/it\/#website\",\"url\":\"https:\/\/www.intoscana.it\/it\/\",\"name\":\"intoscana\",\"description\":\"\",\"potentialAction\":[{\"@type\":\"SearchAction\",\"target\":{\"@type\":\"EntryPoint\",\"urlTemplate\":\"https:\/\/www.intoscana.it\/it\/?s={search_term_string}\"},\"query-input\":{\"@type\":\"PropertyValueSpecification\",\"valueRequired\":true,\"valueName\":\"search_term_string\"}}],\"inLanguage\":\"it-IT\"},{\"@type\":\"Person\",\"@id\":\"https:\/\/www.intoscana.it\/it\/#\/schema\/person\/9223810753230f20bd670fdd322661f8\",\"name\":\"Redazione\",\"url\":\"https:\/\/www.intoscana.it\/it\/author\/redazione\/\"}]}<\/script>\n<!-- \/ Yoast SEO Premium plugin. -->","yoast_head_json":{"title":"La Toscana che non odia, un manifesto per la comunicazione non ostile - intoscana","robots":{"index":"index","follow":"follow","max-snippet":"max-snippet:-1","max-image-preview":"max-image-preview:large","max-video-preview":"max-video-preview:-1"},"canonical":"https:\/\/www.intoscana.it\/it\/la-toscana-che-non-odia-un-manifesto-per-la-comunicazione-non-ostile\/","og_locale":"it_IT","og_type":"article","og_title":"La Toscana che non odia, un manifesto per la comunicazione non ostile","og_description":"Convegno sul linguaggio d'odio al Teatro della Compagnia, poi la firma del documento contro hate speech e parole discriminanti","og_url":"https:\/\/www.intoscana.it\/it\/la-toscana-che-non-odia-un-manifesto-per-la-comunicazione-non-ostile\/","og_site_name":"intoscana","article_publisher":"https:\/\/www.facebook.com\/intoscana.it","article_published_time":"2021-11-29T15:35:10+00:00","article_modified_time":"2021-11-29T17:57:38+00:00","og_image":[{"width":2048,"height":1152,"url":"https:\/\/www.intoscana.it\/wp-content\/uploads\/shutterstock_704198179-scaled.jpg","type":"image\/jpeg"}],"author":"Redazione","twitter_card":"summary_large_image","twitter_creator":"@intoscana","twitter_site":"@intoscana","twitter_misc":{"Written by":"Redazione","Est. reading time":"2 minuti"},"schema":{"@context":"https:\/\/schema.org","@graph":[{"@type":"WebPage","@id":"https:\/\/www.intoscana.it\/it\/la-toscana-che-non-odia-un-manifesto-per-la-comunicazione-non-ostile\/","url":"https:\/\/www.intoscana.it\/it\/la-toscana-che-non-odia-un-manifesto-per-la-comunicazione-non-ostile\/","name":"La Toscana che non odia, un manifesto per la comunicazione non ostile - intoscana","isPartOf":{"@id":"https:\/\/www.intoscana.it\/it\/#website"},"primaryImageOfPage":{"@id":"https:\/\/www.intoscana.it\/it\/la-toscana-che-non-odia-un-manifesto-per-la-comunicazione-non-ostile\/#primaryimage"},"image":{"@id":"https:\/\/www.intoscana.it\/it\/la-toscana-che-non-odia-un-manifesto-per-la-comunicazione-non-ostile\/#primaryimage"},"thumbnailUrl":"https:\/\/www.intoscana.it\/wp-content\/uploads\/shutterstock_704198179-scaled.jpg","datePublished":"2021-11-29T15:35:10+00:00","dateModified":"2021-11-29T17:57:38+00:00","author":{"@id":"https:\/\/www.intoscana.it\/it\/#\/schema\/person\/9223810753230f20bd670fdd322661f8"},"breadcrumb":{"@id":"https:\/\/www.intoscana.it\/it\/la-toscana-che-non-odia-un-manifesto-per-la-comunicazione-non-ostile\/#breadcrumb"},"inLanguage":"it-IT","potentialAction":[{"@type":"ReadAction","target":["https:\/\/www.intoscana.it\/it\/la-toscana-che-non-odia-un-manifesto-per-la-comunicazione-non-ostile\/"]}]},{"@type":"ImageObject","inLanguage":"it-IT","@id":"https:\/\/www.intoscana.it\/it\/la-toscana-che-non-odia-un-manifesto-per-la-comunicazione-non-ostile\/#primaryimage","url":"https:\/\/www.intoscana.it\/wp-content\/uploads\/shutterstock_704198179-scaled.jpg","contentUrl":"https:\/\/www.intoscana.it\/wp-content\/uploads\/shutterstock_704198179-scaled.jpg","width":2048,"height":1152},{"@type":"BreadcrumbList","@id":"https:\/\/www.intoscana.it\/it\/la-toscana-che-non-odia-un-manifesto-per-la-comunicazione-non-ostile\/#breadcrumb","itemListElement":[{"@type":"ListItem","position":1,"name":"Home","item":"https:\/\/www.intoscana.it\/it\/"},{"@type":"ListItem","position":2,"name":"La Toscana che non odia, un manifesto per la comunicazione non ostile"}]},{"@type":"WebSite","@id":"https:\/\/www.intoscana.it\/it\/#website","url":"https:\/\/www.intoscana.it\/it\/","name":"intoscana","description":"","potentialAction":[{"@type":"SearchAction","target":{"@type":"EntryPoint","urlTemplate":"https:\/\/www.intoscana.it\/it\/?s={search_term_string}"},"query-input":{"@type":"PropertyValueSpecification","valueRequired":true,"valueName":"search_term_string"}}],"inLanguage":"it-IT"},{"@type":"Person","@id":"https:\/\/www.intoscana.it\/it\/#\/schema\/person\/9223810753230f20bd670fdd322661f8","name":"Redazione","url":"https:\/\/www.intoscana.it\/it\/author\/redazione\/"}]}},"_links":{"self":[{"href":"https:\/\/www.intoscana.it\/it\/wp-json\/wp\/v2\/posts\/201239","targetHints":{"allow":["GET"]}}],"collection":[{"href":"https:\/\/www.intoscana.it\/it\/wp-json\/wp\/v2\/posts"}],"about":[{"href":"https:\/\/www.intoscana.it\/it\/wp-json\/wp\/v2\/types\/post"}],"author":[{"embeddable":true,"href":"https:\/\/www.intoscana.it\/it\/wp-json\/wp\/v2\/users\/525"}],"replies":[{"embeddable":true,"href":"https:\/\/www.intoscana.it\/it\/wp-json\/wp\/v2\/comments?post=201239"}],"version-history":[{"count":0,"href":"https:\/\/www.intoscana.it\/it\/wp-json\/wp\/v2\/posts\/201239\/revisions"}],"wp:featuredmedia":[{"embeddable":true,"href":"https:\/\/www.intoscana.it\/it\/wp-json\/wp\/v2\/media\/201248"}],"wp:attachment":[{"href":"https:\/\/www.intoscana.it\/it\/wp-json\/wp\/v2\/media?parent=201239"}],"wp:term":[{"taxonomy":"category","embeddable":true,"href":"https:\/\/www.intoscana.it\/it\/wp-json\/wp\/v2\/categories?post=201239"},{"taxonomy":"post_tag","embeddable":true,"href":"https:\/\/www.intoscana.it\/it\/wp-json\/wp\/v2\/tags?post=201239"}],"curies":[{"name":"wp","href":"https:\/\/api.w.org\/{rel}","templated":true}]}}