{"id":201408,"date":"2021-11-30T15:21:40","date_gmt":"2021-11-30T14:21:40","guid":{"rendered":"https:\/\/www.intoscana.it\/it\/?p=201408"},"modified":"2021-11-30T18:05:37","modified_gmt":"2021-11-30T17:05:37","slug":"festa-della-toscana-in-difesa-dei-diritti-umani-e-contro-i-linguaggi-dodio","status":"publish","type":"post","link":"https:\/\/www.intoscana.it\/it\/festa-della-toscana-in-difesa-dei-diritti-umani-e-contro-i-linguaggi-dodio\/","title":{"rendered":"Festa della Toscana in difesa dei diritti umani e contro i linguaggi d&#8217;odio"},"content":{"rendered":"<p>Dall&#8217;<strong>abolizione della pena di morte<\/strong> al contrasto del<strong> linguaggio d&#8217;odio<\/strong>: il Consiglio regionale nel giorno in cui il <strong>Granduca Pietro Leopoldo<\/strong> firm\u00f2 la riforma che porta il suo nome ha lanciato un messaggio, rivolto soprattutto ai giovani per ribadire che<strong> la Toscana \u00e8 terra di diritti<\/strong>. &#8220;<em>Non siate mai indifferenti. La Toscana ha scelto sempre di stare dalla parte giusta della storia, e noi dobbiamo continuare a fare lo stesso, portando con forza il tema dei diritti al centro della nostra azione. La Toscana vuole essere all&#8217;avanguardia anche nella lotta ai linguaggi d&#8217;odio<\/em>&#8220;: cos\u00ec si \u00e8 rivolto ai ragazzi il presidente del Consiglio regionale della Toscana <strong>Antonio Mazzeo<\/strong>, in occasione della seduta solenne del Consiglio per la Festa della Toscana, al cinema &#8216;La compagnia&#8217; a Firenze.<\/p>\n<figure id=\"post-201467 media-201467\" class=\"align-none\"><img decoding=\"async\" src=\"https:\/\/www.intoscana.it\/wp-content\/uploads\/toscana-26-scaled.jpg\" alt=\"\" \/><\/figure>\n<div class=\"titleimg\">\n<div class=\"titleimg\">L&#8217;intervento del presidente Antonio Mazzeo durante la Festa della Toscana 2021 &#8211; \u00a9 Benjamin Sidney<\/div>\n<\/div>\n<h3>Mazzeo, una sfida culturale per i giovani<\/h3>\n<p>Mazzeo ha spiegato che si tratta di &#8220;<em>una sfida culturale, oggi \u00e8 l&#8217;inizio, noi vogliamo andare nelle scuole, portare avanti questa battaglia culturale che non ha colori politici ed \u00e8 di tutta l&#8217;assemblea legislativa. Lo vogliamo fare dicendo che la Toscana \u00e8 una terra che non odia, \u00e8 una terra che sui diritti vuole essere all&#8217;avanguardia, ed \u00e8 una terra che guarda con speranza al futuro<\/em>&#8220;. &#8220;<em>Oggi non viviamo questo giorno come una ricorrenza &#8211; <\/em>ha detto ancora<em> &#8211; ma come un momento in cui guardiamo con speranza al futuro ed in cui tramandiamo i nostri valori alle generazioni pi\u00f9 giovani<\/em>&#8220;. &#8220;<em>Oggi le violenze che vediamo a poche centinaia di km da noi, quello che sta accadendo sul confine fra Polonia e la Bielorussia, danno il senso dell&#8217;impegno che noi dobbiamo prenderci<\/em>&#8221; ha concluso.<\/p>\n<div class=\"titleimg\">\n<figure id=\"post-201472 media-201472\" class=\"align-none\"><img decoding=\"async\" src=\"https:\/\/www.intoscana.it\/wp-content\/uploads\/toscana-93-scaled.jpg\" alt=\"\" \/><\/figure>\n<div class=\"titleimg\">L&#8217;intervento del presidente della Toscana Eugenio Giani &#8211; \u00a9 Benjamin Sidney<\/div>\n<\/div>\n<h3>Giani e l&#8217;impegno contro la pena di morte<\/h3>\n<p>Nell\u2019intervento conclusivo, il presidente della Regione <strong>Eugenio Giani<\/strong>, partendo dalla \u201c<strong>identit\u00e0 della terra di Toscana<\/strong>\u201d, ha voluto sottolineare come l\u2019ordinamento della nostra Regione rispecchi 450 anni di storia, che \u201c<em>ci vede poi protagonisti, come primo stato al mondo, nella abolizione della pena di morte, della tortura e della confisca dei beni ai condannati<\/em>\u201d. A venti anni della legge istitutiva della Festa ha ribadito il messaggio che ogni 30 novembre viene lanciato al mondo, \u201c<em>dove sono pi\u00f9 gli abitanti che vivono sotto la pena capitale rispetto agli altri\u201d. <\/em><strong>Giani<\/strong> ha annunciato che invier\u00e0 un messaggio al <strong>Governatore dell\u2019Ohio<\/strong>, <mark>per incoraggiarlo sulla strada dell\u2019abolizione della pena capitale<\/mark>.<\/p>\n<p>\u201c<em>Il passo di civilt\u00e0 di Pietro Leopoldo non riguarda solo l\u2019abolizione della pena di morte<\/em> \u2013 ha continuato il presidente \u2013 <em>ma le tante riforme che caratterizzarono il suo operato: scuola, sanit\u00e0, commercio, comuni; \u00e8 grazie a lui se in Toscana, oggi, ci sono 273 comuni, a differenza di altre regioni, come la Lombardia, che a sostanziale parit\u00e0 di dimensione territoriale, ne conta circa 1500<\/em>\u201d. \u201c<em>Questo processo di riforme \u00e8 un messaggio forte per il nostro tempo, \u00e8 un monito a guardare avanti, nella consapevolezza della nostra storia<\/em> \u2013 ha sottolineato \u2013 <em>per un futuro di civilt\u00e0, guardando a quei sentimenti e a quei valori ben rappresentati dalla nostra bandiera, che oggi verr\u00e0 consegnata ai Sindaci, come ha voluto il presidente e l\u2019Ufficio di presidenza del Consiglio regionale<\/em>\u201d.<\/p>\n<p><strong>Giani<\/strong> ha poi concluso annunciato che \u201c<em>Il 21 dicembre, in Toscana, faremo la prima festa della Bandiera<\/em>\u201d.<\/p>\n<figure id=\"post-201481 media-201481\" class=\"align-none\"><img decoding=\"async\" src=\"https:\/\/www.intoscana.it\/wp-content\/uploads\/toscana-39-scaled.jpg\" alt=\"\" \/><\/figure>\n<div class=\"titleimg\">L&#8217;intervento di Liliana Segre alla seduta solenne del Consiglio regionale della Toscana &#8211; \u00a9 Benjamin Sidney<\/div>\n<h3>La Segre contro hate speech e pena di morte<\/h3>\n<p>Atteso l&#8217;intervento della senatrice a vita Liliana Segre che ha rivolto un messaggio al Consiglio regionale: &#8220;<em>La Festa della Toscana \u00e8 un appuntamento importante. Ma soprattutto importante direi \u00e8 il tema del vostro appuntamento, tracciare una linea dall&#8217;abolizione della pena di morte alla lotta ai linguaggi d&#8217;odio significa infatti porre nella giusta prospettiva, storica, giuridica e culturale un tema decisivo come quello dei diritti umani. La linea che va dall&#8217;abolizione della pena di morte agli hate speech \u00e8 una linea lunga, ma dobbiamo tenere la mano ferma e continuare a tracciarla, se necessario all&#8217;infinito perch\u00e9 \u00e8 la linea stessa della nostra libert\u00e0, della nostra civilt\u00e0, direi della nostra vita<\/em>&#8220;.<\/p>\n<p>&#8220;<em>La Toscana vanta una grande tradizione in fatto di tutela dei diritti<\/em> &#8211; ha aggiunto -, <em>sia sul piano della elaborazione teorica e giuridica, sia delle pratiche dei suoi governanti pi\u00f9 illuminati. Peraltro tutela non solo dei diritti civili e di libert\u00e0, ma anche dei diritti sociali, perch\u00e9 come stabilisce l&#8217;articolo 3 della nostra Costituzione solo se la Repubblica, cio\u00e8 solo se ciascuno di noi, si impegna a &#8216;rimuovere gli ostacoli di ordine economico e sociale&#8217; che limitano &#8216;di fatto la libert\u00e0 e l&#8217;uguaglianza dei cittadini&#8217;, solo allora si potr\u00e0 avere il &#8216;pieno sviluppo della persona umana<\/em>&#8216;&#8221;.<\/p>\n<p>Per Segre &#8220;<em>il fenomeno hate speech<\/em> <em>implica tante cose, questioni sociali e culturali, investe il sistema dell&#8217;informazione e le politiche della formazione, la scuola soprattutto, ma poi l&#8217;universit\u00e0, direi la qualit\u00e0 stessa delle nostre relazioni interpersonali. Poi certo c&#8217;\u00e8 il problema delle nuove tecnologie, dell&#8217;uso e abuso dei socia-media, del ricorso a sempre pi\u00f9 sofisticati ed insidiosi algoritmi programmati per tutelare pi\u00f9 gli interessi delle piattaforme<\/em>&#8220;.<\/p>\n<h3><strong>Amnesty, l&#8217;odio esploso in rete per colpa dei social<\/strong><\/h3>\n<p>Il discorso d&#8217;odio &#8220;<em>\u00e8 esploso negli ultimi anni perch\u00e9 i social hanno permesso questo. I social sono strutturati per far proliferare il discorso d&#8217;odio. Se non riusciremo a costruire un sistema che trovi una soluzione all&#8217;utilizzo del discorso d&#8217;odio in qualsiasi ambito della societ\u00e0 noi diventeremo incapaci di affrontare anche i problemi pi\u00f9 semplici. Ci mancher\u00e0 il linguaggio per farlo<\/em>&#8221; ha commentato <strong>Emanuele Russo<\/strong>, presidente di <strong>Amnesty International Italia<\/strong>.<\/p>\n<p><strong>Russo<\/strong> ha parlato proprio del collegamento tra <strong>hate speech <\/strong>e il percorso per l&#8217;<strong>abolizione della pena di morte<\/strong>: &#8220;<em>Cos\u00ec come la pena di morte \u00e8 l&#8217;esempio di uno stato che nega i diritti umani nella sua essenza<\/em> &#8211; ha spiegato -, <em>cos\u00ec il proliferare incontrollato del discorso d&#8217;odio nelle nostre relazioni rappresenta un rischio mortale per la convivenza pacifica, armonica, per una vita condotta nel rispetto dei diritti umani<\/em>&#8220;.<\/p>\n<p>&#8220;<em>\u00c8 sempre pi\u00f9 difficile<\/em> &#8211; ha concluso &#8211; <em>trovare una giustificazione per uno stato che decide di uccidere una persona, non importa quale sia il reato commesso. Amnesty dice che non si ha giustizia attraverso l&#8217;esecuzione della pena capitale: anzi, dire che una persona \u00e8 stata giustiziata significa usare in modo improprio il termine giustizia<\/em>&#8220;.<\/p>\n<h3>L&#8217;intervento di Gaetana Morgante della Scuola S. Anna<\/h3>\n<p>L&#8217;abolizione della pena di morte &#8220;<em>\u00e8 una scelta di civilt\u00e0 che molti Stati devono compiere, la Toscana \u00e8 stata una apripista importantissima<\/em>&#8221; ha detto <strong>Gaetana Morgante<\/strong>, direttrice dell&#8217;Istituto Dirpolis della <strong>Scuola Sant&#8217;Anna di Pisa<\/strong>. &#8220;<em>La scelta che venne fatta dalla Toscana<\/em> &#8211; ha aggiunto &#8211; <em>fu coraggiosa, ancora oggi i Paesi la mantengono convintamente ed \u00e8 giusto che sia cos\u00ec<\/em>&#8220;.<\/p>\n<p>Al termine della seduta solenne, <strong>i sindaci in platea<\/strong> hanno mostrato <strong>le bandiere della Regione<\/strong> ricevute a inizio mattinata per poi sfilare<strong> insieme ai gonfaloni<\/strong> fino all&#8217;arengario di Palazzo Vecchio.<\/p>\n","protected":false},"excerpt":{"rendered":"<p>La seduta solenne del Consiglio regionale tra il messaggio di Liliana Segre, l&#8217;appello di Mazzeo ai giovani, l&#8217;invito di Giani a continuare la lotta contro la pena di morte<\/p>\n","protected":false},"author":554,"featured_media":201470,"comment_status":"open","ping_status":"open","sticky":false,"template":"","format":"standard","meta":{"_acf_changed":false,"footnotes":""},"categories":[494],"tags":[4760,158,5030,4670],"class_list":["post-201408","post","type-post","status-publish","format-standard","has-post-thumbnail","hentry","category-attualita","tag-antonio-mazzeo","tag-eugenio-giani","tag-festa-della-toscana","tag-liliana-segre"],"acf":[],"yoast_head":"<!-- This site is optimized with the Yoast SEO Premium plugin v24.2 (Yoast SEO v25.6) - https:\/\/yoast.com\/wordpress\/plugins\/seo\/ -->\n<title>Festa della Toscana in difesa dei diritti umani e contro i linguaggi d&#039;odio - intoscana<\/title>\n<meta name=\"description\" content=\"La seduta solenne del Consiglio regionale tra il messaggio di Liliana Segre, l&#039;appello di Mazzeo ai giovani, l&#039;invito di Giani a continuare la lotta contro la pena di morte\" \/>\n<meta name=\"robots\" content=\"index, follow, max-snippet:-1, max-image-preview:large, max-video-preview:-1\" \/>\n<link rel=\"canonical\" href=\"https:\/\/www.intoscana.it\/it\/festa-della-toscana-in-difesa-dei-diritti-umani-e-contro-i-linguaggi-dodio\/\" \/>\n<meta property=\"og:locale\" content=\"it_IT\" \/>\n<meta property=\"og:type\" content=\"article\" \/>\n<meta property=\"og:title\" content=\"Festa della Toscana in difesa dei diritti umani e contro i linguaggi d&#039;odio\" \/>\n<meta property=\"og:description\" content=\"La seduta solenne del Consiglio regionale tra il messaggio di Liliana Segre, l&#039;appello di Mazzeo ai giovani, l&#039;invito di Giani a continuare la lotta contro la pena di morte\" \/>\n<meta property=\"og:url\" content=\"https:\/\/www.intoscana.it\/it\/festa-della-toscana-in-difesa-dei-diritti-umani-e-contro-i-linguaggi-dodio\/\" \/>\n<meta property=\"og:site_name\" content=\"intoscana\" \/>\n<meta property=\"article:publisher\" content=\"https:\/\/www.facebook.com\/intoscana.it\" \/>\n<meta property=\"article:published_time\" content=\"2021-11-30T14:21:40+00:00\" \/>\n<meta property=\"article:modified_time\" content=\"2021-11-30T17:05:37+00:00\" \/>\n<meta property=\"og:image\" content=\"https:\/\/www.intoscana.it\/wp-content\/uploads\/toscana-38-scaled-e1638285775394.jpg\" \/>\n\t<meta property=\"og:image:width\" content=\"1669\" \/>\n\t<meta property=\"og:image:height\" content=\"967\" \/>\n\t<meta property=\"og:image:type\" content=\"image\/jpeg\" \/>\n<meta name=\"author\" content=\"Raffaella Galamini\" \/>\n<meta name=\"twitter:card\" content=\"summary_large_image\" \/>\n<meta name=\"twitter:creator\" content=\"@orio\" \/>\n<meta name=\"twitter:site\" content=\"@intoscana\" \/>\n<meta name=\"twitter:label1\" content=\"Written by\" \/>\n\t<meta name=\"twitter:data1\" content=\"Raffaella Galamini\" \/>\n\t<meta name=\"twitter:label2\" content=\"Est. reading time\" \/>\n\t<meta name=\"twitter:data2\" content=\"6 minuti\" \/>\n<script type=\"application\/ld+json\" class=\"yoast-schema-graph\">{\"@context\":\"https:\/\/schema.org\",\"@graph\":[{\"@type\":\"WebPage\",\"@id\":\"https:\/\/www.intoscana.it\/it\/festa-della-toscana-in-difesa-dei-diritti-umani-e-contro-i-linguaggi-dodio\/\",\"url\":\"https:\/\/www.intoscana.it\/it\/festa-della-toscana-in-difesa-dei-diritti-umani-e-contro-i-linguaggi-dodio\/\",\"name\":\"Festa della Toscana in difesa dei diritti umani e contro i linguaggi d'odio - intoscana\",\"isPartOf\":{\"@id\":\"https:\/\/www.intoscana.it\/it\/#website\"},\"primaryImageOfPage\":{\"@id\":\"https:\/\/www.intoscana.it\/it\/festa-della-toscana-in-difesa-dei-diritti-umani-e-contro-i-linguaggi-dodio\/#primaryimage\"},\"image\":{\"@id\":\"https:\/\/www.intoscana.it\/it\/festa-della-toscana-in-difesa-dei-diritti-umani-e-contro-i-linguaggi-dodio\/#primaryimage\"},\"thumbnailUrl\":\"https:\/\/www.intoscana.it\/wp-content\/uploads\/toscana-38-scaled-e1638285775394.jpg\",\"datePublished\":\"2021-11-30T14:21:40+00:00\",\"dateModified\":\"2021-11-30T17:05:37+00:00\",\"author\":{\"@id\":\"https:\/\/www.intoscana.it\/it\/#\/schema\/person\/9eb9daa846a49fe51af39a73d9d1986b\"},\"description\":\"La seduta solenne del Consiglio regionale tra il messaggio di Liliana Segre, l'appello di Mazzeo ai giovani, l'invito di Giani a continuare la lotta contro la pena di morte\",\"breadcrumb\":{\"@id\":\"https:\/\/www.intoscana.it\/it\/festa-della-toscana-in-difesa-dei-diritti-umani-e-contro-i-linguaggi-dodio\/#breadcrumb\"},\"inLanguage\":\"it-IT\",\"potentialAction\":[{\"@type\":\"ReadAction\",\"target\":[\"https:\/\/www.intoscana.it\/it\/festa-della-toscana-in-difesa-dei-diritti-umani-e-contro-i-linguaggi-dodio\/\"]}]},{\"@type\":\"ImageObject\",\"inLanguage\":\"it-IT\",\"@id\":\"https:\/\/www.intoscana.it\/it\/festa-della-toscana-in-difesa-dei-diritti-umani-e-contro-i-linguaggi-dodio\/#primaryimage\",\"url\":\"https:\/\/www.intoscana.it\/wp-content\/uploads\/toscana-38-scaled-e1638285775394.jpg\",\"contentUrl\":\"https:\/\/www.intoscana.it\/wp-content\/uploads\/toscana-38-scaled-e1638285775394.jpg\",\"width\":1669,\"height\":967,\"caption\":\"La seduta solenne del Consiglio regionale per la Festa della Toscana 2021\"},{\"@type\":\"BreadcrumbList\",\"@id\":\"https:\/\/www.intoscana.it\/it\/festa-della-toscana-in-difesa-dei-diritti-umani-e-contro-i-linguaggi-dodio\/#breadcrumb\",\"itemListElement\":[{\"@type\":\"ListItem\",\"position\":1,\"name\":\"Home\",\"item\":\"https:\/\/www.intoscana.it\/it\/\"},{\"@type\":\"ListItem\",\"position\":2,\"name\":\"Festa della Toscana in difesa dei diritti umani e contro i linguaggi d&#8217;odio\"}]},{\"@type\":\"WebSite\",\"@id\":\"https:\/\/www.intoscana.it\/it\/#website\",\"url\":\"https:\/\/www.intoscana.it\/it\/\",\"name\":\"intoscana\",\"description\":\"\",\"potentialAction\":[{\"@type\":\"SearchAction\",\"target\":{\"@type\":\"EntryPoint\",\"urlTemplate\":\"https:\/\/www.intoscana.it\/it\/?s={search_term_string}\"},\"query-input\":{\"@type\":\"PropertyValueSpecification\",\"valueRequired\":true,\"valueName\":\"search_term_string\"}}],\"inLanguage\":\"it-IT\"},{\"@type\":\"Person\",\"@id\":\"https:\/\/www.intoscana.it\/it\/#\/schema\/person\/9eb9daa846a49fe51af39a73d9d1986b\",\"name\":\"Raffaella Galamini\",\"sameAs\":[\"https:\/\/x.com\/orio\"],\"url\":\"https:\/\/www.intoscana.it\/it\/author\/r-galamini\/\"}]}<\/script>\n<!-- \/ Yoast SEO Premium plugin. -->","yoast_head_json":{"title":"Festa della Toscana in difesa dei diritti umani e contro i linguaggi d'odio - intoscana","description":"La seduta solenne del Consiglio regionale tra il messaggio di Liliana Segre, l'appello di Mazzeo ai giovani, l'invito di Giani a continuare la lotta contro la pena di morte","robots":{"index":"index","follow":"follow","max-snippet":"max-snippet:-1","max-image-preview":"max-image-preview:large","max-video-preview":"max-video-preview:-1"},"canonical":"https:\/\/www.intoscana.it\/it\/festa-della-toscana-in-difesa-dei-diritti-umani-e-contro-i-linguaggi-dodio\/","og_locale":"it_IT","og_type":"article","og_title":"Festa della Toscana in difesa dei diritti umani e contro i linguaggi d'odio","og_description":"La seduta solenne del Consiglio regionale tra il messaggio di Liliana Segre, l'appello di Mazzeo ai giovani, l'invito di Giani a continuare la lotta contro la pena di morte","og_url":"https:\/\/www.intoscana.it\/it\/festa-della-toscana-in-difesa-dei-diritti-umani-e-contro-i-linguaggi-dodio\/","og_site_name":"intoscana","article_publisher":"https:\/\/www.facebook.com\/intoscana.it","article_published_time":"2021-11-30T14:21:40+00:00","article_modified_time":"2021-11-30T17:05:37+00:00","og_image":[{"width":1669,"height":967,"url":"https:\/\/www.intoscana.it\/wp-content\/uploads\/toscana-38-scaled-e1638285775394.jpg","type":"image\/jpeg"}],"author":"Raffaella Galamini","twitter_card":"summary_large_image","twitter_creator":"@orio","twitter_site":"@intoscana","twitter_misc":{"Written by":"Raffaella Galamini","Est. reading time":"6 minuti"},"schema":{"@context":"https:\/\/schema.org","@graph":[{"@type":"WebPage","@id":"https:\/\/www.intoscana.it\/it\/festa-della-toscana-in-difesa-dei-diritti-umani-e-contro-i-linguaggi-dodio\/","url":"https:\/\/www.intoscana.it\/it\/festa-della-toscana-in-difesa-dei-diritti-umani-e-contro-i-linguaggi-dodio\/","name":"Festa della Toscana in difesa dei diritti umani e contro i linguaggi d'odio - intoscana","isPartOf":{"@id":"https:\/\/www.intoscana.it\/it\/#website"},"primaryImageOfPage":{"@id":"https:\/\/www.intoscana.it\/it\/festa-della-toscana-in-difesa-dei-diritti-umani-e-contro-i-linguaggi-dodio\/#primaryimage"},"image":{"@id":"https:\/\/www.intoscana.it\/it\/festa-della-toscana-in-difesa-dei-diritti-umani-e-contro-i-linguaggi-dodio\/#primaryimage"},"thumbnailUrl":"https:\/\/www.intoscana.it\/wp-content\/uploads\/toscana-38-scaled-e1638285775394.jpg","datePublished":"2021-11-30T14:21:40+00:00","dateModified":"2021-11-30T17:05:37+00:00","author":{"@id":"https:\/\/www.intoscana.it\/it\/#\/schema\/person\/9eb9daa846a49fe51af39a73d9d1986b"},"description":"La seduta solenne del Consiglio regionale tra il messaggio di Liliana Segre, l'appello di Mazzeo ai giovani, l'invito di Giani a continuare la lotta contro la pena di morte","breadcrumb":{"@id":"https:\/\/www.intoscana.it\/it\/festa-della-toscana-in-difesa-dei-diritti-umani-e-contro-i-linguaggi-dodio\/#breadcrumb"},"inLanguage":"it-IT","potentialAction":[{"@type":"ReadAction","target":["https:\/\/www.intoscana.it\/it\/festa-della-toscana-in-difesa-dei-diritti-umani-e-contro-i-linguaggi-dodio\/"]}]},{"@type":"ImageObject","inLanguage":"it-IT","@id":"https:\/\/www.intoscana.it\/it\/festa-della-toscana-in-difesa-dei-diritti-umani-e-contro-i-linguaggi-dodio\/#primaryimage","url":"https:\/\/www.intoscana.it\/wp-content\/uploads\/toscana-38-scaled-e1638285775394.jpg","contentUrl":"https:\/\/www.intoscana.it\/wp-content\/uploads\/toscana-38-scaled-e1638285775394.jpg","width":1669,"height":967,"caption":"La seduta solenne del Consiglio regionale per la Festa della Toscana 2021"},{"@type":"BreadcrumbList","@id":"https:\/\/www.intoscana.it\/it\/festa-della-toscana-in-difesa-dei-diritti-umani-e-contro-i-linguaggi-dodio\/#breadcrumb","itemListElement":[{"@type":"ListItem","position":1,"name":"Home","item":"https:\/\/www.intoscana.it\/it\/"},{"@type":"ListItem","position":2,"name":"Festa della Toscana in difesa dei diritti umani e contro i linguaggi d&#8217;odio"}]},{"@type":"WebSite","@id":"https:\/\/www.intoscana.it\/it\/#website","url":"https:\/\/www.intoscana.it\/it\/","name":"intoscana","description":"","potentialAction":[{"@type":"SearchAction","target":{"@type":"EntryPoint","urlTemplate":"https:\/\/www.intoscana.it\/it\/?s={search_term_string}"},"query-input":{"@type":"PropertyValueSpecification","valueRequired":true,"valueName":"search_term_string"}}],"inLanguage":"it-IT"},{"@type":"Person","@id":"https:\/\/www.intoscana.it\/it\/#\/schema\/person\/9eb9daa846a49fe51af39a73d9d1986b","name":"Raffaella Galamini","sameAs":["https:\/\/x.com\/orio"],"url":"https:\/\/www.intoscana.it\/it\/author\/r-galamini\/"}]}},"_links":{"self":[{"href":"https:\/\/www.intoscana.it\/it\/wp-json\/wp\/v2\/posts\/201408","targetHints":{"allow":["GET"]}}],"collection":[{"href":"https:\/\/www.intoscana.it\/it\/wp-json\/wp\/v2\/posts"}],"about":[{"href":"https:\/\/www.intoscana.it\/it\/wp-json\/wp\/v2\/types\/post"}],"author":[{"embeddable":true,"href":"https:\/\/www.intoscana.it\/it\/wp-json\/wp\/v2\/users\/554"}],"replies":[{"embeddable":true,"href":"https:\/\/www.intoscana.it\/it\/wp-json\/wp\/v2\/comments?post=201408"}],"version-history":[{"count":0,"href":"https:\/\/www.intoscana.it\/it\/wp-json\/wp\/v2\/posts\/201408\/revisions"}],"wp:featuredmedia":[{"embeddable":true,"href":"https:\/\/www.intoscana.it\/it\/wp-json\/wp\/v2\/media\/201470"}],"wp:attachment":[{"href":"https:\/\/www.intoscana.it\/it\/wp-json\/wp\/v2\/media?parent=201408"}],"wp:term":[{"taxonomy":"category","embeddable":true,"href":"https:\/\/www.intoscana.it\/it\/wp-json\/wp\/v2\/categories?post=201408"},{"taxonomy":"post_tag","embeddable":true,"href":"https:\/\/www.intoscana.it\/it\/wp-json\/wp\/v2\/tags?post=201408"}],"curies":[{"name":"wp","href":"https:\/\/api.w.org\/{rel}","templated":true}]}}