{"id":201610,"date":"2021-12-01T10:51:05","date_gmt":"2021-12-01T09:51:05","guid":{"rendered":"https:\/\/www.intoscana.it\/it\/?p=201610"},"modified":"2021-12-01T14:43:24","modified_gmt":"2021-12-01T13:43:24","slug":"il-4-dicembre-a-firenze-si-accende-la-grande-ruota-panoramica-alta-55-metri","status":"publish","type":"post","link":"https:\/\/www.intoscana.it\/it\/il-4-dicembre-a-firenze-si-accende-la-grande-ruota-panoramica-alta-55-metri\/","title":{"rendered":"Il 4 dicembre a Firenze si accende la grande ruota panoramica alta 55 metri"},"content":{"rendered":"<p>Entrano nel vivo le<strong> festivit\u00e0 natalizie a Firenze.<\/strong> Tutto pronto nei <strong>giardini della Fortezza da Basso<\/strong> per l&#8217;accensione della<strong> spettacolare ruota panoramica alta 55 metri.<\/strong><\/p>\n<p>Il <a href=\"https:\/\/www.facebook.com\/florenceicevillage\" target=\"_blank\" rel=\"noopener\"><strong>Florence Ice Village<\/strong><\/a>\u00a0dopo un anno di stop a causa della pandemia riaprir\u00e0 le sue porte<strong>\u00a0sabato 4 dicembre fino al 16 gennaio<\/strong>.<\/p>\n<p>Nel <strong>Villaggio di Natale\u00a0<\/strong>sar\u00e0 aperta la <strong>pista di pattinaggio su ghiaccio pi\u00f9 lunga d&#8217;Europa<\/strong>\u00a0con un anello gelato intorno alla vasca del lago dei cigni e non mancheranno\u00a0<strong>mercatini, street food e spettacoli.<\/strong><\/p>\n<p>Nei <strong>giardini della Fortezza da Basso (piazza Oriana Fallaci)<\/strong> ci sar\u00e0 anche<strong> uno spazio di animazione per i pi\u00f9 piccoli, il grande albero e punti ristoro.<\/strong><\/p>\n<p>Saranno organizzati numerosi eventi come ad esempio l<strong>&#8216;accensione dell&#8217;Albero l&#8217;11 dicembre;<\/strong> giochi e spettacoli natalizi in occasione di <em><strong>&#8220;Giochiamo con Babbo Natale&#8221;<\/strong><\/em>\u00a0il 19 dicembre; lo spettacolo il <em><strong>&#8220;Regalo di Natale&#8221;<\/strong><\/em> a cura di Altrove teatro il 23 dicembre con <strong>special guest Babbo Natale.<\/strong><\/p>\n<p>La grande attrazione del <strong>Natale 2021<\/strong> sar\u00e0 per\u00f2 la ruota panoramica, ossia la <em><strong>\u201cFlorence Eye\u201d<\/strong><\/em> che dai suoi 55 metri di altezza permetter\u00e0 di godere di <strong>una vista unica su Firenze.<\/strong><\/p>\n<p><strong>La giostra sar\u00e0 aperta dalle 10 alle 23 (fino a mezzanotte nei festivi)<\/strong> e per salire il costo dei biglietti andr\u00e0 dai 7 ai 12 euro.<\/p>\n<p><strong>Le foto sono di Gianni Pasquini<\/strong><\/p>\n","protected":false},"excerpt":{"rendered":"<p>La \u201cFlorence Eye\u201d permetter\u00e0 di godere di una vista unica sulla citt\u00e0. La giostra sar\u00e0 aperta dalle 10 alle 23 (fino a mezzanotte nei festivi) e per salire il costo dei biglietti andr\u00e0 dai 7 ai 12 euro<\/p>\n","protected":false},"author":525,"featured_media":201611,"comment_status":"open","ping_status":"open","sticky":false,"template":"","format":"standard","meta":{"_acf_changed":false,"footnotes":""},"categories":[494],"tags":[202,409],"class_list":["post-201610","post","type-post","status-publish","format-standard","has-post-thumbnail","hentry","category-attualita","tag-firenze","tag-natale"],"acf":[],"yoast_head":"<!-- This site is optimized with the Yoast SEO Premium plugin v24.2 (Yoast SEO v25.6) - https:\/\/yoast.com\/wordpress\/plugins\/seo\/ -->\n<title>Il 4 dicembre a Firenze si accende la grande ruota panoramica alta 55 metri - intoscana<\/title>\n<meta name=\"description\" content=\"La \u201cFlorence Eye\u201d con i suoi 55 metri di altezza permetter\u00e0 di godere di una vista unica su Firenze, sar\u00e0 aperta dalle 10 alle 23\" \/>\n<meta name=\"robots\" content=\"index, follow, max-snippet:-1, max-image-preview:large, max-video-preview:-1\" \/>\n<link rel=\"canonical\" href=\"https:\/\/www.intoscana.it\/it\/il-4-dicembre-a-firenze-si-accende-la-grande-ruota-panoramica-alta-55-metri\/\" \/>\n<meta property=\"og:locale\" content=\"it_IT\" \/>\n<meta property=\"og:type\" content=\"article\" \/>\n<meta property=\"og:title\" content=\"Il 4 dicembre a Firenze si accende la grande ruota panoramica alta 55 metri\" \/>\n<meta property=\"og:description\" content=\"La \u201cFlorence Eye\u201d con i suoi 55 metri di altezza permetter\u00e0 di godere di una vista unica su Firenze, sar\u00e0 aperta dalle 10 alle 23\" \/>\n<meta property=\"og:url\" content=\"https:\/\/www.intoscana.it\/it\/il-4-dicembre-a-firenze-si-accende-la-grande-ruota-panoramica-alta-55-metri\/\" \/>\n<meta property=\"og:site_name\" content=\"intoscana\" \/>\n<meta property=\"article:publisher\" content=\"https:\/\/www.facebook.com\/intoscana.it\" \/>\n<meta property=\"article:published_time\" content=\"2021-12-01T09:51:05+00:00\" \/>\n<meta property=\"article:modified_time\" content=\"2021-12-01T13:43:24+00:00\" \/>\n<meta property=\"og:image\" content=\"https:\/\/www.intoscana.it\/wp-content\/uploads\/261531584_462330521908827_8469623115988131483_n.jpg\" \/>\n\t<meta property=\"og:image:width\" content=\"1920\" \/>\n\t<meta property=\"og:image:height\" content=\"1080\" \/>\n\t<meta property=\"og:image:type\" content=\"image\/jpeg\" \/>\n<meta name=\"author\" content=\"Redazione\" \/>\n<meta name=\"twitter:card\" content=\"summary_large_image\" \/>\n<meta name=\"twitter:creator\" content=\"@intoscana\" \/>\n<meta name=\"twitter:site\" content=\"@intoscana\" \/>\n<meta name=\"twitter:label1\" content=\"Written by\" \/>\n\t<meta name=\"twitter:data1\" content=\"Redazione\" \/>\n\t<meta name=\"twitter:label2\" content=\"Est. reading time\" \/>\n\t<meta name=\"twitter:data2\" content=\"1 minuto\" \/>\n<script type=\"application\/ld+json\" class=\"yoast-schema-graph\">{\"@context\":\"https:\/\/schema.org\",\"@graph\":[{\"@type\":\"WebPage\",\"@id\":\"https:\/\/www.intoscana.it\/it\/il-4-dicembre-a-firenze-si-accende-la-grande-ruota-panoramica-alta-55-metri\/\",\"url\":\"https:\/\/www.intoscana.it\/it\/il-4-dicembre-a-firenze-si-accende-la-grande-ruota-panoramica-alta-55-metri\/\",\"name\":\"Il 4 dicembre a Firenze si accende la grande ruota panoramica alta 55 metri - intoscana\",\"isPartOf\":{\"@id\":\"https:\/\/www.intoscana.it\/it\/#website\"},\"primaryImageOfPage\":{\"@id\":\"https:\/\/www.intoscana.it\/it\/il-4-dicembre-a-firenze-si-accende-la-grande-ruota-panoramica-alta-55-metri\/#primaryimage\"},\"image\":{\"@id\":\"https:\/\/www.intoscana.it\/it\/il-4-dicembre-a-firenze-si-accende-la-grande-ruota-panoramica-alta-55-metri\/#primaryimage\"},\"thumbnailUrl\":\"https:\/\/www.intoscana.it\/wp-content\/uploads\/261531584_462330521908827_8469623115988131483_n.jpg\",\"datePublished\":\"2021-12-01T09:51:05+00:00\",\"dateModified\":\"2021-12-01T13:43:24+00:00\",\"author\":{\"@id\":\"https:\/\/www.intoscana.it\/it\/#\/schema\/person\/9223810753230f20bd670fdd322661f8\"},\"description\":\"La \u201cFlorence Eye\u201d con i suoi 55 metri di altezza permetter\u00e0 di godere di una vista unica su Firenze, sar\u00e0 aperta dalle 10 alle 23\",\"breadcrumb\":{\"@id\":\"https:\/\/www.intoscana.it\/it\/il-4-dicembre-a-firenze-si-accende-la-grande-ruota-panoramica-alta-55-metri\/#breadcrumb\"},\"inLanguage\":\"it-IT\",\"potentialAction\":[{\"@type\":\"ReadAction\",\"target\":[\"https:\/\/www.intoscana.it\/it\/il-4-dicembre-a-firenze-si-accende-la-grande-ruota-panoramica-alta-55-metri\/\"]}]},{\"@type\":\"ImageObject\",\"inLanguage\":\"it-IT\",\"@id\":\"https:\/\/www.intoscana.it\/it\/il-4-dicembre-a-firenze-si-accende-la-grande-ruota-panoramica-alta-55-metri\/#primaryimage\",\"url\":\"https:\/\/www.intoscana.it\/wp-content\/uploads\/261531584_462330521908827_8469623115988131483_n.jpg\",\"contentUrl\":\"https:\/\/www.intoscana.it\/wp-content\/uploads\/261531584_462330521908827_8469623115988131483_n.jpg\",\"width\":1920,\"height\":1080},{\"@type\":\"BreadcrumbList\",\"@id\":\"https:\/\/www.intoscana.it\/it\/il-4-dicembre-a-firenze-si-accende-la-grande-ruota-panoramica-alta-55-metri\/#breadcrumb\",\"itemListElement\":[{\"@type\":\"ListItem\",\"position\":1,\"name\":\"Home\",\"item\":\"https:\/\/www.intoscana.it\/it\/\"},{\"@type\":\"ListItem\",\"position\":2,\"name\":\"Il 4 dicembre a Firenze si accende la grande ruota panoramica alta 55 metri\"}]},{\"@type\":\"WebSite\",\"@id\":\"https:\/\/www.intoscana.it\/it\/#website\",\"url\":\"https:\/\/www.intoscana.it\/it\/\",\"name\":\"intoscana\",\"description\":\"\",\"potentialAction\":[{\"@type\":\"SearchAction\",\"target\":{\"@type\":\"EntryPoint\",\"urlTemplate\":\"https:\/\/www.intoscana.it\/it\/?s={search_term_string}\"},\"query-input\":{\"@type\":\"PropertyValueSpecification\",\"valueRequired\":true,\"valueName\":\"search_term_string\"}}],\"inLanguage\":\"it-IT\"},{\"@type\":\"Person\",\"@id\":\"https:\/\/www.intoscana.it\/it\/#\/schema\/person\/9223810753230f20bd670fdd322661f8\",\"name\":\"Redazione\",\"url\":\"https:\/\/www.intoscana.it\/it\/author\/redazione\/\"}]}<\/script>\n<!-- \/ Yoast SEO Premium plugin. -->","yoast_head_json":{"title":"Il 4 dicembre a Firenze si accende la grande ruota panoramica alta 55 metri - intoscana","description":"La \u201cFlorence Eye\u201d con i suoi 55 metri di altezza permetter\u00e0 di godere di una vista unica su Firenze, sar\u00e0 aperta dalle 10 alle 23","robots":{"index":"index","follow":"follow","max-snippet":"max-snippet:-1","max-image-preview":"max-image-preview:large","max-video-preview":"max-video-preview:-1"},"canonical":"https:\/\/www.intoscana.it\/it\/il-4-dicembre-a-firenze-si-accende-la-grande-ruota-panoramica-alta-55-metri\/","og_locale":"it_IT","og_type":"article","og_title":"Il 4 dicembre a Firenze si accende la grande ruota panoramica alta 55 metri","og_description":"La \u201cFlorence Eye\u201d con i suoi 55 metri di altezza permetter\u00e0 di godere di una vista unica su Firenze, sar\u00e0 aperta dalle 10 alle 23","og_url":"https:\/\/www.intoscana.it\/it\/il-4-dicembre-a-firenze-si-accende-la-grande-ruota-panoramica-alta-55-metri\/","og_site_name":"intoscana","article_publisher":"https:\/\/www.facebook.com\/intoscana.it","article_published_time":"2021-12-01T09:51:05+00:00","article_modified_time":"2021-12-01T13:43:24+00:00","og_image":[{"width":1920,"height":1080,"url":"https:\/\/www.intoscana.it\/wp-content\/uploads\/261531584_462330521908827_8469623115988131483_n.jpg","type":"image\/jpeg"}],"author":"Redazione","twitter_card":"summary_large_image","twitter_creator":"@intoscana","twitter_site":"@intoscana","twitter_misc":{"Written by":"Redazione","Est. reading time":"1 minuto"},"schema":{"@context":"https:\/\/schema.org","@graph":[{"@type":"WebPage","@id":"https:\/\/www.intoscana.it\/it\/il-4-dicembre-a-firenze-si-accende-la-grande-ruota-panoramica-alta-55-metri\/","url":"https:\/\/www.intoscana.it\/it\/il-4-dicembre-a-firenze-si-accende-la-grande-ruota-panoramica-alta-55-metri\/","name":"Il 4 dicembre a Firenze si accende la grande ruota panoramica alta 55 metri - intoscana","isPartOf":{"@id":"https:\/\/www.intoscana.it\/it\/#website"},"primaryImageOfPage":{"@id":"https:\/\/www.intoscana.it\/it\/il-4-dicembre-a-firenze-si-accende-la-grande-ruota-panoramica-alta-55-metri\/#primaryimage"},"image":{"@id":"https:\/\/www.intoscana.it\/it\/il-4-dicembre-a-firenze-si-accende-la-grande-ruota-panoramica-alta-55-metri\/#primaryimage"},"thumbnailUrl":"https:\/\/www.intoscana.it\/wp-content\/uploads\/261531584_462330521908827_8469623115988131483_n.jpg","datePublished":"2021-12-01T09:51:05+00:00","dateModified":"2021-12-01T13:43:24+00:00","author":{"@id":"https:\/\/www.intoscana.it\/it\/#\/schema\/person\/9223810753230f20bd670fdd322661f8"},"description":"La \u201cFlorence Eye\u201d con i suoi 55 metri di altezza permetter\u00e0 di godere di una vista unica su Firenze, sar\u00e0 aperta dalle 10 alle 23","breadcrumb":{"@id":"https:\/\/www.intoscana.it\/it\/il-4-dicembre-a-firenze-si-accende-la-grande-ruota-panoramica-alta-55-metri\/#breadcrumb"},"inLanguage":"it-IT","potentialAction":[{"@type":"ReadAction","target":["https:\/\/www.intoscana.it\/it\/il-4-dicembre-a-firenze-si-accende-la-grande-ruota-panoramica-alta-55-metri\/"]}]},{"@type":"ImageObject","inLanguage":"it-IT","@id":"https:\/\/www.intoscana.it\/it\/il-4-dicembre-a-firenze-si-accende-la-grande-ruota-panoramica-alta-55-metri\/#primaryimage","url":"https:\/\/www.intoscana.it\/wp-content\/uploads\/261531584_462330521908827_8469623115988131483_n.jpg","contentUrl":"https:\/\/www.intoscana.it\/wp-content\/uploads\/261531584_462330521908827_8469623115988131483_n.jpg","width":1920,"height":1080},{"@type":"BreadcrumbList","@id":"https:\/\/www.intoscana.it\/it\/il-4-dicembre-a-firenze-si-accende-la-grande-ruota-panoramica-alta-55-metri\/#breadcrumb","itemListElement":[{"@type":"ListItem","position":1,"name":"Home","item":"https:\/\/www.intoscana.it\/it\/"},{"@type":"ListItem","position":2,"name":"Il 4 dicembre a Firenze si accende la grande ruota panoramica alta 55 metri"}]},{"@type":"WebSite","@id":"https:\/\/www.intoscana.it\/it\/#website","url":"https:\/\/www.intoscana.it\/it\/","name":"intoscana","description":"","potentialAction":[{"@type":"SearchAction","target":{"@type":"EntryPoint","urlTemplate":"https:\/\/www.intoscana.it\/it\/?s={search_term_string}"},"query-input":{"@type":"PropertyValueSpecification","valueRequired":true,"valueName":"search_term_string"}}],"inLanguage":"it-IT"},{"@type":"Person","@id":"https:\/\/www.intoscana.it\/it\/#\/schema\/person\/9223810753230f20bd670fdd322661f8","name":"Redazione","url":"https:\/\/www.intoscana.it\/it\/author\/redazione\/"}]}},"_links":{"self":[{"href":"https:\/\/www.intoscana.it\/it\/wp-json\/wp\/v2\/posts\/201610","targetHints":{"allow":["GET"]}}],"collection":[{"href":"https:\/\/www.intoscana.it\/it\/wp-json\/wp\/v2\/posts"}],"about":[{"href":"https:\/\/www.intoscana.it\/it\/wp-json\/wp\/v2\/types\/post"}],"author":[{"embeddable":true,"href":"https:\/\/www.intoscana.it\/it\/wp-json\/wp\/v2\/users\/525"}],"replies":[{"embeddable":true,"href":"https:\/\/www.intoscana.it\/it\/wp-json\/wp\/v2\/comments?post=201610"}],"version-history":[{"count":0,"href":"https:\/\/www.intoscana.it\/it\/wp-json\/wp\/v2\/posts\/201610\/revisions"}],"wp:featuredmedia":[{"embeddable":true,"href":"https:\/\/www.intoscana.it\/it\/wp-json\/wp\/v2\/media\/201611"}],"wp:attachment":[{"href":"https:\/\/www.intoscana.it\/it\/wp-json\/wp\/v2\/media?parent=201610"}],"wp:term":[{"taxonomy":"category","embeddable":true,"href":"https:\/\/www.intoscana.it\/it\/wp-json\/wp\/v2\/categories?post=201610"},{"taxonomy":"post_tag","embeddable":true,"href":"https:\/\/www.intoscana.it\/it\/wp-json\/wp\/v2\/tags?post=201610"}],"curies":[{"name":"wp","href":"https:\/\/api.w.org\/{rel}","templated":true}]}}