{"id":201736,"date":"2021-12-01T16:40:53","date_gmt":"2021-12-01T15:40:53","guid":{"rendered":"https:\/\/www.intoscana.it\/it\/?p=201736"},"modified":"2021-12-02T10:52:02","modified_gmt":"2021-12-02T09:52:02","slug":"in-frigo-veritas-quando-le-calamite-attraggono-nuovi-percorsi-di-autonomia","status":"publish","type":"post","link":"https:\/\/www.intoscana.it\/it\/in-frigo-veritas-quando-le-calamite-attraggono-nuovi-percorsi-di-autonomia\/","title":{"rendered":"In frigo veritas, quando le calamite &#8220;attraggono&#8221; nuovi percorsi di autonomia"},"content":{"rendered":"<p><mark>Aiutare ragazzi e ragazze con autismo o disabilit\u00e0 a diventare autonomi professionalmente realizzando calamite per frigoriferi e spillette<\/mark>. \u00c8 questo, in sintesi, l\u2019originale progetto <a href=\"https:\/\/www.facebook.com\/infrigoveritas\" target=\"_blank\" rel=\"noopener\">&#8220;In frigo veritas&#8221;<\/a> che \u00e8 stato presentato a Sesto Fiorentino dall\u2019assessora regionale alle politiche sociali <strong>Serena Spinelli<\/strong> insieme al sindaco <strong>Lorenzo Falchi<\/strong> e all\u2019assessora comunale <strong>Camilla Sanquerin<\/strong>.<\/p>\n<p>\u00c8 qui, infatti, che \u00e8 stato allestito <mark>il laboratorio per realizzare calamite da frigorifero, che consentir\u00e0 a un team iniziale di dieci ragazze e ragazzi, suddivisi in due gruppi di lavoro, di poter intraprendere un percorso di crescita tramite un impiego lavorativo compatibile<\/mark> con le loro caratteristiche.<\/p>\n<p>Ideato dalla cooperativa <a href=\"https:\/\/www.facebook.com\/CooperativaConvoi\" target=\"_blank\" rel=\"noopener\">Convoi<\/a> e della cooperativa <a href=\"https:\/\/www.facebook.com\/centroallenamente\/\" target=\"_blank\" rel=\"noopener\">Allenamente<\/a> insieme alle societ\u00e0 della salute Firenze Nord Ovest, &#8220;In frigo veritas&#8221; permetter\u00e0 l\u2019inserimento lavorativo di persone svantaggiate, che rappresenta un prezioso supporto allo sviluppo delle loro <strong>potenzialit\u00e0<\/strong>, all\u2019<strong>autonomia<\/strong> e all\u2019<strong>inclusione sociale<\/strong>.<\/p>\n<h3>Verso l&#8217;autonomia<\/h3>\n<p><span class=\"citazione\">&#8220;I ragazzi e le ragazze che lavoreranno qui potranno diventando artefici del proprio progetto di vita&#8221;<\/span><\/p>\n<p><em><mark>&#8220;\u00c8 un progetto virtuoso, originale e di ampi orizzonti&#8221;<\/em> ha detto l\u2019assessora Spinelli<\/mark>. <em>&#8220;La peculiarit\u00e0 del progetto \u00e8 di mettersi completamente al servizio dei bisogni e delle capacit\u00e0 dei ragazzi e delle ragazze con disabilit\u00e0, grazie a un ambiente e a delle macchine di lavorazione che sono pensati per adattarsi alle loro capacit\u00e0. E l\u2019altro aspetto centrale \u00e8 che tutto questo si va concretizzare in una produzione vera e propria, che vuole avere la capacit\u00e0 di stare sul mercato. I ragazzi e le ragazze che lavoreranno qui potranno quindi aver un\u2019importante opportunit\u00e0, diventando artefici del proprio progetto di vita, a partire da quello che sanno e possono fare. Auspichiamo davvero che questa attivit\u00e0 possa crescere e che questo modello possa essere condiviso da altre realt\u00e0 e possa attecchire anche in altri ambiti&#8221;.<\/em><\/p>\n<h3>I laboratori<\/h3>\n<p><mark>I ragazzi metteranno in produzione calamite e spillette per chiunque, dai cittadini privati che vogliono farsi un regalo alle aziende che vogliono promuovere gadget interni, fino agli uffici turistici che avranno calamite che raf\u00adfigureranno i monumenti storici di Firenze<\/mark>. &#8220;In frigo veritas&#8221; insieme a quello di Sesto \u00e8 gi\u00e0 in procinto di avviare un laboratorio anche a Castagneto Carducci (con la collaborazione della societ\u00e0 della salute Valli Etrusche e del Comune) e a Firenze.<\/p>\n<p>I <strong>due laboratori<\/strong> complessivamente coinvolgeranno <strong>20 ragazzi e ragazze<\/strong>, e ciascun sito di lavorazione sar\u00e0 dotato di macchinari e attrezzature appositamente studiati, per facilit\u00e0 e sicurezza di impiego, per la tipologia di disabilit\u00e0. <em>&#8220;Il luogo di lavoro<\/em> &#8211; hanno spiegato i responsabili del progetto &#8211; <em>si adatter\u00e0 ai lavoratori, e non viceversa come avviene di solito nelle aziende&#8221;.<\/em><\/p>\n<p>Ecco perch\u00e9, gli spazi del laboratorio sono realizzati seguendo i principi della comunicazione aumentativa, dalle strisce gialle per terra che aiuteranno i ragazzi e le ragazze ad accedere agli spogliatoi, fino ai colori con cui sono contrassegnate le tute da lavoro e le postazioni dedicate alle singole fasi della lavorazione.<\/p>\n<p>&nbsp;<\/p>\n","protected":false},"excerpt":{"rendered":"<p>L&#8217;idea \u00e8 semplice ma efficace: produrre spillette e calamite da frigoriferi. A farlo, in due laboratori della provincia di Firenze, saranno 20 ragazzi e ragazze con disabilit\u00e0<\/p>\n","protected":false},"author":525,"featured_media":201741,"comment_status":"open","ping_status":"open","sticky":false,"template":"","format":"standard","meta":{"_acf_changed":false,"footnotes":""},"categories":[9],"tags":[4397,406,260,5298],"class_list":["post-201736","post","type-post","status-publish","format-standard","has-post-thumbnail","hentry","category-made-in-toscana","tag-cooperative","tag-disabilita","tag-lavoro","tag-sociale"],"acf":[],"yoast_head":"<!-- This site is optimized with the Yoast SEO Premium plugin v24.2 (Yoast SEO v25.6) - https:\/\/yoast.com\/wordpress\/plugins\/seo\/ -->\n<title>In frigo veritas, quando le calamite &quot;attraggono&quot; nuovi percorsi di autonomia - intoscana<\/title>\n<meta name=\"description\" content=\"L&#039;idea \u00e8 semplice ma efficace: produrre spillette e calamite da frigoriferi. A farlo, in due laboratori della provincia di Firenze, saranno 20 ragazzi e ragazze con disabilit\u00e0\" \/>\n<meta name=\"robots\" content=\"index, follow, max-snippet:-1, max-image-preview:large, max-video-preview:-1\" \/>\n<link rel=\"canonical\" href=\"https:\/\/www.intoscana.it\/it\/in-frigo-veritas-quando-le-calamite-attraggono-nuovi-percorsi-di-autonomia\/\" \/>\n<meta property=\"og:locale\" content=\"it_IT\" \/>\n<meta property=\"og:type\" content=\"article\" \/>\n<meta property=\"og:title\" content=\"In frigo veritas, quando le calamite &quot;attraggono&quot; nuovi percorsi di autonomia\" \/>\n<meta property=\"og:description\" content=\"L&#039;idea \u00e8 semplice ma efficace: produrre spillette e calamite da frigoriferi. A farlo, in due laboratori della provincia di Firenze, saranno 20 ragazzi e ragazze con disabilit\u00e0\" \/>\n<meta property=\"og:url\" content=\"https:\/\/www.intoscana.it\/it\/in-frigo-veritas-quando-le-calamite-attraggono-nuovi-percorsi-di-autonomia\/\" \/>\n<meta property=\"og:site_name\" content=\"intoscana\" \/>\n<meta property=\"article:publisher\" content=\"https:\/\/www.facebook.com\/intoscana.it\" \/>\n<meta property=\"article:published_time\" content=\"2021-12-01T15:40:53+00:00\" \/>\n<meta property=\"article:modified_time\" content=\"2021-12-02T09:52:02+00:00\" \/>\n<meta property=\"og:image\" content=\"https:\/\/www.intoscana.it\/wp-content\/uploads\/In-frigo-veritas.jpeg\" \/>\n\t<meta property=\"og:image:width\" content=\"2048\" \/>\n\t<meta property=\"og:image:height\" content=\"1365\" \/>\n\t<meta property=\"og:image:type\" content=\"image\/jpeg\" \/>\n<meta name=\"author\" content=\"Redazione\" \/>\n<meta name=\"twitter:card\" content=\"summary_large_image\" \/>\n<meta name=\"twitter:creator\" content=\"@intoscana\" \/>\n<meta name=\"twitter:site\" content=\"@intoscana\" \/>\n<meta name=\"twitter:label1\" content=\"Written by\" \/>\n\t<meta name=\"twitter:data1\" content=\"Redazione\" \/>\n\t<meta name=\"twitter:label2\" content=\"Est. reading time\" \/>\n\t<meta name=\"twitter:data2\" content=\"2 minuti\" \/>\n<script type=\"application\/ld+json\" class=\"yoast-schema-graph\">{\"@context\":\"https:\/\/schema.org\",\"@graph\":[{\"@type\":\"WebPage\",\"@id\":\"https:\/\/www.intoscana.it\/it\/in-frigo-veritas-quando-le-calamite-attraggono-nuovi-percorsi-di-autonomia\/\",\"url\":\"https:\/\/www.intoscana.it\/it\/in-frigo-veritas-quando-le-calamite-attraggono-nuovi-percorsi-di-autonomia\/\",\"name\":\"In frigo veritas, quando le calamite \\\"attraggono\\\" nuovi percorsi di autonomia - intoscana\",\"isPartOf\":{\"@id\":\"https:\/\/www.intoscana.it\/it\/#website\"},\"primaryImageOfPage\":{\"@id\":\"https:\/\/www.intoscana.it\/it\/in-frigo-veritas-quando-le-calamite-attraggono-nuovi-percorsi-di-autonomia\/#primaryimage\"},\"image\":{\"@id\":\"https:\/\/www.intoscana.it\/it\/in-frigo-veritas-quando-le-calamite-attraggono-nuovi-percorsi-di-autonomia\/#primaryimage\"},\"thumbnailUrl\":\"https:\/\/www.intoscana.it\/wp-content\/uploads\/In-frigo-veritas.jpeg\",\"datePublished\":\"2021-12-01T15:40:53+00:00\",\"dateModified\":\"2021-12-02T09:52:02+00:00\",\"author\":{\"@id\":\"https:\/\/www.intoscana.it\/it\/#\/schema\/person\/9223810753230f20bd670fdd322661f8\"},\"description\":\"L'idea \u00e8 semplice ma efficace: produrre spillette e calamite da frigoriferi. A farlo, in due laboratori della provincia di Firenze, saranno 20 ragazzi e ragazze con disabilit\u00e0\",\"breadcrumb\":{\"@id\":\"https:\/\/www.intoscana.it\/it\/in-frigo-veritas-quando-le-calamite-attraggono-nuovi-percorsi-di-autonomia\/#breadcrumb\"},\"inLanguage\":\"it-IT\",\"potentialAction\":[{\"@type\":\"ReadAction\",\"target\":[\"https:\/\/www.intoscana.it\/it\/in-frigo-veritas-quando-le-calamite-attraggono-nuovi-percorsi-di-autonomia\/\"]}]},{\"@type\":\"ImageObject\",\"inLanguage\":\"it-IT\",\"@id\":\"https:\/\/www.intoscana.it\/it\/in-frigo-veritas-quando-le-calamite-attraggono-nuovi-percorsi-di-autonomia\/#primaryimage\",\"url\":\"https:\/\/www.intoscana.it\/wp-content\/uploads\/In-frigo-veritas.jpeg\",\"contentUrl\":\"https:\/\/www.intoscana.it\/wp-content\/uploads\/In-frigo-veritas.jpeg\",\"width\":2048,\"height\":1365,\"caption\":\"In frigo veritas\"},{\"@type\":\"BreadcrumbList\",\"@id\":\"https:\/\/www.intoscana.it\/it\/in-frigo-veritas-quando-le-calamite-attraggono-nuovi-percorsi-di-autonomia\/#breadcrumb\",\"itemListElement\":[{\"@type\":\"ListItem\",\"position\":1,\"name\":\"Home\",\"item\":\"https:\/\/www.intoscana.it\/it\/\"},{\"@type\":\"ListItem\",\"position\":2,\"name\":\"In frigo veritas, quando le calamite &#8220;attraggono&#8221; nuovi percorsi di autonomia\"}]},{\"@type\":\"WebSite\",\"@id\":\"https:\/\/www.intoscana.it\/it\/#website\",\"url\":\"https:\/\/www.intoscana.it\/it\/\",\"name\":\"intoscana\",\"description\":\"\",\"potentialAction\":[{\"@type\":\"SearchAction\",\"target\":{\"@type\":\"EntryPoint\",\"urlTemplate\":\"https:\/\/www.intoscana.it\/it\/?s={search_term_string}\"},\"query-input\":{\"@type\":\"PropertyValueSpecification\",\"valueRequired\":true,\"valueName\":\"search_term_string\"}}],\"inLanguage\":\"it-IT\"},{\"@type\":\"Person\",\"@id\":\"https:\/\/www.intoscana.it\/it\/#\/schema\/person\/9223810753230f20bd670fdd322661f8\",\"name\":\"Redazione\",\"url\":\"https:\/\/www.intoscana.it\/it\/author\/redazione\/\"}]}<\/script>\n<!-- \/ Yoast SEO Premium plugin. -->","yoast_head_json":{"title":"In frigo veritas, quando le calamite \"attraggono\" nuovi percorsi di autonomia - intoscana","description":"L'idea \u00e8 semplice ma efficace: produrre spillette e calamite da frigoriferi. A farlo, in due laboratori della provincia di Firenze, saranno 20 ragazzi e ragazze con disabilit\u00e0","robots":{"index":"index","follow":"follow","max-snippet":"max-snippet:-1","max-image-preview":"max-image-preview:large","max-video-preview":"max-video-preview:-1"},"canonical":"https:\/\/www.intoscana.it\/it\/in-frigo-veritas-quando-le-calamite-attraggono-nuovi-percorsi-di-autonomia\/","og_locale":"it_IT","og_type":"article","og_title":"In frigo veritas, quando le calamite \"attraggono\" nuovi percorsi di autonomia","og_description":"L'idea \u00e8 semplice ma efficace: produrre spillette e calamite da frigoriferi. A farlo, in due laboratori della provincia di Firenze, saranno 20 ragazzi e ragazze con disabilit\u00e0","og_url":"https:\/\/www.intoscana.it\/it\/in-frigo-veritas-quando-le-calamite-attraggono-nuovi-percorsi-di-autonomia\/","og_site_name":"intoscana","article_publisher":"https:\/\/www.facebook.com\/intoscana.it","article_published_time":"2021-12-01T15:40:53+00:00","article_modified_time":"2021-12-02T09:52:02+00:00","og_image":[{"width":2048,"height":1365,"url":"https:\/\/www.intoscana.it\/wp-content\/uploads\/In-frigo-veritas.jpeg","type":"image\/jpeg"}],"author":"Redazione","twitter_card":"summary_large_image","twitter_creator":"@intoscana","twitter_site":"@intoscana","twitter_misc":{"Written by":"Redazione","Est. reading time":"2 minuti"},"schema":{"@context":"https:\/\/schema.org","@graph":[{"@type":"WebPage","@id":"https:\/\/www.intoscana.it\/it\/in-frigo-veritas-quando-le-calamite-attraggono-nuovi-percorsi-di-autonomia\/","url":"https:\/\/www.intoscana.it\/it\/in-frigo-veritas-quando-le-calamite-attraggono-nuovi-percorsi-di-autonomia\/","name":"In frigo veritas, quando le calamite \"attraggono\" nuovi percorsi di autonomia - intoscana","isPartOf":{"@id":"https:\/\/www.intoscana.it\/it\/#website"},"primaryImageOfPage":{"@id":"https:\/\/www.intoscana.it\/it\/in-frigo-veritas-quando-le-calamite-attraggono-nuovi-percorsi-di-autonomia\/#primaryimage"},"image":{"@id":"https:\/\/www.intoscana.it\/it\/in-frigo-veritas-quando-le-calamite-attraggono-nuovi-percorsi-di-autonomia\/#primaryimage"},"thumbnailUrl":"https:\/\/www.intoscana.it\/wp-content\/uploads\/In-frigo-veritas.jpeg","datePublished":"2021-12-01T15:40:53+00:00","dateModified":"2021-12-02T09:52:02+00:00","author":{"@id":"https:\/\/www.intoscana.it\/it\/#\/schema\/person\/9223810753230f20bd670fdd322661f8"},"description":"L'idea \u00e8 semplice ma efficace: produrre spillette e calamite da frigoriferi. A farlo, in due laboratori della provincia di Firenze, saranno 20 ragazzi e ragazze con disabilit\u00e0","breadcrumb":{"@id":"https:\/\/www.intoscana.it\/it\/in-frigo-veritas-quando-le-calamite-attraggono-nuovi-percorsi-di-autonomia\/#breadcrumb"},"inLanguage":"it-IT","potentialAction":[{"@type":"ReadAction","target":["https:\/\/www.intoscana.it\/it\/in-frigo-veritas-quando-le-calamite-attraggono-nuovi-percorsi-di-autonomia\/"]}]},{"@type":"ImageObject","inLanguage":"it-IT","@id":"https:\/\/www.intoscana.it\/it\/in-frigo-veritas-quando-le-calamite-attraggono-nuovi-percorsi-di-autonomia\/#primaryimage","url":"https:\/\/www.intoscana.it\/wp-content\/uploads\/In-frigo-veritas.jpeg","contentUrl":"https:\/\/www.intoscana.it\/wp-content\/uploads\/In-frigo-veritas.jpeg","width":2048,"height":1365,"caption":"In frigo veritas"},{"@type":"BreadcrumbList","@id":"https:\/\/www.intoscana.it\/it\/in-frigo-veritas-quando-le-calamite-attraggono-nuovi-percorsi-di-autonomia\/#breadcrumb","itemListElement":[{"@type":"ListItem","position":1,"name":"Home","item":"https:\/\/www.intoscana.it\/it\/"},{"@type":"ListItem","position":2,"name":"In frigo veritas, quando le calamite &#8220;attraggono&#8221; nuovi percorsi di autonomia"}]},{"@type":"WebSite","@id":"https:\/\/www.intoscana.it\/it\/#website","url":"https:\/\/www.intoscana.it\/it\/","name":"intoscana","description":"","potentialAction":[{"@type":"SearchAction","target":{"@type":"EntryPoint","urlTemplate":"https:\/\/www.intoscana.it\/it\/?s={search_term_string}"},"query-input":{"@type":"PropertyValueSpecification","valueRequired":true,"valueName":"search_term_string"}}],"inLanguage":"it-IT"},{"@type":"Person","@id":"https:\/\/www.intoscana.it\/it\/#\/schema\/person\/9223810753230f20bd670fdd322661f8","name":"Redazione","url":"https:\/\/www.intoscana.it\/it\/author\/redazione\/"}]}},"_links":{"self":[{"href":"https:\/\/www.intoscana.it\/it\/wp-json\/wp\/v2\/posts\/201736","targetHints":{"allow":["GET"]}}],"collection":[{"href":"https:\/\/www.intoscana.it\/it\/wp-json\/wp\/v2\/posts"}],"about":[{"href":"https:\/\/www.intoscana.it\/it\/wp-json\/wp\/v2\/types\/post"}],"author":[{"embeddable":true,"href":"https:\/\/www.intoscana.it\/it\/wp-json\/wp\/v2\/users\/525"}],"replies":[{"embeddable":true,"href":"https:\/\/www.intoscana.it\/it\/wp-json\/wp\/v2\/comments?post=201736"}],"version-history":[{"count":0,"href":"https:\/\/www.intoscana.it\/it\/wp-json\/wp\/v2\/posts\/201736\/revisions"}],"wp:featuredmedia":[{"embeddable":true,"href":"https:\/\/www.intoscana.it\/it\/wp-json\/wp\/v2\/media\/201741"}],"wp:attachment":[{"href":"https:\/\/www.intoscana.it\/it\/wp-json\/wp\/v2\/media?parent=201736"}],"wp:term":[{"taxonomy":"category","embeddable":true,"href":"https:\/\/www.intoscana.it\/it\/wp-json\/wp\/v2\/categories?post=201736"},{"taxonomy":"post_tag","embeddable":true,"href":"https:\/\/www.intoscana.it\/it\/wp-json\/wp\/v2\/tags?post=201736"}],"curies":[{"name":"wp","href":"https:\/\/api.w.org\/{rel}","templated":true}]}}