{"id":201780,"date":"2021-12-02T08:56:09","date_gmt":"2021-12-02T07:56:09","guid":{"rendered":"https:\/\/www.intoscana.it\/it\/?p=201780"},"modified":"2021-12-02T10:51:24","modified_gmt":"2021-12-02T09:51:24","slug":"capodanno-a-firenze-niente-concertone-ma-tanti-appuntamenti-in-centro-e-in-periferia","status":"publish","type":"post","link":"https:\/\/www.intoscana.it\/it\/capodanno-a-firenze-niente-concertone-ma-tanti-appuntamenti-in-centro-e-in-periferia\/","title":{"rendered":"Capodanno a Firenze: niente concertone ma tanti appuntamenti in centro e in periferia"},"content":{"rendered":"<p><strong>Torna il Capodanno in piazza a Firenze<\/strong>. Dopo lo stop dello scorso anno <strong>a causa della pandemia e delle misure restrittive<\/strong> allora in vigore, per salutare il 2022 il Comune ha intenzione di organizzare <strong>tre iniziative nel centro storico e quattro negli altri quartieri<\/strong>.<\/p>\n<p>Le piazze coinvolte sono <strong>Piazza della Signoria, piazza del Carmine, piazza Santissima Annunziata, piazza delle Cure, piazza Bartali, piazza dell\u2019Isolotto, gallerie aperte del centro commerciale San Donato<\/strong>.<\/p>\n<p><em>\u201cSar\u00e0 una gioia tornare a festeggiare insieme in piazza ma non dobbiamo abbassare la guardia &#8211;<\/em><strong> ha detto il sindaco Dario Nardella <\/strong><em>-. La pandemia \u00e8 ancora in corso, i contagi stanno risalendo e dobbiamo vaccinarci e prendere le precauzioni sanitarie previste, a partire dalla mascherina. Vogliamo trascorrere le feste in serenit\u00e0 ma non dobbiamo dimenticare quando appena un anno fa era in vigore il coprifuoco. Per questo \u00e8 necessario ancora uno sforzo di responsabilit\u00e0 da parte di tutti per festeggiare in sicurezza e abbiamo scelto di avere appuntamenti diversificati nei Quartieri cos\u00ec da favorire un pubblico diluito\u201d.<\/em><\/p>\n<p>Per evitare assembramenti <strong>niente \u2018\u2018concertone\u2019 in favore di intrattenimenti pi\u00f9 piccoli.<\/strong> Piazza della<strong> Signoria<\/strong> sar\u00e0 dedicata a <strong>spettacoli acrobatici, giochi di luci e proiezioni e musica<\/strong>; piazza del <strong>Carmine<\/strong> ospiter\u00e0 uno<strong> spettacolo di musica jazz<\/strong> con una band musicale itinerante; piazza <strong>santissima Annunziata<\/strong> sar\u00e0 dedicata al <strong>Gospel<\/strong>. Nei quartieri invece cominceranno gi\u00e0 dal pomeriggio<strong> eventi dedicati soprattutto alle famiglie e ai bambini.<\/strong><\/p>\n<p><strong>L\u2019avviso pubblico <\/strong>per presentare iniziative da parte dei promoter \u00e8 consultabile sulla rete civica<strong>: <a href=\"https:\/\/www.comune.fi.it\/system\/files\/2021-11\/avviso%20di%20selezione_signed.pdf\" target=\"_blank\" rel=\"noopener\">https:\/\/www.comune.fi.it\/system\/files\/2021-11\/avviso%20di%20selezione_signed.pdf<\/a><\/strong><\/p>\n<p><strong>Il bando che si chiude il 14 dicembre<\/strong> alle ore 13, prevede agevolazioni ai vincitori con la possibilit\u00e0 di <strong>accedere a contributi e agevolazioni varie come per esempio l\u2019esenzione del Cosap.<\/strong><\/p>\n<p>Il coordinamento del progetto sar\u00e0 affidato all\u2019<strong>associazione Mus.e.<\/strong> Il budget complessivo messo a disposizione dall\u2019amministrazione si aggira sui<strong> 200 mila euro.<\/strong> I contenuti degli eventi e le modalit\u00e0 di fruizione saranno presentati nelle prossime settimane.<\/p>\n<p>&nbsp;<\/p>\n<p>&nbsp;<\/p>\n","protected":false},"excerpt":{"rendered":"<p>Il sindaco Dario Nardella: \u201cL\u2019augurio \u00e8 di trascorrere una serata di divertimento ma senza abbassare la guardia\u201d<\/p>\n","protected":false},"author":525,"featured_media":98090,"comment_status":"open","ping_status":"open","sticky":false,"template":"","format":"standard","meta":{"_acf_changed":false,"footnotes":""},"categories":[494],"tags":[5185,202],"class_list":["post-201780","post","type-post","status-publish","format-standard","has-post-thumbnail","hentry","category-attualita","tag-capodanno","tag-firenze"],"acf":[],"yoast_head":"<!-- This site is optimized with the Yoast SEO Premium plugin v24.2 (Yoast SEO v25.6) - https:\/\/yoast.com\/wordpress\/plugins\/seo\/ -->\n<title>Capodanno a Firenze: niente concertone ma tanti appuntamenti in centro e in periferia - intoscana<\/title>\n<meta name=\"description\" content=\"Il sindaco Dario Nardella: \u201cL\u2019augurio \u00e8 di trascorrere una serata di divertimento ma senza abbassare la guardia\u201d\" \/>\n<meta name=\"robots\" content=\"index, follow, max-snippet:-1, max-image-preview:large, max-video-preview:-1\" \/>\n<link rel=\"canonical\" href=\"https:\/\/www.intoscana.it\/it\/capodanno-a-firenze-niente-concertone-ma-tanti-appuntamenti-in-centro-e-in-periferia\/\" \/>\n<meta property=\"og:locale\" content=\"it_IT\" \/>\n<meta property=\"og:type\" content=\"article\" \/>\n<meta property=\"og:title\" content=\"Capodanno a Firenze: niente concertone ma tanti appuntamenti in centro e in periferia\" \/>\n<meta property=\"og:description\" content=\"Il sindaco Dario Nardella: \u201cL\u2019augurio \u00e8 di trascorrere una serata di divertimento ma senza abbassare la guardia\u201d\" \/>\n<meta property=\"og:url\" content=\"https:\/\/www.intoscana.it\/it\/capodanno-a-firenze-niente-concertone-ma-tanti-appuntamenti-in-centro-e-in-periferia\/\" \/>\n<meta property=\"og:site_name\" content=\"intoscana\" \/>\n<meta property=\"article:publisher\" content=\"https:\/\/www.facebook.com\/intoscana.it\" \/>\n<meta property=\"article:published_time\" content=\"2021-12-02T07:56:09+00:00\" \/>\n<meta property=\"article:modified_time\" content=\"2021-12-02T09:51:24+00:00\" \/>\n<meta property=\"og:image\" content=\"https:\/\/www.intoscana.it\/wp-content\/uploads\/capodanno_firenze.jpg\" \/>\n\t<meta property=\"og:image:width\" content=\"2000\" \/>\n\t<meta property=\"og:image:height\" content=\"1333\" \/>\n\t<meta property=\"og:image:type\" content=\"image\/jpeg\" \/>\n<meta name=\"author\" content=\"Redazione\" \/>\n<meta name=\"twitter:card\" content=\"summary_large_image\" \/>\n<meta name=\"twitter:creator\" content=\"@intoscana\" \/>\n<meta name=\"twitter:site\" content=\"@intoscana\" \/>\n<meta name=\"twitter:label1\" content=\"Written by\" \/>\n\t<meta name=\"twitter:data1\" content=\"Redazione\" \/>\n\t<meta name=\"twitter:label2\" content=\"Est. reading time\" \/>\n\t<meta name=\"twitter:data2\" content=\"2 minuti\" \/>\n<script type=\"application\/ld+json\" class=\"yoast-schema-graph\">{\"@context\":\"https:\/\/schema.org\",\"@graph\":[{\"@type\":\"WebPage\",\"@id\":\"https:\/\/www.intoscana.it\/it\/capodanno-a-firenze-niente-concertone-ma-tanti-appuntamenti-in-centro-e-in-periferia\/\",\"url\":\"https:\/\/www.intoscana.it\/it\/capodanno-a-firenze-niente-concertone-ma-tanti-appuntamenti-in-centro-e-in-periferia\/\",\"name\":\"Capodanno a Firenze: niente concertone ma tanti appuntamenti in centro e in periferia - intoscana\",\"isPartOf\":{\"@id\":\"https:\/\/www.intoscana.it\/it\/#website\"},\"primaryImageOfPage\":{\"@id\":\"https:\/\/www.intoscana.it\/it\/capodanno-a-firenze-niente-concertone-ma-tanti-appuntamenti-in-centro-e-in-periferia\/#primaryimage\"},\"image\":{\"@id\":\"https:\/\/www.intoscana.it\/it\/capodanno-a-firenze-niente-concertone-ma-tanti-appuntamenti-in-centro-e-in-periferia\/#primaryimage\"},\"thumbnailUrl\":\"https:\/\/www.intoscana.it\/wp-content\/uploads\/capodanno_firenze.jpg\",\"datePublished\":\"2021-12-02T07:56:09+00:00\",\"dateModified\":\"2021-12-02T09:51:24+00:00\",\"author\":{\"@id\":\"https:\/\/www.intoscana.it\/it\/#\/schema\/person\/9223810753230f20bd670fdd322661f8\"},\"description\":\"Il sindaco Dario Nardella: \u201cL\u2019augurio \u00e8 di trascorrere una serata di divertimento ma senza abbassare la guardia\u201d\",\"breadcrumb\":{\"@id\":\"https:\/\/www.intoscana.it\/it\/capodanno-a-firenze-niente-concertone-ma-tanti-appuntamenti-in-centro-e-in-periferia\/#breadcrumb\"},\"inLanguage\":\"it-IT\",\"potentialAction\":[{\"@type\":\"ReadAction\",\"target\":[\"https:\/\/www.intoscana.it\/it\/capodanno-a-firenze-niente-concertone-ma-tanti-appuntamenti-in-centro-e-in-periferia\/\"]}]},{\"@type\":\"ImageObject\",\"inLanguage\":\"it-IT\",\"@id\":\"https:\/\/www.intoscana.it\/it\/capodanno-a-firenze-niente-concertone-ma-tanti-appuntamenti-in-centro-e-in-periferia\/#primaryimage\",\"url\":\"https:\/\/www.intoscana.it\/wp-content\/uploads\/capodanno_firenze.jpg\",\"contentUrl\":\"https:\/\/www.intoscana.it\/wp-content\/uploads\/capodanno_firenze.jpg\",\"width\":2000,\"height\":1333,\"caption\":\"Fuochi d'artificio a Firenze\"},{\"@type\":\"BreadcrumbList\",\"@id\":\"https:\/\/www.intoscana.it\/it\/capodanno-a-firenze-niente-concertone-ma-tanti-appuntamenti-in-centro-e-in-periferia\/#breadcrumb\",\"itemListElement\":[{\"@type\":\"ListItem\",\"position\":1,\"name\":\"Home\",\"item\":\"https:\/\/www.intoscana.it\/it\/\"},{\"@type\":\"ListItem\",\"position\":2,\"name\":\"Capodanno a Firenze: niente concertone ma tanti appuntamenti in centro e in periferia\"}]},{\"@type\":\"WebSite\",\"@id\":\"https:\/\/www.intoscana.it\/it\/#website\",\"url\":\"https:\/\/www.intoscana.it\/it\/\",\"name\":\"intoscana\",\"description\":\"\",\"potentialAction\":[{\"@type\":\"SearchAction\",\"target\":{\"@type\":\"EntryPoint\",\"urlTemplate\":\"https:\/\/www.intoscana.it\/it\/?s={search_term_string}\"},\"query-input\":{\"@type\":\"PropertyValueSpecification\",\"valueRequired\":true,\"valueName\":\"search_term_string\"}}],\"inLanguage\":\"it-IT\"},{\"@type\":\"Person\",\"@id\":\"https:\/\/www.intoscana.it\/it\/#\/schema\/person\/9223810753230f20bd670fdd322661f8\",\"name\":\"Redazione\",\"url\":\"https:\/\/www.intoscana.it\/it\/author\/redazione\/\"}]}<\/script>\n<!-- \/ Yoast SEO Premium plugin. -->","yoast_head_json":{"title":"Capodanno a Firenze: niente concertone ma tanti appuntamenti in centro e in periferia - intoscana","description":"Il sindaco Dario Nardella: \u201cL\u2019augurio \u00e8 di trascorrere una serata di divertimento ma senza abbassare la guardia\u201d","robots":{"index":"index","follow":"follow","max-snippet":"max-snippet:-1","max-image-preview":"max-image-preview:large","max-video-preview":"max-video-preview:-1"},"canonical":"https:\/\/www.intoscana.it\/it\/capodanno-a-firenze-niente-concertone-ma-tanti-appuntamenti-in-centro-e-in-periferia\/","og_locale":"it_IT","og_type":"article","og_title":"Capodanno a Firenze: niente concertone ma tanti appuntamenti in centro e in periferia","og_description":"Il sindaco Dario Nardella: \u201cL\u2019augurio \u00e8 di trascorrere una serata di divertimento ma senza abbassare la guardia\u201d","og_url":"https:\/\/www.intoscana.it\/it\/capodanno-a-firenze-niente-concertone-ma-tanti-appuntamenti-in-centro-e-in-periferia\/","og_site_name":"intoscana","article_publisher":"https:\/\/www.facebook.com\/intoscana.it","article_published_time":"2021-12-02T07:56:09+00:00","article_modified_time":"2021-12-02T09:51:24+00:00","og_image":[{"width":2000,"height":1333,"url":"https:\/\/www.intoscana.it\/wp-content\/uploads\/capodanno_firenze.jpg","type":"image\/jpeg"}],"author":"Redazione","twitter_card":"summary_large_image","twitter_creator":"@intoscana","twitter_site":"@intoscana","twitter_misc":{"Written by":"Redazione","Est. reading time":"2 minuti"},"schema":{"@context":"https:\/\/schema.org","@graph":[{"@type":"WebPage","@id":"https:\/\/www.intoscana.it\/it\/capodanno-a-firenze-niente-concertone-ma-tanti-appuntamenti-in-centro-e-in-periferia\/","url":"https:\/\/www.intoscana.it\/it\/capodanno-a-firenze-niente-concertone-ma-tanti-appuntamenti-in-centro-e-in-periferia\/","name":"Capodanno a Firenze: niente concertone ma tanti appuntamenti in centro e in periferia - intoscana","isPartOf":{"@id":"https:\/\/www.intoscana.it\/it\/#website"},"primaryImageOfPage":{"@id":"https:\/\/www.intoscana.it\/it\/capodanno-a-firenze-niente-concertone-ma-tanti-appuntamenti-in-centro-e-in-periferia\/#primaryimage"},"image":{"@id":"https:\/\/www.intoscana.it\/it\/capodanno-a-firenze-niente-concertone-ma-tanti-appuntamenti-in-centro-e-in-periferia\/#primaryimage"},"thumbnailUrl":"https:\/\/www.intoscana.it\/wp-content\/uploads\/capodanno_firenze.jpg","datePublished":"2021-12-02T07:56:09+00:00","dateModified":"2021-12-02T09:51:24+00:00","author":{"@id":"https:\/\/www.intoscana.it\/it\/#\/schema\/person\/9223810753230f20bd670fdd322661f8"},"description":"Il sindaco Dario Nardella: \u201cL\u2019augurio \u00e8 di trascorrere una serata di divertimento ma senza abbassare la guardia\u201d","breadcrumb":{"@id":"https:\/\/www.intoscana.it\/it\/capodanno-a-firenze-niente-concertone-ma-tanti-appuntamenti-in-centro-e-in-periferia\/#breadcrumb"},"inLanguage":"it-IT","potentialAction":[{"@type":"ReadAction","target":["https:\/\/www.intoscana.it\/it\/capodanno-a-firenze-niente-concertone-ma-tanti-appuntamenti-in-centro-e-in-periferia\/"]}]},{"@type":"ImageObject","inLanguage":"it-IT","@id":"https:\/\/www.intoscana.it\/it\/capodanno-a-firenze-niente-concertone-ma-tanti-appuntamenti-in-centro-e-in-periferia\/#primaryimage","url":"https:\/\/www.intoscana.it\/wp-content\/uploads\/capodanno_firenze.jpg","contentUrl":"https:\/\/www.intoscana.it\/wp-content\/uploads\/capodanno_firenze.jpg","width":2000,"height":1333,"caption":"Fuochi d'artificio a Firenze"},{"@type":"BreadcrumbList","@id":"https:\/\/www.intoscana.it\/it\/capodanno-a-firenze-niente-concertone-ma-tanti-appuntamenti-in-centro-e-in-periferia\/#breadcrumb","itemListElement":[{"@type":"ListItem","position":1,"name":"Home","item":"https:\/\/www.intoscana.it\/it\/"},{"@type":"ListItem","position":2,"name":"Capodanno a Firenze: niente concertone ma tanti appuntamenti in centro e in periferia"}]},{"@type":"WebSite","@id":"https:\/\/www.intoscana.it\/it\/#website","url":"https:\/\/www.intoscana.it\/it\/","name":"intoscana","description":"","potentialAction":[{"@type":"SearchAction","target":{"@type":"EntryPoint","urlTemplate":"https:\/\/www.intoscana.it\/it\/?s={search_term_string}"},"query-input":{"@type":"PropertyValueSpecification","valueRequired":true,"valueName":"search_term_string"}}],"inLanguage":"it-IT"},{"@type":"Person","@id":"https:\/\/www.intoscana.it\/it\/#\/schema\/person\/9223810753230f20bd670fdd322661f8","name":"Redazione","url":"https:\/\/www.intoscana.it\/it\/author\/redazione\/"}]}},"_links":{"self":[{"href":"https:\/\/www.intoscana.it\/it\/wp-json\/wp\/v2\/posts\/201780","targetHints":{"allow":["GET"]}}],"collection":[{"href":"https:\/\/www.intoscana.it\/it\/wp-json\/wp\/v2\/posts"}],"about":[{"href":"https:\/\/www.intoscana.it\/it\/wp-json\/wp\/v2\/types\/post"}],"author":[{"embeddable":true,"href":"https:\/\/www.intoscana.it\/it\/wp-json\/wp\/v2\/users\/525"}],"replies":[{"embeddable":true,"href":"https:\/\/www.intoscana.it\/it\/wp-json\/wp\/v2\/comments?post=201780"}],"version-history":[{"count":0,"href":"https:\/\/www.intoscana.it\/it\/wp-json\/wp\/v2\/posts\/201780\/revisions"}],"wp:featuredmedia":[{"embeddable":true,"href":"https:\/\/www.intoscana.it\/it\/wp-json\/wp\/v2\/media\/98090"}],"wp:attachment":[{"href":"https:\/\/www.intoscana.it\/it\/wp-json\/wp\/v2\/media?parent=201780"}],"wp:term":[{"taxonomy":"category","embeddable":true,"href":"https:\/\/www.intoscana.it\/it\/wp-json\/wp\/v2\/categories?post=201780"},{"taxonomy":"post_tag","embeddable":true,"href":"https:\/\/www.intoscana.it\/it\/wp-json\/wp\/v2\/tags?post=201780"}],"curies":[{"name":"wp","href":"https:\/\/api.w.org\/{rel}","templated":true}]}}