{"id":201791,"date":"2021-12-02T10:55:14","date_gmt":"2021-12-02T09:55:14","guid":{"rendered":"https:\/\/www.intoscana.it\/it\/?p=201791"},"modified":"2021-12-02T14:34:28","modified_gmt":"2021-12-02T13:34:28","slug":"musei-per-tutti-a-firenze-nella-giornata-internazionale-dei-diritti-delle-persone-con-disabilita","status":"publish","type":"post","link":"https:\/\/www.intoscana.it\/it\/musei-per-tutti-a-firenze-nella-giornata-internazionale-dei-diritti-delle-persone-con-disabilita\/","title":{"rendered":"&#8220;Musei per tutti&#8221; a Firenze nella Giornata internazionale dei Diritti delle Persone con Disabilit\u00e0"},"content":{"rendered":"<p>In occasione della <strong>Giornata Internazionale dei Diritti delle Persone con Disabilit\u00e0, venerd\u00ec 3 dicembre<\/strong> presso il <strong>Museo e Istituto Fiorentino di Preistoria<\/strong> (Via dell\u2019Oriuolo 24) si terr\u00e0 l\u2019evento finale del ciclo di appuntamenti <em><strong>\u201cMusei per tutti\u201d<\/strong> <\/em>promosso da <strong>Musei Welcome Firenze,<\/strong> la rete dei musei fiorentini sostenuta dalla <strong>Regione Toscana per promuovere l\u2019inclusione e l\u2019accessibilit\u00e0 ai musei<\/strong> delle categorie pi\u00f9 fragili e svantaggiate.<\/p>\n<p>Un\u2019occasione per <strong>scoprire l\u2019archeologia sociale<\/strong> e cio\u00e8 un modo nuovo di vivere il <strong>Museo e Istituto Fiorentino di Preistoria nel segno dell\u2019inclusivit\u00e0,<\/strong> coniugando la scoperta del patrimonio archeologico e la sensibilizzazione al tema dell&#8217;accessibilit\u00e0 ai beni culturali.<\/p>\n<p>Nel corso della mattinata il Museo sar\u00e0 aperto alle persone con disabilit\u00e0 e non, che potranno sperimentare <strong>il percorso espositivo progettato con un\u2019attenzione particolare a chi vive difficolt\u00e0 permanenti o temporanee di mobilit\u00e0,<\/strong> ha difficolt\u00e0 visuali, uditive e cognitive e alle persone con DSA. Nell\u2019occasione, si potr\u00e0 anche vedere un\u2019anteprima del riallestimento del museo <em><strong>&#8220;Vetrine Aperte&#8221;<\/strong> <\/em>che porter\u00e0 alla<strong> rimozione completa del vetro delle teche in modo da rendere tattili i reperti esposti, originali compresi.<\/strong><\/p>\n<p>Dalle 10.00 alle 13.00 invece si svolger\u00e0 l\u2019incontro formativo<em><strong> &#8220;Avere cura: esperienze formative per l&#8217;inclusione\u201d<\/strong><\/em> rivolto agli educatori e alle educatrici museali per condividere strategie per rendere i percorsi museali sempre pi\u00f9 accessibili e inclusivi per le persone con disabilit\u00e0. Interverranno: Maria Gabriella Giorgi, consulente, Silvia Forcelli, psicologa specializzata in psicologia dell&#8217;et\u00e0 evolutiva che relazioner\u00e0 su: <em><strong>\u201cMe e l\u2019altro: connessioni con l\u2019autismo\u201d<\/strong> <\/em>e Giuliano Stenico psicopedagogista, fondatore e presidente del CeIS (Centro italiano di solidariet\u00e0) sul tema <em><strong>&#8220;Perch\u00e8 prendersi cura?&#8221;.<\/strong><\/em><\/p>\n<p>Dal 19 novembre ad oggi, hanno partecipato agli eventi del ciclo <em><strong>\u201cMusei per tutti\u201d<\/strong><\/em> oltre 150 persone e tutte hanno apprezzato i vantaggi che porta alla collettivit\u00e0 il <strong>ripensare gli spazi, i percorsi museali e i servizi in un\u2019ottica inclusiv<\/strong>a, rimuovendo barriere architettoniche e culturali.<\/p>\n<p>Dal 2018 ad oggi <strong>sono oltre 2000 le persone con disabilit\u00e0 che hanno partecipato ai 150 eventi,<\/strong> in presenza e online, organizzati dai musei della Rete. Una progettazione che non si \u00e8 fermata nemmeno durante il lockdown e che ha attivato<strong> collaborazioni con oltre 40 realt\u00e0 che operano sul territorio<\/strong>: cooperative sociali, associazioni culturali, ONLUS, case di riposo, residenze sanitarie assistenziali, centri di accoglienza, case-famiglia e centri diurni di riabilitazione sociale, permettendo alle persone con disabilit\u00e0 di essere coinvolte direttamente non solo come visitatori dei musei ma anche come protagonisti degli eventi stessi.<\/p>\n<p>Una scelta in linea con la filosofia <em><strong>Welcome<\/strong> <\/em>che intende <strong>trasformare i musei in luoghi di aggregazione culturale e di inclusione<\/strong> in cui vengono superati i pregiudizi e abbattute le barriere sensoriali, cognitive e sociali.<\/p>\n","protected":false},"excerpt":{"rendered":"<p>Venerd\u00ec 3 dicembre una giornata formativa rivolta a educatrici e educatori museali e un\u2019anteprima del riallestimento del museo &#8220;Vetrine Aperte&#8221; che rimuovendo il vetro delle teche render\u00e0 tattili i reperti esposti, originali compresi<\/p>\n","protected":false},"author":525,"featured_media":201792,"comment_status":"open","ping_status":"open","sticky":false,"template":"","format":"standard","meta":{"_acf_changed":false,"footnotes":""},"categories":[494],"tags":[406],"class_list":["post-201791","post","type-post","status-publish","format-standard","has-post-thumbnail","hentry","category-attualita","tag-disabilita"],"acf":[],"yoast_head":"<!-- This site is optimized with the Yoast SEO Premium plugin v24.2 (Yoast SEO v25.6) - https:\/\/yoast.com\/wordpress\/plugins\/seo\/ -->\n<title>&quot;Musei per tutti&quot; a Firenze nella Giornata internazionale dei Diritti delle Persone con Disabilit\u00e0 - intoscana<\/title>\n<meta name=\"robots\" content=\"index, follow, max-snippet:-1, max-image-preview:large, max-video-preview:-1\" \/>\n<link rel=\"canonical\" href=\"https:\/\/www.intoscana.it\/it\/musei-per-tutti-a-firenze-nella-giornata-internazionale-dei-diritti-delle-persone-con-disabilita\/\" \/>\n<meta property=\"og:locale\" content=\"it_IT\" \/>\n<meta property=\"og:type\" content=\"article\" \/>\n<meta property=\"og:title\" content=\"&quot;Musei per tutti&quot; a Firenze nella Giornata internazionale dei Diritti delle Persone con Disabilit\u00e0\" \/>\n<meta property=\"og:description\" content=\"Venerd\u00ec 3 dicembre una giornata formativa rivolta a educatrici e educatori museali e un\u2019anteprima del riallestimento del museo &quot;Vetrine Aperte&quot; che rimuovendo il vetro delle teche render\u00e0 tattili i reperti esposti, originali compresi\" \/>\n<meta property=\"og:url\" content=\"https:\/\/www.intoscana.it\/it\/musei-per-tutti-a-firenze-nella-giornata-internazionale-dei-diritti-delle-persone-con-disabilita\/\" \/>\n<meta property=\"og:site_name\" content=\"intoscana\" \/>\n<meta property=\"article:publisher\" content=\"https:\/\/www.facebook.com\/intoscana.it\" \/>\n<meta property=\"article:published_time\" content=\"2021-12-02T09:55:14+00:00\" \/>\n<meta property=\"article:modified_time\" content=\"2021-12-02T13:34:28+00:00\" \/>\n<meta property=\"og:image\" content=\"https:\/\/www.intoscana.it\/wp-content\/uploads\/archeomeyer-1.jpeg\" \/>\n\t<meta property=\"og:image:width\" content=\"1440\" \/>\n\t<meta property=\"og:image:height\" content=\"1440\" \/>\n\t<meta property=\"og:image:type\" content=\"image\/jpeg\" \/>\n<meta name=\"author\" content=\"Redazione\" \/>\n<meta name=\"twitter:card\" content=\"summary_large_image\" \/>\n<meta name=\"twitter:creator\" content=\"@intoscana\" \/>\n<meta name=\"twitter:site\" content=\"@intoscana\" \/>\n<meta name=\"twitter:label1\" content=\"Written by\" \/>\n\t<meta name=\"twitter:data1\" content=\"Redazione\" \/>\n\t<meta name=\"twitter:label2\" content=\"Est. reading time\" \/>\n\t<meta name=\"twitter:data2\" content=\"2 minuti\" \/>\n<script type=\"application\/ld+json\" class=\"yoast-schema-graph\">{\"@context\":\"https:\/\/schema.org\",\"@graph\":[{\"@type\":\"WebPage\",\"@id\":\"https:\/\/www.intoscana.it\/it\/musei-per-tutti-a-firenze-nella-giornata-internazionale-dei-diritti-delle-persone-con-disabilita\/\",\"url\":\"https:\/\/www.intoscana.it\/it\/musei-per-tutti-a-firenze-nella-giornata-internazionale-dei-diritti-delle-persone-con-disabilita\/\",\"name\":\"\\\"Musei per tutti\\\" a Firenze nella Giornata internazionale dei Diritti delle Persone con Disabilit\u00e0 - intoscana\",\"isPartOf\":{\"@id\":\"https:\/\/www.intoscana.it\/it\/#website\"},\"primaryImageOfPage\":{\"@id\":\"https:\/\/www.intoscana.it\/it\/musei-per-tutti-a-firenze-nella-giornata-internazionale-dei-diritti-delle-persone-con-disabilita\/#primaryimage\"},\"image\":{\"@id\":\"https:\/\/www.intoscana.it\/it\/musei-per-tutti-a-firenze-nella-giornata-internazionale-dei-diritti-delle-persone-con-disabilita\/#primaryimage\"},\"thumbnailUrl\":\"https:\/\/www.intoscana.it\/wp-content\/uploads\/archeomeyer-1.jpeg\",\"datePublished\":\"2021-12-02T09:55:14+00:00\",\"dateModified\":\"2021-12-02T13:34:28+00:00\",\"author\":{\"@id\":\"https:\/\/www.intoscana.it\/it\/#\/schema\/person\/9223810753230f20bd670fdd322661f8\"},\"breadcrumb\":{\"@id\":\"https:\/\/www.intoscana.it\/it\/musei-per-tutti-a-firenze-nella-giornata-internazionale-dei-diritti-delle-persone-con-disabilita\/#breadcrumb\"},\"inLanguage\":\"it-IT\",\"potentialAction\":[{\"@type\":\"ReadAction\",\"target\":[\"https:\/\/www.intoscana.it\/it\/musei-per-tutti-a-firenze-nella-giornata-internazionale-dei-diritti-delle-persone-con-disabilita\/\"]}]},{\"@type\":\"ImageObject\",\"inLanguage\":\"it-IT\",\"@id\":\"https:\/\/www.intoscana.it\/it\/musei-per-tutti-a-firenze-nella-giornata-internazionale-dei-diritti-delle-persone-con-disabilita\/#primaryimage\",\"url\":\"https:\/\/www.intoscana.it\/wp-content\/uploads\/archeomeyer-1.jpeg\",\"contentUrl\":\"https:\/\/www.intoscana.it\/wp-content\/uploads\/archeomeyer-1.jpeg\",\"width\":1440,\"height\":1440},{\"@type\":\"BreadcrumbList\",\"@id\":\"https:\/\/www.intoscana.it\/it\/musei-per-tutti-a-firenze-nella-giornata-internazionale-dei-diritti-delle-persone-con-disabilita\/#breadcrumb\",\"itemListElement\":[{\"@type\":\"ListItem\",\"position\":1,\"name\":\"Home\",\"item\":\"https:\/\/www.intoscana.it\/it\/\"},{\"@type\":\"ListItem\",\"position\":2,\"name\":\"&#8220;Musei per tutti&#8221; a Firenze nella Giornata internazionale dei Diritti delle Persone con Disabilit\u00e0\"}]},{\"@type\":\"WebSite\",\"@id\":\"https:\/\/www.intoscana.it\/it\/#website\",\"url\":\"https:\/\/www.intoscana.it\/it\/\",\"name\":\"intoscana\",\"description\":\"\",\"potentialAction\":[{\"@type\":\"SearchAction\",\"target\":{\"@type\":\"EntryPoint\",\"urlTemplate\":\"https:\/\/www.intoscana.it\/it\/?s={search_term_string}\"},\"query-input\":{\"@type\":\"PropertyValueSpecification\",\"valueRequired\":true,\"valueName\":\"search_term_string\"}}],\"inLanguage\":\"it-IT\"},{\"@type\":\"Person\",\"@id\":\"https:\/\/www.intoscana.it\/it\/#\/schema\/person\/9223810753230f20bd670fdd322661f8\",\"name\":\"Redazione\",\"url\":\"https:\/\/www.intoscana.it\/it\/author\/redazione\/\"}]}<\/script>\n<!-- \/ Yoast SEO Premium plugin. -->","yoast_head_json":{"title":"\"Musei per tutti\" a Firenze nella Giornata internazionale dei Diritti delle Persone con Disabilit\u00e0 - intoscana","robots":{"index":"index","follow":"follow","max-snippet":"max-snippet:-1","max-image-preview":"max-image-preview:large","max-video-preview":"max-video-preview:-1"},"canonical":"https:\/\/www.intoscana.it\/it\/musei-per-tutti-a-firenze-nella-giornata-internazionale-dei-diritti-delle-persone-con-disabilita\/","og_locale":"it_IT","og_type":"article","og_title":"\"Musei per tutti\" a Firenze nella Giornata internazionale dei Diritti delle Persone con Disabilit\u00e0","og_description":"Venerd\u00ec 3 dicembre una giornata formativa rivolta a educatrici e educatori museali e un\u2019anteprima del riallestimento del museo \"Vetrine Aperte\" che rimuovendo il vetro delle teche render\u00e0 tattili i reperti esposti, originali compresi","og_url":"https:\/\/www.intoscana.it\/it\/musei-per-tutti-a-firenze-nella-giornata-internazionale-dei-diritti-delle-persone-con-disabilita\/","og_site_name":"intoscana","article_publisher":"https:\/\/www.facebook.com\/intoscana.it","article_published_time":"2021-12-02T09:55:14+00:00","article_modified_time":"2021-12-02T13:34:28+00:00","og_image":[{"width":1440,"height":1440,"url":"https:\/\/www.intoscana.it\/wp-content\/uploads\/archeomeyer-1.jpeg","type":"image\/jpeg"}],"author":"Redazione","twitter_card":"summary_large_image","twitter_creator":"@intoscana","twitter_site":"@intoscana","twitter_misc":{"Written by":"Redazione","Est. reading time":"2 minuti"},"schema":{"@context":"https:\/\/schema.org","@graph":[{"@type":"WebPage","@id":"https:\/\/www.intoscana.it\/it\/musei-per-tutti-a-firenze-nella-giornata-internazionale-dei-diritti-delle-persone-con-disabilita\/","url":"https:\/\/www.intoscana.it\/it\/musei-per-tutti-a-firenze-nella-giornata-internazionale-dei-diritti-delle-persone-con-disabilita\/","name":"\"Musei per tutti\" a Firenze nella Giornata internazionale dei Diritti delle Persone con Disabilit\u00e0 - intoscana","isPartOf":{"@id":"https:\/\/www.intoscana.it\/it\/#website"},"primaryImageOfPage":{"@id":"https:\/\/www.intoscana.it\/it\/musei-per-tutti-a-firenze-nella-giornata-internazionale-dei-diritti-delle-persone-con-disabilita\/#primaryimage"},"image":{"@id":"https:\/\/www.intoscana.it\/it\/musei-per-tutti-a-firenze-nella-giornata-internazionale-dei-diritti-delle-persone-con-disabilita\/#primaryimage"},"thumbnailUrl":"https:\/\/www.intoscana.it\/wp-content\/uploads\/archeomeyer-1.jpeg","datePublished":"2021-12-02T09:55:14+00:00","dateModified":"2021-12-02T13:34:28+00:00","author":{"@id":"https:\/\/www.intoscana.it\/it\/#\/schema\/person\/9223810753230f20bd670fdd322661f8"},"breadcrumb":{"@id":"https:\/\/www.intoscana.it\/it\/musei-per-tutti-a-firenze-nella-giornata-internazionale-dei-diritti-delle-persone-con-disabilita\/#breadcrumb"},"inLanguage":"it-IT","potentialAction":[{"@type":"ReadAction","target":["https:\/\/www.intoscana.it\/it\/musei-per-tutti-a-firenze-nella-giornata-internazionale-dei-diritti-delle-persone-con-disabilita\/"]}]},{"@type":"ImageObject","inLanguage":"it-IT","@id":"https:\/\/www.intoscana.it\/it\/musei-per-tutti-a-firenze-nella-giornata-internazionale-dei-diritti-delle-persone-con-disabilita\/#primaryimage","url":"https:\/\/www.intoscana.it\/wp-content\/uploads\/archeomeyer-1.jpeg","contentUrl":"https:\/\/www.intoscana.it\/wp-content\/uploads\/archeomeyer-1.jpeg","width":1440,"height":1440},{"@type":"BreadcrumbList","@id":"https:\/\/www.intoscana.it\/it\/musei-per-tutti-a-firenze-nella-giornata-internazionale-dei-diritti-delle-persone-con-disabilita\/#breadcrumb","itemListElement":[{"@type":"ListItem","position":1,"name":"Home","item":"https:\/\/www.intoscana.it\/it\/"},{"@type":"ListItem","position":2,"name":"&#8220;Musei per tutti&#8221; a Firenze nella Giornata internazionale dei Diritti delle Persone con Disabilit\u00e0"}]},{"@type":"WebSite","@id":"https:\/\/www.intoscana.it\/it\/#website","url":"https:\/\/www.intoscana.it\/it\/","name":"intoscana","description":"","potentialAction":[{"@type":"SearchAction","target":{"@type":"EntryPoint","urlTemplate":"https:\/\/www.intoscana.it\/it\/?s={search_term_string}"},"query-input":{"@type":"PropertyValueSpecification","valueRequired":true,"valueName":"search_term_string"}}],"inLanguage":"it-IT"},{"@type":"Person","@id":"https:\/\/www.intoscana.it\/it\/#\/schema\/person\/9223810753230f20bd670fdd322661f8","name":"Redazione","url":"https:\/\/www.intoscana.it\/it\/author\/redazione\/"}]}},"_links":{"self":[{"href":"https:\/\/www.intoscana.it\/it\/wp-json\/wp\/v2\/posts\/201791","targetHints":{"allow":["GET"]}}],"collection":[{"href":"https:\/\/www.intoscana.it\/it\/wp-json\/wp\/v2\/posts"}],"about":[{"href":"https:\/\/www.intoscana.it\/it\/wp-json\/wp\/v2\/types\/post"}],"author":[{"embeddable":true,"href":"https:\/\/www.intoscana.it\/it\/wp-json\/wp\/v2\/users\/525"}],"replies":[{"embeddable":true,"href":"https:\/\/www.intoscana.it\/it\/wp-json\/wp\/v2\/comments?post=201791"}],"version-history":[{"count":0,"href":"https:\/\/www.intoscana.it\/it\/wp-json\/wp\/v2\/posts\/201791\/revisions"}],"wp:featuredmedia":[{"embeddable":true,"href":"https:\/\/www.intoscana.it\/it\/wp-json\/wp\/v2\/media\/201792"}],"wp:attachment":[{"href":"https:\/\/www.intoscana.it\/it\/wp-json\/wp\/v2\/media?parent=201791"}],"wp:term":[{"taxonomy":"category","embeddable":true,"href":"https:\/\/www.intoscana.it\/it\/wp-json\/wp\/v2\/categories?post=201791"},{"taxonomy":"post_tag","embeddable":true,"href":"https:\/\/www.intoscana.it\/it\/wp-json\/wp\/v2\/tags?post=201791"}],"curies":[{"name":"wp","href":"https:\/\/api.w.org\/{rel}","templated":true}]}}