{"id":202040,"date":"2021-12-03T16:00:19","date_gmt":"2021-12-03T15:00:19","guid":{"rendered":"https:\/\/www.intoscana.it\/it\/?p=202040"},"modified":"2021-12-06T12:43:46","modified_gmt":"2021-12-06T11:43:46","slug":"pisa-partiti-i-lavori-per-il-ponte-ciclopedonale-tra-cisanello-e-riglione","status":"publish","type":"post","link":"https:\/\/www.intoscana.it\/it\/pisa-partiti-i-lavori-per-il-ponte-ciclopedonale-tra-cisanello-e-riglione\/","title":{"rendered":"Pisa, partiti i lavori per il ponte ciclopedonale tra Cisanello e Riglione"},"content":{"rendered":"<p>Saranno necessari <strong>300 giorni<\/strong> per realizzare il nuovo <strong>ponte ciclopedonale che collegher\u00e0 Cisanello a Riglione<\/strong> nel Comune di Pisa. Questa mattina, 3 dicembre, alla presenza del sindaco di Pisa Michele Conti, del Presidente del Consiglio Regionale Antonio Mazzeo e del direttore amministrativo dell\u2019Azienda Ospedaliera Universitaria Pisana Carlo Milli,<strong> sono stati presentati i lavori ed \u00e8 stato dato il via al cantiere<\/strong> che \u00e8 stato aperto a Cisanello nell\u2019area lungo l\u2019argine dell\u2019Arno dietro all\u2019Ospedale, dove sono iniziate le prime opere di pulizia degli argini e di scavo per la posa dei pali che sorreggeranno la struttura.<\/p>\n<p>Questo \u00e8 &#8220;<em>Il primo passo verso la realizzazione di un sogno \u2013 <\/em>ha dichiarato il presidente del Consiglio Regionale, <strong>Antonio Mazzeo<\/strong> -.<em> Nel 2015 insieme ai colleghi eletti nel territorio pisano ho fortemente voluto che la Regione cofinanziasse questo progetto presentato dall&#8217;Amministrazione comunale dell\u2019epoca. Porto i saluti del presidente della Regione Toscana Eugenio Giani ed esprimo grande soddisfazione per un\u2019opera che si pone perfettamente in linea con l\u2019idea di Toscana che abbiamo, che \u00e8 quella di <strong>lavorare sulle infrastrutture sostenibili<\/strong>. Il nuovo ponte permette di <strong>ricongiungere due parti della citt\u00e0<\/strong> densamente popolate, fornendo risposte sia ai cittadini che allo sviluppo dell\u2019Ospedale di Cisanello in chiave di sostenibilit\u00e0 ambientale<\/em>\u201d.<\/p>\n<figure id=\"post-202044 media-202044\" class=\"align-center\"><img decoding=\"async\" src=\"https:\/\/www.intoscana.it\/wp-content\/uploads\/avvio-lavori-ponte-riglione-cisanello.jpg\" alt=\"\" \/><\/figure>\n<p>I lavori, affidati alla ditta Preve Costruzioni di Cuneo, sono seguiti da Pisamo, che \u00e8 stata incaricata dal Comune di gestire la fase progettuale, l\u2019affidamento e l\u2019esecuzione delle opere. L\u2019intervento ha un <strong>costo complessivo di 3,5 milioni di euro<\/strong>, di cui 1,7 milioni finanziati dal Comune di Pisa e 1,4 milioni dalla Regione Toscana, a cui si aggiunge un contributo di 400 mila euro da parte dell\u2019Azienda Ospedaliero Universitaria Pisana.<\/p>\n<p>\u201c<em>L\u2019avvio di questo cantiere \u00e8 una giornata storica per Pisa \u2013 <\/em>dichiara il <strong>sindaco di Pisa, Michele Conti<\/strong> \u2013.<em> Come avevamo annunciato, i lavori sono partiti entro la fine del 2021 per arrivare all\u2019inaugurazione del nuovo ponte entro dicembre 2022. Si tratta <strong>di un\u2019opera attesa da anni<\/strong>, che ridisegna la mobilit\u00e0 tra due parti della citt\u00e0 rimaste scollegate tra loro, da quando esisteva proprio in quel punto il passo di barca che ha permesso fino agli anni \u201980 agli abitanti di Riglione di raggiungere l\u2019altra sponda dell\u2019Arno. La nuova passerella, che <strong>dar\u00e0 grande impulso alla mobilit\u00e0 dolce<\/strong>, permetter\u00e0 a Riglione, quartiere densamente abitato, di essere messo agevolmente in collegamento con il polo ospedaliero di Cisanello e con tutta la parte nord della citt\u00e0, senza utilizzare necessariamente l\u2019auto. Un\u2019opera che crea nuove modalit\u00e0 green di connessione tra quartieri, cos\u00ec come vogliamo fare e stiamo facendo in altre parti della citt\u00e0, dando continuit\u00e0 e sviluppo alla rete di piste ciclabili in tutto il nostro territorio<\/em>.\u201d<\/p>\n<figure id=\"post-202043 media-202043\" class=\"align-center\"><img decoding=\"async\" src=\"https:\/\/www.intoscana.it\/wp-content\/uploads\/2021-12-03-Posa-Prima-pietra-ponte-Riglione-Cisanello-15-scaled.jpg\" alt=\"\" \/><\/figure>\n<p>Il nuovo ponte ciclopedonale sull\u2019Arno \u00e8 progettato, sulla base della convenzione stabilita tra Comune di Pisa e AOUP, per <strong>consentire in caso di emergenza straordinaria<\/strong>, come ad esempio la chiusura al traffico del Ponte delle Bocchette, <strong>il transito di ambulanze e mezzi di soccorso<\/strong>. Dalla parte di Cisanello \u00e8 previsto un tratto di viadotto che collegher\u00e0 la passerella, attraverso una rampa, alla pista ciclopedonale che si sviluppa dietro l\u2019Ospedale lungo l\u2019argine, da dove proseguir\u00e0 in collegamento con il Viale delle Piagge. Dalla parte di Riglione il ponte si ricollegher\u00e0 a via Malatesta, attraverso una rampa rilevata, posizionata in direzione parallela al fiume. La nuova passerella sar\u00e0 <strong>completamente accessibile a pedoni, biciclette e persone disabili<\/strong>, dato che le rampe presentano un\u2019inclinazione massima del 5%, come previsto dalle norme in materia di percorsi pedonali.<\/p>\n<p>Il progetto prevede la realizzazione di una passerella \u201cstrallata\u201d, sostenuta da due antenne metalliche alte quasi 27 metri: una struttura in acciaio e cemento armato, leggermente curva, che si sviluppa per un totale di 662 metri con una larghezza di 4 metri e balaustre di protezione al confine del piano viabile. La passerella \u00e8 posizionata a quota +13,30 metri sul livello del mare, ad un\u2019altezza calcolata in modo che <strong>rimanga un metro e mezzo oltre la portata massima del fiume<\/strong>, che \u00e8 calcolata con la quota di piena registrata ogni 200 anni. In questo modo l\u2019impatto dell\u2019opera con il regime idraulico del fiume rimane secondario, limitato a ridotte porzioni di zone di golena vicine ai due argini, senza influire sul corso del fiume. Il nuovo ponte inoltre non richiede sostanziali modifiche alle infrastrutture viarie di Riglione e Cisanello su cui si innesta.<\/p>\n","protected":false},"excerpt":{"rendered":"<p>Grazie a questa nuova infrastruttura sar\u00e0 dato ulteriore slancio alla mobilit\u00e0 ciclabile in citt\u00e0, collegando un quartiere densamente abitato con l&#8217;ospedale<\/p>\n","protected":false},"author":525,"featured_media":202048,"comment_status":"open","ping_status":"open","sticky":false,"template":"","format":"standard","meta":{"_acf_changed":false,"footnotes":""},"categories":[494],"tags":[4760,5857,1577,203],"class_list":["post-202040","post","type-post","status-publish","format-standard","has-post-thumbnail","hentry","category-attualita","tag-antonio-mazzeo","tag-mobilita-ciclabile","tag-muoversi-in-toscana","tag-pisa"],"acf":[],"yoast_head":"<!-- This site is optimized with the Yoast SEO Premium plugin v24.2 (Yoast SEO v25.6) - https:\/\/yoast.com\/wordpress\/plugins\/seo\/ -->\n<title>Pisa, partiti i lavori per il ponte ciclopedonale tra Cisanello e Riglione - intoscana<\/title>\n<meta name=\"robots\" content=\"index, follow, max-snippet:-1, max-image-preview:large, max-video-preview:-1\" \/>\n<link rel=\"canonical\" href=\"https:\/\/www.intoscana.it\/it\/pisa-partiti-i-lavori-per-il-ponte-ciclopedonale-tra-cisanello-e-riglione\/\" \/>\n<meta property=\"og:locale\" content=\"it_IT\" \/>\n<meta property=\"og:type\" content=\"article\" \/>\n<meta property=\"og:title\" content=\"Pisa, partiti i lavori per il ponte ciclopedonale tra Cisanello e Riglione\" \/>\n<meta property=\"og:description\" content=\"Grazie a questa nuova infrastruttura sar\u00e0 dato ulteriore slancio alla mobilit\u00e0 ciclabile in citt\u00e0, collegando un quartiere densamente abitato con l&#039;ospedale\" \/>\n<meta property=\"og:url\" content=\"https:\/\/www.intoscana.it\/it\/pisa-partiti-i-lavori-per-il-ponte-ciclopedonale-tra-cisanello-e-riglione\/\" \/>\n<meta property=\"og:site_name\" content=\"intoscana\" \/>\n<meta property=\"article:publisher\" content=\"https:\/\/www.facebook.com\/intoscana.it\" \/>\n<meta property=\"article:published_time\" content=\"2021-12-03T15:00:19+00:00\" \/>\n<meta property=\"article:modified_time\" content=\"2021-12-06T11:43:46+00:00\" \/>\n<meta property=\"og:image\" content=\"https:\/\/www.intoscana.it\/wp-content\/uploads\/ponte-riglione-cisanello3-scaled.jpg\" \/>\n\t<meta property=\"og:image:width\" content=\"1580\" \/>\n\t<meta property=\"og:image:height\" content=\"2048\" \/>\n\t<meta property=\"og:image:type\" content=\"image\/jpeg\" \/>\n<meta name=\"author\" content=\"Redazione\" \/>\n<meta name=\"twitter:card\" content=\"summary_large_image\" \/>\n<meta name=\"twitter:creator\" content=\"@intoscana\" \/>\n<meta name=\"twitter:site\" content=\"@intoscana\" \/>\n<meta name=\"twitter:label1\" content=\"Written by\" \/>\n\t<meta name=\"twitter:data1\" content=\"Redazione\" \/>\n\t<meta name=\"twitter:label2\" content=\"Est. reading time\" \/>\n\t<meta name=\"twitter:data2\" content=\"4 minuti\" \/>\n<script type=\"application\/ld+json\" class=\"yoast-schema-graph\">{\"@context\":\"https:\/\/schema.org\",\"@graph\":[{\"@type\":\"WebPage\",\"@id\":\"https:\/\/www.intoscana.it\/it\/pisa-partiti-i-lavori-per-il-ponte-ciclopedonale-tra-cisanello-e-riglione\/\",\"url\":\"https:\/\/www.intoscana.it\/it\/pisa-partiti-i-lavori-per-il-ponte-ciclopedonale-tra-cisanello-e-riglione\/\",\"name\":\"Pisa, partiti i lavori per il ponte ciclopedonale tra Cisanello e Riglione - intoscana\",\"isPartOf\":{\"@id\":\"https:\/\/www.intoscana.it\/it\/#website\"},\"primaryImageOfPage\":{\"@id\":\"https:\/\/www.intoscana.it\/it\/pisa-partiti-i-lavori-per-il-ponte-ciclopedonale-tra-cisanello-e-riglione\/#primaryimage\"},\"image\":{\"@id\":\"https:\/\/www.intoscana.it\/it\/pisa-partiti-i-lavori-per-il-ponte-ciclopedonale-tra-cisanello-e-riglione\/#primaryimage\"},\"thumbnailUrl\":\"https:\/\/www.intoscana.it\/wp-content\/uploads\/ponte-riglione-cisanello3-scaled.jpg\",\"datePublished\":\"2021-12-03T15:00:19+00:00\",\"dateModified\":\"2021-12-06T11:43:46+00:00\",\"author\":{\"@id\":\"https:\/\/www.intoscana.it\/it\/#\/schema\/person\/9223810753230f20bd670fdd322661f8\"},\"breadcrumb\":{\"@id\":\"https:\/\/www.intoscana.it\/it\/pisa-partiti-i-lavori-per-il-ponte-ciclopedonale-tra-cisanello-e-riglione\/#breadcrumb\"},\"inLanguage\":\"it-IT\",\"potentialAction\":[{\"@type\":\"ReadAction\",\"target\":[\"https:\/\/www.intoscana.it\/it\/pisa-partiti-i-lavori-per-il-ponte-ciclopedonale-tra-cisanello-e-riglione\/\"]}]},{\"@type\":\"ImageObject\",\"inLanguage\":\"it-IT\",\"@id\":\"https:\/\/www.intoscana.it\/it\/pisa-partiti-i-lavori-per-il-ponte-ciclopedonale-tra-cisanello-e-riglione\/#primaryimage\",\"url\":\"https:\/\/www.intoscana.it\/wp-content\/uploads\/ponte-riglione-cisanello3-scaled.jpg\",\"contentUrl\":\"https:\/\/www.intoscana.it\/wp-content\/uploads\/ponte-riglione-cisanello3-scaled.jpg\",\"width\":1580,\"height\":2048},{\"@type\":\"BreadcrumbList\",\"@id\":\"https:\/\/www.intoscana.it\/it\/pisa-partiti-i-lavori-per-il-ponte-ciclopedonale-tra-cisanello-e-riglione\/#breadcrumb\",\"itemListElement\":[{\"@type\":\"ListItem\",\"position\":1,\"name\":\"Home\",\"item\":\"https:\/\/www.intoscana.it\/it\/\"},{\"@type\":\"ListItem\",\"position\":2,\"name\":\"Pisa, partiti i lavori per il ponte ciclopedonale tra Cisanello e Riglione\"}]},{\"@type\":\"WebSite\",\"@id\":\"https:\/\/www.intoscana.it\/it\/#website\",\"url\":\"https:\/\/www.intoscana.it\/it\/\",\"name\":\"intoscana\",\"description\":\"\",\"potentialAction\":[{\"@type\":\"SearchAction\",\"target\":{\"@type\":\"EntryPoint\",\"urlTemplate\":\"https:\/\/www.intoscana.it\/it\/?s={search_term_string}\"},\"query-input\":{\"@type\":\"PropertyValueSpecification\",\"valueRequired\":true,\"valueName\":\"search_term_string\"}}],\"inLanguage\":\"it-IT\"},{\"@type\":\"Person\",\"@id\":\"https:\/\/www.intoscana.it\/it\/#\/schema\/person\/9223810753230f20bd670fdd322661f8\",\"name\":\"Redazione\",\"url\":\"https:\/\/www.intoscana.it\/it\/author\/redazione\/\"}]}<\/script>\n<!-- \/ Yoast SEO Premium plugin. -->","yoast_head_json":{"title":"Pisa, partiti i lavori per il ponte ciclopedonale tra Cisanello e Riglione - intoscana","robots":{"index":"index","follow":"follow","max-snippet":"max-snippet:-1","max-image-preview":"max-image-preview:large","max-video-preview":"max-video-preview:-1"},"canonical":"https:\/\/www.intoscana.it\/it\/pisa-partiti-i-lavori-per-il-ponte-ciclopedonale-tra-cisanello-e-riglione\/","og_locale":"it_IT","og_type":"article","og_title":"Pisa, partiti i lavori per il ponte ciclopedonale tra Cisanello e Riglione","og_description":"Grazie a questa nuova infrastruttura sar\u00e0 dato ulteriore slancio alla mobilit\u00e0 ciclabile in citt\u00e0, collegando un quartiere densamente abitato con l'ospedale","og_url":"https:\/\/www.intoscana.it\/it\/pisa-partiti-i-lavori-per-il-ponte-ciclopedonale-tra-cisanello-e-riglione\/","og_site_name":"intoscana","article_publisher":"https:\/\/www.facebook.com\/intoscana.it","article_published_time":"2021-12-03T15:00:19+00:00","article_modified_time":"2021-12-06T11:43:46+00:00","og_image":[{"width":1580,"height":2048,"url":"https:\/\/www.intoscana.it\/wp-content\/uploads\/ponte-riglione-cisanello3-scaled.jpg","type":"image\/jpeg"}],"author":"Redazione","twitter_card":"summary_large_image","twitter_creator":"@intoscana","twitter_site":"@intoscana","twitter_misc":{"Written by":"Redazione","Est. reading time":"4 minuti"},"schema":{"@context":"https:\/\/schema.org","@graph":[{"@type":"WebPage","@id":"https:\/\/www.intoscana.it\/it\/pisa-partiti-i-lavori-per-il-ponte-ciclopedonale-tra-cisanello-e-riglione\/","url":"https:\/\/www.intoscana.it\/it\/pisa-partiti-i-lavori-per-il-ponte-ciclopedonale-tra-cisanello-e-riglione\/","name":"Pisa, partiti i lavori per il ponte ciclopedonale tra Cisanello e Riglione - intoscana","isPartOf":{"@id":"https:\/\/www.intoscana.it\/it\/#website"},"primaryImageOfPage":{"@id":"https:\/\/www.intoscana.it\/it\/pisa-partiti-i-lavori-per-il-ponte-ciclopedonale-tra-cisanello-e-riglione\/#primaryimage"},"image":{"@id":"https:\/\/www.intoscana.it\/it\/pisa-partiti-i-lavori-per-il-ponte-ciclopedonale-tra-cisanello-e-riglione\/#primaryimage"},"thumbnailUrl":"https:\/\/www.intoscana.it\/wp-content\/uploads\/ponte-riglione-cisanello3-scaled.jpg","datePublished":"2021-12-03T15:00:19+00:00","dateModified":"2021-12-06T11:43:46+00:00","author":{"@id":"https:\/\/www.intoscana.it\/it\/#\/schema\/person\/9223810753230f20bd670fdd322661f8"},"breadcrumb":{"@id":"https:\/\/www.intoscana.it\/it\/pisa-partiti-i-lavori-per-il-ponte-ciclopedonale-tra-cisanello-e-riglione\/#breadcrumb"},"inLanguage":"it-IT","potentialAction":[{"@type":"ReadAction","target":["https:\/\/www.intoscana.it\/it\/pisa-partiti-i-lavori-per-il-ponte-ciclopedonale-tra-cisanello-e-riglione\/"]}]},{"@type":"ImageObject","inLanguage":"it-IT","@id":"https:\/\/www.intoscana.it\/it\/pisa-partiti-i-lavori-per-il-ponte-ciclopedonale-tra-cisanello-e-riglione\/#primaryimage","url":"https:\/\/www.intoscana.it\/wp-content\/uploads\/ponte-riglione-cisanello3-scaled.jpg","contentUrl":"https:\/\/www.intoscana.it\/wp-content\/uploads\/ponte-riglione-cisanello3-scaled.jpg","width":1580,"height":2048},{"@type":"BreadcrumbList","@id":"https:\/\/www.intoscana.it\/it\/pisa-partiti-i-lavori-per-il-ponte-ciclopedonale-tra-cisanello-e-riglione\/#breadcrumb","itemListElement":[{"@type":"ListItem","position":1,"name":"Home","item":"https:\/\/www.intoscana.it\/it\/"},{"@type":"ListItem","position":2,"name":"Pisa, partiti i lavori per il ponte ciclopedonale tra Cisanello e Riglione"}]},{"@type":"WebSite","@id":"https:\/\/www.intoscana.it\/it\/#website","url":"https:\/\/www.intoscana.it\/it\/","name":"intoscana","description":"","potentialAction":[{"@type":"SearchAction","target":{"@type":"EntryPoint","urlTemplate":"https:\/\/www.intoscana.it\/it\/?s={search_term_string}"},"query-input":{"@type":"PropertyValueSpecification","valueRequired":true,"valueName":"search_term_string"}}],"inLanguage":"it-IT"},{"@type":"Person","@id":"https:\/\/www.intoscana.it\/it\/#\/schema\/person\/9223810753230f20bd670fdd322661f8","name":"Redazione","url":"https:\/\/www.intoscana.it\/it\/author\/redazione\/"}]}},"_links":{"self":[{"href":"https:\/\/www.intoscana.it\/it\/wp-json\/wp\/v2\/posts\/202040","targetHints":{"allow":["GET"]}}],"collection":[{"href":"https:\/\/www.intoscana.it\/it\/wp-json\/wp\/v2\/posts"}],"about":[{"href":"https:\/\/www.intoscana.it\/it\/wp-json\/wp\/v2\/types\/post"}],"author":[{"embeddable":true,"href":"https:\/\/www.intoscana.it\/it\/wp-json\/wp\/v2\/users\/525"}],"replies":[{"embeddable":true,"href":"https:\/\/www.intoscana.it\/it\/wp-json\/wp\/v2\/comments?post=202040"}],"version-history":[{"count":0,"href":"https:\/\/www.intoscana.it\/it\/wp-json\/wp\/v2\/posts\/202040\/revisions"}],"wp:featuredmedia":[{"embeddable":true,"href":"https:\/\/www.intoscana.it\/it\/wp-json\/wp\/v2\/media\/202048"}],"wp:attachment":[{"href":"https:\/\/www.intoscana.it\/it\/wp-json\/wp\/v2\/media?parent=202040"}],"wp:term":[{"taxonomy":"category","embeddable":true,"href":"https:\/\/www.intoscana.it\/it\/wp-json\/wp\/v2\/categories?post=202040"},{"taxonomy":"post_tag","embeddable":true,"href":"https:\/\/www.intoscana.it\/it\/wp-json\/wp\/v2\/tags?post=202040"}],"curies":[{"name":"wp","href":"https:\/\/api.w.org\/{rel}","templated":true}]}}