{"id":202160,"date":"2021-12-04T09:35:05","date_gmt":"2021-12-04T08:35:05","guid":{"rendered":"https:\/\/www.intoscana.it\/it\/?p=202160"},"modified":"2021-12-06T12:39:50","modified_gmt":"2021-12-06T11:39:50","slug":"operazione-acquisti-sicuri-nelle-vie-dello-shopping-fiorentino-scatta-lobbligo-della-mascherina","status":"publish","type":"post","link":"https:\/\/www.intoscana.it\/it\/operazione-acquisti-sicuri-nelle-vie-dello-shopping-fiorentino-scatta-lobbligo-della-mascherina\/","title":{"rendered":"Operazione &#8220;Acquisti sicuri&#8221;: nelle vie dello shopping fiorentino scatta l&#8217;obbligo della mascherina"},"content":{"rendered":"<p><strong>Scatter\u00e0 a partire da sabato 4 dicembre<\/strong> dalle 10 del mattino alle 22 di sera, l&#8217;<strong>obbligo di mascherina all&#8217;aperto<\/strong> in alcune aree della citt\u00e0 considerate pi\u00f9 a<strong> rischio assembramenti per lo shopping di Natale,<\/strong> obbligo che sar\u00e0 valido in 18 giornate di dicembre nelle quali \u00e8 prevedibile maggiore afflusso di persone.<\/p>\n<p><strong>L\u2019ordinanza \u201cAcquisti sicuri\u201d \u00e8 stata firmata dal sindaco Dario Nardella.<\/strong> Oltre all\u2019obbligo di indossare la mascherina l\u2019ordinanza prevede <strong>i sensi unici pedonali nei 3 giorni da \u2018bollino rosso\u2019 dello shopping natalizio<\/strong> in via Calzaiuoli e via Calimala e quattro giorni di stop alle auto in via Gioberti.<\/p>\n<p><em>&#8220;Sono misure per la sicurezza sanitaria di tutti \u2013 <\/em><strong>ha detto l\u2019assessora alla sicurezza Benedetta Albanese <\/strong><em>\u2013 necessarie per prevenire contagi in un periodo come quello natalizio in cui \u00e8 probabile un maggior afflusso di persone per lo shopping. E\u2019 necessario comunque prestare la massima attenzione sempre\u201d.<\/em><\/p>\n<h3>L&#8217;ordinanza<\/h3>\n<p>Nei giorni 4, 5, 6, 7, 8, 9, 10, 11, 12, 17, 18, 19, 23, 24, 25, 26, 30 e 31 dicembre 2021, dalle 10 alle 22, <strong>\u00e8 disposto l\u2019obbligo di indossare mascherine anche all\u2019aperto nelle aree di circolazione sotto riportate.<\/strong><\/p>\n<p>Nel \u2018quadrilatero romano\u2019 delimitato dal perimetro formato da piazza Duomo &#8211; piazza S. Giovanni &#8211; via de Pecori &#8211; via dell\u2019Agli- piazza Antinori -via Tornabuoni-piazza S. Trinit\u00e0 &#8211; L.no Acciaioli &#8211; via Por S. Maria &#8211; Ponte Vecchio &#8211; via Vacchereccia &#8211; piazza della Signoria &#8211; via de Gondi &#8211; via del Proconsolo,\u00a0Piazzale degli Uffizi,\u00a0Via dei Neri,\u00a0Piazza San Lorenzo e via Borgo San Lorenzo;\u00a0Piazza Santa Croce,\u00a0Via Gioberti,\u00a0Borgo La Croce, via Pietrapiana,\u00a0piazzale Oriana Fallaci con accesso da viale Strozzi e p.le Caduti dell\u2019Egeo (il Giardino della Fortezza),\u00a0Centro commerciale San Donato.<\/p>\n<p>In ogni caso <strong>\u00e8 disposto l\u2019obbligo anche all\u2019aperto di indossare le mascherine in occorrenza di ogni evento o manifestazione organizzati in occasione delle festivit\u00e0 natalizie,<\/strong> che attirino un\u2019affluenza di persone tale da non garantire il distanziamento interpersonale configurandosi assembramenti od affollamenti, quali, ad esempio,<strong> mercati, mercatini natalizi, fiere e fierucole di vario genere, esposizioni, flashmob e qualsiasi altro evento all\u2019aperto,<\/strong> secondo quanto previsto dalla normativa nazionale vigente.<\/p>\n<p>Nei giorni 18, 19 e 24 dicembre 2021 dalle ore 14 alle 20\u00a0<strong>il transito pedonale \u00e8 regolato a senso unico con accesso e deflusso da punti obbligati,<\/strong> delimitati da transennature presidiate dalla Polizia Municipale con l\u2019ausilio di personale volontario nelle seguenti aree pedonali:<\/p>\n<p>&#8211; via dei Calzaiuoli (tratto fra via de\u2019 Tosinghi e Porta Rossa) con transito dei pedoni con accesso lato piazza Duomo e uscita lato piazza della Signoria.<\/p>\n<p>&#8211; via Calimala (tratto porta Rossa-piazza della Repubblica) con transito dei pedoni con accesso da Porta Rossa e uscita lato piazza della Repubblica.<\/p>\n<p>Nei giorni 8, 12, 19 e 24 dicembre 2021 dalle 10 alle 20\u00a0\u00e8 <strong>vietato il transito veicolare in via Gioberti.<\/strong><\/p>\n<p><strong>Le violazioni di quanto disposto dall\u2019ordinanza sono punite con la sanzione amministrativa pecuniaria da euro 400 a euro 1.000.<\/strong><\/p>\n","protected":false},"excerpt":{"rendered":"<p>Nei giorni pi\u00f9 a rischio assembramenti sar\u00e0 istituito il senso unico pedonale in via Calzaiuoli e via Calimala mentre via Gioberti sar\u00e0 pedonale<\/p>\n","protected":false},"author":525,"featured_media":170432,"comment_status":"open","ping_status":"open","sticky":false,"template":"","format":"standard","meta":{"_acf_changed":false,"footnotes":""},"categories":[494],"tags":[418,202,409],"class_list":["post-202160","post","type-post","status-publish","format-standard","has-post-thumbnail","hentry","category-attualita","tag-covid-19","tag-firenze","tag-natale"],"acf":[],"yoast_head":"<!-- This site is optimized with the Yoast SEO Premium plugin v24.2 (Yoast SEO v25.6) - https:\/\/yoast.com\/wordpress\/plugins\/seo\/ -->\n<title>Operazione &quot;Acquisti sicuri&quot;: nelle vie dello shopping fiorentino scatta l&#039;obbligo della mascherina - intoscana<\/title>\n<meta name=\"description\" content=\"Nei giorni pi\u00f9 a rischio assembramenti sar\u00e0 istituito il senso unico pedonale in via Calzaiuoli e via Calimala, via Gioberti sar\u00e0 pedonale\" \/>\n<meta name=\"robots\" content=\"index, follow, max-snippet:-1, max-image-preview:large, max-video-preview:-1\" \/>\n<link rel=\"canonical\" href=\"https:\/\/www.intoscana.it\/it\/operazione-acquisti-sicuri-nelle-vie-dello-shopping-fiorentino-scatta-lobbligo-della-mascherina\/\" \/>\n<meta property=\"og:locale\" content=\"it_IT\" \/>\n<meta property=\"og:type\" content=\"article\" \/>\n<meta property=\"og:title\" content=\"Operazione &quot;Acquisti sicuri&quot;: nelle vie dello shopping fiorentino scatta l&#039;obbligo della mascherina\" \/>\n<meta property=\"og:description\" content=\"Nei giorni pi\u00f9 a rischio assembramenti sar\u00e0 istituito il senso unico pedonale in via Calzaiuoli e via Calimala, via Gioberti sar\u00e0 pedonale\" \/>\n<meta property=\"og:url\" content=\"https:\/\/www.intoscana.it\/it\/operazione-acquisti-sicuri-nelle-vie-dello-shopping-fiorentino-scatta-lobbligo-della-mascherina\/\" \/>\n<meta property=\"og:site_name\" content=\"intoscana\" \/>\n<meta property=\"article:publisher\" content=\"https:\/\/www.facebook.com\/intoscana.it\" \/>\n<meta property=\"article:published_time\" content=\"2021-12-04T08:35:05+00:00\" \/>\n<meta property=\"article:modified_time\" content=\"2021-12-06T11:39:50+00:00\" \/>\n<meta property=\"og:image\" content=\"https:\/\/www.intoscana.it\/wp-content\/uploads\/shutterstock_1656698737-1-scaled.jpg\" \/>\n\t<meta property=\"og:image:width\" content=\"2048\" \/>\n\t<meta property=\"og:image:height\" content=\"1366\" \/>\n\t<meta property=\"og:image:type\" content=\"image\/jpeg\" \/>\n<meta name=\"author\" content=\"Redazione\" \/>\n<meta name=\"twitter:card\" content=\"summary_large_image\" \/>\n<meta name=\"twitter:creator\" content=\"@intoscana\" \/>\n<meta name=\"twitter:site\" content=\"@intoscana\" \/>\n<meta name=\"twitter:label1\" content=\"Written by\" \/>\n\t<meta name=\"twitter:data1\" content=\"Redazione\" \/>\n\t<meta name=\"twitter:label2\" content=\"Est. reading time\" \/>\n\t<meta name=\"twitter:data2\" content=\"2 minuti\" \/>\n<script type=\"application\/ld+json\" class=\"yoast-schema-graph\">{\"@context\":\"https:\/\/schema.org\",\"@graph\":[{\"@type\":\"WebPage\",\"@id\":\"https:\/\/www.intoscana.it\/it\/operazione-acquisti-sicuri-nelle-vie-dello-shopping-fiorentino-scatta-lobbligo-della-mascherina\/\",\"url\":\"https:\/\/www.intoscana.it\/it\/operazione-acquisti-sicuri-nelle-vie-dello-shopping-fiorentino-scatta-lobbligo-della-mascherina\/\",\"name\":\"Operazione \\\"Acquisti sicuri\\\": nelle vie dello shopping fiorentino scatta l'obbligo della mascherina - intoscana\",\"isPartOf\":{\"@id\":\"https:\/\/www.intoscana.it\/it\/#website\"},\"primaryImageOfPage\":{\"@id\":\"https:\/\/www.intoscana.it\/it\/operazione-acquisti-sicuri-nelle-vie-dello-shopping-fiorentino-scatta-lobbligo-della-mascherina\/#primaryimage\"},\"image\":{\"@id\":\"https:\/\/www.intoscana.it\/it\/operazione-acquisti-sicuri-nelle-vie-dello-shopping-fiorentino-scatta-lobbligo-della-mascherina\/#primaryimage\"},\"thumbnailUrl\":\"https:\/\/www.intoscana.it\/wp-content\/uploads\/shutterstock_1656698737-1-scaled.jpg\",\"datePublished\":\"2021-12-04T08:35:05+00:00\",\"dateModified\":\"2021-12-06T11:39:50+00:00\",\"author\":{\"@id\":\"https:\/\/www.intoscana.it\/it\/#\/schema\/person\/9223810753230f20bd670fdd322661f8\"},\"description\":\"Nei giorni pi\u00f9 a rischio assembramenti sar\u00e0 istituito il senso unico pedonale in via Calzaiuoli e via Calimala, via Gioberti sar\u00e0 pedonale\",\"breadcrumb\":{\"@id\":\"https:\/\/www.intoscana.it\/it\/operazione-acquisti-sicuri-nelle-vie-dello-shopping-fiorentino-scatta-lobbligo-della-mascherina\/#breadcrumb\"},\"inLanguage\":\"it-IT\",\"potentialAction\":[{\"@type\":\"ReadAction\",\"target\":[\"https:\/\/www.intoscana.it\/it\/operazione-acquisti-sicuri-nelle-vie-dello-shopping-fiorentino-scatta-lobbligo-della-mascherina\/\"]}]},{\"@type\":\"ImageObject\",\"inLanguage\":\"it-IT\",\"@id\":\"https:\/\/www.intoscana.it\/it\/operazione-acquisti-sicuri-nelle-vie-dello-shopping-fiorentino-scatta-lobbligo-della-mascherina\/#primaryimage\",\"url\":\"https:\/\/www.intoscana.it\/wp-content\/uploads\/shutterstock_1656698737-1-scaled.jpg\",\"contentUrl\":\"https:\/\/www.intoscana.it\/wp-content\/uploads\/shutterstock_1656698737-1-scaled.jpg\",\"width\":2048,\"height\":1366,\"caption\":\"Mascherina contro il Covid-19 a Firenze\"},{\"@type\":\"BreadcrumbList\",\"@id\":\"https:\/\/www.intoscana.it\/it\/operazione-acquisti-sicuri-nelle-vie-dello-shopping-fiorentino-scatta-lobbligo-della-mascherina\/#breadcrumb\",\"itemListElement\":[{\"@type\":\"ListItem\",\"position\":1,\"name\":\"Home\",\"item\":\"https:\/\/www.intoscana.it\/it\/\"},{\"@type\":\"ListItem\",\"position\":2,\"name\":\"Operazione &#8220;Acquisti sicuri&#8221;: nelle vie dello shopping fiorentino scatta l&#8217;obbligo della mascherina\"}]},{\"@type\":\"WebSite\",\"@id\":\"https:\/\/www.intoscana.it\/it\/#website\",\"url\":\"https:\/\/www.intoscana.it\/it\/\",\"name\":\"intoscana\",\"description\":\"\",\"potentialAction\":[{\"@type\":\"SearchAction\",\"target\":{\"@type\":\"EntryPoint\",\"urlTemplate\":\"https:\/\/www.intoscana.it\/it\/?s={search_term_string}\"},\"query-input\":{\"@type\":\"PropertyValueSpecification\",\"valueRequired\":true,\"valueName\":\"search_term_string\"}}],\"inLanguage\":\"it-IT\"},{\"@type\":\"Person\",\"@id\":\"https:\/\/www.intoscana.it\/it\/#\/schema\/person\/9223810753230f20bd670fdd322661f8\",\"name\":\"Redazione\",\"url\":\"https:\/\/www.intoscana.it\/it\/author\/redazione\/\"}]}<\/script>\n<!-- \/ Yoast SEO Premium plugin. -->","yoast_head_json":{"title":"Operazione \"Acquisti sicuri\": nelle vie dello shopping fiorentino scatta l'obbligo della mascherina - intoscana","description":"Nei giorni pi\u00f9 a rischio assembramenti sar\u00e0 istituito il senso unico pedonale in via Calzaiuoli e via Calimala, via Gioberti sar\u00e0 pedonale","robots":{"index":"index","follow":"follow","max-snippet":"max-snippet:-1","max-image-preview":"max-image-preview:large","max-video-preview":"max-video-preview:-1"},"canonical":"https:\/\/www.intoscana.it\/it\/operazione-acquisti-sicuri-nelle-vie-dello-shopping-fiorentino-scatta-lobbligo-della-mascherina\/","og_locale":"it_IT","og_type":"article","og_title":"Operazione \"Acquisti sicuri\": nelle vie dello shopping fiorentino scatta l'obbligo della mascherina","og_description":"Nei giorni pi\u00f9 a rischio assembramenti sar\u00e0 istituito il senso unico pedonale in via Calzaiuoli e via Calimala, via Gioberti sar\u00e0 pedonale","og_url":"https:\/\/www.intoscana.it\/it\/operazione-acquisti-sicuri-nelle-vie-dello-shopping-fiorentino-scatta-lobbligo-della-mascherina\/","og_site_name":"intoscana","article_publisher":"https:\/\/www.facebook.com\/intoscana.it","article_published_time":"2021-12-04T08:35:05+00:00","article_modified_time":"2021-12-06T11:39:50+00:00","og_image":[{"width":2048,"height":1366,"url":"https:\/\/www.intoscana.it\/wp-content\/uploads\/shutterstock_1656698737-1-scaled.jpg","type":"image\/jpeg"}],"author":"Redazione","twitter_card":"summary_large_image","twitter_creator":"@intoscana","twitter_site":"@intoscana","twitter_misc":{"Written by":"Redazione","Est. reading time":"2 minuti"},"schema":{"@context":"https:\/\/schema.org","@graph":[{"@type":"WebPage","@id":"https:\/\/www.intoscana.it\/it\/operazione-acquisti-sicuri-nelle-vie-dello-shopping-fiorentino-scatta-lobbligo-della-mascherina\/","url":"https:\/\/www.intoscana.it\/it\/operazione-acquisti-sicuri-nelle-vie-dello-shopping-fiorentino-scatta-lobbligo-della-mascherina\/","name":"Operazione \"Acquisti sicuri\": nelle vie dello shopping fiorentino scatta l'obbligo della mascherina - intoscana","isPartOf":{"@id":"https:\/\/www.intoscana.it\/it\/#website"},"primaryImageOfPage":{"@id":"https:\/\/www.intoscana.it\/it\/operazione-acquisti-sicuri-nelle-vie-dello-shopping-fiorentino-scatta-lobbligo-della-mascherina\/#primaryimage"},"image":{"@id":"https:\/\/www.intoscana.it\/it\/operazione-acquisti-sicuri-nelle-vie-dello-shopping-fiorentino-scatta-lobbligo-della-mascherina\/#primaryimage"},"thumbnailUrl":"https:\/\/www.intoscana.it\/wp-content\/uploads\/shutterstock_1656698737-1-scaled.jpg","datePublished":"2021-12-04T08:35:05+00:00","dateModified":"2021-12-06T11:39:50+00:00","author":{"@id":"https:\/\/www.intoscana.it\/it\/#\/schema\/person\/9223810753230f20bd670fdd322661f8"},"description":"Nei giorni pi\u00f9 a rischio assembramenti sar\u00e0 istituito il senso unico pedonale in via Calzaiuoli e via Calimala, via Gioberti sar\u00e0 pedonale","breadcrumb":{"@id":"https:\/\/www.intoscana.it\/it\/operazione-acquisti-sicuri-nelle-vie-dello-shopping-fiorentino-scatta-lobbligo-della-mascherina\/#breadcrumb"},"inLanguage":"it-IT","potentialAction":[{"@type":"ReadAction","target":["https:\/\/www.intoscana.it\/it\/operazione-acquisti-sicuri-nelle-vie-dello-shopping-fiorentino-scatta-lobbligo-della-mascherina\/"]}]},{"@type":"ImageObject","inLanguage":"it-IT","@id":"https:\/\/www.intoscana.it\/it\/operazione-acquisti-sicuri-nelle-vie-dello-shopping-fiorentino-scatta-lobbligo-della-mascherina\/#primaryimage","url":"https:\/\/www.intoscana.it\/wp-content\/uploads\/shutterstock_1656698737-1-scaled.jpg","contentUrl":"https:\/\/www.intoscana.it\/wp-content\/uploads\/shutterstock_1656698737-1-scaled.jpg","width":2048,"height":1366,"caption":"Mascherina contro il Covid-19 a Firenze"},{"@type":"BreadcrumbList","@id":"https:\/\/www.intoscana.it\/it\/operazione-acquisti-sicuri-nelle-vie-dello-shopping-fiorentino-scatta-lobbligo-della-mascherina\/#breadcrumb","itemListElement":[{"@type":"ListItem","position":1,"name":"Home","item":"https:\/\/www.intoscana.it\/it\/"},{"@type":"ListItem","position":2,"name":"Operazione &#8220;Acquisti sicuri&#8221;: nelle vie dello shopping fiorentino scatta l&#8217;obbligo della mascherina"}]},{"@type":"WebSite","@id":"https:\/\/www.intoscana.it\/it\/#website","url":"https:\/\/www.intoscana.it\/it\/","name":"intoscana","description":"","potentialAction":[{"@type":"SearchAction","target":{"@type":"EntryPoint","urlTemplate":"https:\/\/www.intoscana.it\/it\/?s={search_term_string}"},"query-input":{"@type":"PropertyValueSpecification","valueRequired":true,"valueName":"search_term_string"}}],"inLanguage":"it-IT"},{"@type":"Person","@id":"https:\/\/www.intoscana.it\/it\/#\/schema\/person\/9223810753230f20bd670fdd322661f8","name":"Redazione","url":"https:\/\/www.intoscana.it\/it\/author\/redazione\/"}]}},"_links":{"self":[{"href":"https:\/\/www.intoscana.it\/it\/wp-json\/wp\/v2\/posts\/202160","targetHints":{"allow":["GET"]}}],"collection":[{"href":"https:\/\/www.intoscana.it\/it\/wp-json\/wp\/v2\/posts"}],"about":[{"href":"https:\/\/www.intoscana.it\/it\/wp-json\/wp\/v2\/types\/post"}],"author":[{"embeddable":true,"href":"https:\/\/www.intoscana.it\/it\/wp-json\/wp\/v2\/users\/525"}],"replies":[{"embeddable":true,"href":"https:\/\/www.intoscana.it\/it\/wp-json\/wp\/v2\/comments?post=202160"}],"version-history":[{"count":0,"href":"https:\/\/www.intoscana.it\/it\/wp-json\/wp\/v2\/posts\/202160\/revisions"}],"wp:featuredmedia":[{"embeddable":true,"href":"https:\/\/www.intoscana.it\/it\/wp-json\/wp\/v2\/media\/170432"}],"wp:attachment":[{"href":"https:\/\/www.intoscana.it\/it\/wp-json\/wp\/v2\/media?parent=202160"}],"wp:term":[{"taxonomy":"category","embeddable":true,"href":"https:\/\/www.intoscana.it\/it\/wp-json\/wp\/v2\/categories?post=202160"},{"taxonomy":"post_tag","embeddable":true,"href":"https:\/\/www.intoscana.it\/it\/wp-json\/wp\/v2\/tags?post=202160"}],"curies":[{"name":"wp","href":"https:\/\/api.w.org\/{rel}","templated":true}]}}