{"id":202166,"date":"2021-12-04T10:08:49","date_gmt":"2021-12-04T09:08:49","guid":{"rendered":"https:\/\/www.intoscana.it\/it\/?p=202166"},"modified":"2021-12-04T10:28:07","modified_gmt":"2021-12-04T09:28:07","slug":"rivoluzione-green-con-prato-forest-city-foreste-urbane-per-il-clima-la-salute-e-la-riqualificazione-dei-quartieri","status":"publish","type":"post","link":"https:\/\/www.intoscana.it\/it\/rivoluzione-green-con-prato-forest-city-foreste-urbane-per-il-clima-la-salute-e-la-riqualificazione-dei-quartieri\/","title":{"rendered":"Rivoluzione green con &#8220;Prato Forest City&#8221;: foreste urbane per migliorare il clima e la salute"},"content":{"rendered":"<p>Prende ufficialmente il via con il lancio della piattaforma\u00a0\u00a0<a href=\"http:\/\/www.pratoforestcity.it\" target=\"_blank\" rel=\"noopener\"><strong>www.pratoforestcity.it<\/strong><\/a>,\u00a0la<strong> \u201crivoluzione verde\u201d di Prato<\/strong>, l\u2019iniziativa green volta a <strong>promuovere stili di vita sani attraverso le infrastrutture verdi,<\/strong> le \u201cNature based solutions\u201d, grazie anche alla partecipazione diretta di <strong>cittadini, scuole, associazioni e imprese<\/strong> alla<strong> forestazione di aree pubbliche e quartieri,<\/strong> favorendo cos\u00ec il recupero di socialit\u00e0 e vivibilit\u00e0 anche nelle aree pi\u00f9 marginali, la condivisione delle scelte, il monitoraggio dell\u2019avanzamento dei progetti.<\/p>\n<p><strong>Sono oltre 30 i progetti di forestazione gi\u00e0 programmati, venti le campagne di forestazione in crowdfunding:<\/strong> le prime 5 una per ciascuna circoscrizione di Prato sono state appena lanciate. <strong>Ci sono poi altri 4 progetti<\/strong> che alcuni donatori privati hanno gi\u00e0 chiesto ed ottenuto di finanziare in queste ultime settimane. Oltre a questo, ci sono altri <strong>6 interventi che il Comune sta realizzando in proprio o con fondi pubblici<\/strong> (le quattro giungle urbane di Prato Urban Jungle, il progetto Another Declassata, il programma sperimentale per l\u2019adattamento ai cambiamenti climatici finanziato dal Ministero per la transizione ecologica).<\/p>\n<p><strong>L\u2019obiettivo \u00e8 di raggiungere entro qualche anno un albero per ciascuno dei quasi 200.000 cittadini residenti in citt\u00e0,<\/strong> all\u2019insegna del motto<em><strong> \u201cUn albero al posto di una pillola!\u201d.<\/strong><\/em>Il mese di dicembre e le festivit\u00e0 in arrivo, sono quindi anche l\u2019occasione per regalare alla citt\u00e0 degli alberi e farsi un regalo di Natale green.<\/p>\n<h3>La piattaforma online<\/h3>\n<p>Cuore pulsante del progetto<strong> Prato Forest City<\/strong> \u00e8 <a href=\"http:\/\/www.pratoforestcity.it\" target=\"_blank\" rel=\"noopener\"><strong>www.pratoforestcity.it\u00a0<\/strong><\/a>, la piattaforma online dell&#8217;amministrazione comunale realizzata grazie al progetto europeo <a href=\"https:\/\/www.intoscana.it\/it\/articolo\/prato-urban-jungle\/\" target=\"_blank\" rel=\"noopener\"><strong>\u201cPrato Urban Jungle\u201d,<\/strong><\/a> destinatario dei fondi europei Urban Innovative Actions.<\/p>\n<p><strong>Prato Forest City<\/strong> \u00e8 stata implementata grazie al partner <a href=\"https:\/\/www.intoscana.it\/it\/articolo\/treedom-firenze\/\" target=\"_blank\" rel=\"noopener\"><strong>Treedom<\/strong><\/a>, azienda con sede a Firenze che offre <strong>un servizio di piantumazione di alberi, finanziando direttamente cooperative di agricoltori in zone svantaggiate<\/strong> di tutto il mondo e che ha piantato ad oggi pi\u00f9 di <strong>2.300.000 alberi in 11 paesi coinvolgendo pi\u00f9 di 135.000 agricoltori.<\/strong><\/p>\n<p><strong>La piattaforma permette di effettuare una donazione<\/strong>\u00a0ricevendo un&#8217;attestazione pubblica, <strong>monitorare l&#8217;avanzamento dei lavori e contribuire all&#8217;abbattimento della CO2<\/strong> finanziando un progetto verde. Un aspetto, quest&#8217;ultimo, rilevante anche per la\u00a0corporate social responsibility\u00a0di tutte le imprese del distretto, tra cui<strong> le 3.500 imprese del distretto tessile<\/strong>, che detengono con il 3% della produzione europea e sono connesse alla filiera mondiale dei maggiori brand dell&#8217;abbigliamento.<\/p>\n<p>Il portale permetter\u00e0 di <strong>condividere con i cittadini la governance del territorio<\/strong> per le piantumazioni, ed \u00e8 una delle azioni di Prato Forest City, in linea con cinque dei<strong> 17 obiettivi di sviluppo sostenibile dell&#8217;Agenda Onu 2030<\/strong> (Fame zero, Salute e benessere, Citt\u00e0 e comunit\u00e0 sostenibili, Agire per il clima, La vita sulla Terra).\u00a0Conclusa una campagna di forestazione ne sar\u00e0 subito lanciata un\u2019altra, dando a tutti la possibilit\u00e0 di rendere pi\u00f9 verde la citt\u00e0.<\/p>\n<h3>Le prime forestazioni in programma<\/h3>\n<p>L\u2019amministrazione ha siglato un protocollo d\u2019intesa con USL Toscana Centro e Fondazione AMI, diventate cos\u00ec partner in questa iniziativa.<\/p>\n<p>Parte integrante del progetto sar\u00e0 infatti anche<strong> \u201cPrato Green Hospital\u201d,<\/strong> l\u2019iniziativa promossa dalla Direzione Sanitaria del<strong> nuovo Ospedale S. Stefano di Prato,<\/strong> che si pone l\u2019obiettivo di dotare il presidio sanitario di nuove aree verdi di livello adeguato alla funzione e all&#8217;importanza del luogo, allo scopo di ottenere un significativo incremento sia della qualit\u00e0 della accoglienza che del pregio ambientale dell&#8217;area.<\/p>\n<p>L&#8217;intervento intende aumentare l&#8217;indice di naturalit\u00e0 dell&#8217;area favorendo le funzioni fondamentali che oggi sono riconosciute al verde: connessione ecologica, creazione di relazioni ambientali per un &#8220;sistema&#8221; del verde nel territorio; <strong>effetti benefici sulle componenti clima e salute umana; riduzione degli effetti di isola di calore; miglioramento del clima acustico.<\/strong><\/p>\n<p>L\u2019intervento propone una sistemazione paesaggistica di carattere naturale capace di un impatto pi\u00f9 distensivo, che <strong>renda migliore la percezione di ospitalit\u00e0 per gli utenti e per gli operatori della struttura,<\/strong> grazie anche all&#8217;impianto di una vegetazione varia e disomogenea la cui valenza, sia ambientale che ornamentale, sia in grado di esaltare i molti aspetti della funzione &#8220;curativa&#8221; che il verde esercita.<\/p>\n<p>Il primo intervento legato a \u201cPrato Green Hospital\u201d riguarder\u00e0 <strong>la forestazione del pronto soccorso pediatrico,<\/strong> che \u00e8 stata finanziata da OBI la prima azienda di grande distribuzione organizzata che entra in Prato Forest City; l\u2019intervento verr\u00e0 realizzato entro l\u2019inizio del 2022.<\/p>\n<p><strong>Gli altri tre interventi<\/strong> dei quattro gi\u00e0 finanziati citati all\u2019inizio (questi ultimi gi\u00e0 presentati nelle ultime settimane), sono:<strong> i giardini Francesca Morvillo all\u2019ex Tribunale<\/strong> con una donazione dei Lions Club pratesi;<strong> i giardini della scuola Leonetto Tintori di Iolo<\/strong> con la donazione di ex alunni dell\u2019I.T.C. Paolo Dagomari anno 1975,<strong> il giardino della scuola Ammannati<\/strong> con la donazione della rete di imprese NWG New World in Green.<\/p>\n<p><strong>I primi 5 progetti che sono stati appena lanciati per il crowdfunding<\/strong> su\u00a0www.pratoforestcity.it\u00a0sono invece, uno per ciascuna circoscrizione di Prato, i seguenti: area<strong> Via Enrico Bensa lungo Bisenzio<\/strong> (nord); area <strong>Via Caduti senza croce, Maliseti<\/strong> (ovest); area <strong>via Salviati, Parco Alda Merini<\/strong> (sud); area<strong> giardini via Picasso<\/strong> (est).<\/p>\n<h3>Fare una donazione<\/h3>\n<p><strong>Ogni cittadino, associazione, scuola o impresa del territorio potr\u00e0 dare il proprio contributo<\/strong> per realizzarlo tramite la piattaforma\u00a0<a href=\"http:\/\/www.pratoforestcity.it\" target=\"_blank\" rel=\"noopener\"><strong>www.pratoforestcity.it\u00a0<\/strong><\/a>sezione Progetti o potr\u00e0 proporre una propria iniziativa di forestazione o di cura del verde pubblico, condividendola e monitorandola con Prato Forest City.<\/p>\n<p><strong>Chi doner\u00e0 da fino a 100 euro ricever\u00e0 un attestato di donazione<\/strong>, che potr\u00e0 stampare ed incorniciare. Chi doner\u00e0 pi\u00f9 di 100 euro ricever\u00e0, oltre all\u2019attestato, 2 biglietti per i musei cittadini, grazie alla partnership di Palazzo Pretorio, Centro Pecci e Museo del Tessuto di Prato, e anche 2\u00a0arbusti adatti a giardini\/terrazzi in vaso di diametro 18cm.<\/p>\n<p>L\u2019omaggio degli arbusti \u00e8\u00a0sponsorizzato dall\u2019<strong>Associazione Vivaisti Italiani<\/strong>. Oltre a sostenere i progetti di forestazione con una donazione, il singolo cittadino potr\u00e0 anche iscriversi e <strong>partecipare a progetti di volontariato per prendersi cura del verde,<\/strong> o ottenere premi per i suoi comportamenti green grazie all\u2019app <em><strong>\u201cgreenApes\u201d,<\/strong><\/em> certificando i suoi comportamenti virtuosi ed ottenendo buoni e sconti presso attivit\u00e0 commerciali e istituzioni culturali.<\/p>\n","protected":false},"excerpt":{"rendered":"<p>Parte il crowdfunding sociale per coinvolgere la cittadinanza e le imprese locali nella forestazione pubblico-privata della citt\u00e0. Lanciati cinque progetti, uno per ciascuna circoscrizione della citt\u00e0. Gi\u00e0 pronta la forestazione del pronto soccorso pediatrico dell\u2019Ospedale S. Stefano<\/p>\n","protected":false},"author":525,"featured_media":202084,"comment_status":"open","ping_status":"open","sticky":false,"template":"","format":"standard","meta":{"_acf_changed":false,"footnotes":""},"categories":[19],"tags":[4601,259],"class_list":["post-202166","post","type-post","status-publish","format-standard","has-post-thumbnail","hentry","category-ambiente","tag-green","tag-prato"],"acf":[],"yoast_head":"<!-- This site is optimized with the Yoast SEO Premium plugin v24.2 (Yoast SEO v25.6) - https:\/\/yoast.com\/wordpress\/plugins\/seo\/ -->\n<title>Rivoluzione green con &quot;Prato Forest City&quot;: foreste urbane per migliorare il clima e la salute - intoscana<\/title>\n<meta name=\"description\" content=\"Parte il crowdfunding sociale per coinvolgere la cittadinanza e le imprese locali nella forestazione pubblico-privata della citt\u00e0\" \/>\n<meta name=\"robots\" content=\"index, follow, max-snippet:-1, max-image-preview:large, max-video-preview:-1\" \/>\n<link rel=\"canonical\" href=\"https:\/\/www.intoscana.it\/it\/rivoluzione-green-con-prato-forest-city-foreste-urbane-per-il-clima-la-salute-e-la-riqualificazione-dei-quartieri\/\" \/>\n<meta property=\"og:locale\" content=\"it_IT\" \/>\n<meta property=\"og:type\" content=\"article\" \/>\n<meta property=\"og:title\" content=\"Rivoluzione green con &quot;Prato Forest City&quot;: foreste urbane per migliorare il clima e la salute\" \/>\n<meta property=\"og:description\" content=\"Parte il crowdfunding sociale per coinvolgere la cittadinanza e le imprese locali nella forestazione pubblico-privata della citt\u00e0\" \/>\n<meta property=\"og:url\" content=\"https:\/\/www.intoscana.it\/it\/rivoluzione-green-con-prato-forest-city-foreste-urbane-per-il-clima-la-salute-e-la-riqualificazione-dei-quartieri\/\" \/>\n<meta property=\"og:site_name\" content=\"intoscana\" \/>\n<meta property=\"article:publisher\" content=\"https:\/\/www.facebook.com\/intoscana.it\" \/>\n<meta property=\"article:published_time\" content=\"2021-12-04T09:08:49+00:00\" \/>\n<meta property=\"article:modified_time\" content=\"2021-12-04T09:28:07+00:00\" \/>\n<meta property=\"og:image\" content=\"https:\/\/www.intoscana.it\/wp-content\/uploads\/2_Parco-degli-Aquiloni.jpg\" \/>\n\t<meta property=\"og:image:width\" content=\"1280\" \/>\n\t<meta property=\"og:image:height\" content=\"854\" \/>\n\t<meta property=\"og:image:type\" content=\"image\/jpeg\" \/>\n<meta name=\"author\" content=\"Redazione\" \/>\n<meta name=\"twitter:card\" content=\"summary_large_image\" \/>\n<meta name=\"twitter:creator\" content=\"@intoscana\" \/>\n<meta name=\"twitter:site\" content=\"@intoscana\" \/>\n<meta name=\"twitter:label1\" content=\"Written by\" \/>\n\t<meta name=\"twitter:data1\" content=\"Redazione\" \/>\n\t<meta name=\"twitter:label2\" content=\"Est. reading time\" \/>\n\t<meta name=\"twitter:data2\" content=\"5 minuti\" \/>\n<script type=\"application\/ld+json\" class=\"yoast-schema-graph\">{\"@context\":\"https:\/\/schema.org\",\"@graph\":[{\"@type\":\"WebPage\",\"@id\":\"https:\/\/www.intoscana.it\/it\/rivoluzione-green-con-prato-forest-city-foreste-urbane-per-il-clima-la-salute-e-la-riqualificazione-dei-quartieri\/\",\"url\":\"https:\/\/www.intoscana.it\/it\/rivoluzione-green-con-prato-forest-city-foreste-urbane-per-il-clima-la-salute-e-la-riqualificazione-dei-quartieri\/\",\"name\":\"Rivoluzione green con \\\"Prato Forest City\\\": foreste urbane per migliorare il clima e la salute - intoscana\",\"isPartOf\":{\"@id\":\"https:\/\/www.intoscana.it\/it\/#website\"},\"primaryImageOfPage\":{\"@id\":\"https:\/\/www.intoscana.it\/it\/rivoluzione-green-con-prato-forest-city-foreste-urbane-per-il-clima-la-salute-e-la-riqualificazione-dei-quartieri\/#primaryimage\"},\"image\":{\"@id\":\"https:\/\/www.intoscana.it\/it\/rivoluzione-green-con-prato-forest-city-foreste-urbane-per-il-clima-la-salute-e-la-riqualificazione-dei-quartieri\/#primaryimage\"},\"thumbnailUrl\":\"https:\/\/www.intoscana.it\/wp-content\/uploads\/2_Parco-degli-Aquiloni.jpg\",\"datePublished\":\"2021-12-04T09:08:49+00:00\",\"dateModified\":\"2021-12-04T09:28:07+00:00\",\"author\":{\"@id\":\"https:\/\/www.intoscana.it\/it\/#\/schema\/person\/9223810753230f20bd670fdd322661f8\"},\"description\":\"Parte il crowdfunding sociale per coinvolgere la cittadinanza e le imprese locali nella forestazione pubblico-privata della citt\u00e0\",\"breadcrumb\":{\"@id\":\"https:\/\/www.intoscana.it\/it\/rivoluzione-green-con-prato-forest-city-foreste-urbane-per-il-clima-la-salute-e-la-riqualificazione-dei-quartieri\/#breadcrumb\"},\"inLanguage\":\"it-IT\",\"potentialAction\":[{\"@type\":\"ReadAction\",\"target\":[\"https:\/\/www.intoscana.it\/it\/rivoluzione-green-con-prato-forest-city-foreste-urbane-per-il-clima-la-salute-e-la-riqualificazione-dei-quartieri\/\"]}]},{\"@type\":\"ImageObject\",\"inLanguage\":\"it-IT\",\"@id\":\"https:\/\/www.intoscana.it\/it\/rivoluzione-green-con-prato-forest-city-foreste-urbane-per-il-clima-la-salute-e-la-riqualificazione-dei-quartieri\/#primaryimage\",\"url\":\"https:\/\/www.intoscana.it\/wp-content\/uploads\/2_Parco-degli-Aquiloni.jpg\",\"contentUrl\":\"https:\/\/www.intoscana.it\/wp-content\/uploads\/2_Parco-degli-Aquiloni.jpg\",\"width\":1280,\"height\":854},{\"@type\":\"BreadcrumbList\",\"@id\":\"https:\/\/www.intoscana.it\/it\/rivoluzione-green-con-prato-forest-city-foreste-urbane-per-il-clima-la-salute-e-la-riqualificazione-dei-quartieri\/#breadcrumb\",\"itemListElement\":[{\"@type\":\"ListItem\",\"position\":1,\"name\":\"Home\",\"item\":\"https:\/\/www.intoscana.it\/it\/\"},{\"@type\":\"ListItem\",\"position\":2,\"name\":\"Rivoluzione green con &#8220;Prato Forest City&#8221;: foreste urbane per migliorare il clima e la salute\"}]},{\"@type\":\"WebSite\",\"@id\":\"https:\/\/www.intoscana.it\/it\/#website\",\"url\":\"https:\/\/www.intoscana.it\/it\/\",\"name\":\"intoscana\",\"description\":\"\",\"potentialAction\":[{\"@type\":\"SearchAction\",\"target\":{\"@type\":\"EntryPoint\",\"urlTemplate\":\"https:\/\/www.intoscana.it\/it\/?s={search_term_string}\"},\"query-input\":{\"@type\":\"PropertyValueSpecification\",\"valueRequired\":true,\"valueName\":\"search_term_string\"}}],\"inLanguage\":\"it-IT\"},{\"@type\":\"Person\",\"@id\":\"https:\/\/www.intoscana.it\/it\/#\/schema\/person\/9223810753230f20bd670fdd322661f8\",\"name\":\"Redazione\",\"url\":\"https:\/\/www.intoscana.it\/it\/author\/redazione\/\"}]}<\/script>\n<!-- \/ Yoast SEO Premium plugin. -->","yoast_head_json":{"title":"Rivoluzione green con \"Prato Forest City\": foreste urbane per migliorare il clima e la salute - intoscana","description":"Parte il crowdfunding sociale per coinvolgere la cittadinanza e le imprese locali nella forestazione pubblico-privata della citt\u00e0","robots":{"index":"index","follow":"follow","max-snippet":"max-snippet:-1","max-image-preview":"max-image-preview:large","max-video-preview":"max-video-preview:-1"},"canonical":"https:\/\/www.intoscana.it\/it\/rivoluzione-green-con-prato-forest-city-foreste-urbane-per-il-clima-la-salute-e-la-riqualificazione-dei-quartieri\/","og_locale":"it_IT","og_type":"article","og_title":"Rivoluzione green con \"Prato Forest City\": foreste urbane per migliorare il clima e la salute","og_description":"Parte il crowdfunding sociale per coinvolgere la cittadinanza e le imprese locali nella forestazione pubblico-privata della citt\u00e0","og_url":"https:\/\/www.intoscana.it\/it\/rivoluzione-green-con-prato-forest-city-foreste-urbane-per-il-clima-la-salute-e-la-riqualificazione-dei-quartieri\/","og_site_name":"intoscana","article_publisher":"https:\/\/www.facebook.com\/intoscana.it","article_published_time":"2021-12-04T09:08:49+00:00","article_modified_time":"2021-12-04T09:28:07+00:00","og_image":[{"width":1280,"height":854,"url":"https:\/\/www.intoscana.it\/wp-content\/uploads\/2_Parco-degli-Aquiloni.jpg","type":"image\/jpeg"}],"author":"Redazione","twitter_card":"summary_large_image","twitter_creator":"@intoscana","twitter_site":"@intoscana","twitter_misc":{"Written by":"Redazione","Est. reading time":"5 minuti"},"schema":{"@context":"https:\/\/schema.org","@graph":[{"@type":"WebPage","@id":"https:\/\/www.intoscana.it\/it\/rivoluzione-green-con-prato-forest-city-foreste-urbane-per-il-clima-la-salute-e-la-riqualificazione-dei-quartieri\/","url":"https:\/\/www.intoscana.it\/it\/rivoluzione-green-con-prato-forest-city-foreste-urbane-per-il-clima-la-salute-e-la-riqualificazione-dei-quartieri\/","name":"Rivoluzione green con \"Prato Forest City\": foreste urbane per migliorare il clima e la salute - intoscana","isPartOf":{"@id":"https:\/\/www.intoscana.it\/it\/#website"},"primaryImageOfPage":{"@id":"https:\/\/www.intoscana.it\/it\/rivoluzione-green-con-prato-forest-city-foreste-urbane-per-il-clima-la-salute-e-la-riqualificazione-dei-quartieri\/#primaryimage"},"image":{"@id":"https:\/\/www.intoscana.it\/it\/rivoluzione-green-con-prato-forest-city-foreste-urbane-per-il-clima-la-salute-e-la-riqualificazione-dei-quartieri\/#primaryimage"},"thumbnailUrl":"https:\/\/www.intoscana.it\/wp-content\/uploads\/2_Parco-degli-Aquiloni.jpg","datePublished":"2021-12-04T09:08:49+00:00","dateModified":"2021-12-04T09:28:07+00:00","author":{"@id":"https:\/\/www.intoscana.it\/it\/#\/schema\/person\/9223810753230f20bd670fdd322661f8"},"description":"Parte il crowdfunding sociale per coinvolgere la cittadinanza e le imprese locali nella forestazione pubblico-privata della citt\u00e0","breadcrumb":{"@id":"https:\/\/www.intoscana.it\/it\/rivoluzione-green-con-prato-forest-city-foreste-urbane-per-il-clima-la-salute-e-la-riqualificazione-dei-quartieri\/#breadcrumb"},"inLanguage":"it-IT","potentialAction":[{"@type":"ReadAction","target":["https:\/\/www.intoscana.it\/it\/rivoluzione-green-con-prato-forest-city-foreste-urbane-per-il-clima-la-salute-e-la-riqualificazione-dei-quartieri\/"]}]},{"@type":"ImageObject","inLanguage":"it-IT","@id":"https:\/\/www.intoscana.it\/it\/rivoluzione-green-con-prato-forest-city-foreste-urbane-per-il-clima-la-salute-e-la-riqualificazione-dei-quartieri\/#primaryimage","url":"https:\/\/www.intoscana.it\/wp-content\/uploads\/2_Parco-degli-Aquiloni.jpg","contentUrl":"https:\/\/www.intoscana.it\/wp-content\/uploads\/2_Parco-degli-Aquiloni.jpg","width":1280,"height":854},{"@type":"BreadcrumbList","@id":"https:\/\/www.intoscana.it\/it\/rivoluzione-green-con-prato-forest-city-foreste-urbane-per-il-clima-la-salute-e-la-riqualificazione-dei-quartieri\/#breadcrumb","itemListElement":[{"@type":"ListItem","position":1,"name":"Home","item":"https:\/\/www.intoscana.it\/it\/"},{"@type":"ListItem","position":2,"name":"Rivoluzione green con &#8220;Prato Forest City&#8221;: foreste urbane per migliorare il clima e la salute"}]},{"@type":"WebSite","@id":"https:\/\/www.intoscana.it\/it\/#website","url":"https:\/\/www.intoscana.it\/it\/","name":"intoscana","description":"","potentialAction":[{"@type":"SearchAction","target":{"@type":"EntryPoint","urlTemplate":"https:\/\/www.intoscana.it\/it\/?s={search_term_string}"},"query-input":{"@type":"PropertyValueSpecification","valueRequired":true,"valueName":"search_term_string"}}],"inLanguage":"it-IT"},{"@type":"Person","@id":"https:\/\/www.intoscana.it\/it\/#\/schema\/person\/9223810753230f20bd670fdd322661f8","name":"Redazione","url":"https:\/\/www.intoscana.it\/it\/author\/redazione\/"}]}},"_links":{"self":[{"href":"https:\/\/www.intoscana.it\/it\/wp-json\/wp\/v2\/posts\/202166","targetHints":{"allow":["GET"]}}],"collection":[{"href":"https:\/\/www.intoscana.it\/it\/wp-json\/wp\/v2\/posts"}],"about":[{"href":"https:\/\/www.intoscana.it\/it\/wp-json\/wp\/v2\/types\/post"}],"author":[{"embeddable":true,"href":"https:\/\/www.intoscana.it\/it\/wp-json\/wp\/v2\/users\/525"}],"replies":[{"embeddable":true,"href":"https:\/\/www.intoscana.it\/it\/wp-json\/wp\/v2\/comments?post=202166"}],"version-history":[{"count":0,"href":"https:\/\/www.intoscana.it\/it\/wp-json\/wp\/v2\/posts\/202166\/revisions"}],"wp:featuredmedia":[{"embeddable":true,"href":"https:\/\/www.intoscana.it\/it\/wp-json\/wp\/v2\/media\/202084"}],"wp:attachment":[{"href":"https:\/\/www.intoscana.it\/it\/wp-json\/wp\/v2\/media?parent=202166"}],"wp:term":[{"taxonomy":"category","embeddable":true,"href":"https:\/\/www.intoscana.it\/it\/wp-json\/wp\/v2\/categories?post=202166"},{"taxonomy":"post_tag","embeddable":true,"href":"https:\/\/www.intoscana.it\/it\/wp-json\/wp\/v2\/tags?post=202166"}],"curies":[{"name":"wp","href":"https:\/\/api.w.org\/{rel}","templated":true}]}}