{"id":202181,"date":"2021-12-04T10:32:27","date_gmt":"2021-12-04T09:32:27","guid":{"rendered":"https:\/\/www.intoscana.it\/it\/?p=202181"},"modified":"2021-12-06T12:48:44","modified_gmt":"2021-12-06T11:48:44","slug":"il-mercato-centrale-di-firenze-a-natale-si-accende-con-1500-metri-di-luci","status":"publish","type":"post","link":"https:\/\/www.intoscana.it\/it\/il-mercato-centrale-di-firenze-a-natale-si-accende-con-1500-metri-di-luci\/","title":{"rendered":"Il Mercato Centrale di Firenze a Natale si accende con 1500 metri di luci"},"content":{"rendered":"<p>Si accendono le luci per il<strong> Natale<\/strong> allo storico <strong>Mercato centrale di San Lorenzo a Firenze.<\/strong> Per il piano terra della struttura saranno usate <strong>1500 metri di stringhe Led a luce calda, in modo da colorare le 18 colonne e i quattro corridoi principali.<\/strong><\/p>\n<p>&#8220;<em>Abbiamo acceso le luci come segnale di speranza, tanto pi\u00f9 in un periodo come questo, dove siamo chiamati nuovamente a un senso di responsabilit\u00e0 &#8211; <\/em><strong>ha detto Massimo Manetti, presidente del Consorzio dello Storico Mercato Centrale &#8211;<\/strong><em>. Ci auguriamo che l&#8217;illuminazione dello Storico Mercato Centrale, nel cuore della citt\u00e0, sar\u00e0 di buon auspicio per il Natale di tutti i fiorentini. Noi abbiamo ripreso la nostra attivit\u00e0 sia grazie ai fiorentini che continuano a sostenerci che grazie ai turisti che sono tornati. A settembre e ottobre abbiamo avuto tanti europei ma continuano a mancare americani, russi, asiatici. Confidiamo molto nel periodo natalizio&#8221;.<\/em><\/p>\n<h3>Tutti gli eventi<\/h3>\n<p>Il cartellone natalizio questo anno \u00e8 ampio e va incontro a grandi e piccini. Si comincia <strong>il 3 dicembre con l&#8217;accensione delle luci di Natale<\/strong> (ore 11) e il 7 dicembre con <strong>Note di gusto,<\/strong> il concerto a cura del coro dell&#8217;associazione Firenze Regna che si terr\u00e0 a partire dalle 10.30 tra le botteghe del piano terra. Sotto la direzione artistica di Francesca Fedeli e Pamela Burrini, il coro si esibir\u00e0 nelle musiche di Spadaro, Buti, Puccini, Rossini.<\/p>\n<p><strong>L&#8217;11 dicembre alle 10.30 \u00e8 la volta della Zuppa di Fagioli<\/strong>, un concorso aperto a tutti coloro che vorranno mettersi in gioco cucinando la tradizionale zuppa di fagioli toscana. Appassionati di cucina, casalinghe ma anche giovani presenteranno la propria minestra alla giuria di chef, giornalisti ed esperti che premier\u00e0 i tre migliori in diretta su Radio Toscana.<\/p>\n<p><strong>Gioved\u00ec 16 dicembre,<\/strong> alle 18 nell&#8217;ex chiesa di San Jacopo in Campo Corbolini (via Faenza), <strong>una serata dedicata a Vinicio Berti, pittore, illustratore e autore di fumetti:<\/strong> dopo l&#8217;introduzione a cura di Massimo Manetti, Carlo Frittelli, noto critico, traccer\u00e0 un ricordo di Vinicio Berti. Le conclusioni saranno affidate a Simone Frittelli che illustrer\u00e0 il cartellone di eventi dedicati al centenario del noto artista.<\/p>\n<p>Infine, <strong>domenica 19 dicembre apertura straordinaria del piano terra<\/strong> dello Storico Mercato Centrale dalle 8 alle 15.<\/p>\n","protected":false},"excerpt":{"rendered":"<p>Tanti eventi per grandi e piccini all&#8217;insegna del gusto per celebrare insieme ai cittadini di Firenze le festivit\u00e0 natalizie<\/p>\n","protected":false},"author":525,"featured_media":202169,"comment_status":"open","ping_status":"open","sticky":false,"template":"","format":"standard","meta":{"_acf_changed":false,"footnotes":""},"categories":[494],"tags":[202,409],"class_list":["post-202181","post","type-post","status-publish","format-standard","has-post-thumbnail","hentry","category-attualita","tag-firenze","tag-natale"],"acf":[],"yoast_head":"<!-- This site is optimized with the Yoast SEO Premium plugin v24.2 (Yoast SEO v25.6) - https:\/\/yoast.com\/wordpress\/plugins\/seo\/ -->\n<title>Il Mercato Centrale di Firenze a Natale si accende con 1500 metri di luci - intoscana<\/title>\n<meta name=\"description\" content=\"Tanti eventi per grandi e piccini all&#039;insegna del gusto per celebrare insieme ai cittadini di Firenze le festivit\u00e0 natalizie\" \/>\n<meta name=\"robots\" content=\"index, follow, max-snippet:-1, max-image-preview:large, max-video-preview:-1\" \/>\n<link rel=\"canonical\" href=\"https:\/\/www.intoscana.it\/it\/il-mercato-centrale-di-firenze-a-natale-si-accende-con-1500-metri-di-luci\/\" \/>\n<meta property=\"og:locale\" content=\"it_IT\" \/>\n<meta property=\"og:type\" content=\"article\" \/>\n<meta property=\"og:title\" content=\"Il Mercato Centrale di Firenze a Natale si accende con 1500 metri di luci\" \/>\n<meta property=\"og:description\" content=\"Tanti eventi per grandi e piccini all&#039;insegna del gusto per celebrare insieme ai cittadini di Firenze le festivit\u00e0 natalizie\" \/>\n<meta property=\"og:url\" content=\"https:\/\/www.intoscana.it\/it\/il-mercato-centrale-di-firenze-a-natale-si-accende-con-1500-metri-di-luci\/\" \/>\n<meta property=\"og:site_name\" content=\"intoscana\" \/>\n<meta property=\"article:publisher\" content=\"https:\/\/www.facebook.com\/intoscana.it\" \/>\n<meta property=\"article:published_time\" content=\"2021-12-04T09:32:27+00:00\" \/>\n<meta property=\"article:modified_time\" content=\"2021-12-06T11:48:44+00:00\" \/>\n<meta property=\"og:image\" content=\"https:\/\/www.intoscana.it\/wp-content\/uploads\/262223511_1884915448378768_3271066476638586611_n.jpeg\" \/>\n\t<meta property=\"og:image:width\" content=\"1099\" \/>\n\t<meta property=\"og:image:height\" content=\"733\" \/>\n\t<meta property=\"og:image:type\" content=\"image\/jpeg\" \/>\n<meta name=\"author\" content=\"Redazione\" \/>\n<meta name=\"twitter:card\" content=\"summary_large_image\" \/>\n<meta name=\"twitter:creator\" content=\"@intoscana\" \/>\n<meta name=\"twitter:site\" content=\"@intoscana\" \/>\n<meta name=\"twitter:label1\" content=\"Written by\" \/>\n\t<meta name=\"twitter:data1\" content=\"Redazione\" \/>\n\t<meta name=\"twitter:label2\" content=\"Est. reading time\" \/>\n\t<meta name=\"twitter:data2\" content=\"2 minuti\" \/>\n<script type=\"application\/ld+json\" class=\"yoast-schema-graph\">{\"@context\":\"https:\/\/schema.org\",\"@graph\":[{\"@type\":\"WebPage\",\"@id\":\"https:\/\/www.intoscana.it\/it\/il-mercato-centrale-di-firenze-a-natale-si-accende-con-1500-metri-di-luci\/\",\"url\":\"https:\/\/www.intoscana.it\/it\/il-mercato-centrale-di-firenze-a-natale-si-accende-con-1500-metri-di-luci\/\",\"name\":\"Il Mercato Centrale di Firenze a Natale si accende con 1500 metri di luci - intoscana\",\"isPartOf\":{\"@id\":\"https:\/\/www.intoscana.it\/it\/#website\"},\"primaryImageOfPage\":{\"@id\":\"https:\/\/www.intoscana.it\/it\/il-mercato-centrale-di-firenze-a-natale-si-accende-con-1500-metri-di-luci\/#primaryimage\"},\"image\":{\"@id\":\"https:\/\/www.intoscana.it\/it\/il-mercato-centrale-di-firenze-a-natale-si-accende-con-1500-metri-di-luci\/#primaryimage\"},\"thumbnailUrl\":\"https:\/\/www.intoscana.it\/wp-content\/uploads\/262223511_1884915448378768_3271066476638586611_n.jpeg\",\"datePublished\":\"2021-12-04T09:32:27+00:00\",\"dateModified\":\"2021-12-06T11:48:44+00:00\",\"author\":{\"@id\":\"https:\/\/www.intoscana.it\/it\/#\/schema\/person\/9223810753230f20bd670fdd322661f8\"},\"description\":\"Tanti eventi per grandi e piccini all'insegna del gusto per celebrare insieme ai cittadini di Firenze le festivit\u00e0 natalizie\",\"breadcrumb\":{\"@id\":\"https:\/\/www.intoscana.it\/it\/il-mercato-centrale-di-firenze-a-natale-si-accende-con-1500-metri-di-luci\/#breadcrumb\"},\"inLanguage\":\"it-IT\",\"potentialAction\":[{\"@type\":\"ReadAction\",\"target\":[\"https:\/\/www.intoscana.it\/it\/il-mercato-centrale-di-firenze-a-natale-si-accende-con-1500-metri-di-luci\/\"]}]},{\"@type\":\"ImageObject\",\"inLanguage\":\"it-IT\",\"@id\":\"https:\/\/www.intoscana.it\/it\/il-mercato-centrale-di-firenze-a-natale-si-accende-con-1500-metri-di-luci\/#primaryimage\",\"url\":\"https:\/\/www.intoscana.it\/wp-content\/uploads\/262223511_1884915448378768_3271066476638586611_n.jpeg\",\"contentUrl\":\"https:\/\/www.intoscana.it\/wp-content\/uploads\/262223511_1884915448378768_3271066476638586611_n.jpeg\",\"width\":1099,\"height\":733},{\"@type\":\"BreadcrumbList\",\"@id\":\"https:\/\/www.intoscana.it\/it\/il-mercato-centrale-di-firenze-a-natale-si-accende-con-1500-metri-di-luci\/#breadcrumb\",\"itemListElement\":[{\"@type\":\"ListItem\",\"position\":1,\"name\":\"Home\",\"item\":\"https:\/\/www.intoscana.it\/it\/\"},{\"@type\":\"ListItem\",\"position\":2,\"name\":\"Il Mercato Centrale di Firenze a Natale si accende con 1500 metri di luci\"}]},{\"@type\":\"WebSite\",\"@id\":\"https:\/\/www.intoscana.it\/it\/#website\",\"url\":\"https:\/\/www.intoscana.it\/it\/\",\"name\":\"intoscana\",\"description\":\"\",\"potentialAction\":[{\"@type\":\"SearchAction\",\"target\":{\"@type\":\"EntryPoint\",\"urlTemplate\":\"https:\/\/www.intoscana.it\/it\/?s={search_term_string}\"},\"query-input\":{\"@type\":\"PropertyValueSpecification\",\"valueRequired\":true,\"valueName\":\"search_term_string\"}}],\"inLanguage\":\"it-IT\"},{\"@type\":\"Person\",\"@id\":\"https:\/\/www.intoscana.it\/it\/#\/schema\/person\/9223810753230f20bd670fdd322661f8\",\"name\":\"Redazione\",\"url\":\"https:\/\/www.intoscana.it\/it\/author\/redazione\/\"}]}<\/script>\n<!-- \/ Yoast SEO Premium plugin. -->","yoast_head_json":{"title":"Il Mercato Centrale di Firenze a Natale si accende con 1500 metri di luci - intoscana","description":"Tanti eventi per grandi e piccini all'insegna del gusto per celebrare insieme ai cittadini di Firenze le festivit\u00e0 natalizie","robots":{"index":"index","follow":"follow","max-snippet":"max-snippet:-1","max-image-preview":"max-image-preview:large","max-video-preview":"max-video-preview:-1"},"canonical":"https:\/\/www.intoscana.it\/it\/il-mercato-centrale-di-firenze-a-natale-si-accende-con-1500-metri-di-luci\/","og_locale":"it_IT","og_type":"article","og_title":"Il Mercato Centrale di Firenze a Natale si accende con 1500 metri di luci","og_description":"Tanti eventi per grandi e piccini all'insegna del gusto per celebrare insieme ai cittadini di Firenze le festivit\u00e0 natalizie","og_url":"https:\/\/www.intoscana.it\/it\/il-mercato-centrale-di-firenze-a-natale-si-accende-con-1500-metri-di-luci\/","og_site_name":"intoscana","article_publisher":"https:\/\/www.facebook.com\/intoscana.it","article_published_time":"2021-12-04T09:32:27+00:00","article_modified_time":"2021-12-06T11:48:44+00:00","og_image":[{"width":1099,"height":733,"url":"https:\/\/www.intoscana.it\/wp-content\/uploads\/262223511_1884915448378768_3271066476638586611_n.jpeg","type":"image\/jpeg"}],"author":"Redazione","twitter_card":"summary_large_image","twitter_creator":"@intoscana","twitter_site":"@intoscana","twitter_misc":{"Written by":"Redazione","Est. reading time":"2 minuti"},"schema":{"@context":"https:\/\/schema.org","@graph":[{"@type":"WebPage","@id":"https:\/\/www.intoscana.it\/it\/il-mercato-centrale-di-firenze-a-natale-si-accende-con-1500-metri-di-luci\/","url":"https:\/\/www.intoscana.it\/it\/il-mercato-centrale-di-firenze-a-natale-si-accende-con-1500-metri-di-luci\/","name":"Il Mercato Centrale di Firenze a Natale si accende con 1500 metri di luci - intoscana","isPartOf":{"@id":"https:\/\/www.intoscana.it\/it\/#website"},"primaryImageOfPage":{"@id":"https:\/\/www.intoscana.it\/it\/il-mercato-centrale-di-firenze-a-natale-si-accende-con-1500-metri-di-luci\/#primaryimage"},"image":{"@id":"https:\/\/www.intoscana.it\/it\/il-mercato-centrale-di-firenze-a-natale-si-accende-con-1500-metri-di-luci\/#primaryimage"},"thumbnailUrl":"https:\/\/www.intoscana.it\/wp-content\/uploads\/262223511_1884915448378768_3271066476638586611_n.jpeg","datePublished":"2021-12-04T09:32:27+00:00","dateModified":"2021-12-06T11:48:44+00:00","author":{"@id":"https:\/\/www.intoscana.it\/it\/#\/schema\/person\/9223810753230f20bd670fdd322661f8"},"description":"Tanti eventi per grandi e piccini all'insegna del gusto per celebrare insieme ai cittadini di Firenze le festivit\u00e0 natalizie","breadcrumb":{"@id":"https:\/\/www.intoscana.it\/it\/il-mercato-centrale-di-firenze-a-natale-si-accende-con-1500-metri-di-luci\/#breadcrumb"},"inLanguage":"it-IT","potentialAction":[{"@type":"ReadAction","target":["https:\/\/www.intoscana.it\/it\/il-mercato-centrale-di-firenze-a-natale-si-accende-con-1500-metri-di-luci\/"]}]},{"@type":"ImageObject","inLanguage":"it-IT","@id":"https:\/\/www.intoscana.it\/it\/il-mercato-centrale-di-firenze-a-natale-si-accende-con-1500-metri-di-luci\/#primaryimage","url":"https:\/\/www.intoscana.it\/wp-content\/uploads\/262223511_1884915448378768_3271066476638586611_n.jpeg","contentUrl":"https:\/\/www.intoscana.it\/wp-content\/uploads\/262223511_1884915448378768_3271066476638586611_n.jpeg","width":1099,"height":733},{"@type":"BreadcrumbList","@id":"https:\/\/www.intoscana.it\/it\/il-mercato-centrale-di-firenze-a-natale-si-accende-con-1500-metri-di-luci\/#breadcrumb","itemListElement":[{"@type":"ListItem","position":1,"name":"Home","item":"https:\/\/www.intoscana.it\/it\/"},{"@type":"ListItem","position":2,"name":"Il Mercato Centrale di Firenze a Natale si accende con 1500 metri di luci"}]},{"@type":"WebSite","@id":"https:\/\/www.intoscana.it\/it\/#website","url":"https:\/\/www.intoscana.it\/it\/","name":"intoscana","description":"","potentialAction":[{"@type":"SearchAction","target":{"@type":"EntryPoint","urlTemplate":"https:\/\/www.intoscana.it\/it\/?s={search_term_string}"},"query-input":{"@type":"PropertyValueSpecification","valueRequired":true,"valueName":"search_term_string"}}],"inLanguage":"it-IT"},{"@type":"Person","@id":"https:\/\/www.intoscana.it\/it\/#\/schema\/person\/9223810753230f20bd670fdd322661f8","name":"Redazione","url":"https:\/\/www.intoscana.it\/it\/author\/redazione\/"}]}},"_links":{"self":[{"href":"https:\/\/www.intoscana.it\/it\/wp-json\/wp\/v2\/posts\/202181","targetHints":{"allow":["GET"]}}],"collection":[{"href":"https:\/\/www.intoscana.it\/it\/wp-json\/wp\/v2\/posts"}],"about":[{"href":"https:\/\/www.intoscana.it\/it\/wp-json\/wp\/v2\/types\/post"}],"author":[{"embeddable":true,"href":"https:\/\/www.intoscana.it\/it\/wp-json\/wp\/v2\/users\/525"}],"replies":[{"embeddable":true,"href":"https:\/\/www.intoscana.it\/it\/wp-json\/wp\/v2\/comments?post=202181"}],"version-history":[{"count":0,"href":"https:\/\/www.intoscana.it\/it\/wp-json\/wp\/v2\/posts\/202181\/revisions"}],"wp:featuredmedia":[{"embeddable":true,"href":"https:\/\/www.intoscana.it\/it\/wp-json\/wp\/v2\/media\/202169"}],"wp:attachment":[{"href":"https:\/\/www.intoscana.it\/it\/wp-json\/wp\/v2\/media?parent=202181"}],"wp:term":[{"taxonomy":"category","embeddable":true,"href":"https:\/\/www.intoscana.it\/it\/wp-json\/wp\/v2\/categories?post=202181"},{"taxonomy":"post_tag","embeddable":true,"href":"https:\/\/www.intoscana.it\/it\/wp-json\/wp\/v2\/tags?post=202181"}],"curies":[{"name":"wp","href":"https:\/\/api.w.org\/{rel}","templated":true}]}}