{"id":202306,"date":"2021-12-06T13:01:11","date_gmt":"2021-12-06T12:01:11","guid":{"rendered":"https:\/\/www.intoscana.it\/it\/?p=202306"},"modified":"2021-12-06T17:01:08","modified_gmt":"2021-12-06T16:01:08","slug":"emergenza-casa-misure-contro-la-crisi-crescono-i-contributi-affitto-pronti-i-fondi-per-riqualificare-gli-alloggi-popolari","status":"publish","type":"post","link":"https:\/\/www.intoscana.it\/it\/emergenza-casa-misure-contro-la-crisi-crescono-i-contributi-affitto-pronti-i-fondi-per-riqualificare-gli-alloggi-popolari\/","title":{"rendered":"Emergenza casa, misure anti-crisi: crescono i contributi affitto. Pi\u00f9 fondi per gli alloggi popolari"},"content":{"rendered":"<p>Fine anno, si tirano le somme. E in tempo di pandemia i dati raccolti raccontano necessariamente una realt\u00e0 deformata dall&#8217;emergenza sanitaria. Il decimo <a href=\"https:\/\/www.condizioneabitativa.it\/databrowser\/#\/it\"><strong>rapporto sulla condizione abitativa della Toscana<\/strong><\/a>, redatto dall&#8217;Osservatorio sociale regionale, fotografa una <mark>societ\u00e0 pi\u00f9 fragile, con un indice di povert\u00e0 relativa\u00a0 &#8211; al di sotto, cio\u00e8, di uno standard di vita convenzionale &#8211;\u00a0 che sale dal 7,7% del 2019 all&#8217;8,5% nel 2020. Basti pensare, per dirne una,\u00a0 che oggi il 28% delle famiglie non pu\u00f2 permettersi una spesa imprevista di 800 euro: era il 19% nel 2019<\/mark> (dati Irpet\/Universit\u00e0 di Siena). Ma la Toscana ha resistito, evitando situazioni anche pi\u00f9 drammatiche grazie all&#8217;imponente quantit\u00e0 di risorse messe a disposizione come <strong>contributi affitto<\/strong>, insieme a misure nazionali d&#8217;emergenza come il blocco degli sfratti.<\/p>\n<p><em>\u201cQueste misure\u00a0 hanno impedito che l\u2019emergenza casa assumesse toni drammatici offrendo a tante famiglie un prezioso sostegno per una delle voci di spesa pi\u00f9 onerose: l&#8217;affitto mensile<\/em>&#8220;. Lo ha detto l\u2019assessora regionale alle Politiche per la casa <strong>Serena Spinelli<\/strong> introducendo il rapporto realizzato con Anci Toscana e il Settore Politiche Abitative della Regione, nel corso del seminario online.\u00a0 <em>&#8220;Gli effetti dell\u2019epidemia sono tuttavia destinati ad essere molto pi\u00f9 duraturi sul fronte delle condizioni socioeconomiche. Perci\u00f2 occorre continuare ad adoperarsi, non solo per sostenere le famiglie pi\u00f9 a rischio, ma anche per un allargamento e una qualificazione del patrimonio abitativo e per un suo sempre miglior inserimento nel tessuto sociale&#8221;.<\/em><\/p>\n<h3><em>4mila domande in pi\u00f9 per ricevere il contributo affitto<\/em><\/h3>\n<p>Guardando ai numeri, si registrano 4mila domande di contributi affitto in pi\u00f9 rispetto all&#8217;anno precedente sui bandi ordinari. portando il totale a 20mila, per un totale di <mark>13 milioni di euro. A questi si aggiungono 7,7 milioni messi in campo per il fondo regionale straordinario Covid e\u00a0 gli Avvisi del Por-Fse, con ulteriori 13,3 milioni destinati soprattutto all\u2019annualit\u00e0 2021.<\/mark> Sul fronte sfratti, si registra una battuta evidente di arresto grazie al decreto \u201cCura Italia\u201d che li ha sospesi a partire dal marzo 2020. I procedimenti avviati ed eseguiti nel 2020 sono stati rispettivamente 2181 e 407. L\u2019operativit\u00e0 del Fondo di sostegno alla morosit\u00e0 incolpevole nazionale \u00e8 stata quindi ridotta, con un riparto complessivo di 755.518,56 euro su base regionale. I beneficiari sono stati 176.<\/p>\n<h3><em>Riqualificare gli allorggi Erp. Dal Pnrr arriveranno in Toscana 93 milioni di euro<\/em><\/h3>\n<p>Il patrimonio immobiliare dell\u2019edilizia residenziale pubblica toscana al 31 dicembre 2020 \u00e8 costituito da 5.907 edifici, per un totale di 49.940 alloggi (meno 56 unit\u00e0 rispetto al 2019). Quasi la met\u00e0 di questi edifici sono stati costruiti prima del 1970, mentre sono poco meno del 10% gli alloggi di recentissima costruzione. Al 31 dicembre 2019 risultavano in costruzione 352 alloggi, di cui 266 con prevista disponibilit\u00e0 nel 2021 e 38 effettivamente entrati nel patrimonio nel corso del 2020. Gli alloggi sfitti sono 3.625, quasi il doppio di quanti erano nel 2015. La maggior parte di questi sono in attesa di ristrutturazione (un quarto con lavori gi\u00e0 finanziati).<\/p>\n<p><em>&#8220;Il 2020 \u00e8 stato l\u2019anno del Covid ma anche quello della casa. Perch\u00e9, con i ripetuti lockdown, la dimensione abitativa \u00e8 diventata ancora pi\u00f9 centrale per la condizione di individui e famiglie. mostrando il ruolo che essa pu\u00f2 giocare nel riproporre o addirittura amplificare le disuguaglianze sociali\u201d<\/em>, ha aggiunto l&#8217;assessora Spinelli.<\/p>\n<p>I nuclei attualmente residenti in alloggi di Erp sono 46.134 su tutto il territorio regionale, e sono mediamente composti da 2,5 persone, per un totale di 114.664 inquilini. <mark>Le domande presentate nel corso del 2020 per l\u2019inserimento nelle graduatorie comunali per l\u2019accesso agli alloggi ERP sono state 18.856, e di queste l\u201982,3% con esito positivo in termini di accoglimento.<\/mark><\/p>\n<p>Per il triennio 2020-2022, la Regione Toscana ha destinato 32,4 milioni di euro per interventi di manutenzione, qualificazione, efficientamento energetico e ripristino del patrimonio ERP.\u00a0Decisive sono poi\u00a0 le potenzialit\u00e0 economiche offerte dai Fondi europei, a partire dal Pnrr. <em>&#8220;In particolare, all\u2019interno del Pnrr, la questione abitativa ha assunto una forte centralit\u00e0 nell\u2019ambito della Missione 5 dedicata all\u2019Inclusione sociale, con il finanziamento di interventi dedicati alla rigenerazione urbana, alla riqualificazione del patrimonio ERP, all\u2019housing sociale. <mark><\/mark>In Toscana sono gi\u00e0 disponibili e potranno essere utilizzati di qui al 2026, 93 milioni per la riqualificazione dell&#8217;edilizia residenziale pubblica\u201d,<mark><\/mark><\/em> conclude l&#8217;assessora.<\/p>\n<h3><em>Il mercato immobiliare frena<\/em><\/h3>\n<p>Gli effetti del Covid rallentano il mercato immobiliare. Dopo sei anni di crescita, diminuiscono nel 2020 le compravendite (-8,4%), e soprattutto si registra un deciso passo indietro nelle nuove costruzioni (-26,1%). I mutui\u00a0 caratterizzano il 55% delle transazioni, ma si riscontra una significativa riduzione relativa del numero di acquisti immobiliari realizzati utilizzando un finanziamento bancario (-4,8%), Anche nel 2020, infine, prosegue la discesa dei prezzi degli immobili: -1,4%.<\/p>\n<h3>Rivedi il seminario<\/h3>\n<p style=\"text-align: center;\"><iframe loading=\"lazy\" title=\"YouTube video player\" src=\"https:\/\/www.youtube.com\/embed\/94rTG5w769s\" width=\"800\" height=\"400\" frameborder=\"0\" allowfullscreen=\"allowfullscreen\"><span data-mce-type=\"bookmark\" style=\"display: inline-block; width: 0px; overflow: hidden; line-height: 0;\" class=\"mce_SELRES_start\">\ufeff<\/span><\/iframe><\/p>\n","protected":false},"excerpt":{"rendered":"<p>Presentato il X rapporto sulla condizione abitativa.\u00a0 Gli interventi in campo: dalla Regione 32,4 milioni per riqualificare il patrimonio Erp,\u00a0 pronti altri 93 milioni dal Pnrr. L&#8217;assessora Spinelli: &#8220;Evitato che l&#8217;emergenza assumesse toni drammatici&#8221;<\/p>\n","protected":false},"author":545,"featured_media":78390,"comment_status":"open","ping_status":"open","sticky":false,"template":"","format":"standard","meta":{"_acf_changed":false,"footnotes":""},"categories":[494],"tags":[4502,418,151,4822],"class_list":["post-202306","post","type-post","status-publish","format-standard","has-post-thumbnail","hentry","category-attualita","tag-casa","tag-covid-19","tag-regione-toscana","tag-serena-spinelli"],"acf":[],"yoast_head":"<!-- This site is optimized with the Yoast SEO Premium plugin v24.2 (Yoast SEO v25.6) - https:\/\/yoast.com\/wordpress\/plugins\/seo\/ -->\n<title>Emergenza casa, misure anti-crisi: crescono i contributi affitto. Pi\u00f9 fondi per gli alloggi popolari - intoscana<\/title>\n<meta name=\"description\" content=\"Presentato il X rapporto sulla condizione abitativa. Gli interventi in campo: dalla Regione 32,4 milioni agli alloggi popolari,\u00a0 pronti altri 93 milioni dal Pnrr. L&#039;assessora Spinelli: &quot;Evitato che l&#039;emergenza assumesse toni drammatici&quot;\" \/>\n<meta name=\"robots\" content=\"index, follow, max-snippet:-1, max-image-preview:large, max-video-preview:-1\" \/>\n<link rel=\"canonical\" href=\"https:\/\/www.intoscana.it\/it\/emergenza-casa-misure-contro-la-crisi-crescono-i-contributi-affitto-pronti-i-fondi-per-riqualificare-gli-alloggi-popolari\/\" \/>\n<meta property=\"og:locale\" content=\"it_IT\" \/>\n<meta property=\"og:type\" content=\"article\" \/>\n<meta property=\"og:title\" content=\"Emergenza casa, misure anti-crisi: crescono i contributi affitto. Pi\u00f9 fondi per gli alloggi popolari\" \/>\n<meta property=\"og:description\" content=\"Presentato il X rapporto sulla condizione abitativa. Gli interventi in campo: dalla Regione 32,4 milioni agli alloggi popolari,\u00a0 pronti altri 93 milioni dal Pnrr. L&#039;assessora Spinelli: &quot;Evitato che l&#039;emergenza assumesse toni drammatici&quot;\" \/>\n<meta property=\"og:url\" content=\"https:\/\/www.intoscana.it\/it\/emergenza-casa-misure-contro-la-crisi-crescono-i-contributi-affitto-pronti-i-fondi-per-riqualificare-gli-alloggi-popolari\/\" \/>\n<meta property=\"og:site_name\" content=\"intoscana\" \/>\n<meta property=\"article:publisher\" content=\"https:\/\/www.facebook.com\/intoscana.it\" \/>\n<meta property=\"article:published_time\" content=\"2021-12-06T12:01:11+00:00\" \/>\n<meta property=\"article:modified_time\" content=\"2021-12-06T16:01:08+00:00\" \/>\n<meta property=\"og:image\" content=\"https:\/\/www.intoscana.it\/wp-content\/uploads\/edilegno-20130802-164609.jpg\" \/>\n\t<meta property=\"og:image:width\" content=\"648\" \/>\n\t<meta property=\"og:image:height\" content=\"381\" \/>\n\t<meta property=\"og:image:type\" content=\"image\/jpeg\" \/>\n<meta name=\"author\" content=\"Clara D&#039;Acunto\" \/>\n<meta name=\"twitter:card\" content=\"summary_large_image\" \/>\n<meta name=\"twitter:creator\" content=\"@intoscana\" \/>\n<meta name=\"twitter:site\" content=\"@intoscana\" \/>\n<meta name=\"twitter:label1\" content=\"Written by\" \/>\n\t<meta name=\"twitter:data1\" content=\"Clara D&#039;Acunto\" \/>\n\t<meta name=\"twitter:label2\" content=\"Est. reading time\" \/>\n\t<meta name=\"twitter:data2\" content=\"4 minuti\" \/>\n<script type=\"application\/ld+json\" class=\"yoast-schema-graph\">{\"@context\":\"https:\/\/schema.org\",\"@graph\":[{\"@type\":\"WebPage\",\"@id\":\"https:\/\/www.intoscana.it\/it\/emergenza-casa-misure-contro-la-crisi-crescono-i-contributi-affitto-pronti-i-fondi-per-riqualificare-gli-alloggi-popolari\/\",\"url\":\"https:\/\/www.intoscana.it\/it\/emergenza-casa-misure-contro-la-crisi-crescono-i-contributi-affitto-pronti-i-fondi-per-riqualificare-gli-alloggi-popolari\/\",\"name\":\"Emergenza casa, misure anti-crisi: crescono i contributi affitto. Pi\u00f9 fondi per gli alloggi popolari - intoscana\",\"isPartOf\":{\"@id\":\"https:\/\/www.intoscana.it\/it\/#website\"},\"primaryImageOfPage\":{\"@id\":\"https:\/\/www.intoscana.it\/it\/emergenza-casa-misure-contro-la-crisi-crescono-i-contributi-affitto-pronti-i-fondi-per-riqualificare-gli-alloggi-popolari\/#primaryimage\"},\"image\":{\"@id\":\"https:\/\/www.intoscana.it\/it\/emergenza-casa-misure-contro-la-crisi-crescono-i-contributi-affitto-pronti-i-fondi-per-riqualificare-gli-alloggi-popolari\/#primaryimage\"},\"thumbnailUrl\":\"https:\/\/www.intoscana.it\/wp-content\/uploads\/edilegno-20130802-164609.jpg\",\"datePublished\":\"2021-12-06T12:01:11+00:00\",\"dateModified\":\"2021-12-06T16:01:08+00:00\",\"author\":{\"@id\":\"https:\/\/www.intoscana.it\/it\/#\/schema\/person\/137419af9ef5d385bde52864a841e6ce\"},\"description\":\"Presentato il X rapporto sulla condizione abitativa. Gli interventi in campo: dalla Regione 32,4 milioni agli alloggi popolari,\u00a0 pronti altri 93 milioni dal Pnrr. L'assessora Spinelli: \\\"Evitato che l'emergenza assumesse toni drammatici\\\"\",\"breadcrumb\":{\"@id\":\"https:\/\/www.intoscana.it\/it\/emergenza-casa-misure-contro-la-crisi-crescono-i-contributi-affitto-pronti-i-fondi-per-riqualificare-gli-alloggi-popolari\/#breadcrumb\"},\"inLanguage\":\"it-IT\",\"potentialAction\":[{\"@type\":\"ReadAction\",\"target\":[\"https:\/\/www.intoscana.it\/it\/emergenza-casa-misure-contro-la-crisi-crescono-i-contributi-affitto-pronti-i-fondi-per-riqualificare-gli-alloggi-popolari\/\"]}]},{\"@type\":\"ImageObject\",\"inLanguage\":\"it-IT\",\"@id\":\"https:\/\/www.intoscana.it\/it\/emergenza-casa-misure-contro-la-crisi-crescono-i-contributi-affitto-pronti-i-fondi-per-riqualificare-gli-alloggi-popolari\/#primaryimage\",\"url\":\"https:\/\/www.intoscana.it\/wp-content\/uploads\/edilegno-20130802-164609.jpg\",\"contentUrl\":\"https:\/\/www.intoscana.it\/wp-content\/uploads\/edilegno-20130802-164609.jpg\",\"width\":648,\"height\":381},{\"@type\":\"BreadcrumbList\",\"@id\":\"https:\/\/www.intoscana.it\/it\/emergenza-casa-misure-contro-la-crisi-crescono-i-contributi-affitto-pronti-i-fondi-per-riqualificare-gli-alloggi-popolari\/#breadcrumb\",\"itemListElement\":[{\"@type\":\"ListItem\",\"position\":1,\"name\":\"Home\",\"item\":\"https:\/\/www.intoscana.it\/it\/\"},{\"@type\":\"ListItem\",\"position\":2,\"name\":\"Emergenza casa, misure anti-crisi: crescono i contributi affitto. Pi\u00f9 fondi per gli alloggi popolari\"}]},{\"@type\":\"WebSite\",\"@id\":\"https:\/\/www.intoscana.it\/it\/#website\",\"url\":\"https:\/\/www.intoscana.it\/it\/\",\"name\":\"intoscana\",\"description\":\"\",\"potentialAction\":[{\"@type\":\"SearchAction\",\"target\":{\"@type\":\"EntryPoint\",\"urlTemplate\":\"https:\/\/www.intoscana.it\/it\/?s={search_term_string}\"},\"query-input\":{\"@type\":\"PropertyValueSpecification\",\"valueRequired\":true,\"valueName\":\"search_term_string\"}}],\"inLanguage\":\"it-IT\"},{\"@type\":\"Person\",\"@id\":\"https:\/\/www.intoscana.it\/it\/#\/schema\/person\/137419af9ef5d385bde52864a841e6ce\",\"name\":\"Clara D'Acunto\",\"url\":\"https:\/\/www.intoscana.it\/it\/author\/clara-d_acunto\/\"}]}<\/script>\n<!-- \/ Yoast SEO Premium plugin. -->","yoast_head_json":{"title":"Emergenza casa, misure anti-crisi: crescono i contributi affitto. Pi\u00f9 fondi per gli alloggi popolari - intoscana","description":"Presentato il X rapporto sulla condizione abitativa. Gli interventi in campo: dalla Regione 32,4 milioni agli alloggi popolari,\u00a0 pronti altri 93 milioni dal Pnrr. L'assessora Spinelli: \"Evitato che l'emergenza assumesse toni drammatici\"","robots":{"index":"index","follow":"follow","max-snippet":"max-snippet:-1","max-image-preview":"max-image-preview:large","max-video-preview":"max-video-preview:-1"},"canonical":"https:\/\/www.intoscana.it\/it\/emergenza-casa-misure-contro-la-crisi-crescono-i-contributi-affitto-pronti-i-fondi-per-riqualificare-gli-alloggi-popolari\/","og_locale":"it_IT","og_type":"article","og_title":"Emergenza casa, misure anti-crisi: crescono i contributi affitto. Pi\u00f9 fondi per gli alloggi popolari","og_description":"Presentato il X rapporto sulla condizione abitativa. Gli interventi in campo: dalla Regione 32,4 milioni agli alloggi popolari,\u00a0 pronti altri 93 milioni dal Pnrr. L'assessora Spinelli: \"Evitato che l'emergenza assumesse toni drammatici\"","og_url":"https:\/\/www.intoscana.it\/it\/emergenza-casa-misure-contro-la-crisi-crescono-i-contributi-affitto-pronti-i-fondi-per-riqualificare-gli-alloggi-popolari\/","og_site_name":"intoscana","article_publisher":"https:\/\/www.facebook.com\/intoscana.it","article_published_time":"2021-12-06T12:01:11+00:00","article_modified_time":"2021-12-06T16:01:08+00:00","og_image":[{"width":648,"height":381,"url":"https:\/\/www.intoscana.it\/wp-content\/uploads\/edilegno-20130802-164609.jpg","type":"image\/jpeg"}],"author":"Clara D'Acunto","twitter_card":"summary_large_image","twitter_creator":"@intoscana","twitter_site":"@intoscana","twitter_misc":{"Written by":"Clara D'Acunto","Est. reading time":"4 minuti"},"schema":{"@context":"https:\/\/schema.org","@graph":[{"@type":"WebPage","@id":"https:\/\/www.intoscana.it\/it\/emergenza-casa-misure-contro-la-crisi-crescono-i-contributi-affitto-pronti-i-fondi-per-riqualificare-gli-alloggi-popolari\/","url":"https:\/\/www.intoscana.it\/it\/emergenza-casa-misure-contro-la-crisi-crescono-i-contributi-affitto-pronti-i-fondi-per-riqualificare-gli-alloggi-popolari\/","name":"Emergenza casa, misure anti-crisi: crescono i contributi affitto. Pi\u00f9 fondi per gli alloggi popolari - intoscana","isPartOf":{"@id":"https:\/\/www.intoscana.it\/it\/#website"},"primaryImageOfPage":{"@id":"https:\/\/www.intoscana.it\/it\/emergenza-casa-misure-contro-la-crisi-crescono-i-contributi-affitto-pronti-i-fondi-per-riqualificare-gli-alloggi-popolari\/#primaryimage"},"image":{"@id":"https:\/\/www.intoscana.it\/it\/emergenza-casa-misure-contro-la-crisi-crescono-i-contributi-affitto-pronti-i-fondi-per-riqualificare-gli-alloggi-popolari\/#primaryimage"},"thumbnailUrl":"https:\/\/www.intoscana.it\/wp-content\/uploads\/edilegno-20130802-164609.jpg","datePublished":"2021-12-06T12:01:11+00:00","dateModified":"2021-12-06T16:01:08+00:00","author":{"@id":"https:\/\/www.intoscana.it\/it\/#\/schema\/person\/137419af9ef5d385bde52864a841e6ce"},"description":"Presentato il X rapporto sulla condizione abitativa. Gli interventi in campo: dalla Regione 32,4 milioni agli alloggi popolari,\u00a0 pronti altri 93 milioni dal Pnrr. L'assessora Spinelli: \"Evitato che l'emergenza assumesse toni drammatici\"","breadcrumb":{"@id":"https:\/\/www.intoscana.it\/it\/emergenza-casa-misure-contro-la-crisi-crescono-i-contributi-affitto-pronti-i-fondi-per-riqualificare-gli-alloggi-popolari\/#breadcrumb"},"inLanguage":"it-IT","potentialAction":[{"@type":"ReadAction","target":["https:\/\/www.intoscana.it\/it\/emergenza-casa-misure-contro-la-crisi-crescono-i-contributi-affitto-pronti-i-fondi-per-riqualificare-gli-alloggi-popolari\/"]}]},{"@type":"ImageObject","inLanguage":"it-IT","@id":"https:\/\/www.intoscana.it\/it\/emergenza-casa-misure-contro-la-crisi-crescono-i-contributi-affitto-pronti-i-fondi-per-riqualificare-gli-alloggi-popolari\/#primaryimage","url":"https:\/\/www.intoscana.it\/wp-content\/uploads\/edilegno-20130802-164609.jpg","contentUrl":"https:\/\/www.intoscana.it\/wp-content\/uploads\/edilegno-20130802-164609.jpg","width":648,"height":381},{"@type":"BreadcrumbList","@id":"https:\/\/www.intoscana.it\/it\/emergenza-casa-misure-contro-la-crisi-crescono-i-contributi-affitto-pronti-i-fondi-per-riqualificare-gli-alloggi-popolari\/#breadcrumb","itemListElement":[{"@type":"ListItem","position":1,"name":"Home","item":"https:\/\/www.intoscana.it\/it\/"},{"@type":"ListItem","position":2,"name":"Emergenza casa, misure anti-crisi: crescono i contributi affitto. Pi\u00f9 fondi per gli alloggi popolari"}]},{"@type":"WebSite","@id":"https:\/\/www.intoscana.it\/it\/#website","url":"https:\/\/www.intoscana.it\/it\/","name":"intoscana","description":"","potentialAction":[{"@type":"SearchAction","target":{"@type":"EntryPoint","urlTemplate":"https:\/\/www.intoscana.it\/it\/?s={search_term_string}"},"query-input":{"@type":"PropertyValueSpecification","valueRequired":true,"valueName":"search_term_string"}}],"inLanguage":"it-IT"},{"@type":"Person","@id":"https:\/\/www.intoscana.it\/it\/#\/schema\/person\/137419af9ef5d385bde52864a841e6ce","name":"Clara D'Acunto","url":"https:\/\/www.intoscana.it\/it\/author\/clara-d_acunto\/"}]}},"_links":{"self":[{"href":"https:\/\/www.intoscana.it\/it\/wp-json\/wp\/v2\/posts\/202306","targetHints":{"allow":["GET"]}}],"collection":[{"href":"https:\/\/www.intoscana.it\/it\/wp-json\/wp\/v2\/posts"}],"about":[{"href":"https:\/\/www.intoscana.it\/it\/wp-json\/wp\/v2\/types\/post"}],"author":[{"embeddable":true,"href":"https:\/\/www.intoscana.it\/it\/wp-json\/wp\/v2\/users\/545"}],"replies":[{"embeddable":true,"href":"https:\/\/www.intoscana.it\/it\/wp-json\/wp\/v2\/comments?post=202306"}],"version-history":[{"count":0,"href":"https:\/\/www.intoscana.it\/it\/wp-json\/wp\/v2\/posts\/202306\/revisions"}],"wp:featuredmedia":[{"embeddable":true,"href":"https:\/\/www.intoscana.it\/it\/wp-json\/wp\/v2\/media\/78390"}],"wp:attachment":[{"href":"https:\/\/www.intoscana.it\/it\/wp-json\/wp\/v2\/media?parent=202306"}],"wp:term":[{"taxonomy":"category","embeddable":true,"href":"https:\/\/www.intoscana.it\/it\/wp-json\/wp\/v2\/categories?post=202306"},{"taxonomy":"post_tag","embeddable":true,"href":"https:\/\/www.intoscana.it\/it\/wp-json\/wp\/v2\/tags?post=202306"}],"curies":[{"name":"wp","href":"https:\/\/api.w.org\/{rel}","templated":true}]}}