{"id":202637,"date":"2021-12-09T09:31:36","date_gmt":"2021-12-09T08:31:36","guid":{"rendered":"https:\/\/www.intoscana.it\/it\/?p=202637"},"modified":"2021-12-10T07:11:10","modified_gmt":"2021-12-10T06:11:10","slug":"chiara-saraceno-al-meeting-per-i-diritti-umani-mancano-politiche-per-la-parita-di-genere","status":"publish","type":"post","link":"https:\/\/www.intoscana.it\/it\/chiara-saraceno-al-meeting-per-i-diritti-umani-mancano-politiche-per-la-parita-di-genere\/","title":{"rendered":"Chiara Saraceno al Meeting per i diritti umani: &#8220;Mancano politiche per la parit\u00e0 di genere&#8221;"},"content":{"rendered":"<p>Al <a href=\"https:\/\/www.intoscana.it\/it\/articolo\/oltre-15mila-iscritti-al-meeting-dei-diritti-umani-il-10-dicembre-si-parla-di-discriminazioni-di-genere\/\" target=\"_blank\" rel=\"noopener\"><strong>Meeting per i Diritti Umani<\/strong><\/a> organizzato dalla <strong>Regione Toscana<\/strong> venerd\u00ec 10 dicembre a Firenze si parler\u00e0 di discriminazione di genere.<em><strong> &#8220;Questo genere di disuguaglianze&#8221;<\/strong><\/em> \u00e8 infatti in titolo della <strong>25esima edizione<\/strong> che vedr\u00e0 la partecipazione di\u00a0tanti ospiti che interverranno in una sorta di <strong>talk show tra live video, collegamenti a distanza in streaming dall\u2019Auditorium di Sant\u2019Apollonia<\/strong> a partire dalle 9.30.<\/p>\n<p>Tra gli ospiti che si collegheranno da remoto ci sar\u00e0 anche <strong>la sociologa Chiara Saraceno<\/strong> che ha passato gran parte della sua vita a studiare<strong> la famiglia e le sue trasformazioni.<\/strong><\/p>\n<p>Ha insegnato <strong>Sociologia della famiglia nell\u2019Universit\u00e0 di Torino<\/strong> ed \u00e8 stata docente all\u2019<strong>Istituto di ricerca sociale di Berlino.<\/strong> Tra le sue pubblicazioni: <em><strong>Conciliare famiglia e lavoro<\/strong><\/em> (con M. Naldini, Il Mulino 2011); <em><strong>Coppie e famiglie<\/strong> <\/em>(nuova edizione), Feltrinelli 2016; <em><strong>Mamme e pap\u00e0. Gli esami non finiscono mai<\/strong><\/em>, Il Mulino 2016, <em><strong>L\u2019equivoco della famiglia,<\/strong><\/em> Laterza 2017.<\/p>\n<h3>Ecco la nostra intervista<\/h3>\n<p><strong>Dal suo punto di vista com&#8217;\u00e8 cambiata la famiglia italiana negli ultimi anni?<\/strong><\/p>\n<p>Beh questo \u00e8 un domandone, certo che \u00e8 cambiata. La famiglia \u00e8 sempre in cambiamento, \u00e8 cambiata sia dall&#8217;interno che dall&#8217;esterno. I rapporti di coppia sono cambiati e anche quelli tra genitori e figli, sono pi\u00f9 complicati. Poi \u00e8 cambiato anche il modo di farla, molti matrimoni sono preceduti da una convivenza, uno su tre. Spesso i bambini nascono dentro una convivenza, una cosa che nella mia generazione non era considerato &#8220;per bene&#8221;. Tra l&#8217;altro in Italia la convivenza \u00e8 diffusa meno che in altri paesi, per esempio nel nord Europa \u00e8 la normalit\u00e0 iniziare cos\u00ec. Oggi in Italia \u00e8 ancora un&#8217;eccezione ma \u00e8 sempre pi\u00f9 diffusa. Oggi inoltre riconosciamo che si possa essere una famiglia anche se si \u00e8 una coppia con persone dello stesso sesso.<\/p>\n<p><strong>Rispetto al passato in cui la cura dei figli era un compito esclusivamente femminile mentre l&#8217;uomo era quello che lavorava, possiamo dire che le cose sono cambiate, si vive meglio in famiglia?<\/strong><\/p>\n<p>Le famiglie sono una diversa dall&#8217;altra, queste osservazioni generiche servono a poco. La divisione del lavoro \u00e8 ancora abbastanza squilibrata in Italia pi\u00f9 che in altri paesi. Anche quando le mamme sono occupate, gran parte del lavoro sia domestico che di cura rimane a carico loro, anche se quando le donne lavorano, gli uomini aiutano un po&#8217; di pi\u00f9. Una grande trasformazione che \u00e8 avvenuta che io sottolineo sempre \u00e8 che nonostante questo squilibrio permanga, la paternit\u00e0 \u00e8 cambiata soprattutto in relazione ai pi\u00f9 giovani. I pap\u00e0 giovani si prendono pi\u00f9 cura dei bambini molto piccoli. La mia generazione pensava che i padri non fossero in grado di pensare alla cura del neonato. Oggi \u00e8 diventata una cosa che i pap\u00e0 fanno con piacere, non per dovere. L&#8217;accudimento come parte della paternit\u00e0 \u00e8 sicuramente una novit\u00e0 positiva nelle generazioni pi\u00f9 giovani. Ogni volta che si cambiano le cose possono anche\u00a0esserci tensioni nella famiglia, la divisione del lavoro per certi versi d\u00e0 sicurezza. Quando si \u00e8 corresponsabili si deve negoziare anche di pi\u00f9.<\/p>\n<div class=\"focuson\"><a href=\"https:\/\/www.intoscana.it\/it\/articolo\/oltre-15mila-iscritti-al-meeting-dei-diritti-umani-il-10-dicembre-si-parla-di-discriminazioni-di-genere\/\"><img decoding=\"async\" class=\"lazy\" src=\"https:\/\/www.intoscana.it\/wp-content\/uploads\/savethedate-Meeting-Diritti-Umani-2021-2.jpg\" style=\"\">\n                <div class=\"cat\">Meeting dei Diritti Umani 2021<\/div>\n                <h4>Al centro le discriminazioni di genere<\/h4><\/a>\n              <\/div>\n<p><strong>Il tema del Meeting dei Diritti Umani quest&#8217;anno sono le discriminazioni di genere, secondo lei quanti sono le pi\u00f9 problematiche nella famiglia?<\/strong><\/p>\n<p>Certamente sul lavoro ancora molto in termini di progressione di carriera, ma anche nell&#8217;organizzazione della societ\u00e0. Si da per scontato che le donne abbiano la responsabilit\u00e0 della cura della casa e della famiglia, proprio per questo vengono discriminate sul lavoro. Non si fa nulla o si fa poco per migliorare la situazione. Si puniscono le donne che lavorano perch\u00e8, viene attribuita solo a loro la responsabilit\u00e0 della cura. Questa \u00e8 ancora la cosa pi\u00f9 pesante, che colpisce diversamente a seconda della classe sociale chiaramente.<\/p>\n<p><strong>\u00c8\u00a0un discorso anche di tipo economico e politico, lo Stato potrebbe aiutare di pi\u00f9 le donne che affrontano una gravidanza, magari dando maggiore importanza al congedo parentale del compagno<\/strong><\/p>\n<p>Esatto mancano politiche che sostengano non solo l&#8217;occupazione femminile, ma che favoriscano la divisione del lavoro. Certamente il congedo genitoriale \u00e8 pagato poco e quindi i padri non lo prendono. C&#8217;\u00e8 poco congedo di paternit\u00e0, mancano i servizi per la prima infanzia, tutto questo discrimina le donne.<\/p>\n<p>&nbsp;<\/p>\n<p>&nbsp;<\/p>\n","protected":false},"excerpt":{"rendered":"<p>Intervista alla sociologa che da anni studia i cambiamenti che avvengono all&#8217;interno della famiglia italiana<\/p>\n","protected":false},"author":518,"featured_media":202507,"comment_status":"open","ping_status":"open","sticky":false,"template":"","format":"standard","meta":{"_acf_changed":false,"footnotes":""},"categories":[494],"tags":[411,1627],"class_list":["post-202637","post","type-post","status-publish","format-standard","has-post-thumbnail","hentry","category-attualita","tag-donne","tag-meeting-diritti-umani"],"acf":[],"yoast_head":"<!-- This site is optimized with the Yoast SEO Premium plugin v24.2 (Yoast SEO v25.6) - https:\/\/yoast.com\/wordpress\/plugins\/seo\/ -->\n<title>Chiara Saraceno al Meeting per i diritti umani: &quot;Mancano politiche per la parit\u00e0 di genere&quot; - intoscana<\/title>\n<meta name=\"description\" content=\"Intervista alla sociologa che da anni studia i cambiamenti che avvengono all&#039;interno della famiglia italiana\" \/>\n<meta name=\"robots\" content=\"index, follow, max-snippet:-1, max-image-preview:large, max-video-preview:-1\" \/>\n<link rel=\"canonical\" href=\"https:\/\/www.intoscana.it\/it\/chiara-saraceno-al-meeting-per-i-diritti-umani-mancano-politiche-per-la-parita-di-genere\/\" \/>\n<meta property=\"og:locale\" content=\"it_IT\" \/>\n<meta property=\"og:type\" content=\"article\" \/>\n<meta property=\"og:title\" content=\"Chiara Saraceno al Meeting per i diritti umani: &quot;Mancano politiche per la parit\u00e0 di genere&quot;\" \/>\n<meta property=\"og:description\" content=\"Intervista alla sociologa che da anni studia i cambiamenti che avvengono all&#039;interno della famiglia italiana\" \/>\n<meta property=\"og:url\" content=\"https:\/\/www.intoscana.it\/it\/chiara-saraceno-al-meeting-per-i-diritti-umani-mancano-politiche-per-la-parita-di-genere\/\" \/>\n<meta property=\"og:site_name\" content=\"intoscana\" \/>\n<meta property=\"article:publisher\" content=\"https:\/\/www.facebook.com\/intoscana.it\" \/>\n<meta property=\"article:published_time\" content=\"2021-12-09T08:31:36+00:00\" \/>\n<meta property=\"article:modified_time\" content=\"2021-12-10T06:11:10+00:00\" \/>\n<meta property=\"og:image\" content=\"https:\/\/www.intoscana.it\/wp-content\/uploads\/chiara-saraceno_large.jpg\" \/>\n\t<meta property=\"og:image:width\" content=\"1200\" \/>\n\t<meta property=\"og:image:height\" content=\"892\" \/>\n\t<meta property=\"og:image:type\" content=\"image\/jpeg\" \/>\n<meta name=\"author\" content=\"Costanza Baldini\" \/>\n<meta name=\"twitter:card\" content=\"summary_large_image\" \/>\n<meta name=\"twitter:creator\" content=\"@intoscana\" \/>\n<meta name=\"twitter:site\" content=\"@intoscana\" \/>\n<meta name=\"twitter:label1\" content=\"Written by\" \/>\n\t<meta name=\"twitter:data1\" content=\"Costanza Baldini\" \/>\n\t<meta name=\"twitter:label2\" content=\"Est. reading time\" \/>\n\t<meta name=\"twitter:data2\" content=\"3 minuti\" \/>\n<script type=\"application\/ld+json\" class=\"yoast-schema-graph\">{\"@context\":\"https:\/\/schema.org\",\"@graph\":[{\"@type\":\"WebPage\",\"@id\":\"https:\/\/www.intoscana.it\/it\/chiara-saraceno-al-meeting-per-i-diritti-umani-mancano-politiche-per-la-parita-di-genere\/\",\"url\":\"https:\/\/www.intoscana.it\/it\/chiara-saraceno-al-meeting-per-i-diritti-umani-mancano-politiche-per-la-parita-di-genere\/\",\"name\":\"Chiara Saraceno al Meeting per i diritti umani: \\\"Mancano politiche per la parit\u00e0 di genere\\\" - intoscana\",\"isPartOf\":{\"@id\":\"https:\/\/www.intoscana.it\/it\/#website\"},\"primaryImageOfPage\":{\"@id\":\"https:\/\/www.intoscana.it\/it\/chiara-saraceno-al-meeting-per-i-diritti-umani-mancano-politiche-per-la-parita-di-genere\/#primaryimage\"},\"image\":{\"@id\":\"https:\/\/www.intoscana.it\/it\/chiara-saraceno-al-meeting-per-i-diritti-umani-mancano-politiche-per-la-parita-di-genere\/#primaryimage\"},\"thumbnailUrl\":\"https:\/\/www.intoscana.it\/wp-content\/uploads\/chiara-saraceno_large.jpg\",\"datePublished\":\"2021-12-09T08:31:36+00:00\",\"dateModified\":\"2021-12-10T06:11:10+00:00\",\"author\":{\"@id\":\"https:\/\/www.intoscana.it\/it\/#\/schema\/person\/d469f35f09739bdf00bf5dd3f0647a82\"},\"description\":\"Intervista alla sociologa che da anni studia i cambiamenti che avvengono all'interno della famiglia italiana\",\"breadcrumb\":{\"@id\":\"https:\/\/www.intoscana.it\/it\/chiara-saraceno-al-meeting-per-i-diritti-umani-mancano-politiche-per-la-parita-di-genere\/#breadcrumb\"},\"inLanguage\":\"it-IT\",\"potentialAction\":[{\"@type\":\"ReadAction\",\"target\":[\"https:\/\/www.intoscana.it\/it\/chiara-saraceno-al-meeting-per-i-diritti-umani-mancano-politiche-per-la-parita-di-genere\/\"]}]},{\"@type\":\"ImageObject\",\"inLanguage\":\"it-IT\",\"@id\":\"https:\/\/www.intoscana.it\/it\/chiara-saraceno-al-meeting-per-i-diritti-umani-mancano-politiche-per-la-parita-di-genere\/#primaryimage\",\"url\":\"https:\/\/www.intoscana.it\/wp-content\/uploads\/chiara-saraceno_large.jpg\",\"contentUrl\":\"https:\/\/www.intoscana.it\/wp-content\/uploads\/chiara-saraceno_large.jpg\",\"width\":1200,\"height\":892},{\"@type\":\"BreadcrumbList\",\"@id\":\"https:\/\/www.intoscana.it\/it\/chiara-saraceno-al-meeting-per-i-diritti-umani-mancano-politiche-per-la-parita-di-genere\/#breadcrumb\",\"itemListElement\":[{\"@type\":\"ListItem\",\"position\":1,\"name\":\"Home\",\"item\":\"https:\/\/www.intoscana.it\/it\/\"},{\"@type\":\"ListItem\",\"position\":2,\"name\":\"Chiara Saraceno al Meeting per i diritti umani: &#8220;Mancano politiche per la parit\u00e0 di genere&#8221;\"}]},{\"@type\":\"WebSite\",\"@id\":\"https:\/\/www.intoscana.it\/it\/#website\",\"url\":\"https:\/\/www.intoscana.it\/it\/\",\"name\":\"intoscana\",\"description\":\"\",\"potentialAction\":[{\"@type\":\"SearchAction\",\"target\":{\"@type\":\"EntryPoint\",\"urlTemplate\":\"https:\/\/www.intoscana.it\/it\/?s={search_term_string}\"},\"query-input\":{\"@type\":\"PropertyValueSpecification\",\"valueRequired\":true,\"valueName\":\"search_term_string\"}}],\"inLanguage\":\"it-IT\"},{\"@type\":\"Person\",\"@id\":\"https:\/\/www.intoscana.it\/it\/#\/schema\/person\/d469f35f09739bdf00bf5dd3f0647a82\",\"name\":\"Costanza Baldini\",\"url\":\"https:\/\/www.intoscana.it\/it\/author\/costanza-baldini\/\"}]}<\/script>\n<!-- \/ Yoast SEO Premium plugin. -->","yoast_head_json":{"title":"Chiara Saraceno al Meeting per i diritti umani: \"Mancano politiche per la parit\u00e0 di genere\" - intoscana","description":"Intervista alla sociologa che da anni studia i cambiamenti che avvengono all'interno della famiglia italiana","robots":{"index":"index","follow":"follow","max-snippet":"max-snippet:-1","max-image-preview":"max-image-preview:large","max-video-preview":"max-video-preview:-1"},"canonical":"https:\/\/www.intoscana.it\/it\/chiara-saraceno-al-meeting-per-i-diritti-umani-mancano-politiche-per-la-parita-di-genere\/","og_locale":"it_IT","og_type":"article","og_title":"Chiara Saraceno al Meeting per i diritti umani: \"Mancano politiche per la parit\u00e0 di genere\"","og_description":"Intervista alla sociologa che da anni studia i cambiamenti che avvengono all'interno della famiglia italiana","og_url":"https:\/\/www.intoscana.it\/it\/chiara-saraceno-al-meeting-per-i-diritti-umani-mancano-politiche-per-la-parita-di-genere\/","og_site_name":"intoscana","article_publisher":"https:\/\/www.facebook.com\/intoscana.it","article_published_time":"2021-12-09T08:31:36+00:00","article_modified_time":"2021-12-10T06:11:10+00:00","og_image":[{"width":1200,"height":892,"url":"https:\/\/www.intoscana.it\/wp-content\/uploads\/chiara-saraceno_large.jpg","type":"image\/jpeg"}],"author":"Costanza Baldini","twitter_card":"summary_large_image","twitter_creator":"@intoscana","twitter_site":"@intoscana","twitter_misc":{"Written by":"Costanza Baldini","Est. reading time":"3 minuti"},"schema":{"@context":"https:\/\/schema.org","@graph":[{"@type":"WebPage","@id":"https:\/\/www.intoscana.it\/it\/chiara-saraceno-al-meeting-per-i-diritti-umani-mancano-politiche-per-la-parita-di-genere\/","url":"https:\/\/www.intoscana.it\/it\/chiara-saraceno-al-meeting-per-i-diritti-umani-mancano-politiche-per-la-parita-di-genere\/","name":"Chiara Saraceno al Meeting per i diritti umani: \"Mancano politiche per la parit\u00e0 di genere\" - intoscana","isPartOf":{"@id":"https:\/\/www.intoscana.it\/it\/#website"},"primaryImageOfPage":{"@id":"https:\/\/www.intoscana.it\/it\/chiara-saraceno-al-meeting-per-i-diritti-umani-mancano-politiche-per-la-parita-di-genere\/#primaryimage"},"image":{"@id":"https:\/\/www.intoscana.it\/it\/chiara-saraceno-al-meeting-per-i-diritti-umani-mancano-politiche-per-la-parita-di-genere\/#primaryimage"},"thumbnailUrl":"https:\/\/www.intoscana.it\/wp-content\/uploads\/chiara-saraceno_large.jpg","datePublished":"2021-12-09T08:31:36+00:00","dateModified":"2021-12-10T06:11:10+00:00","author":{"@id":"https:\/\/www.intoscana.it\/it\/#\/schema\/person\/d469f35f09739bdf00bf5dd3f0647a82"},"description":"Intervista alla sociologa che da anni studia i cambiamenti che avvengono all'interno della famiglia italiana","breadcrumb":{"@id":"https:\/\/www.intoscana.it\/it\/chiara-saraceno-al-meeting-per-i-diritti-umani-mancano-politiche-per-la-parita-di-genere\/#breadcrumb"},"inLanguage":"it-IT","potentialAction":[{"@type":"ReadAction","target":["https:\/\/www.intoscana.it\/it\/chiara-saraceno-al-meeting-per-i-diritti-umani-mancano-politiche-per-la-parita-di-genere\/"]}]},{"@type":"ImageObject","inLanguage":"it-IT","@id":"https:\/\/www.intoscana.it\/it\/chiara-saraceno-al-meeting-per-i-diritti-umani-mancano-politiche-per-la-parita-di-genere\/#primaryimage","url":"https:\/\/www.intoscana.it\/wp-content\/uploads\/chiara-saraceno_large.jpg","contentUrl":"https:\/\/www.intoscana.it\/wp-content\/uploads\/chiara-saraceno_large.jpg","width":1200,"height":892},{"@type":"BreadcrumbList","@id":"https:\/\/www.intoscana.it\/it\/chiara-saraceno-al-meeting-per-i-diritti-umani-mancano-politiche-per-la-parita-di-genere\/#breadcrumb","itemListElement":[{"@type":"ListItem","position":1,"name":"Home","item":"https:\/\/www.intoscana.it\/it\/"},{"@type":"ListItem","position":2,"name":"Chiara Saraceno al Meeting per i diritti umani: &#8220;Mancano politiche per la parit\u00e0 di genere&#8221;"}]},{"@type":"WebSite","@id":"https:\/\/www.intoscana.it\/it\/#website","url":"https:\/\/www.intoscana.it\/it\/","name":"intoscana","description":"","potentialAction":[{"@type":"SearchAction","target":{"@type":"EntryPoint","urlTemplate":"https:\/\/www.intoscana.it\/it\/?s={search_term_string}"},"query-input":{"@type":"PropertyValueSpecification","valueRequired":true,"valueName":"search_term_string"}}],"inLanguage":"it-IT"},{"@type":"Person","@id":"https:\/\/www.intoscana.it\/it\/#\/schema\/person\/d469f35f09739bdf00bf5dd3f0647a82","name":"Costanza Baldini","url":"https:\/\/www.intoscana.it\/it\/author\/costanza-baldini\/"}]}},"_links":{"self":[{"href":"https:\/\/www.intoscana.it\/it\/wp-json\/wp\/v2\/posts\/202637","targetHints":{"allow":["GET"]}}],"collection":[{"href":"https:\/\/www.intoscana.it\/it\/wp-json\/wp\/v2\/posts"}],"about":[{"href":"https:\/\/www.intoscana.it\/it\/wp-json\/wp\/v2\/types\/post"}],"author":[{"embeddable":true,"href":"https:\/\/www.intoscana.it\/it\/wp-json\/wp\/v2\/users\/518"}],"replies":[{"embeddable":true,"href":"https:\/\/www.intoscana.it\/it\/wp-json\/wp\/v2\/comments?post=202637"}],"version-history":[{"count":0,"href":"https:\/\/www.intoscana.it\/it\/wp-json\/wp\/v2\/posts\/202637\/revisions"}],"wp:featuredmedia":[{"embeddable":true,"href":"https:\/\/www.intoscana.it\/it\/wp-json\/wp\/v2\/media\/202507"}],"wp:attachment":[{"href":"https:\/\/www.intoscana.it\/it\/wp-json\/wp\/v2\/media?parent=202637"}],"wp:term":[{"taxonomy":"category","embeddable":true,"href":"https:\/\/www.intoscana.it\/it\/wp-json\/wp\/v2\/categories?post=202637"},{"taxonomy":"post_tag","embeddable":true,"href":"https:\/\/www.intoscana.it\/it\/wp-json\/wp\/v2\/tags?post=202637"}],"curies":[{"name":"wp","href":"https:\/\/api.w.org\/{rel}","templated":true}]}}