{"id":202870,"date":"2021-12-09T17:43:40","date_gmt":"2021-12-09T16:43:40","guid":{"rendered":"https:\/\/www.intoscana.it\/it\/?p=202870"},"modified":"2021-12-09T17:46:37","modified_gmt":"2021-12-09T16:46:37","slug":"la-mobilita-tra-pnrr-e-transizione-ecologica-giani-toscana-snodo-strategico-per-modernizzare-il-paese","status":"publish","type":"post","link":"https:\/\/www.intoscana.it\/it\/la-mobilita-tra-pnrr-e-transizione-ecologica-giani-toscana-snodo-strategico-per-modernizzare-il-paese\/","title":{"rendered":"La mobilit\u00e0 tra Pnrr e transizione ecologica, Giani: &#8220;Toscana snodo strategico per modernizzare il Paese&#8221;"},"content":{"rendered":"<p>La <strong>Toscana<\/strong> ha davanti a s\u00e9 una sfida epocale: rafforzare il suo scheletro di infrastrutture e viabilit\u00e0 e attivare la transizione ecologica verso una mobilit\u00e0 davvero sostenibile. I fondi a disposizioni sono tanti: da una parte i due cicli di programmazione, quello regionale di sviluppo e i fondi europei 2021-2027, dall&#8217;altra la nuova opportunit\u00e0 che viene dal <strong>Piano nazionale di ripresa e resilienza<\/strong>. <mark>Il documento di monitoraggio del <strong>Priim-Piano regionale integrato infrastrutture e mobilit\u00e0<\/strong> presentato all&#8217;auditorium Sant&#8217;Apollonia di Firenze tira le fila di tutto questo e delinea la direzione che la Toscana sta\u00a0 sta prendendo, delle nuove importanti arterie ai tanti imponenti investimenti in procinto di partire: tranvie, treni, trasporto pubblico locale e strade.<\/mark><\/p>\n<h3><em>L&#8217;importanza strategica dello &#8220;snodo Toscana&#8221;<\/em><\/h3>\n<p>Nero su bianco, in circa 300 pagine di documento,\u00a0 si delinea la regione che sar\u00e0 ma soprattutto emerge l&#8217;importanza dello <strong>&#8220;snodo Toscana&#8221;<\/strong> nel sistema nazionale. Lo dice chiaramente il presidente<strong> Eugenio Giani<\/strong>: <em>&#8220;L&#8217;appello generale che io faccio agli enti nazionali, da Fs ad Aspi, \u00e8 quello di prendere in seria considerazione la Toscana, perch\u00e9 la sua modernizzazione infrastrutturale \u00e8 una\u00a0 modernizzazione infrastrutturale per tutta Italia&#8221;<\/em>. <em>&#8220;Siamo in uno dei luoghi in cui si va e si ritorna, siamo nel cuore dell&#8217;asse strategico dei collegamenti Nord-Sud Italia&#8221;<\/em>, ha affermato Giani, sottolineando per\u00f2 come <em>&#8220;gli interventi stradali non sono aiutati n\u00e9 dal Pnrr n\u00e9 dai fondi strutturali europei&#8221;<\/em>. Una <em>&#8220;impostazione ideologica&#8221;<\/em> dell&#8217;Europa: <em>&#8220;Sono il primo a sostenere la rivoluzione ambientale che deve portare a una mobilit\u00e0 sostenibile, per\u00f2 siccome ci preoccupiamo per il 2035 di ottenere le emissioni zero su tutto quello che solca le nostre strade, io avrei un atteggiamento pi\u00f9 largo. Quando avremo tutti i mezzi a trazione elettrica o a idrogeno, noi avremo bisogno eccome di strade<\/em>&#8220;, aggiunge Giani.<\/p>\n<h3><em>Investimenti e occupazione: i numeri della ripresa<\/em><\/h3>\n<p>La misura la d\u00e0 l&#8217;assessore alle Infrastrutture <strong>Stefano Baccelli<\/strong>, che snocciola i numeri che descrivono la strategia futura della Regione su infrastrutture e mobilit\u00e0: <mark>&#8220;<em>Irpet ha calcolato che nel nostro piano integrato della Toscana, realizzate nel gioco di squadra complessivo tra Rfi, autorit\u00e0 portuali enti locali, sono previsti investimenti per 9 miliardi di euro nel decennio 2020-2030 e questo significa 15.000 persone in piu&#8217; al lavoro all&#8217;anno, in tutto 150.000&#8243;<\/em>.<\/mark> A questi si aggiungono \u00a0<em>&#8220;750 milioni del Pnrr per 2.000 lavoratori in pi\u00f9 ogni anno per i prossimi 5 anni. Questo d\u00e0 la misure dell&#8217;impegno, dell&#8217;opportunit\u00e0 straordinaria ma anche del fatto che dobbiamo migliorare tutti, essere piu&#8217; semplici, piu&#8217; efficienti, migliorare la nostra capacita&#8217; progettuale e di attrarre nuovi investimenti, bisogna uscire migliori da questa partita fondamentale che \u00e8 il Pnrr&#8221;.<\/em><\/p>\n<h3><em>Le priorit\u00e0<\/em><\/h3>\n<p>Le opere strategiche importanti sono molte, alcune le ha ricordate il presidente Giani. &#8220;<em>L\u2019asse ferroviario interno della Toscana, ovvero il <strong>sottoattraversamento\u00a0 dell\u2019alta velocit\u00e0 a Firenze<\/strong> che realizzeremo non col Pnrr, ma con l\u2019accordo di programma fra Regione, Stato e la Holding ferrovie&#8221;<\/em>, ma comunque <em>&#8220;da realizzare nei tempi con cui il Pnrr va a realizzare le altre opere, ovvero entro il 2026&#8221;<\/em>. Poi <em>&#8220;la mobilit\u00e0 sostenibile che sta nel Pnrr, con le nuove linee del <strong>sistema tranviario<\/strong> dirette a Bagno a Ripoli e a Campi, il collegamento rapido metro tram fra Firenze e Prato\u00a0 e i collegamenti con Sesto e Calenzano\u201d<\/em>.<br \/>\n<em>\u201cLa societ\u00e0\u00a0 Autostrade <\/em>\u2013 ha proseguito Giani \u2013<em> sta poi predisponendo in queste ore l&#8217;apertura del collegamento fra\u00a0 Barberino e Calenzano perch\u00e9 si possa avere la <strong>terza corsia fra Firenze, Prato\u00a0 e Pistoia<\/strong> e contemporaneamente\u00a0 risolvere il nodo di Peretola. L\u2019altra grande priorit\u00e0 \u2013 ha aggiunto &#8211; \u00e8 la <strong>Tirrenica<\/strong>, lotti 4 e 5, per cui ci sono i soldi in finanziaria, e poi l\u2019aggiudicazione dei lavori per la <strong>Darsena Europa di Livorno<\/strong>, con il\u00a0 fondale fino a 20 metri&#8221;. <\/em>C&#8217;\u00e8 poi<em> &#8220;la necessit\u00e0 di arrivare in 50 minuti da Siena a Firenze e il collegamento Siena-Firenze passa attraverso la doppia binarizzazione di Granaiolo-Empoli e di Poggibonsi-Siena. C&#8217;e&#8217; il collegamento fra Pistoia e Lucca per l&#8217;asse dorsale ferroviario su a nord&#8221;.<\/em><\/p>\n<p>E poi c&#8217;\u00e8 la Toscana diffusa, quella delle aree pi\u00f9 periferiche <em>&#8220;dove l\u2019accessibilit\u00e0 costituisce un elemento essenziale. Un elemento fondamentale <\/em>&#8211; ricorda l&#8217;assessore Baccelli &#8211;<em> \u00e8 rappresentato dalla manutenzione e dalla messa in sicurezza delle infrastrutture esistenti, a cominciare dalla rete viaria, per la quale la Toscana, in questi anni, ha destinato importanti risorse a favore degli Enti locali e per cui sono previste risorse nazionali e comunitarie&#8221;<\/em>. Sulla rete delle strade regionali, la Regione (a seguito dell\u2019acquisizione dal 2016 dalle Province delle competenze in materia di viabilit\u00e0 regionale) ha avviato a gara 37 opere per oltre 140 mln, tra cui 10 opere con lavori avviati. <em>&#8220;Importanti opere tra cui quelle relative alla Fi-PI.LI, alla SR 71 Umbro Casentinese- Romagnola, alla SR2 Cassia, alla SR 69 di Valdarno ed altre ancora, finanziate anche grazie al Piano operativo infrastrutture\u201d<\/em>.<\/p>\n<p>Da non dimenticare, poi, le grandi opere ferroviarie, come\u00a0 potenziamento della <strong>Prato-Bologna<\/strong> con profilatura di 40 chilometri i gallerie. Per quanto riguarda il Tpl, ha sottolineato ancora Baccelli, <em>&#8220;c\u2019\u00e8 stato un grande sforzo da parte\u00a0 dell\u2019amministrazione regionale durante tutto il periodo dell\u2019emergenza sanitaria nella gestione del servizio, al fine di garantire la mobilit\u00e0 quale diritto essenziale ai cittadini. Sono stati predisposti circa 200 bus aggiuntivi al giorno nel periodo scolastico 2020-2021, 320 in pi\u00f9 tra gennaio e giugno 2021. E poi l\u2019avvio del servizio unico regionale da parte del nuovo gestore avvenuto dal 1\u00b0 novembre&#8221;<\/em>.<\/p>\n<h3><em>La transizione ecologica: lo sviluppo sostenibile passa dalla mobilit\u00e0<\/em><\/h3>\n<p>Il filo rosso che lega tutti i progetti, a prescindere dalla fnte di finanziamento, \u00e8 la sostenibilit\u00e0. &#8220;<em>Non possiamo parlare di sviluppo sostenibile senza parlare di mobilit\u00e0 <\/em>&#8211; ha detto l&#8217;assessora all&#8217;Ambiente, <strong>Monia Monni<\/strong> &#8211;<em>\u00a0 Ripensare anche la mobilit\u00e0 dovr\u00e0 essere fondamentale, considerato che il settore dei trasporti \u00e8 responsabile di un quarto delle emissioni inquinanti e climalteranti. Ma le interconnessioni non finiscono qua: penso ad esempio al tema della mobilit\u00e0 elettrica&#8221;.<\/em> Diventa per\u00f2 necessario\u00a0 cambiare\u00a0 il metodo di produzione di quell\u2019energia elettrica.<em> &#8220;In quest\u2019ottica &#8211; continua &#8211;\u00a0 il tema della transizione energetica diventa strategico. Pertanto\u00a0 stiamo lavorando ad un nostro Piano per la transizione energetica che avr\u00e0 come obiettivi la produzione di 2500 MWe dal solare e il potenziamento della geotermia,\u00a0 distribuendo le quote di produzione ai Comuni, senza impattare sul paesaggio e avere una distribuzione socialmente corretta\u201d.<\/em><\/p>\n<h3><em>L&#8217;approfondimento su Pnrr e infrastrutture: l&#8217;intervista all&#8217;economista Andrea Giuricin<\/em><\/h3>\n<p style=\"text-align: center;\">\n<iframe loading=\"lazy\" title=\"YouTube video player\" src=\"https:\/\/www.youtube.com\/embed\/-rEiDjMIqSA\" width=\"600\" height=\"300\" frameborder=\"0\" allowfullscreen=\"allowfullscreen\"><span data-mce-type=\"bookmark\" style=\"display: inline-block; width: 0px; overflow: hidden; line-height: 0;\" class=\"mce_SELRES_start\">\ufeff<\/span><\/iframe><\/p>\n","protected":false},"excerpt":{"rendered":"<p>Presentato il Piano regionale integrato che delinea le priorit\u00e0 della Regione. Il presidente, con gli assessori Monni e Baccelli, delineano le prospettive future: dalla Tav alla Tirrenica, passando per le strade pi\u00f9 periferiche e la riduzione delle emissioni inquinanti<\/p>\n","protected":false},"author":545,"featured_media":202831,"comment_status":"open","ping_status":"open","sticky":false,"template":"","format":"standard","meta":{"_acf_changed":false,"footnotes":""},"categories":[494],"tags":[158,1438,5232,1577,4818],"class_list":["post-202870","post","type-post","status-publish","format-standard","has-post-thumbnail","hentry","category-attualita","tag-eugenio-giani","tag-mobilita-sostenibile","tag-monia-monni","tag-muoversi-in-toscana","tag-stefano-baccelli"],"acf":[],"yoast_head":"<!-- This site is optimized with the Yoast SEO Premium plugin v24.2 (Yoast SEO v25.6) - https:\/\/yoast.com\/wordpress\/plugins\/seo\/ -->\n<title>La mobilit\u00e0 tra Pnrr e transizione ecologica, Giani: &quot;Toscana snodo strategico per modernizzare il Paese&quot; - intoscana<\/title>\n<meta name=\"description\" content=\"Presentato il Piano regionale integrato che delinea le priorit\u00e0 della Regione. Il presidente, con gli assessori Monni e Baccelli, delineano le prospettive future: dalla Tav alla Tirrenica, passando per le strade periferiche e la riduzione delle emissioni inquinanti\" \/>\n<meta name=\"robots\" content=\"index, follow, max-snippet:-1, max-image-preview:large, max-video-preview:-1\" \/>\n<link rel=\"canonical\" href=\"https:\/\/www.intoscana.it\/it\/la-mobilita-tra-pnrr-e-transizione-ecologica-giani-toscana-snodo-strategico-per-modernizzare-il-paese\/\" \/>\n<meta property=\"og:locale\" content=\"it_IT\" \/>\n<meta property=\"og:type\" content=\"article\" \/>\n<meta property=\"og:title\" content=\"La mobilit\u00e0 tra Pnrr e transizione ecologica, Giani: &quot;Toscana snodo strategico per modernizzare il Paese&quot;\" \/>\n<meta property=\"og:description\" content=\"Presentato il Piano regionale integrato che delinea le priorit\u00e0 della Regione. Il presidente, con gli assessori Monni e Baccelli, delineano le prospettive future: dalla Tav alla Tirrenica, passando per le strade periferiche e la riduzione delle emissioni inquinanti\" \/>\n<meta property=\"og:url\" content=\"https:\/\/www.intoscana.it\/it\/la-mobilita-tra-pnrr-e-transizione-ecologica-giani-toscana-snodo-strategico-per-modernizzare-il-paese\/\" \/>\n<meta property=\"og:site_name\" content=\"intoscana\" \/>\n<meta property=\"article:publisher\" content=\"https:\/\/www.facebook.com\/intoscana.it\" \/>\n<meta property=\"article:published_time\" content=\"2021-12-09T16:43:40+00:00\" \/>\n<meta property=\"article:modified_time\" content=\"2021-12-09T16:46:37+00:00\" \/>\n<meta property=\"og:image\" content=\"https:\/\/www.intoscana.it\/wp-content\/uploads\/PFI_1054-scaled.jpg\" \/>\n\t<meta property=\"og:image:width\" content=\"2048\" \/>\n\t<meta property=\"og:image:height\" content=\"1363\" \/>\n\t<meta property=\"og:image:type\" content=\"image\/jpeg\" \/>\n<meta name=\"author\" content=\"Clara D&#039;Acunto\" \/>\n<meta name=\"twitter:card\" content=\"summary_large_image\" \/>\n<meta name=\"twitter:creator\" content=\"@intoscana\" \/>\n<meta name=\"twitter:site\" content=\"@intoscana\" \/>\n<meta name=\"twitter:label1\" content=\"Written by\" \/>\n\t<meta name=\"twitter:data1\" content=\"Clara D&#039;Acunto\" \/>\n\t<meta name=\"twitter:label2\" content=\"Est. reading time\" \/>\n\t<meta name=\"twitter:data2\" content=\"5 minuti\" \/>\n<script type=\"application\/ld+json\" class=\"yoast-schema-graph\">{\"@context\":\"https:\/\/schema.org\",\"@graph\":[{\"@type\":\"WebPage\",\"@id\":\"https:\/\/www.intoscana.it\/it\/la-mobilita-tra-pnrr-e-transizione-ecologica-giani-toscana-snodo-strategico-per-modernizzare-il-paese\/\",\"url\":\"https:\/\/www.intoscana.it\/it\/la-mobilita-tra-pnrr-e-transizione-ecologica-giani-toscana-snodo-strategico-per-modernizzare-il-paese\/\",\"name\":\"La mobilit\u00e0 tra Pnrr e transizione ecologica, Giani: \\\"Toscana snodo strategico per modernizzare il Paese\\\" - intoscana\",\"isPartOf\":{\"@id\":\"https:\/\/www.intoscana.it\/it\/#website\"},\"primaryImageOfPage\":{\"@id\":\"https:\/\/www.intoscana.it\/it\/la-mobilita-tra-pnrr-e-transizione-ecologica-giani-toscana-snodo-strategico-per-modernizzare-il-paese\/#primaryimage\"},\"image\":{\"@id\":\"https:\/\/www.intoscana.it\/it\/la-mobilita-tra-pnrr-e-transizione-ecologica-giani-toscana-snodo-strategico-per-modernizzare-il-paese\/#primaryimage\"},\"thumbnailUrl\":\"https:\/\/www.intoscana.it\/wp-content\/uploads\/PFI_1054-scaled.jpg\",\"datePublished\":\"2021-12-09T16:43:40+00:00\",\"dateModified\":\"2021-12-09T16:46:37+00:00\",\"author\":{\"@id\":\"https:\/\/www.intoscana.it\/it\/#\/schema\/person\/137419af9ef5d385bde52864a841e6ce\"},\"description\":\"Presentato il Piano regionale integrato che delinea le priorit\u00e0 della Regione. Il presidente, con gli assessori Monni e Baccelli, delineano le prospettive future: dalla Tav alla Tirrenica, passando per le strade periferiche e la riduzione delle emissioni inquinanti\",\"breadcrumb\":{\"@id\":\"https:\/\/www.intoscana.it\/it\/la-mobilita-tra-pnrr-e-transizione-ecologica-giani-toscana-snodo-strategico-per-modernizzare-il-paese\/#breadcrumb\"},\"inLanguage\":\"it-IT\",\"potentialAction\":[{\"@type\":\"ReadAction\",\"target\":[\"https:\/\/www.intoscana.it\/it\/la-mobilita-tra-pnrr-e-transizione-ecologica-giani-toscana-snodo-strategico-per-modernizzare-il-paese\/\"]}]},{\"@type\":\"ImageObject\",\"inLanguage\":\"it-IT\",\"@id\":\"https:\/\/www.intoscana.it\/it\/la-mobilita-tra-pnrr-e-transizione-ecologica-giani-toscana-snodo-strategico-per-modernizzare-il-paese\/#primaryimage\",\"url\":\"https:\/\/www.intoscana.it\/wp-content\/uploads\/PFI_1054-scaled.jpg\",\"contentUrl\":\"https:\/\/www.intoscana.it\/wp-content\/uploads\/PFI_1054-scaled.jpg\",\"width\":2048,\"height\":1363},{\"@type\":\"BreadcrumbList\",\"@id\":\"https:\/\/www.intoscana.it\/it\/la-mobilita-tra-pnrr-e-transizione-ecologica-giani-toscana-snodo-strategico-per-modernizzare-il-paese\/#breadcrumb\",\"itemListElement\":[{\"@type\":\"ListItem\",\"position\":1,\"name\":\"Home\",\"item\":\"https:\/\/www.intoscana.it\/it\/\"},{\"@type\":\"ListItem\",\"position\":2,\"name\":\"La mobilit\u00e0 tra Pnrr e transizione ecologica, Giani: &#8220;Toscana snodo strategico per modernizzare il Paese&#8221;\"}]},{\"@type\":\"WebSite\",\"@id\":\"https:\/\/www.intoscana.it\/it\/#website\",\"url\":\"https:\/\/www.intoscana.it\/it\/\",\"name\":\"intoscana\",\"description\":\"\",\"potentialAction\":[{\"@type\":\"SearchAction\",\"target\":{\"@type\":\"EntryPoint\",\"urlTemplate\":\"https:\/\/www.intoscana.it\/it\/?s={search_term_string}\"},\"query-input\":{\"@type\":\"PropertyValueSpecification\",\"valueRequired\":true,\"valueName\":\"search_term_string\"}}],\"inLanguage\":\"it-IT\"},{\"@type\":\"Person\",\"@id\":\"https:\/\/www.intoscana.it\/it\/#\/schema\/person\/137419af9ef5d385bde52864a841e6ce\",\"name\":\"Clara D'Acunto\",\"url\":\"https:\/\/www.intoscana.it\/it\/author\/clara-d_acunto\/\"}]}<\/script>\n<!-- \/ Yoast SEO Premium plugin. -->","yoast_head_json":{"title":"La mobilit\u00e0 tra Pnrr e transizione ecologica, Giani: \"Toscana snodo strategico per modernizzare il Paese\" - intoscana","description":"Presentato il Piano regionale integrato che delinea le priorit\u00e0 della Regione. Il presidente, con gli assessori Monni e Baccelli, delineano le prospettive future: dalla Tav alla Tirrenica, passando per le strade periferiche e la riduzione delle emissioni inquinanti","robots":{"index":"index","follow":"follow","max-snippet":"max-snippet:-1","max-image-preview":"max-image-preview:large","max-video-preview":"max-video-preview:-1"},"canonical":"https:\/\/www.intoscana.it\/it\/la-mobilita-tra-pnrr-e-transizione-ecologica-giani-toscana-snodo-strategico-per-modernizzare-il-paese\/","og_locale":"it_IT","og_type":"article","og_title":"La mobilit\u00e0 tra Pnrr e transizione ecologica, Giani: \"Toscana snodo strategico per modernizzare il Paese\"","og_description":"Presentato il Piano regionale integrato che delinea le priorit\u00e0 della Regione. Il presidente, con gli assessori Monni e Baccelli, delineano le prospettive future: dalla Tav alla Tirrenica, passando per le strade periferiche e la riduzione delle emissioni inquinanti","og_url":"https:\/\/www.intoscana.it\/it\/la-mobilita-tra-pnrr-e-transizione-ecologica-giani-toscana-snodo-strategico-per-modernizzare-il-paese\/","og_site_name":"intoscana","article_publisher":"https:\/\/www.facebook.com\/intoscana.it","article_published_time":"2021-12-09T16:43:40+00:00","article_modified_time":"2021-12-09T16:46:37+00:00","og_image":[{"width":2048,"height":1363,"url":"https:\/\/www.intoscana.it\/wp-content\/uploads\/PFI_1054-scaled.jpg","type":"image\/jpeg"}],"author":"Clara D'Acunto","twitter_card":"summary_large_image","twitter_creator":"@intoscana","twitter_site":"@intoscana","twitter_misc":{"Written by":"Clara D'Acunto","Est. reading time":"5 minuti"},"schema":{"@context":"https:\/\/schema.org","@graph":[{"@type":"WebPage","@id":"https:\/\/www.intoscana.it\/it\/la-mobilita-tra-pnrr-e-transizione-ecologica-giani-toscana-snodo-strategico-per-modernizzare-il-paese\/","url":"https:\/\/www.intoscana.it\/it\/la-mobilita-tra-pnrr-e-transizione-ecologica-giani-toscana-snodo-strategico-per-modernizzare-il-paese\/","name":"La mobilit\u00e0 tra Pnrr e transizione ecologica, Giani: \"Toscana snodo strategico per modernizzare il Paese\" - intoscana","isPartOf":{"@id":"https:\/\/www.intoscana.it\/it\/#website"},"primaryImageOfPage":{"@id":"https:\/\/www.intoscana.it\/it\/la-mobilita-tra-pnrr-e-transizione-ecologica-giani-toscana-snodo-strategico-per-modernizzare-il-paese\/#primaryimage"},"image":{"@id":"https:\/\/www.intoscana.it\/it\/la-mobilita-tra-pnrr-e-transizione-ecologica-giani-toscana-snodo-strategico-per-modernizzare-il-paese\/#primaryimage"},"thumbnailUrl":"https:\/\/www.intoscana.it\/wp-content\/uploads\/PFI_1054-scaled.jpg","datePublished":"2021-12-09T16:43:40+00:00","dateModified":"2021-12-09T16:46:37+00:00","author":{"@id":"https:\/\/www.intoscana.it\/it\/#\/schema\/person\/137419af9ef5d385bde52864a841e6ce"},"description":"Presentato il Piano regionale integrato che delinea le priorit\u00e0 della Regione. Il presidente, con gli assessori Monni e Baccelli, delineano le prospettive future: dalla Tav alla Tirrenica, passando per le strade periferiche e la riduzione delle emissioni inquinanti","breadcrumb":{"@id":"https:\/\/www.intoscana.it\/it\/la-mobilita-tra-pnrr-e-transizione-ecologica-giani-toscana-snodo-strategico-per-modernizzare-il-paese\/#breadcrumb"},"inLanguage":"it-IT","potentialAction":[{"@type":"ReadAction","target":["https:\/\/www.intoscana.it\/it\/la-mobilita-tra-pnrr-e-transizione-ecologica-giani-toscana-snodo-strategico-per-modernizzare-il-paese\/"]}]},{"@type":"ImageObject","inLanguage":"it-IT","@id":"https:\/\/www.intoscana.it\/it\/la-mobilita-tra-pnrr-e-transizione-ecologica-giani-toscana-snodo-strategico-per-modernizzare-il-paese\/#primaryimage","url":"https:\/\/www.intoscana.it\/wp-content\/uploads\/PFI_1054-scaled.jpg","contentUrl":"https:\/\/www.intoscana.it\/wp-content\/uploads\/PFI_1054-scaled.jpg","width":2048,"height":1363},{"@type":"BreadcrumbList","@id":"https:\/\/www.intoscana.it\/it\/la-mobilita-tra-pnrr-e-transizione-ecologica-giani-toscana-snodo-strategico-per-modernizzare-il-paese\/#breadcrumb","itemListElement":[{"@type":"ListItem","position":1,"name":"Home","item":"https:\/\/www.intoscana.it\/it\/"},{"@type":"ListItem","position":2,"name":"La mobilit\u00e0 tra Pnrr e transizione ecologica, Giani: &#8220;Toscana snodo strategico per modernizzare il Paese&#8221;"}]},{"@type":"WebSite","@id":"https:\/\/www.intoscana.it\/it\/#website","url":"https:\/\/www.intoscana.it\/it\/","name":"intoscana","description":"","potentialAction":[{"@type":"SearchAction","target":{"@type":"EntryPoint","urlTemplate":"https:\/\/www.intoscana.it\/it\/?s={search_term_string}"},"query-input":{"@type":"PropertyValueSpecification","valueRequired":true,"valueName":"search_term_string"}}],"inLanguage":"it-IT"},{"@type":"Person","@id":"https:\/\/www.intoscana.it\/it\/#\/schema\/person\/137419af9ef5d385bde52864a841e6ce","name":"Clara D'Acunto","url":"https:\/\/www.intoscana.it\/it\/author\/clara-d_acunto\/"}]}},"_links":{"self":[{"href":"https:\/\/www.intoscana.it\/it\/wp-json\/wp\/v2\/posts\/202870","targetHints":{"allow":["GET"]}}],"collection":[{"href":"https:\/\/www.intoscana.it\/it\/wp-json\/wp\/v2\/posts"}],"about":[{"href":"https:\/\/www.intoscana.it\/it\/wp-json\/wp\/v2\/types\/post"}],"author":[{"embeddable":true,"href":"https:\/\/www.intoscana.it\/it\/wp-json\/wp\/v2\/users\/545"}],"replies":[{"embeddable":true,"href":"https:\/\/www.intoscana.it\/it\/wp-json\/wp\/v2\/comments?post=202870"}],"version-history":[{"count":0,"href":"https:\/\/www.intoscana.it\/it\/wp-json\/wp\/v2\/posts\/202870\/revisions"}],"wp:featuredmedia":[{"embeddable":true,"href":"https:\/\/www.intoscana.it\/it\/wp-json\/wp\/v2\/media\/202831"}],"wp:attachment":[{"href":"https:\/\/www.intoscana.it\/it\/wp-json\/wp\/v2\/media?parent=202870"}],"wp:term":[{"taxonomy":"category","embeddable":true,"href":"https:\/\/www.intoscana.it\/it\/wp-json\/wp\/v2\/categories?post=202870"},{"taxonomy":"post_tag","embeddable":true,"href":"https:\/\/www.intoscana.it\/it\/wp-json\/wp\/v2\/tags?post=202870"}],"curies":[{"name":"wp","href":"https:\/\/api.w.org\/{rel}","templated":true}]}}