{"id":202960,"date":"2021-12-10T11:24:01","date_gmt":"2021-12-10T10:24:01","guid":{"rendered":"https:\/\/www.intoscana.it\/it\/?p=202960"},"modified":"2021-12-11T15:03:38","modified_gmt":"2021-12-11T14:03:38","slug":"covid-870-casi-il-tasso-dei-nuovi-positivi-e-del-227","status":"publish","type":"post","link":"https:\/\/www.intoscana.it\/it\/covid-870-casi-il-tasso-dei-nuovi-positivi-e-del-227\/","title":{"rendered":"Covid, 870 nuovi casi con un&#8217;et\u00e0 media di 36 anni. Sei i decessi"},"content":{"rendered":"<p>I nuovi casi <strong>Covid<\/strong> registrati in Toscana nelle 24 ore sono 870 su 38.333 test di cui 10.464 tamponi molecolari e 27.869 test rapidi. Il tasso dei nuovi positivi \u00e8 2,27% (8,4% sulle prime diagnosi). <mark>Rispetto a ieri c&#8217;\u00e8 un netto aumento dei nuovi positivi, ma su oltre il doppio di tamponi molecolari e tamponi rapidi processati.<\/mark> Ieri erano stati 659 i nuovi casi registrati nelle 24 ore su 17.935 test, di cui 8.085 tamponi molecolari e 9.850 test rapidi e il tasso dei nuovi positivi era del 3,67%.<\/p>\n<p><mark>I ricoverati sono 334 (9 in pi\u00f9 rispetto a ieri), di cui 49 in terapia intensiva (2 in pi\u00f9).<\/mark> Oggi si registrano 6 nuovi decessi: 5 uomini e una donna con un&#8217;et\u00e0 media di 82,3 anni.<\/p>\n<p>L&#8217;et\u00e0 media dei 870 nuovi positivi odierni \u00e8 di 36 anni: 32% ha meno di 20 anni, 18% tra 20 e 39 anni, 33% tra 40 e 59 anni, 14% tra 60 e 79 anni, 3% ha 80 anni o pi\u00f9.<\/p>\n<h3><em>I casi di positivit\u00e0 sul territorio <\/em><\/h3>\n<p>Sono 84.737 i casi complessivi ad oggi a Firenze (283 in pi\u00f9 rispetto a ieri), 27.758 a Prato (45 in pi\u00f9), 29.263 a Pistoia (120 in pi\u00f9), 16.253 a Massa-Carrara (38 in pi\u00f9), 31.115 a Lucca (64 in pi\u00f9), 35.953 a Pisa (87 in pi\u00f9), 23.190 a Livorno (83 in pi\u00f9), 27.648 ad Arezzo (77 in pi\u00f9), 18.546 a Siena (35 in pi\u00f9), 13.069 a Grosseto (38 in pi\u00f9).<\/p>\n<p>Complessivamente, 11.410 persone sono in isolamento a casa, poich\u00e9 presentano sintomi lievi che non richiedono cure ospedaliere, o risultano prive di sintomi (457 in pi\u00f9 rispetto a ieri, pi\u00f9 4,2%).<br \/>\nSono 29.655 (2.369 in pi\u00f9 rispetto a ieri, pi\u00f9 8,7%) le persone, anch&#8217;esse isolate, in sorveglianza attiva perch\u00e9 hanno avuto contatti con persone contagiate (ASL Centro 11.714, Nord Ovest 11.988, Sud Est 5.953).<\/p>\n<p><mark>Sono 7.447 i deceduti dall&#8217;inizio dell&#8217;epidemia<\/mark>: 2.396 a Firenze, 655 a Prato, 692 a Pistoia, 547 a Massa-Carrara, 708 a Lucca, 751 a Pisa, 431 a Livorno, 566 ad Arezzo, 374 a Siena, 230 a Grosseto, 97 persone sono decedute sul suolo toscano ma erano residenti fuori regione.<\/p>\n","protected":false},"excerpt":{"rendered":"<p>Sono 38.333 i tamponi effettuati nelle ultime 24 ore. Il tasso di positivit\u00e0 \u00e8 del 2,27%. Crescono i ricoveri e le terapie intensive<\/p>\n","protected":false},"author":525,"featured_media":194296,"comment_status":"open","ping_status":"open","sticky":false,"template":"","format":"standard","meta":{"_acf_changed":false,"footnotes":""},"categories":[494],"tags":[4868,418],"class_list":["post-202960","post","type-post","status-publish","format-standard","has-post-thumbnail","hentry","category-attualita","tag-bollettino-covid-toscana","tag-covid-19"],"acf":[],"yoast_head":"<!-- This site is optimized with the Yoast SEO Premium plugin v24.2 (Yoast SEO v25.6) - https:\/\/yoast.com\/wordpress\/plugins\/seo\/ -->\n<title>Covid, 870 nuovi casi con un&#039;et\u00e0 media di 36 anni. Sei i decessi - intoscana<\/title>\n<meta name=\"description\" content=\"Sono 38.333 i tamponi effettuati nelle ultime 24 ore. Il tasso di positivit\u00e0 \u00e8 del 2,27%. Crescono i ricoveri e le terapie intensive\" \/>\n<meta name=\"robots\" content=\"index, follow, max-snippet:-1, max-image-preview:large, max-video-preview:-1\" \/>\n<link rel=\"canonical\" href=\"https:\/\/www.intoscana.it\/it\/covid-870-casi-il-tasso-dei-nuovi-positivi-e-del-227\/\" \/>\n<meta property=\"og:locale\" content=\"it_IT\" \/>\n<meta property=\"og:type\" content=\"article\" \/>\n<meta property=\"og:title\" content=\"Covid, 870 nuovi casi con un&#039;et\u00e0 media di 36 anni. Sei i decessi\" \/>\n<meta property=\"og:description\" content=\"Sono 38.333 i tamponi effettuati nelle ultime 24 ore. Il tasso di positivit\u00e0 \u00e8 del 2,27%. Crescono i ricoveri e le terapie intensive\" \/>\n<meta property=\"og:url\" content=\"https:\/\/www.intoscana.it\/it\/covid-870-casi-il-tasso-dei-nuovi-positivi-e-del-227\/\" \/>\n<meta property=\"og:site_name\" content=\"intoscana\" \/>\n<meta property=\"article:publisher\" content=\"https:\/\/www.facebook.com\/intoscana.it\" \/>\n<meta property=\"article:published_time\" content=\"2021-12-10T10:24:01+00:00\" \/>\n<meta property=\"article:modified_time\" content=\"2021-12-11T14:03:38+00:00\" \/>\n<meta property=\"og:image\" content=\"https:\/\/www.intoscana.it\/wp-content\/uploads\/creaf_prato_vaccini_7-scaled.jpg\" \/>\n\t<meta property=\"og:image:width\" content=\"2048\" \/>\n\t<meta property=\"og:image:height\" content=\"1363\" \/>\n\t<meta property=\"og:image:type\" content=\"image\/jpeg\" \/>\n<meta name=\"author\" content=\"Redazione\" \/>\n<meta name=\"twitter:card\" content=\"summary_large_image\" \/>\n<meta name=\"twitter:creator\" content=\"@intoscana\" \/>\n<meta name=\"twitter:site\" content=\"@intoscana\" \/>\n<meta name=\"twitter:label1\" content=\"Written by\" \/>\n\t<meta name=\"twitter:data1\" content=\"Redazione\" \/>\n\t<meta name=\"twitter:label2\" content=\"Est. reading time\" \/>\n\t<meta name=\"twitter:data2\" content=\"1 minuto\" \/>\n<script type=\"application\/ld+json\" class=\"yoast-schema-graph\">{\"@context\":\"https:\/\/schema.org\",\"@graph\":[{\"@type\":\"WebPage\",\"@id\":\"https:\/\/www.intoscana.it\/it\/covid-870-casi-il-tasso-dei-nuovi-positivi-e-del-227\/\",\"url\":\"https:\/\/www.intoscana.it\/it\/covid-870-casi-il-tasso-dei-nuovi-positivi-e-del-227\/\",\"name\":\"Covid, 870 nuovi casi con un'et\u00e0 media di 36 anni. Sei i decessi - intoscana\",\"isPartOf\":{\"@id\":\"https:\/\/www.intoscana.it\/it\/#website\"},\"primaryImageOfPage\":{\"@id\":\"https:\/\/www.intoscana.it\/it\/covid-870-casi-il-tasso-dei-nuovi-positivi-e-del-227\/#primaryimage\"},\"image\":{\"@id\":\"https:\/\/www.intoscana.it\/it\/covid-870-casi-il-tasso-dei-nuovi-positivi-e-del-227\/#primaryimage\"},\"thumbnailUrl\":\"https:\/\/www.intoscana.it\/wp-content\/uploads\/creaf_prato_vaccini_7-scaled.jpg\",\"datePublished\":\"2021-12-10T10:24:01+00:00\",\"dateModified\":\"2021-12-11T14:03:38+00:00\",\"author\":{\"@id\":\"https:\/\/www.intoscana.it\/it\/#\/schema\/person\/9223810753230f20bd670fdd322661f8\"},\"description\":\"Sono 38.333 i tamponi effettuati nelle ultime 24 ore. Il tasso di positivit\u00e0 \u00e8 del 2,27%. Crescono i ricoveri e le terapie intensive\",\"breadcrumb\":{\"@id\":\"https:\/\/www.intoscana.it\/it\/covid-870-casi-il-tasso-dei-nuovi-positivi-e-del-227\/#breadcrumb\"},\"inLanguage\":\"it-IT\",\"potentialAction\":[{\"@type\":\"ReadAction\",\"target\":[\"https:\/\/www.intoscana.it\/it\/covid-870-casi-il-tasso-dei-nuovi-positivi-e-del-227\/\"]}]},{\"@type\":\"ImageObject\",\"inLanguage\":\"it-IT\",\"@id\":\"https:\/\/www.intoscana.it\/it\/covid-870-casi-il-tasso-dei-nuovi-positivi-e-del-227\/#primaryimage\",\"url\":\"https:\/\/www.intoscana.it\/wp-content\/uploads\/creaf_prato_vaccini_7-scaled.jpg\",\"contentUrl\":\"https:\/\/www.intoscana.it\/wp-content\/uploads\/creaf_prato_vaccini_7-scaled.jpg\",\"width\":2048,\"height\":1363,\"caption\":\"Infermieri e personale sanitario in reperto Covid (Centro Pegaso di Prato)\"},{\"@type\":\"BreadcrumbList\",\"@id\":\"https:\/\/www.intoscana.it\/it\/covid-870-casi-il-tasso-dei-nuovi-positivi-e-del-227\/#breadcrumb\",\"itemListElement\":[{\"@type\":\"ListItem\",\"position\":1,\"name\":\"Home\",\"item\":\"https:\/\/www.intoscana.it\/it\/\"},{\"@type\":\"ListItem\",\"position\":2,\"name\":\"Covid, 870 nuovi casi con un&#8217;et\u00e0 media di 36 anni. Sei i decessi\"}]},{\"@type\":\"WebSite\",\"@id\":\"https:\/\/www.intoscana.it\/it\/#website\",\"url\":\"https:\/\/www.intoscana.it\/it\/\",\"name\":\"intoscana\",\"description\":\"\",\"potentialAction\":[{\"@type\":\"SearchAction\",\"target\":{\"@type\":\"EntryPoint\",\"urlTemplate\":\"https:\/\/www.intoscana.it\/it\/?s={search_term_string}\"},\"query-input\":{\"@type\":\"PropertyValueSpecification\",\"valueRequired\":true,\"valueName\":\"search_term_string\"}}],\"inLanguage\":\"it-IT\"},{\"@type\":\"Person\",\"@id\":\"https:\/\/www.intoscana.it\/it\/#\/schema\/person\/9223810753230f20bd670fdd322661f8\",\"name\":\"Redazione\",\"url\":\"https:\/\/www.intoscana.it\/it\/author\/redazione\/\"}]}<\/script>\n<!-- \/ Yoast SEO Premium plugin. -->","yoast_head_json":{"title":"Covid, 870 nuovi casi con un'et\u00e0 media di 36 anni. Sei i decessi - intoscana","description":"Sono 38.333 i tamponi effettuati nelle ultime 24 ore. Il tasso di positivit\u00e0 \u00e8 del 2,27%. Crescono i ricoveri e le terapie intensive","robots":{"index":"index","follow":"follow","max-snippet":"max-snippet:-1","max-image-preview":"max-image-preview:large","max-video-preview":"max-video-preview:-1"},"canonical":"https:\/\/www.intoscana.it\/it\/covid-870-casi-il-tasso-dei-nuovi-positivi-e-del-227\/","og_locale":"it_IT","og_type":"article","og_title":"Covid, 870 nuovi casi con un'et\u00e0 media di 36 anni. Sei i decessi","og_description":"Sono 38.333 i tamponi effettuati nelle ultime 24 ore. Il tasso di positivit\u00e0 \u00e8 del 2,27%. Crescono i ricoveri e le terapie intensive","og_url":"https:\/\/www.intoscana.it\/it\/covid-870-casi-il-tasso-dei-nuovi-positivi-e-del-227\/","og_site_name":"intoscana","article_publisher":"https:\/\/www.facebook.com\/intoscana.it","article_published_time":"2021-12-10T10:24:01+00:00","article_modified_time":"2021-12-11T14:03:38+00:00","og_image":[{"width":2048,"height":1363,"url":"https:\/\/www.intoscana.it\/wp-content\/uploads\/creaf_prato_vaccini_7-scaled.jpg","type":"image\/jpeg"}],"author":"Redazione","twitter_card":"summary_large_image","twitter_creator":"@intoscana","twitter_site":"@intoscana","twitter_misc":{"Written by":"Redazione","Est. reading time":"1 minuto"},"schema":{"@context":"https:\/\/schema.org","@graph":[{"@type":"WebPage","@id":"https:\/\/www.intoscana.it\/it\/covid-870-casi-il-tasso-dei-nuovi-positivi-e-del-227\/","url":"https:\/\/www.intoscana.it\/it\/covid-870-casi-il-tasso-dei-nuovi-positivi-e-del-227\/","name":"Covid, 870 nuovi casi con un'et\u00e0 media di 36 anni. Sei i decessi - intoscana","isPartOf":{"@id":"https:\/\/www.intoscana.it\/it\/#website"},"primaryImageOfPage":{"@id":"https:\/\/www.intoscana.it\/it\/covid-870-casi-il-tasso-dei-nuovi-positivi-e-del-227\/#primaryimage"},"image":{"@id":"https:\/\/www.intoscana.it\/it\/covid-870-casi-il-tasso-dei-nuovi-positivi-e-del-227\/#primaryimage"},"thumbnailUrl":"https:\/\/www.intoscana.it\/wp-content\/uploads\/creaf_prato_vaccini_7-scaled.jpg","datePublished":"2021-12-10T10:24:01+00:00","dateModified":"2021-12-11T14:03:38+00:00","author":{"@id":"https:\/\/www.intoscana.it\/it\/#\/schema\/person\/9223810753230f20bd670fdd322661f8"},"description":"Sono 38.333 i tamponi effettuati nelle ultime 24 ore. Il tasso di positivit\u00e0 \u00e8 del 2,27%. Crescono i ricoveri e le terapie intensive","breadcrumb":{"@id":"https:\/\/www.intoscana.it\/it\/covid-870-casi-il-tasso-dei-nuovi-positivi-e-del-227\/#breadcrumb"},"inLanguage":"it-IT","potentialAction":[{"@type":"ReadAction","target":["https:\/\/www.intoscana.it\/it\/covid-870-casi-il-tasso-dei-nuovi-positivi-e-del-227\/"]}]},{"@type":"ImageObject","inLanguage":"it-IT","@id":"https:\/\/www.intoscana.it\/it\/covid-870-casi-il-tasso-dei-nuovi-positivi-e-del-227\/#primaryimage","url":"https:\/\/www.intoscana.it\/wp-content\/uploads\/creaf_prato_vaccini_7-scaled.jpg","contentUrl":"https:\/\/www.intoscana.it\/wp-content\/uploads\/creaf_prato_vaccini_7-scaled.jpg","width":2048,"height":1363,"caption":"Infermieri e personale sanitario in reperto Covid (Centro Pegaso di Prato)"},{"@type":"BreadcrumbList","@id":"https:\/\/www.intoscana.it\/it\/covid-870-casi-il-tasso-dei-nuovi-positivi-e-del-227\/#breadcrumb","itemListElement":[{"@type":"ListItem","position":1,"name":"Home","item":"https:\/\/www.intoscana.it\/it\/"},{"@type":"ListItem","position":2,"name":"Covid, 870 nuovi casi con un&#8217;et\u00e0 media di 36 anni. Sei i decessi"}]},{"@type":"WebSite","@id":"https:\/\/www.intoscana.it\/it\/#website","url":"https:\/\/www.intoscana.it\/it\/","name":"intoscana","description":"","potentialAction":[{"@type":"SearchAction","target":{"@type":"EntryPoint","urlTemplate":"https:\/\/www.intoscana.it\/it\/?s={search_term_string}"},"query-input":{"@type":"PropertyValueSpecification","valueRequired":true,"valueName":"search_term_string"}}],"inLanguage":"it-IT"},{"@type":"Person","@id":"https:\/\/www.intoscana.it\/it\/#\/schema\/person\/9223810753230f20bd670fdd322661f8","name":"Redazione","url":"https:\/\/www.intoscana.it\/it\/author\/redazione\/"}]}},"_links":{"self":[{"href":"https:\/\/www.intoscana.it\/it\/wp-json\/wp\/v2\/posts\/202960","targetHints":{"allow":["GET"]}}],"collection":[{"href":"https:\/\/www.intoscana.it\/it\/wp-json\/wp\/v2\/posts"}],"about":[{"href":"https:\/\/www.intoscana.it\/it\/wp-json\/wp\/v2\/types\/post"}],"author":[{"embeddable":true,"href":"https:\/\/www.intoscana.it\/it\/wp-json\/wp\/v2\/users\/525"}],"replies":[{"embeddable":true,"href":"https:\/\/www.intoscana.it\/it\/wp-json\/wp\/v2\/comments?post=202960"}],"version-history":[{"count":0,"href":"https:\/\/www.intoscana.it\/it\/wp-json\/wp\/v2\/posts\/202960\/revisions"}],"wp:featuredmedia":[{"embeddable":true,"href":"https:\/\/www.intoscana.it\/it\/wp-json\/wp\/v2\/media\/194296"}],"wp:attachment":[{"href":"https:\/\/www.intoscana.it\/it\/wp-json\/wp\/v2\/media?parent=202960"}],"wp:term":[{"taxonomy":"category","embeddable":true,"href":"https:\/\/www.intoscana.it\/it\/wp-json\/wp\/v2\/categories?post=202960"},{"taxonomy":"post_tag","embeddable":true,"href":"https:\/\/www.intoscana.it\/it\/wp-json\/wp\/v2\/tags?post=202960"}],"curies":[{"name":"wp","href":"https:\/\/api.w.org\/{rel}","templated":true}]}}