{"id":203066,"date":"2021-12-10T16:23:11","date_gmt":"2021-12-10T15:23:11","guid":{"rendered":"https:\/\/www.intoscana.it\/it\/?p=203066"},"modified":"2021-12-10T16:23:11","modified_gmt":"2021-12-10T15:23:11","slug":"filiderba-dallorto-bioattivo-al-mercato-delle-cure-sognando-integrazione-e-autonomia","status":"publish","type":"post","link":"https:\/\/www.intoscana.it\/it\/filiderba-dallorto-bioattivo-al-mercato-delle-cure-sognando-integrazione-e-autonomia\/","title":{"rendered":"Filiderba, dall&#8217;orto bioattivo al mercato delle Cure sognando integrazione e autonomia"},"content":{"rendered":"<p>Sono passati gi\u00e0 <strong>sei anni<\/strong> da quando alcune famiglie con<strong> figli con disabilit\u00e0 e con figli normodotati<\/strong> hanno deciso di unire le forze e di dare vita all&#8217;<strong>associazione Filiderba<\/strong>. In questo arco di tempo hanno realizzato diversi progetti di carattere sociale <strong>per favorire l&#8217;integrazione<\/strong> e aiutare bambini e ragazzi sul <strong>percorso verso l&#8217;autonomia<\/strong>. Con questo obiettivo hanno iniziato a coltivare verdure e legumi nell\u2019<strong>Orto BioAttivo<\/strong> \u00ae dell\u2019agronomo <strong>Andrea Battiata<\/strong>.<\/p>\n<figure id=\"post-203069 media-203069\" class=\"align-none\"><img decoding=\"async\" src=\"https:\/\/www.intoscana.it\/wp-content\/uploads\/Lorto-bioattivo-di-Filiderba.jpeg\" alt=\"\" \/><\/figure>\n<div class=\"titleimg\">L\u2019orto bioattivo di Filiderba &#8211; \u00a9 sito web Filiderba<\/div>\n<p>L&#8217;attivit\u00e0 \u00e8 cresciuta sotto tutti i punti di vista e cos\u00ec a giugno 2018 \u00e8 stato inaugurato un nuovo orto accanto all\u2019<strong>Orto BioAttivo \u00ae sulle colline di Bellosguardo<\/strong>. Nella primavera dell&#8217;anno successivo sono iniziati <strong>i gioved\u00ec di Filiderba nell\u2019orto<\/strong>, durante i quali<strong> quattro ragazzi con disabilit\u00e0 e due educatori<\/strong> hanno curato l\u2019Orto Bioattivo di Filiderba e raccolto le verdure poi destinate ad essere consumate in un pasto caldo insieme con i lavoratori dell\u2019Azienda.<\/p>\n<p>Ora <strong>Filiderba<\/strong> approda al mercato di piazza delle Cure con un <strong>banco di ortofrutta<\/strong> gestito direttamente dai ragazzi dell\u2019associazione. All&#8217;inaugurazione sono intervenuti il sindaco <strong>Dario Nardella<\/strong>, l\u2019assessora al welfare <strong>Sara Funaro<\/strong>, l\u2019assessore alle attivit\u00e0 produttive <strong>Federico Gianassi<\/strong>, la vice presidente del Consiglio comunale <strong>Maria Federica Giuliani<\/strong> e il presidente del quartiere 2 <strong>Michele Pierguidi<\/strong>.<\/p>\n<p>\u201c<em>Adesso, con l\u2019arrivo con un banco di ortofrutta nel mercato rionale di piazza delle Cure. Ogni gioved\u00ec<\/em> \u2013 spiega la responsabile dell\u2019associazione <strong>Maria Caterina Poccianti<\/strong> \u2013 <em>i ragazzi dell\u2019associazione Filiderba potranno farsi conoscere ed offrire ai cittadini i prodotti del proprio orto. Un bel modo per integrare i ragazzi che lavorano in azienda insieme a ragazzi normodotati ed un risultato molto atteso dalle famiglie per l\u2019educazione dei ragazzi al cibo vegetariano e biologico<\/em>\u201d.<\/p>\n","protected":false},"excerpt":{"rendered":"<p>L&#8217;associazione fondata sei anni fa a Firenze da alcune famiglie con figli con disabilit\u00e0 e non promuove attivit\u00e0 e iniziative sociali<\/p>\n","protected":false},"author":554,"featured_media":203067,"comment_status":"open","ping_status":"open","sticky":false,"template":"","format":"standard","meta":{"_acf_changed":false,"footnotes":""},"categories":[4],"tags":[5993,406],"class_list":["post-203066","post","type-post","status-publish","format-standard","has-post-thumbnail","hentry","category-storie","tag-agricoltura-bio","tag-disabilita"],"acf":[],"yoast_head":"<!-- This site is optimized with the Yoast SEO Premium plugin v24.2 (Yoast SEO v25.6) - https:\/\/yoast.com\/wordpress\/plugins\/seo\/ -->\n<title>Filiderba, dall&#039;orto bioattivo al mercato delle Cure sognando integrazione e autonomia - intoscana<\/title>\n<meta name=\"description\" content=\"L&#039;associazione fondata sei anni fa a Firenze da alcune famiglie con figli con disabilit\u00e0 e non promuove attivit\u00e0 e iniziative sociali\" \/>\n<meta name=\"robots\" content=\"index, follow, max-snippet:-1, max-image-preview:large, max-video-preview:-1\" \/>\n<link rel=\"canonical\" href=\"https:\/\/www.intoscana.it\/it\/filiderba-dallorto-bioattivo-al-mercato-delle-cure-sognando-integrazione-e-autonomia\/\" \/>\n<meta property=\"og:locale\" content=\"it_IT\" \/>\n<meta property=\"og:type\" content=\"article\" \/>\n<meta property=\"og:title\" content=\"Filiderba, dall&#039;orto bioattivo al mercato delle Cure sognando integrazione e autonomia\" \/>\n<meta property=\"og:description\" content=\"L&#039;associazione fondata sei anni fa a Firenze da alcune famiglie con figli con disabilit\u00e0 e non promuove attivit\u00e0 e iniziative sociali\" \/>\n<meta property=\"og:url\" content=\"https:\/\/www.intoscana.it\/it\/filiderba-dallorto-bioattivo-al-mercato-delle-cure-sognando-integrazione-e-autonomia\/\" \/>\n<meta property=\"og:site_name\" content=\"intoscana\" \/>\n<meta property=\"article:publisher\" content=\"https:\/\/www.facebook.com\/intoscana.it\" \/>\n<meta property=\"article:published_time\" content=\"2021-12-10T15:23:11+00:00\" \/>\n<meta property=\"og:image\" content=\"https:\/\/www.intoscana.it\/wp-content\/uploads\/orto-bioattivo.jpeg\" \/>\n\t<meta property=\"og:image:width\" content=\"1280\" \/>\n\t<meta property=\"og:image:height\" content=\"720\" \/>\n\t<meta property=\"og:image:type\" content=\"image\/jpeg\" \/>\n<meta name=\"author\" content=\"Raffaella Galamini\" \/>\n<meta name=\"twitter:card\" content=\"summary_large_image\" \/>\n<meta name=\"twitter:creator\" content=\"@orio\" \/>\n<meta name=\"twitter:site\" content=\"@intoscana\" \/>\n<meta name=\"twitter:label1\" content=\"Written by\" \/>\n\t<meta name=\"twitter:data1\" content=\"Raffaella Galamini\" \/>\n\t<meta name=\"twitter:label2\" content=\"Est. reading time\" \/>\n\t<meta name=\"twitter:data2\" content=\"1 minuto\" \/>\n<script type=\"application\/ld+json\" class=\"yoast-schema-graph\">{\"@context\":\"https:\/\/schema.org\",\"@graph\":[{\"@type\":\"WebPage\",\"@id\":\"https:\/\/www.intoscana.it\/it\/filiderba-dallorto-bioattivo-al-mercato-delle-cure-sognando-integrazione-e-autonomia\/\",\"url\":\"https:\/\/www.intoscana.it\/it\/filiderba-dallorto-bioattivo-al-mercato-delle-cure-sognando-integrazione-e-autonomia\/\",\"name\":\"Filiderba, dall'orto bioattivo al mercato delle Cure sognando integrazione e autonomia - intoscana\",\"isPartOf\":{\"@id\":\"https:\/\/www.intoscana.it\/it\/#website\"},\"primaryImageOfPage\":{\"@id\":\"https:\/\/www.intoscana.it\/it\/filiderba-dallorto-bioattivo-al-mercato-delle-cure-sognando-integrazione-e-autonomia\/#primaryimage\"},\"image\":{\"@id\":\"https:\/\/www.intoscana.it\/it\/filiderba-dallorto-bioattivo-al-mercato-delle-cure-sognando-integrazione-e-autonomia\/#primaryimage\"},\"thumbnailUrl\":\"https:\/\/www.intoscana.it\/wp-content\/uploads\/orto-bioattivo.jpeg\",\"datePublished\":\"2021-12-10T15:23:11+00:00\",\"author\":{\"@id\":\"https:\/\/www.intoscana.it\/it\/#\/schema\/person\/9eb9daa846a49fe51af39a73d9d1986b\"},\"description\":\"L'associazione fondata sei anni fa a Firenze da alcune famiglie con figli con disabilit\u00e0 e non promuove attivit\u00e0 e iniziative sociali\",\"breadcrumb\":{\"@id\":\"https:\/\/www.intoscana.it\/it\/filiderba-dallorto-bioattivo-al-mercato-delle-cure-sognando-integrazione-e-autonomia\/#breadcrumb\"},\"inLanguage\":\"it-IT\",\"potentialAction\":[{\"@type\":\"ReadAction\",\"target\":[\"https:\/\/www.intoscana.it\/it\/filiderba-dallorto-bioattivo-al-mercato-delle-cure-sognando-integrazione-e-autonomia\/\"]}]},{\"@type\":\"ImageObject\",\"inLanguage\":\"it-IT\",\"@id\":\"https:\/\/www.intoscana.it\/it\/filiderba-dallorto-bioattivo-al-mercato-delle-cure-sognando-integrazione-e-autonomia\/#primaryimage\",\"url\":\"https:\/\/www.intoscana.it\/wp-content\/uploads\/orto-bioattivo.jpeg\",\"contentUrl\":\"https:\/\/www.intoscana.it\/wp-content\/uploads\/orto-bioattivo.jpeg\",\"width\":1280,\"height\":720},{\"@type\":\"BreadcrumbList\",\"@id\":\"https:\/\/www.intoscana.it\/it\/filiderba-dallorto-bioattivo-al-mercato-delle-cure-sognando-integrazione-e-autonomia\/#breadcrumb\",\"itemListElement\":[{\"@type\":\"ListItem\",\"position\":1,\"name\":\"Home\",\"item\":\"https:\/\/www.intoscana.it\/it\/\"},{\"@type\":\"ListItem\",\"position\":2,\"name\":\"Filiderba, dall&#8217;orto bioattivo al mercato delle Cure sognando integrazione e autonomia\"}]},{\"@type\":\"WebSite\",\"@id\":\"https:\/\/www.intoscana.it\/it\/#website\",\"url\":\"https:\/\/www.intoscana.it\/it\/\",\"name\":\"intoscana\",\"description\":\"\",\"potentialAction\":[{\"@type\":\"SearchAction\",\"target\":{\"@type\":\"EntryPoint\",\"urlTemplate\":\"https:\/\/www.intoscana.it\/it\/?s={search_term_string}\"},\"query-input\":{\"@type\":\"PropertyValueSpecification\",\"valueRequired\":true,\"valueName\":\"search_term_string\"}}],\"inLanguage\":\"it-IT\"},{\"@type\":\"Person\",\"@id\":\"https:\/\/www.intoscana.it\/it\/#\/schema\/person\/9eb9daa846a49fe51af39a73d9d1986b\",\"name\":\"Raffaella Galamini\",\"sameAs\":[\"https:\/\/x.com\/orio\"],\"url\":\"https:\/\/www.intoscana.it\/it\/author\/r-galamini\/\"}]}<\/script>\n<!-- \/ Yoast SEO Premium plugin. -->","yoast_head_json":{"title":"Filiderba, dall'orto bioattivo al mercato delle Cure sognando integrazione e autonomia - intoscana","description":"L'associazione fondata sei anni fa a Firenze da alcune famiglie con figli con disabilit\u00e0 e non promuove attivit\u00e0 e iniziative sociali","robots":{"index":"index","follow":"follow","max-snippet":"max-snippet:-1","max-image-preview":"max-image-preview:large","max-video-preview":"max-video-preview:-1"},"canonical":"https:\/\/www.intoscana.it\/it\/filiderba-dallorto-bioattivo-al-mercato-delle-cure-sognando-integrazione-e-autonomia\/","og_locale":"it_IT","og_type":"article","og_title":"Filiderba, dall'orto bioattivo al mercato delle Cure sognando integrazione e autonomia","og_description":"L'associazione fondata sei anni fa a Firenze da alcune famiglie con figli con disabilit\u00e0 e non promuove attivit\u00e0 e iniziative sociali","og_url":"https:\/\/www.intoscana.it\/it\/filiderba-dallorto-bioattivo-al-mercato-delle-cure-sognando-integrazione-e-autonomia\/","og_site_name":"intoscana","article_publisher":"https:\/\/www.facebook.com\/intoscana.it","article_published_time":"2021-12-10T15:23:11+00:00","og_image":[{"width":1280,"height":720,"url":"https:\/\/www.intoscana.it\/wp-content\/uploads\/orto-bioattivo.jpeg","type":"image\/jpeg"}],"author":"Raffaella Galamini","twitter_card":"summary_large_image","twitter_creator":"@orio","twitter_site":"@intoscana","twitter_misc":{"Written by":"Raffaella Galamini","Est. reading time":"1 minuto"},"schema":{"@context":"https:\/\/schema.org","@graph":[{"@type":"WebPage","@id":"https:\/\/www.intoscana.it\/it\/filiderba-dallorto-bioattivo-al-mercato-delle-cure-sognando-integrazione-e-autonomia\/","url":"https:\/\/www.intoscana.it\/it\/filiderba-dallorto-bioattivo-al-mercato-delle-cure-sognando-integrazione-e-autonomia\/","name":"Filiderba, dall'orto bioattivo al mercato delle Cure sognando integrazione e autonomia - intoscana","isPartOf":{"@id":"https:\/\/www.intoscana.it\/it\/#website"},"primaryImageOfPage":{"@id":"https:\/\/www.intoscana.it\/it\/filiderba-dallorto-bioattivo-al-mercato-delle-cure-sognando-integrazione-e-autonomia\/#primaryimage"},"image":{"@id":"https:\/\/www.intoscana.it\/it\/filiderba-dallorto-bioattivo-al-mercato-delle-cure-sognando-integrazione-e-autonomia\/#primaryimage"},"thumbnailUrl":"https:\/\/www.intoscana.it\/wp-content\/uploads\/orto-bioattivo.jpeg","datePublished":"2021-12-10T15:23:11+00:00","author":{"@id":"https:\/\/www.intoscana.it\/it\/#\/schema\/person\/9eb9daa846a49fe51af39a73d9d1986b"},"description":"L'associazione fondata sei anni fa a Firenze da alcune famiglie con figli con disabilit\u00e0 e non promuove attivit\u00e0 e iniziative sociali","breadcrumb":{"@id":"https:\/\/www.intoscana.it\/it\/filiderba-dallorto-bioattivo-al-mercato-delle-cure-sognando-integrazione-e-autonomia\/#breadcrumb"},"inLanguage":"it-IT","potentialAction":[{"@type":"ReadAction","target":["https:\/\/www.intoscana.it\/it\/filiderba-dallorto-bioattivo-al-mercato-delle-cure-sognando-integrazione-e-autonomia\/"]}]},{"@type":"ImageObject","inLanguage":"it-IT","@id":"https:\/\/www.intoscana.it\/it\/filiderba-dallorto-bioattivo-al-mercato-delle-cure-sognando-integrazione-e-autonomia\/#primaryimage","url":"https:\/\/www.intoscana.it\/wp-content\/uploads\/orto-bioattivo.jpeg","contentUrl":"https:\/\/www.intoscana.it\/wp-content\/uploads\/orto-bioattivo.jpeg","width":1280,"height":720},{"@type":"BreadcrumbList","@id":"https:\/\/www.intoscana.it\/it\/filiderba-dallorto-bioattivo-al-mercato-delle-cure-sognando-integrazione-e-autonomia\/#breadcrumb","itemListElement":[{"@type":"ListItem","position":1,"name":"Home","item":"https:\/\/www.intoscana.it\/it\/"},{"@type":"ListItem","position":2,"name":"Filiderba, dall&#8217;orto bioattivo al mercato delle Cure sognando integrazione e autonomia"}]},{"@type":"WebSite","@id":"https:\/\/www.intoscana.it\/it\/#website","url":"https:\/\/www.intoscana.it\/it\/","name":"intoscana","description":"","potentialAction":[{"@type":"SearchAction","target":{"@type":"EntryPoint","urlTemplate":"https:\/\/www.intoscana.it\/it\/?s={search_term_string}"},"query-input":{"@type":"PropertyValueSpecification","valueRequired":true,"valueName":"search_term_string"}}],"inLanguage":"it-IT"},{"@type":"Person","@id":"https:\/\/www.intoscana.it\/it\/#\/schema\/person\/9eb9daa846a49fe51af39a73d9d1986b","name":"Raffaella Galamini","sameAs":["https:\/\/x.com\/orio"],"url":"https:\/\/www.intoscana.it\/it\/author\/r-galamini\/"}]}},"_links":{"self":[{"href":"https:\/\/www.intoscana.it\/it\/wp-json\/wp\/v2\/posts\/203066","targetHints":{"allow":["GET"]}}],"collection":[{"href":"https:\/\/www.intoscana.it\/it\/wp-json\/wp\/v2\/posts"}],"about":[{"href":"https:\/\/www.intoscana.it\/it\/wp-json\/wp\/v2\/types\/post"}],"author":[{"embeddable":true,"href":"https:\/\/www.intoscana.it\/it\/wp-json\/wp\/v2\/users\/554"}],"replies":[{"embeddable":true,"href":"https:\/\/www.intoscana.it\/it\/wp-json\/wp\/v2\/comments?post=203066"}],"version-history":[{"count":0,"href":"https:\/\/www.intoscana.it\/it\/wp-json\/wp\/v2\/posts\/203066\/revisions"}],"wp:featuredmedia":[{"embeddable":true,"href":"https:\/\/www.intoscana.it\/it\/wp-json\/wp\/v2\/media\/203067"}],"wp:attachment":[{"href":"https:\/\/www.intoscana.it\/it\/wp-json\/wp\/v2\/media?parent=203066"}],"wp:term":[{"taxonomy":"category","embeddable":true,"href":"https:\/\/www.intoscana.it\/it\/wp-json\/wp\/v2\/categories?post=203066"},{"taxonomy":"post_tag","embeddable":true,"href":"https:\/\/www.intoscana.it\/it\/wp-json\/wp\/v2\/tags?post=203066"}],"curies":[{"name":"wp","href":"https:\/\/api.w.org\/{rel}","templated":true}]}}