{"id":203132,"date":"2021-12-11T10:14:13","date_gmt":"2021-12-11T09:14:13","guid":{"rendered":"https:\/\/www.intoscana.it\/it\/?p=203132"},"modified":"2021-12-11T10:16:08","modified_gmt":"2021-12-11T09:16:08","slug":"no-alliva-per-il-terzo-settore-la-regione-toscana-e-al-fianco-delle-associazioni","status":"publish","type":"post","link":"https:\/\/www.intoscana.it\/it\/no-alliva-per-il-terzo-settore-la-regione-toscana-e-al-fianco-delle-associazioni\/","title":{"rendered":"&#8220;No all&#8217;Iva per il terzo settore&#8221;. La Regione Toscana \u00e8 al fianco delle associazioni"},"content":{"rendered":"<p>A pochi giorni di distanza dalla sua presenza a Lucca, dove ospite del Centro nazionale per il volontariato l&#8217;assessore regionale alle politiche sociali <a href=\"https:\/\/www.intoscana.it\/it\/articolo\/verso-un-welfare-di-comunita-spinelli-lambizione-e-essere-felici\/\">ha parlato al mondo dell&#8217;associazionismo<\/a>, <strong>Serena Spinelli<\/strong> torna sul tema esprimendo una posizione decisa e concreta a favore di questo mondo. <mark><em>&#8220;Il terzo settore deve essere sostenuto e non penalizzato&#8221;<\/em> ha detto<\/mark>. <em>&#8220;Per questo mi associo convintamente alla richiesta di non assoggettare il mondo del volontariato al regime Iva&#8221;.<\/em> \u00c8 cos\u00ec che l&#8217;assessore si \u00e8 espressa intervenendo in merito all\u2019attuale formulazione del <strong>decreto collegato alla legge di bilancio<\/strong> che prevederebbe tale obbligo. <div class=\"focuson\"><a href=\"https:\/\/www.intoscana.it\/it\/articolo\/verso-un-welfare-di-comunita-spinelli-lambizione-e-essere-felici\/\"><img decoding=\"async\" class=\"lazy\" src=\"https:\/\/www.intoscana.it\/wp-content\/uploads\/Convegno-22La-comunita\u0300-locale22-organizzato-a-Lucca4.jpeg\" style=\"\">\n                <div class=\"cat\">Spinelli: \u201cL\u2019ambizione? \u00c8 essere felici\u201d<\/div>\n                <h4>Verso un welfare di comunit\u00e0<\/h4><\/a>\n              <\/div><\/p>\n<p><em>&#8220;La rete del non profit \u00e8 stata decisiva nella nostra regione per far fronte all\u2019emergenza Covid, dimostrando una volta di pi\u00f9 il suo ruolo di presidio sociale nel nostro territorio e la sua vicinanza alle categorie pi\u00f9 fragili&#8221;<\/em> ha proseguito Spinelli.<\/p>\n<h3>&#8220;Necessaria una marcia indietro&#8221;<\/h3>\n<p><em><mark>&#8220;Tutte le realt\u00e0 del terzo settore non hanno lesinato le loro energie umane e anche economiche, tenendo in piedi a fatica bilanci sempre pi\u00f9 in bilico&#8221;<\/em> ha aggiunto<\/mark>. <em>&#8220;Non si pu\u00f2 chiedere ora a tutte queste realt\u00e0, che si sono fatte carico di esigenze sociali importantissime, di essere assimilate per molti aspetti a imprese commerciali. Non si possono appesantire queste organizzazioni gravandole di nuovi e impegnativi adempimenti burocratici, laddove il loro sforzo volontario deve essere diretto verso lo svolgimento di attivit\u00e0 necessarie a tutta la collettivit\u00e0&#8221;.<\/em><\/p>\n<p>Per Serena Spinelli \u00e8 dunque<em> &#8220;necessaria un&#8217;immediata marcia indietro da parte del governo. <mark>Aggravare questi enti con un regime fiscale oneroso, significa spingerli a ridurre i loro progetti se non ad abbandonarli<\/mark>. E questo le nostre comunit\u00e0 non possono permetterselo&#8221;.<\/em><\/p>\n<p><span class=\"citazione\">&#8220;Un&#8217;idea che rischia di mettere in crisi la rete che garantisce la tenuta del welfare italiano&#8221;<\/span><\/p>\n<h3>Riconoscere l&#8217;impegno per le comunit\u00e0<\/h3>\n<p>Sul tema \u00e8 intervenuto anche il presidente della Regione Toscana, <strong>Eugenio Giani<\/strong>. <mark><em>&#8220;Invito il governo a una riflessione urgentissima e a lanciare un segnale immediato di attenzione ad un pilastro fondamentale del nostro vivere civile: non ha davvero senso assoggettare il mondo del volontariato e le sue attivit\u00e0 al regime dell\u2019Iva&#8221;<\/mark><\/em> ha detto a sostegno delle proteste che sono arrivate dalle realt\u00e0 dell\u2019associazionismo e del volontariato contro le previsioni del decreto fiscale collegato alla legge di bilancio.<\/p>\n<p><em>&#8220;\u00c8 un\u2019idea che rischia di mettere in profonda crisi una rete che, soprattutto in questo periodo di emergenza, \u00e8 stata decisiva per la tenuta del welfare italiano&#8221;<\/em> ha concluso il governatore. <em>&#8220;Introdurre questo regime fiscale non solo appesantirebbe in modo insostenibile l\u2019attivit\u00e0 di tante organizzazioni del volontariato, ma renderebbe difficile, se non impossibile, il loro impegno a favore della collettivit\u00e0&#8221;.<\/em><\/p>\n","protected":false},"excerpt":{"rendered":"<p>La nuova disciplina normativa reintrodurrebbe l&#8217;Iva per molte attivit\u00e0 degli enti associativi e la Toscana si schieda a favore del mondo del terzo settore. Giani invita il Governo a &#8220;ripensarci&#8221; mentre Spinelli chiede di &#8220;non appesantire le organizzazioni&#8221;<\/p>\n","protected":false},"author":525,"featured_media":102042,"comment_status":"open","ping_status":"open","sticky":false,"template":"","format":"standard","meta":{"_acf_changed":false,"footnotes":""},"categories":[494],"tags":[158,4822,5298,4400,416],"class_list":["post-203132","post","type-post","status-publish","format-standard","has-post-thumbnail","hentry","category-attualita","tag-eugenio-giani","tag-serena-spinelli","tag-sociale","tag-terzo-settore","tag-volontariato"],"acf":[],"yoast_head":"<!-- This site is optimized with the Yoast SEO Premium plugin v24.2 (Yoast SEO v25.6) - https:\/\/yoast.com\/wordpress\/plugins\/seo\/ -->\n<title>&quot;No all&#039;Iva per il terzo settore&quot;. La Regione Toscana \u00e8 al fianco delle associazioni - intoscana<\/title>\n<meta name=\"description\" content=\"La nuova disciplina normativa reintrodurrebbe l&#039;Iva per molte attivit\u00e0 degli enti associativi e la Toscana si schieda a favore del mondo del terzo settore. Giani invita il Governo a &quot;ripensarci&quot; mentre Spinelli chiede di &quot;non appesantire le organizzazioni&quot;\" \/>\n<meta name=\"robots\" content=\"index, follow, max-snippet:-1, max-image-preview:large, max-video-preview:-1\" \/>\n<link rel=\"canonical\" href=\"https:\/\/www.intoscana.it\/it\/no-alliva-per-il-terzo-settore-la-regione-toscana-e-al-fianco-delle-associazioni\/\" \/>\n<meta property=\"og:locale\" content=\"it_IT\" \/>\n<meta property=\"og:type\" content=\"article\" \/>\n<meta property=\"og:title\" content=\"&quot;No all&#039;Iva per il terzo settore&quot;. La Regione Toscana \u00e8 al fianco delle associazioni\" \/>\n<meta property=\"og:description\" content=\"La nuova disciplina normativa reintrodurrebbe l&#039;Iva per molte attivit\u00e0 degli enti associativi e la Toscana si schieda a favore del mondo del terzo settore. Giani invita il Governo a &quot;ripensarci&quot; mentre Spinelli chiede di &quot;non appesantire le organizzazioni&quot;\" \/>\n<meta property=\"og:url\" content=\"https:\/\/www.intoscana.it\/it\/no-alliva-per-il-terzo-settore-la-regione-toscana-e-al-fianco-delle-associazioni\/\" \/>\n<meta property=\"og:site_name\" content=\"intoscana\" \/>\n<meta property=\"article:publisher\" content=\"https:\/\/www.facebook.com\/intoscana.it\" \/>\n<meta property=\"article:published_time\" content=\"2021-12-11T09:14:13+00:00\" \/>\n<meta property=\"article:modified_time\" content=\"2021-12-11T09:16:08+00:00\" \/>\n<meta property=\"og:image\" content=\"https:\/\/www.intoscana.it\/wp-content\/uploads\/flshmob-ridolina-fdv2017.jpg\" \/>\n\t<meta property=\"og:image:width\" content=\"2000\" \/>\n\t<meta property=\"og:image:height\" content=\"1500\" \/>\n\t<meta property=\"og:image:type\" content=\"image\/jpeg\" \/>\n<meta name=\"author\" content=\"Redazione\" \/>\n<meta name=\"twitter:card\" content=\"summary_large_image\" \/>\n<meta name=\"twitter:creator\" content=\"@intoscana\" \/>\n<meta name=\"twitter:site\" content=\"@intoscana\" \/>\n<meta name=\"twitter:label1\" content=\"Written by\" \/>\n\t<meta name=\"twitter:data1\" content=\"Redazione\" \/>\n\t<meta name=\"twitter:label2\" content=\"Est. reading time\" \/>\n\t<meta name=\"twitter:data2\" content=\"2 minuti\" \/>\n<script type=\"application\/ld+json\" class=\"yoast-schema-graph\">{\"@context\":\"https:\/\/schema.org\",\"@graph\":[{\"@type\":\"WebPage\",\"@id\":\"https:\/\/www.intoscana.it\/it\/no-alliva-per-il-terzo-settore-la-regione-toscana-e-al-fianco-delle-associazioni\/\",\"url\":\"https:\/\/www.intoscana.it\/it\/no-alliva-per-il-terzo-settore-la-regione-toscana-e-al-fianco-delle-associazioni\/\",\"name\":\"\\\"No all'Iva per il terzo settore\\\". La Regione Toscana \u00e8 al fianco delle associazioni - intoscana\",\"isPartOf\":{\"@id\":\"https:\/\/www.intoscana.it\/it\/#website\"},\"primaryImageOfPage\":{\"@id\":\"https:\/\/www.intoscana.it\/it\/no-alliva-per-il-terzo-settore-la-regione-toscana-e-al-fianco-delle-associazioni\/#primaryimage\"},\"image\":{\"@id\":\"https:\/\/www.intoscana.it\/it\/no-alliva-per-il-terzo-settore-la-regione-toscana-e-al-fianco-delle-associazioni\/#primaryimage\"},\"thumbnailUrl\":\"https:\/\/www.intoscana.it\/wp-content\/uploads\/flshmob-ridolina-fdv2017.jpg\",\"datePublished\":\"2021-12-11T09:14:13+00:00\",\"dateModified\":\"2021-12-11T09:16:08+00:00\",\"author\":{\"@id\":\"https:\/\/www.intoscana.it\/it\/#\/schema\/person\/9223810753230f20bd670fdd322661f8\"},\"description\":\"La nuova disciplina normativa reintrodurrebbe l'Iva per molte attivit\u00e0 degli enti associativi e la Toscana si schieda a favore del mondo del terzo settore. Giani invita il Governo a \\\"ripensarci\\\" mentre Spinelli chiede di \\\"non appesantire le organizzazioni\\\"\",\"breadcrumb\":{\"@id\":\"https:\/\/www.intoscana.it\/it\/no-alliva-per-il-terzo-settore-la-regione-toscana-e-al-fianco-delle-associazioni\/#breadcrumb\"},\"inLanguage\":\"it-IT\",\"potentialAction\":[{\"@type\":\"ReadAction\",\"target\":[\"https:\/\/www.intoscana.it\/it\/no-alliva-per-il-terzo-settore-la-regione-toscana-e-al-fianco-delle-associazioni\/\"]}]},{\"@type\":\"ImageObject\",\"inLanguage\":\"it-IT\",\"@id\":\"https:\/\/www.intoscana.it\/it\/no-alliva-per-il-terzo-settore-la-regione-toscana-e-al-fianco-delle-associazioni\/#primaryimage\",\"url\":\"https:\/\/www.intoscana.it\/wp-content\/uploads\/flshmob-ridolina-fdv2017.jpg\",\"contentUrl\":\"https:\/\/www.intoscana.it\/wp-content\/uploads\/flshmob-ridolina-fdv2017.jpg\",\"width\":2000,\"height\":1500,\"caption\":\"Foto scattata in occasione del Festival italiano del volontariato\"},{\"@type\":\"BreadcrumbList\",\"@id\":\"https:\/\/www.intoscana.it\/it\/no-alliva-per-il-terzo-settore-la-regione-toscana-e-al-fianco-delle-associazioni\/#breadcrumb\",\"itemListElement\":[{\"@type\":\"ListItem\",\"position\":1,\"name\":\"Home\",\"item\":\"https:\/\/www.intoscana.it\/it\/\"},{\"@type\":\"ListItem\",\"position\":2,\"name\":\"&#8220;No all&#8217;Iva per il terzo settore&#8221;. La Regione Toscana \u00e8 al fianco delle associazioni\"}]},{\"@type\":\"WebSite\",\"@id\":\"https:\/\/www.intoscana.it\/it\/#website\",\"url\":\"https:\/\/www.intoscana.it\/it\/\",\"name\":\"intoscana\",\"description\":\"\",\"potentialAction\":[{\"@type\":\"SearchAction\",\"target\":{\"@type\":\"EntryPoint\",\"urlTemplate\":\"https:\/\/www.intoscana.it\/it\/?s={search_term_string}\"},\"query-input\":{\"@type\":\"PropertyValueSpecification\",\"valueRequired\":true,\"valueName\":\"search_term_string\"}}],\"inLanguage\":\"it-IT\"},{\"@type\":\"Person\",\"@id\":\"https:\/\/www.intoscana.it\/it\/#\/schema\/person\/9223810753230f20bd670fdd322661f8\",\"name\":\"Redazione\",\"url\":\"https:\/\/www.intoscana.it\/it\/author\/redazione\/\"}]}<\/script>\n<!-- \/ Yoast SEO Premium plugin. -->","yoast_head_json":{"title":"\"No all'Iva per il terzo settore\". La Regione Toscana \u00e8 al fianco delle associazioni - intoscana","description":"La nuova disciplina normativa reintrodurrebbe l'Iva per molte attivit\u00e0 degli enti associativi e la Toscana si schieda a favore del mondo del terzo settore. Giani invita il Governo a \"ripensarci\" mentre Spinelli chiede di \"non appesantire le organizzazioni\"","robots":{"index":"index","follow":"follow","max-snippet":"max-snippet:-1","max-image-preview":"max-image-preview:large","max-video-preview":"max-video-preview:-1"},"canonical":"https:\/\/www.intoscana.it\/it\/no-alliva-per-il-terzo-settore-la-regione-toscana-e-al-fianco-delle-associazioni\/","og_locale":"it_IT","og_type":"article","og_title":"\"No all'Iva per il terzo settore\". La Regione Toscana \u00e8 al fianco delle associazioni","og_description":"La nuova disciplina normativa reintrodurrebbe l'Iva per molte attivit\u00e0 degli enti associativi e la Toscana si schieda a favore del mondo del terzo settore. Giani invita il Governo a \"ripensarci\" mentre Spinelli chiede di \"non appesantire le organizzazioni\"","og_url":"https:\/\/www.intoscana.it\/it\/no-alliva-per-il-terzo-settore-la-regione-toscana-e-al-fianco-delle-associazioni\/","og_site_name":"intoscana","article_publisher":"https:\/\/www.facebook.com\/intoscana.it","article_published_time":"2021-12-11T09:14:13+00:00","article_modified_time":"2021-12-11T09:16:08+00:00","og_image":[{"width":2000,"height":1500,"url":"https:\/\/www.intoscana.it\/wp-content\/uploads\/flshmob-ridolina-fdv2017.jpg","type":"image\/jpeg"}],"author":"Redazione","twitter_card":"summary_large_image","twitter_creator":"@intoscana","twitter_site":"@intoscana","twitter_misc":{"Written by":"Redazione","Est. reading time":"2 minuti"},"schema":{"@context":"https:\/\/schema.org","@graph":[{"@type":"WebPage","@id":"https:\/\/www.intoscana.it\/it\/no-alliva-per-il-terzo-settore-la-regione-toscana-e-al-fianco-delle-associazioni\/","url":"https:\/\/www.intoscana.it\/it\/no-alliva-per-il-terzo-settore-la-regione-toscana-e-al-fianco-delle-associazioni\/","name":"\"No all'Iva per il terzo settore\". La Regione Toscana \u00e8 al fianco delle associazioni - intoscana","isPartOf":{"@id":"https:\/\/www.intoscana.it\/it\/#website"},"primaryImageOfPage":{"@id":"https:\/\/www.intoscana.it\/it\/no-alliva-per-il-terzo-settore-la-regione-toscana-e-al-fianco-delle-associazioni\/#primaryimage"},"image":{"@id":"https:\/\/www.intoscana.it\/it\/no-alliva-per-il-terzo-settore-la-regione-toscana-e-al-fianco-delle-associazioni\/#primaryimage"},"thumbnailUrl":"https:\/\/www.intoscana.it\/wp-content\/uploads\/flshmob-ridolina-fdv2017.jpg","datePublished":"2021-12-11T09:14:13+00:00","dateModified":"2021-12-11T09:16:08+00:00","author":{"@id":"https:\/\/www.intoscana.it\/it\/#\/schema\/person\/9223810753230f20bd670fdd322661f8"},"description":"La nuova disciplina normativa reintrodurrebbe l'Iva per molte attivit\u00e0 degli enti associativi e la Toscana si schieda a favore del mondo del terzo settore. Giani invita il Governo a \"ripensarci\" mentre Spinelli chiede di \"non appesantire le organizzazioni\"","breadcrumb":{"@id":"https:\/\/www.intoscana.it\/it\/no-alliva-per-il-terzo-settore-la-regione-toscana-e-al-fianco-delle-associazioni\/#breadcrumb"},"inLanguage":"it-IT","potentialAction":[{"@type":"ReadAction","target":["https:\/\/www.intoscana.it\/it\/no-alliva-per-il-terzo-settore-la-regione-toscana-e-al-fianco-delle-associazioni\/"]}]},{"@type":"ImageObject","inLanguage":"it-IT","@id":"https:\/\/www.intoscana.it\/it\/no-alliva-per-il-terzo-settore-la-regione-toscana-e-al-fianco-delle-associazioni\/#primaryimage","url":"https:\/\/www.intoscana.it\/wp-content\/uploads\/flshmob-ridolina-fdv2017.jpg","contentUrl":"https:\/\/www.intoscana.it\/wp-content\/uploads\/flshmob-ridolina-fdv2017.jpg","width":2000,"height":1500,"caption":"Foto scattata in occasione del Festival italiano del volontariato"},{"@type":"BreadcrumbList","@id":"https:\/\/www.intoscana.it\/it\/no-alliva-per-il-terzo-settore-la-regione-toscana-e-al-fianco-delle-associazioni\/#breadcrumb","itemListElement":[{"@type":"ListItem","position":1,"name":"Home","item":"https:\/\/www.intoscana.it\/it\/"},{"@type":"ListItem","position":2,"name":"&#8220;No all&#8217;Iva per il terzo settore&#8221;. La Regione Toscana \u00e8 al fianco delle associazioni"}]},{"@type":"WebSite","@id":"https:\/\/www.intoscana.it\/it\/#website","url":"https:\/\/www.intoscana.it\/it\/","name":"intoscana","description":"","potentialAction":[{"@type":"SearchAction","target":{"@type":"EntryPoint","urlTemplate":"https:\/\/www.intoscana.it\/it\/?s={search_term_string}"},"query-input":{"@type":"PropertyValueSpecification","valueRequired":true,"valueName":"search_term_string"}}],"inLanguage":"it-IT"},{"@type":"Person","@id":"https:\/\/www.intoscana.it\/it\/#\/schema\/person\/9223810753230f20bd670fdd322661f8","name":"Redazione","url":"https:\/\/www.intoscana.it\/it\/author\/redazione\/"}]}},"_links":{"self":[{"href":"https:\/\/www.intoscana.it\/it\/wp-json\/wp\/v2\/posts\/203132","targetHints":{"allow":["GET"]}}],"collection":[{"href":"https:\/\/www.intoscana.it\/it\/wp-json\/wp\/v2\/posts"}],"about":[{"href":"https:\/\/www.intoscana.it\/it\/wp-json\/wp\/v2\/types\/post"}],"author":[{"embeddable":true,"href":"https:\/\/www.intoscana.it\/it\/wp-json\/wp\/v2\/users\/525"}],"replies":[{"embeddable":true,"href":"https:\/\/www.intoscana.it\/it\/wp-json\/wp\/v2\/comments?post=203132"}],"version-history":[{"count":0,"href":"https:\/\/www.intoscana.it\/it\/wp-json\/wp\/v2\/posts\/203132\/revisions"}],"wp:featuredmedia":[{"embeddable":true,"href":"https:\/\/www.intoscana.it\/it\/wp-json\/wp\/v2\/media\/102042"}],"wp:attachment":[{"href":"https:\/\/www.intoscana.it\/it\/wp-json\/wp\/v2\/media?parent=203132"}],"wp:term":[{"taxonomy":"category","embeddable":true,"href":"https:\/\/www.intoscana.it\/it\/wp-json\/wp\/v2\/categories?post=203132"},{"taxonomy":"post_tag","embeddable":true,"href":"https:\/\/www.intoscana.it\/it\/wp-json\/wp\/v2\/tags?post=203132"}],"curies":[{"name":"wp","href":"https:\/\/api.w.org\/{rel}","templated":true}]}}