{"id":203348,"date":"2021-12-13T17:15:42","date_gmt":"2021-12-13T16:15:42","guid":{"rendered":"https:\/\/www.intoscana.it\/it\/?p=203348"},"modified":"2021-12-14T15:42:29","modified_gmt":"2021-12-14T14:42:29","slug":"qualita-della-vita-exploit-di-firenze-e-pisa-nella-classifica-del-sole-24-ore","status":"publish","type":"post","link":"https:\/\/www.intoscana.it\/it\/qualita-della-vita-exploit-di-firenze-e-pisa-nella-classifica-del-sole-24-ore\/","title":{"rendered":"Qualit\u00e0 della vita, exploit di Firenze e Pisa nella classifica del Sole 24 ore"},"content":{"rendered":"<p>Firenze sfiora di un soffio la top ten nella <strong>classifica de Il Sole 24 Ore sulla qualit\u00e0 della vita in Italia<\/strong>, guidata da Trieste. Il capoluogo toscano si colloca in<strong> 11\/a posizione<\/strong>, migliorando il risultato 2020 di 16 posizioni. Exploit anche per <strong>Pisa<\/strong> (22\/a, +18 posizioni), <strong>Lucca<\/strong> (58\/a, +7), a cui si aggiungono <strong>Massa Carrara<\/strong> (72\/a, +1) e <strong>Pistoia<\/strong> (73\/a, +4) che rimangono sul fondo della classifica regionale. Al contrario, peggiorano i risultati di <strong>Siena<\/strong> (15\/a, -4), <strong>Arezzo<\/strong> (41\/a, -6), <strong>Grosseto<\/strong> (53\/a, -2), <strong>Prato<\/strong> (54\/a, -26) e <strong>Livorno<\/strong> (55\/a, -11).<\/p>\n<p>L&#8217;indagine di quest&#8217;anno vede anche <mark>il debutto degli indici sulle generazioni (bambini, giovani e anziani), sul clima, e sulla qualit\u00e0 della vita per le donne<\/mark>. Proprio quest&#8217;ultimo indice vede una <strong>buona prova della Toscana<\/strong>, con <strong>quattro province in top ten<\/strong>: si tratta di <strong>Prato<\/strong> (2\/a), <strong>Siena<\/strong> (3\/a), <strong>Firenze<\/strong> (5\/a) e <strong>Pisa<\/strong> (7\/a). <strong>Livorno<\/strong> si classifica invece <strong>5\/a nell&#8217;indice del clima<\/strong>, che sintetizza dieci parametri climatici, tra cui soleggiamento, ondate di calore, umidit\u00e0, eventi estremi e piogge.<\/p>\n<p>&#8220;<em>Io non faccio mai trionfalismi quando ci sono queste classifiche, per\u00f2 c&#8217;\u00e8 da dire che la classifica del Sole 24 Ore arriva dopo quella di Italia Oggi e in entrambi i casi Firenze ha recuperato tantissime posizioni, nella classifica del Sole siamo 11\/i su 107, ma soprattutto siamo saliti dal 27\/o posto. Siamo la terza citt\u00e0 metropolitana d&#8217;Italia per qualit\u00e0 della vita e la prima grande citt\u00e0 del Centro Italia<\/em>&#8220;: cos\u00ec il sindaco di Firenze <strong>Dario Nardella<\/strong> ha commentato la classifica del <strong>Sole 24 Ore<\/strong> sulla qualit\u00e0 della vita nelle province italiane. &#8220;<em>Merito, a quanto mi viene spiegato, della qualit\u00e0 dei servizi agli anziani, ai bambini e questo \u00e8 una dato che ci incoraggia e ci spinge a fare meglio. Del resto<\/em> &#8211; ha aggiunto <strong>Nardella<\/strong> &#8211; <em>\u00e8 anche una conferma della nostra azione di governo che evidentemente va nella giusta direzione<\/em>&#8220;.<\/p>\n<p>Soddisfazioni viene espressa anche a Pisa grazie a un <strong>balzo in avanti di 18 posizioni<\/strong> rispetto all\u2019anno precedente e, addirittura, di 31 posizioni rispetto al 2018. &#8220;<em>Si tratta<\/em> -commenta il sindaco <strong>Michele Conti<\/strong> &#8211; <em>di un miglioramento considerevole e rappresenta per tutti uno stimolo a fare sempre meglio gi\u00e0 a partire dal prossimo anno. La graduatoria certifica che siamo sulla strada giusta per rendere Pisa sempre pi\u00f9 europea e pi\u00f9 attrattiva, rispetto agli indicatori stilati dall\u2019autorevole quotidiano e rispetto alla nostra visione di citt\u00e0 che mira allo sviluppo e alla crescita<\/em>&#8220;.<\/p>\n<p>Miglioramenti della <strong>qualit\u00e0 ambientale e del verde pubblico<\/strong>, servizi sempre pi\u00f9 efficienti, <strong>investimenti per una citt\u00e0 sempre pi\u00f9 sicura<\/strong>, risorse per assicurare un\u2019offerta culturale diffusa e diversificata, sono state le priorit\u00e0 dell&#8217;amministrazione comunale pur in un contesto reso difficile dalla pandemia.<\/p>\n<p>&#8220;<em>Per continuare a migliorare, adesso, c\u2019\u00e8 bisogno della concorrenza di tanti fattori<\/em> &#8211; conclude Conti &#8211; <em>Come citt\u00e0 dobbiamo saper stimolare e far crescere una sempre pi\u00f9 forte sinergia con il mondo accademico, per essere all\u2019altezza delle esigenze di tre prestigiosi Atenei che hanno lo sguardo rivolto al mondo, con quelle delle imprese, che hanno di fronte sfide globali, il confronto costante con il mondo del volontariato e del terzo settore, l\u2019attenzione ai piccoli come ai grandi problemi e la consapevolezza che certe sfide si vincono tutti insieme&#8221;<\/em>.<\/p>\n<p>&nbsp;<\/p>\n","protected":false},"excerpt":{"rendered":"<p>L&#8217;avanzata del capoluogo toscano che recupera 16 posizioni rispetto al 2020, mentre la citt\u00e0 della torre pendente scala addirittura 18 posti. Livorno quinta nell&#8217;indice del clima<\/p>\n","protected":false},"author":554,"featured_media":201611,"comment_status":"open","ping_status":"open","sticky":false,"template":"","format":"standard","meta":{"_acf_changed":false,"footnotes":""},"categories":[494],"tags":[178,153],"class_list":["post-203348","post","type-post","status-publish","format-standard","has-post-thumbnail","hentry","category-attualita","tag-comune-di-firenze","tag-toscana"],"acf":[],"yoast_head":"<!-- This site is optimized with the Yoast SEO Premium plugin v24.2 (Yoast SEO v25.6) - https:\/\/yoast.com\/wordpress\/plugins\/seo\/ -->\n<title>Qualit\u00e0 della vita, exploit di Firenze e Pisa nella classifica del Sole 24 ore - intoscana<\/title>\n<meta name=\"description\" content=\"L&#039;avanzata del capoluogo toscano che recupera 16 posizioni rispetto al 2020, mentre la citt\u00e0 della torre pendente scala addirittura 18 posti. Livorno quinta nell&#039;indice del clima\" \/>\n<meta name=\"robots\" content=\"index, follow, max-snippet:-1, max-image-preview:large, max-video-preview:-1\" \/>\n<link rel=\"canonical\" href=\"https:\/\/www.intoscana.it\/it\/qualita-della-vita-exploit-di-firenze-e-pisa-nella-classifica-del-sole-24-ore\/\" \/>\n<meta property=\"og:locale\" content=\"it_IT\" \/>\n<meta property=\"og:type\" content=\"article\" \/>\n<meta property=\"og:title\" content=\"Qualit\u00e0 della vita, exploit di Firenze e Pisa nella classifica del Sole 24 ore\" \/>\n<meta property=\"og:description\" content=\"L&#039;avanzata del capoluogo toscano che recupera 16 posizioni rispetto al 2020, mentre la citt\u00e0 della torre pendente scala addirittura 18 posti. Livorno quinta nell&#039;indice del clima\" \/>\n<meta property=\"og:url\" content=\"https:\/\/www.intoscana.it\/it\/qualita-della-vita-exploit-di-firenze-e-pisa-nella-classifica-del-sole-24-ore\/\" \/>\n<meta property=\"og:site_name\" content=\"intoscana\" \/>\n<meta property=\"article:publisher\" content=\"https:\/\/www.facebook.com\/intoscana.it\" \/>\n<meta property=\"article:published_time\" content=\"2021-12-13T16:15:42+00:00\" \/>\n<meta property=\"article:modified_time\" content=\"2021-12-14T14:42:29+00:00\" \/>\n<meta property=\"og:image\" content=\"https:\/\/www.intoscana.it\/wp-content\/uploads\/261531584_462330521908827_8469623115988131483_n.jpg\" \/>\n\t<meta property=\"og:image:width\" content=\"1920\" \/>\n\t<meta property=\"og:image:height\" content=\"1080\" \/>\n\t<meta property=\"og:image:type\" content=\"image\/jpeg\" \/>\n<meta name=\"author\" content=\"Raffaella Galamini\" \/>\n<meta name=\"twitter:card\" content=\"summary_large_image\" \/>\n<meta name=\"twitter:creator\" content=\"@orio\" \/>\n<meta name=\"twitter:site\" content=\"@intoscana\" \/>\n<meta name=\"twitter:label1\" content=\"Written by\" \/>\n\t<meta name=\"twitter:data1\" content=\"Raffaella Galamini\" \/>\n\t<meta name=\"twitter:label2\" content=\"Est. reading time\" \/>\n\t<meta name=\"twitter:data2\" content=\"3 minuti\" \/>\n<script type=\"application\/ld+json\" class=\"yoast-schema-graph\">{\"@context\":\"https:\/\/schema.org\",\"@graph\":[{\"@type\":\"WebPage\",\"@id\":\"https:\/\/www.intoscana.it\/it\/qualita-della-vita-exploit-di-firenze-e-pisa-nella-classifica-del-sole-24-ore\/\",\"url\":\"https:\/\/www.intoscana.it\/it\/qualita-della-vita-exploit-di-firenze-e-pisa-nella-classifica-del-sole-24-ore\/\",\"name\":\"Qualit\u00e0 della vita, exploit di Firenze e Pisa nella classifica del Sole 24 ore - intoscana\",\"isPartOf\":{\"@id\":\"https:\/\/www.intoscana.it\/it\/#website\"},\"primaryImageOfPage\":{\"@id\":\"https:\/\/www.intoscana.it\/it\/qualita-della-vita-exploit-di-firenze-e-pisa-nella-classifica-del-sole-24-ore\/#primaryimage\"},\"image\":{\"@id\":\"https:\/\/www.intoscana.it\/it\/qualita-della-vita-exploit-di-firenze-e-pisa-nella-classifica-del-sole-24-ore\/#primaryimage\"},\"thumbnailUrl\":\"https:\/\/www.intoscana.it\/wp-content\/uploads\/261531584_462330521908827_8469623115988131483_n.jpg\",\"datePublished\":\"2021-12-13T16:15:42+00:00\",\"dateModified\":\"2021-12-14T14:42:29+00:00\",\"author\":{\"@id\":\"https:\/\/www.intoscana.it\/it\/#\/schema\/person\/9eb9daa846a49fe51af39a73d9d1986b\"},\"description\":\"L'avanzata del capoluogo toscano che recupera 16 posizioni rispetto al 2020, mentre la citt\u00e0 della torre pendente scala addirittura 18 posti. Livorno quinta nell'indice del clima\",\"breadcrumb\":{\"@id\":\"https:\/\/www.intoscana.it\/it\/qualita-della-vita-exploit-di-firenze-e-pisa-nella-classifica-del-sole-24-ore\/#breadcrumb\"},\"inLanguage\":\"it-IT\",\"potentialAction\":[{\"@type\":\"ReadAction\",\"target\":[\"https:\/\/www.intoscana.it\/it\/qualita-della-vita-exploit-di-firenze-e-pisa-nella-classifica-del-sole-24-ore\/\"]}]},{\"@type\":\"ImageObject\",\"inLanguage\":\"it-IT\",\"@id\":\"https:\/\/www.intoscana.it\/it\/qualita-della-vita-exploit-di-firenze-e-pisa-nella-classifica-del-sole-24-ore\/#primaryimage\",\"url\":\"https:\/\/www.intoscana.it\/wp-content\/uploads\/261531584_462330521908827_8469623115988131483_n.jpg\",\"contentUrl\":\"https:\/\/www.intoscana.it\/wp-content\/uploads\/261531584_462330521908827_8469623115988131483_n.jpg\",\"width\":1920,\"height\":1080},{\"@type\":\"BreadcrumbList\",\"@id\":\"https:\/\/www.intoscana.it\/it\/qualita-della-vita-exploit-di-firenze-e-pisa-nella-classifica-del-sole-24-ore\/#breadcrumb\",\"itemListElement\":[{\"@type\":\"ListItem\",\"position\":1,\"name\":\"Home\",\"item\":\"https:\/\/www.intoscana.it\/it\/\"},{\"@type\":\"ListItem\",\"position\":2,\"name\":\"Qualit\u00e0 della vita, exploit di Firenze e Pisa nella classifica del Sole 24 ore\"}]},{\"@type\":\"WebSite\",\"@id\":\"https:\/\/www.intoscana.it\/it\/#website\",\"url\":\"https:\/\/www.intoscana.it\/it\/\",\"name\":\"intoscana\",\"description\":\"\",\"potentialAction\":[{\"@type\":\"SearchAction\",\"target\":{\"@type\":\"EntryPoint\",\"urlTemplate\":\"https:\/\/www.intoscana.it\/it\/?s={search_term_string}\"},\"query-input\":{\"@type\":\"PropertyValueSpecification\",\"valueRequired\":true,\"valueName\":\"search_term_string\"}}],\"inLanguage\":\"it-IT\"},{\"@type\":\"Person\",\"@id\":\"https:\/\/www.intoscana.it\/it\/#\/schema\/person\/9eb9daa846a49fe51af39a73d9d1986b\",\"name\":\"Raffaella Galamini\",\"sameAs\":[\"https:\/\/x.com\/orio\"],\"url\":\"https:\/\/www.intoscana.it\/it\/author\/r-galamini\/\"}]}<\/script>\n<!-- \/ Yoast SEO Premium plugin. -->","yoast_head_json":{"title":"Qualit\u00e0 della vita, exploit di Firenze e Pisa nella classifica del Sole 24 ore - intoscana","description":"L'avanzata del capoluogo toscano che recupera 16 posizioni rispetto al 2020, mentre la citt\u00e0 della torre pendente scala addirittura 18 posti. Livorno quinta nell'indice del clima","robots":{"index":"index","follow":"follow","max-snippet":"max-snippet:-1","max-image-preview":"max-image-preview:large","max-video-preview":"max-video-preview:-1"},"canonical":"https:\/\/www.intoscana.it\/it\/qualita-della-vita-exploit-di-firenze-e-pisa-nella-classifica-del-sole-24-ore\/","og_locale":"it_IT","og_type":"article","og_title":"Qualit\u00e0 della vita, exploit di Firenze e Pisa nella classifica del Sole 24 ore","og_description":"L'avanzata del capoluogo toscano che recupera 16 posizioni rispetto al 2020, mentre la citt\u00e0 della torre pendente scala addirittura 18 posti. Livorno quinta nell'indice del clima","og_url":"https:\/\/www.intoscana.it\/it\/qualita-della-vita-exploit-di-firenze-e-pisa-nella-classifica-del-sole-24-ore\/","og_site_name":"intoscana","article_publisher":"https:\/\/www.facebook.com\/intoscana.it","article_published_time":"2021-12-13T16:15:42+00:00","article_modified_time":"2021-12-14T14:42:29+00:00","og_image":[{"width":1920,"height":1080,"url":"https:\/\/www.intoscana.it\/wp-content\/uploads\/261531584_462330521908827_8469623115988131483_n.jpg","type":"image\/jpeg"}],"author":"Raffaella Galamini","twitter_card":"summary_large_image","twitter_creator":"@orio","twitter_site":"@intoscana","twitter_misc":{"Written by":"Raffaella Galamini","Est. reading time":"3 minuti"},"schema":{"@context":"https:\/\/schema.org","@graph":[{"@type":"WebPage","@id":"https:\/\/www.intoscana.it\/it\/qualita-della-vita-exploit-di-firenze-e-pisa-nella-classifica-del-sole-24-ore\/","url":"https:\/\/www.intoscana.it\/it\/qualita-della-vita-exploit-di-firenze-e-pisa-nella-classifica-del-sole-24-ore\/","name":"Qualit\u00e0 della vita, exploit di Firenze e Pisa nella classifica del Sole 24 ore - intoscana","isPartOf":{"@id":"https:\/\/www.intoscana.it\/it\/#website"},"primaryImageOfPage":{"@id":"https:\/\/www.intoscana.it\/it\/qualita-della-vita-exploit-di-firenze-e-pisa-nella-classifica-del-sole-24-ore\/#primaryimage"},"image":{"@id":"https:\/\/www.intoscana.it\/it\/qualita-della-vita-exploit-di-firenze-e-pisa-nella-classifica-del-sole-24-ore\/#primaryimage"},"thumbnailUrl":"https:\/\/www.intoscana.it\/wp-content\/uploads\/261531584_462330521908827_8469623115988131483_n.jpg","datePublished":"2021-12-13T16:15:42+00:00","dateModified":"2021-12-14T14:42:29+00:00","author":{"@id":"https:\/\/www.intoscana.it\/it\/#\/schema\/person\/9eb9daa846a49fe51af39a73d9d1986b"},"description":"L'avanzata del capoluogo toscano che recupera 16 posizioni rispetto al 2020, mentre la citt\u00e0 della torre pendente scala addirittura 18 posti. Livorno quinta nell'indice del clima","breadcrumb":{"@id":"https:\/\/www.intoscana.it\/it\/qualita-della-vita-exploit-di-firenze-e-pisa-nella-classifica-del-sole-24-ore\/#breadcrumb"},"inLanguage":"it-IT","potentialAction":[{"@type":"ReadAction","target":["https:\/\/www.intoscana.it\/it\/qualita-della-vita-exploit-di-firenze-e-pisa-nella-classifica-del-sole-24-ore\/"]}]},{"@type":"ImageObject","inLanguage":"it-IT","@id":"https:\/\/www.intoscana.it\/it\/qualita-della-vita-exploit-di-firenze-e-pisa-nella-classifica-del-sole-24-ore\/#primaryimage","url":"https:\/\/www.intoscana.it\/wp-content\/uploads\/261531584_462330521908827_8469623115988131483_n.jpg","contentUrl":"https:\/\/www.intoscana.it\/wp-content\/uploads\/261531584_462330521908827_8469623115988131483_n.jpg","width":1920,"height":1080},{"@type":"BreadcrumbList","@id":"https:\/\/www.intoscana.it\/it\/qualita-della-vita-exploit-di-firenze-e-pisa-nella-classifica-del-sole-24-ore\/#breadcrumb","itemListElement":[{"@type":"ListItem","position":1,"name":"Home","item":"https:\/\/www.intoscana.it\/it\/"},{"@type":"ListItem","position":2,"name":"Qualit\u00e0 della vita, exploit di Firenze e Pisa nella classifica del Sole 24 ore"}]},{"@type":"WebSite","@id":"https:\/\/www.intoscana.it\/it\/#website","url":"https:\/\/www.intoscana.it\/it\/","name":"intoscana","description":"","potentialAction":[{"@type":"SearchAction","target":{"@type":"EntryPoint","urlTemplate":"https:\/\/www.intoscana.it\/it\/?s={search_term_string}"},"query-input":{"@type":"PropertyValueSpecification","valueRequired":true,"valueName":"search_term_string"}}],"inLanguage":"it-IT"},{"@type":"Person","@id":"https:\/\/www.intoscana.it\/it\/#\/schema\/person\/9eb9daa846a49fe51af39a73d9d1986b","name":"Raffaella Galamini","sameAs":["https:\/\/x.com\/orio"],"url":"https:\/\/www.intoscana.it\/it\/author\/r-galamini\/"}]}},"_links":{"self":[{"href":"https:\/\/www.intoscana.it\/it\/wp-json\/wp\/v2\/posts\/203348","targetHints":{"allow":["GET"]}}],"collection":[{"href":"https:\/\/www.intoscana.it\/it\/wp-json\/wp\/v2\/posts"}],"about":[{"href":"https:\/\/www.intoscana.it\/it\/wp-json\/wp\/v2\/types\/post"}],"author":[{"embeddable":true,"href":"https:\/\/www.intoscana.it\/it\/wp-json\/wp\/v2\/users\/554"}],"replies":[{"embeddable":true,"href":"https:\/\/www.intoscana.it\/it\/wp-json\/wp\/v2\/comments?post=203348"}],"version-history":[{"count":0,"href":"https:\/\/www.intoscana.it\/it\/wp-json\/wp\/v2\/posts\/203348\/revisions"}],"wp:featuredmedia":[{"embeddable":true,"href":"https:\/\/www.intoscana.it\/it\/wp-json\/wp\/v2\/media\/201611"}],"wp:attachment":[{"href":"https:\/\/www.intoscana.it\/it\/wp-json\/wp\/v2\/media?parent=203348"}],"wp:term":[{"taxonomy":"category","embeddable":true,"href":"https:\/\/www.intoscana.it\/it\/wp-json\/wp\/v2\/categories?post=203348"},{"taxonomy":"post_tag","embeddable":true,"href":"https:\/\/www.intoscana.it\/it\/wp-json\/wp\/v2\/tags?post=203348"}],"curies":[{"name":"wp","href":"https:\/\/api.w.org\/{rel}","templated":true}]}}