{"id":203414,"date":"2021-12-13T18:08:38","date_gmt":"2021-12-13T17:08:38","guid":{"rendered":"https:\/\/www.intoscana.it\/it\/?p=203414"},"modified":"2021-12-15T11:27:58","modified_gmt":"2021-12-15T10:27:58","slug":"variante-omicron-a-siena-il-primo-caso-in-toscana","status":"publish","type":"post","link":"https:\/\/www.intoscana.it\/it\/variante-omicron-a-siena-il-primo-caso-in-toscana\/","title":{"rendered":"Variante Omicron: a Siena il primo caso in Toscana"},"content":{"rendered":"<p>\u00c8 stato individuato <strong>a Siena il primo caso di variante Omicron<\/strong> del virus SARS-CoV-2 in Toscana. Il sequenziamento \u00e8 stato effettuato dall\u2019<strong>UOC Microbiologia e Virologia<\/strong> dell\u2019Azienda ospedaliero-universitaria Senese, diretta dalla professoressa <strong>Maria Grazia Cusi<\/strong>, su una <strong>paziente proveniente dalla Gran Bretagna<\/strong>, in vacanza nel senese. La signora, vaccinata ed asintomatica, \u00e8 stata ricoverata all\u2019ospedale <strong>Santa Maria alle Scotte<\/strong> per altra patologia.<\/p>\n<p>&#8220;<em>Tutti i pazienti che vengono ricoverati in ospedale con accesso dal Pronto Soccorso o che hanno un ricovero programmato sono sottoposti al test Covid e, per tutti, vengono utilizzate le precauzioni necessarie a prevenire il contagio, sia per gli altri pazienti presenti che per i professionisti a lavoro<\/em> \u2013 spiega il direttore sanitario dell\u2019Aou Senese <strong>Roberto Gusinu<\/strong> \u2013. <em>Sui campioni positivi viene effettuato il sequenziamento per valutare il tipo di variante presente, considerando che quella prevalente al momento \u00e8 la Delta. In questo caso, il nostro laboratorio ha subito riscontrato la variazione genica con uno screening sul virus, dopodich\u00e9 ha fatto un ulteriore approfondimento con sequenziamento genetico, che ha confermato la presenza della variante Omicron&#8221;.<\/em><\/p>\n<p><iframe loading=\"lazy\" title=\"Covid, individuato a Siena il primo caso di variante Omicron in Toscana\" width=\"640\" height=\"360\" src=\"https:\/\/www.youtube.com\/embed\/LZDZq6AlsFk?feature=oembed\" frameborder=\"0\" allow=\"accelerometer; autoplay; clipboard-write; encrypted-media; gyroscope; picture-in-picture; web-share\" referrerpolicy=\"strict-origin-when-cross-origin\" allowfullscreen><\/iframe><\/p>\n<p>La paziente \u00e8 stata<strong> isolata dal resto dei degenti<\/strong>, sono state prese<strong> tutte le misure per evitare ogni possibile contagio<\/strong> e, dopo la segnalazione, l&#8217;Azienda USL Toscana sudest ha avviato l&#8217;iter per il tracciamento<em>. &#8220;Ci siamo confrontati con i colleghi del territorio e con la Regione Toscana considerando che si tratta del primo caso in Toscana e che la variante Omicron sembra molto contagiosa<\/em> \u2013 aggiunge il direttore sanitario <strong>Gusinu<\/strong> \u2013 <em>Il nostro appello \u00e8 quindi quello di vaccinarsi, per chi non lo ha ancora fatto, e di fare la terza dose: chi non \u00e8 immunizzato ha 16 volte in pi\u00f9 il rischio di morire e, per quanto riguarda l\u2019efficacia vaccinale, dopo cinque mesi dal completamento del ciclo vaccinale, risulta in forte diminuzione nel prevenire i contagi&#8221;<\/em>.<br \/>\nImportante quindi \u00e8 l\u2019attivit\u00e0 specifica di <strong>sequenziamento<\/strong>, per la quale il <strong>Laboratorio di Microbiologia e Virologia dell\u2019Aou Senese<\/strong> \u00e8 centro di riferimento per l\u2019area vasta Toscana sudest e uno dei tre centri di alta specializzazione della Toscana. &#8220;<em>Effettuiamo il sequenziamento per l\u2019identificazione della variante, indagine che dura circa 3 giorni sui tamponi positivi dei nostri pazienti<\/em> \u2013 spiega la professoressa <strong>Maria Grazia Cusi<\/strong>, direttore della Microbiologia e Virologia dell\u2019Aou Senese, <strong>la prima in Toscana ad isolare il virus SARS-CoV-2 nell\u2019aprile 2020<\/strong> \u2013. <em>Il sequenziamento genomico ci fornisce una fonte inestimabile di indizi su come stia evolvendo un virus e questo ci permette di valutare, ad esempio, l\u2019efficacia del vaccino e la sensibilit\u00e0 dei test diagnostici in uso<\/em> \u2013 prosegue la professoressa<strong> Cusi<\/strong> -. <em>E&#8217; fondamentale essere vaccinati e sottoporsi alla terza dose, in quanto il vaccino ci protegge dal ricovero in terapia intensiva e dalla forma grave di malattia. Ne \u00e8 un esempio la nostra paziente, vaccinata, infettata dalla variante Omicron, ma del tutto asintomatica<\/em>&#8220;.<\/p>\n","protected":false},"excerpt":{"rendered":"<p>Individuata dalla Microbiologia e Virologia dell\u2019Aou Senese in una turista inglese, vaccinata e asintomatica, ricoverata all\u2019ospedale Santa Maria alle Scotte<\/p>\n","protected":false},"author":525,"featured_media":145706,"comment_status":"open","ping_status":"open","sticky":false,"template":"","format":"standard","meta":{"_acf_changed":false,"footnotes":""},"categories":[18],"tags":[2765],"class_list":["post-203414","post","type-post","status-publish","format-standard","has-post-thumbnail","hentry","category-salute","tag-ospedale-santa-maria-delle-scotte"],"acf":[],"yoast_head":"<!-- This site is optimized with the Yoast SEO Premium plugin v24.2 (Yoast SEO v25.6) - https:\/\/yoast.com\/wordpress\/plugins\/seo\/ -->\n<title>Variante Omicron: a Siena il primo caso in Toscana - intoscana<\/title>\n<meta name=\"description\" content=\"Individuata dalla Microbiologia e Virologia dell\u2019Aou Senese in una turista inglese, vaccinata e asintomatica, ricoverata all\u2019ospedale Santa Maria alle Scotte\" \/>\n<meta name=\"robots\" content=\"index, follow, max-snippet:-1, max-image-preview:large, max-video-preview:-1\" \/>\n<link rel=\"canonical\" href=\"https:\/\/www.intoscana.it\/it\/variante-omicron-a-siena-il-primo-caso-in-toscana\/\" \/>\n<meta property=\"og:locale\" content=\"it_IT\" \/>\n<meta property=\"og:type\" content=\"article\" \/>\n<meta property=\"og:title\" content=\"Variante Omicron: a Siena il primo caso in Toscana\" \/>\n<meta property=\"og:description\" content=\"Individuata dalla Microbiologia e Virologia dell\u2019Aou Senese in una turista inglese, vaccinata e asintomatica, ricoverata all\u2019ospedale Santa Maria alle Scotte\" \/>\n<meta property=\"og:url\" content=\"https:\/\/www.intoscana.it\/it\/variante-omicron-a-siena-il-primo-caso-in-toscana\/\" \/>\n<meta property=\"og:site_name\" content=\"intoscana\" \/>\n<meta property=\"article:publisher\" content=\"https:\/\/www.facebook.com\/intoscana.it\" \/>\n<meta property=\"article:published_time\" content=\"2021-12-13T17:08:38+00:00\" \/>\n<meta property=\"article:modified_time\" content=\"2021-12-15T10:27:58+00:00\" \/>\n<meta property=\"og:image\" content=\"https:\/\/www.intoscana.it\/wp-content\/uploads\/coronavirus-ospedale-4.jpg\" \/>\n\t<meta property=\"og:image:width\" content=\"1000\" \/>\n\t<meta property=\"og:image:height\" content=\"563\" \/>\n\t<meta property=\"og:image:type\" content=\"image\/jpeg\" \/>\n<meta name=\"author\" content=\"Redazione\" \/>\n<meta name=\"twitter:card\" content=\"summary_large_image\" \/>\n<meta name=\"twitter:creator\" content=\"@intoscana\" \/>\n<meta name=\"twitter:site\" content=\"@intoscana\" \/>\n<meta name=\"twitter:label1\" content=\"Written by\" \/>\n\t<meta name=\"twitter:data1\" content=\"Redazione\" \/>\n\t<meta name=\"twitter:label2\" content=\"Est. reading time\" \/>\n\t<meta name=\"twitter:data2\" content=\"2 minuti\" \/>\n<script type=\"application\/ld+json\" class=\"yoast-schema-graph\">{\"@context\":\"https:\/\/schema.org\",\"@graph\":[{\"@type\":\"WebPage\",\"@id\":\"https:\/\/www.intoscana.it\/it\/variante-omicron-a-siena-il-primo-caso-in-toscana\/\",\"url\":\"https:\/\/www.intoscana.it\/it\/variante-omicron-a-siena-il-primo-caso-in-toscana\/\",\"name\":\"Variante Omicron: a Siena il primo caso in Toscana - intoscana\",\"isPartOf\":{\"@id\":\"https:\/\/www.intoscana.it\/it\/#website\"},\"primaryImageOfPage\":{\"@id\":\"https:\/\/www.intoscana.it\/it\/variante-omicron-a-siena-il-primo-caso-in-toscana\/#primaryimage\"},\"image\":{\"@id\":\"https:\/\/www.intoscana.it\/it\/variante-omicron-a-siena-il-primo-caso-in-toscana\/#primaryimage\"},\"thumbnailUrl\":\"https:\/\/www.intoscana.it\/wp-content\/uploads\/coronavirus-ospedale-4.jpg\",\"datePublished\":\"2021-12-13T17:08:38+00:00\",\"dateModified\":\"2021-12-15T10:27:58+00:00\",\"author\":{\"@id\":\"https:\/\/www.intoscana.it\/it\/#\/schema\/person\/9223810753230f20bd670fdd322661f8\"},\"description\":\"Individuata dalla Microbiologia e Virologia dell\u2019Aou Senese in una turista inglese, vaccinata e asintomatica, ricoverata all\u2019ospedale Santa Maria alle Scotte\",\"breadcrumb\":{\"@id\":\"https:\/\/www.intoscana.it\/it\/variante-omicron-a-siena-il-primo-caso-in-toscana\/#breadcrumb\"},\"inLanguage\":\"it-IT\",\"potentialAction\":[{\"@type\":\"ReadAction\",\"target\":[\"https:\/\/www.intoscana.it\/it\/variante-omicron-a-siena-il-primo-caso-in-toscana\/\"]}]},{\"@type\":\"ImageObject\",\"inLanguage\":\"it-IT\",\"@id\":\"https:\/\/www.intoscana.it\/it\/variante-omicron-a-siena-il-primo-caso-in-toscana\/#primaryimage\",\"url\":\"https:\/\/www.intoscana.it\/wp-content\/uploads\/coronavirus-ospedale-4.jpg\",\"contentUrl\":\"https:\/\/www.intoscana.it\/wp-content\/uploads\/coronavirus-ospedale-4.jpg\",\"width\":1000,\"height\":563,\"caption\":\"covid coronavirus\"},{\"@type\":\"BreadcrumbList\",\"@id\":\"https:\/\/www.intoscana.it\/it\/variante-omicron-a-siena-il-primo-caso-in-toscana\/#breadcrumb\",\"itemListElement\":[{\"@type\":\"ListItem\",\"position\":1,\"name\":\"Home\",\"item\":\"https:\/\/www.intoscana.it\/it\/\"},{\"@type\":\"ListItem\",\"position\":2,\"name\":\"Variante Omicron: a Siena il primo caso in Toscana\"}]},{\"@type\":\"WebSite\",\"@id\":\"https:\/\/www.intoscana.it\/it\/#website\",\"url\":\"https:\/\/www.intoscana.it\/it\/\",\"name\":\"intoscana\",\"description\":\"\",\"potentialAction\":[{\"@type\":\"SearchAction\",\"target\":{\"@type\":\"EntryPoint\",\"urlTemplate\":\"https:\/\/www.intoscana.it\/it\/?s={search_term_string}\"},\"query-input\":{\"@type\":\"PropertyValueSpecification\",\"valueRequired\":true,\"valueName\":\"search_term_string\"}}],\"inLanguage\":\"it-IT\"},{\"@type\":\"Person\",\"@id\":\"https:\/\/www.intoscana.it\/it\/#\/schema\/person\/9223810753230f20bd670fdd322661f8\",\"name\":\"Redazione\",\"url\":\"https:\/\/www.intoscana.it\/it\/author\/redazione\/\"}]}<\/script>\n<!-- \/ Yoast SEO Premium plugin. -->","yoast_head_json":{"title":"Variante Omicron: a Siena il primo caso in Toscana - intoscana","description":"Individuata dalla Microbiologia e Virologia dell\u2019Aou Senese in una turista inglese, vaccinata e asintomatica, ricoverata all\u2019ospedale Santa Maria alle Scotte","robots":{"index":"index","follow":"follow","max-snippet":"max-snippet:-1","max-image-preview":"max-image-preview:large","max-video-preview":"max-video-preview:-1"},"canonical":"https:\/\/www.intoscana.it\/it\/variante-omicron-a-siena-il-primo-caso-in-toscana\/","og_locale":"it_IT","og_type":"article","og_title":"Variante Omicron: a Siena il primo caso in Toscana","og_description":"Individuata dalla Microbiologia e Virologia dell\u2019Aou Senese in una turista inglese, vaccinata e asintomatica, ricoverata all\u2019ospedale Santa Maria alle Scotte","og_url":"https:\/\/www.intoscana.it\/it\/variante-omicron-a-siena-il-primo-caso-in-toscana\/","og_site_name":"intoscana","article_publisher":"https:\/\/www.facebook.com\/intoscana.it","article_published_time":"2021-12-13T17:08:38+00:00","article_modified_time":"2021-12-15T10:27:58+00:00","og_image":[{"width":1000,"height":563,"url":"https:\/\/www.intoscana.it\/wp-content\/uploads\/coronavirus-ospedale-4.jpg","type":"image\/jpeg"}],"author":"Redazione","twitter_card":"summary_large_image","twitter_creator":"@intoscana","twitter_site":"@intoscana","twitter_misc":{"Written by":"Redazione","Est. reading time":"2 minuti"},"schema":{"@context":"https:\/\/schema.org","@graph":[{"@type":"WebPage","@id":"https:\/\/www.intoscana.it\/it\/variante-omicron-a-siena-il-primo-caso-in-toscana\/","url":"https:\/\/www.intoscana.it\/it\/variante-omicron-a-siena-il-primo-caso-in-toscana\/","name":"Variante Omicron: a Siena il primo caso in Toscana - intoscana","isPartOf":{"@id":"https:\/\/www.intoscana.it\/it\/#website"},"primaryImageOfPage":{"@id":"https:\/\/www.intoscana.it\/it\/variante-omicron-a-siena-il-primo-caso-in-toscana\/#primaryimage"},"image":{"@id":"https:\/\/www.intoscana.it\/it\/variante-omicron-a-siena-il-primo-caso-in-toscana\/#primaryimage"},"thumbnailUrl":"https:\/\/www.intoscana.it\/wp-content\/uploads\/coronavirus-ospedale-4.jpg","datePublished":"2021-12-13T17:08:38+00:00","dateModified":"2021-12-15T10:27:58+00:00","author":{"@id":"https:\/\/www.intoscana.it\/it\/#\/schema\/person\/9223810753230f20bd670fdd322661f8"},"description":"Individuata dalla Microbiologia e Virologia dell\u2019Aou Senese in una turista inglese, vaccinata e asintomatica, ricoverata all\u2019ospedale Santa Maria alle Scotte","breadcrumb":{"@id":"https:\/\/www.intoscana.it\/it\/variante-omicron-a-siena-il-primo-caso-in-toscana\/#breadcrumb"},"inLanguage":"it-IT","potentialAction":[{"@type":"ReadAction","target":["https:\/\/www.intoscana.it\/it\/variante-omicron-a-siena-il-primo-caso-in-toscana\/"]}]},{"@type":"ImageObject","inLanguage":"it-IT","@id":"https:\/\/www.intoscana.it\/it\/variante-omicron-a-siena-il-primo-caso-in-toscana\/#primaryimage","url":"https:\/\/www.intoscana.it\/wp-content\/uploads\/coronavirus-ospedale-4.jpg","contentUrl":"https:\/\/www.intoscana.it\/wp-content\/uploads\/coronavirus-ospedale-4.jpg","width":1000,"height":563,"caption":"covid coronavirus"},{"@type":"BreadcrumbList","@id":"https:\/\/www.intoscana.it\/it\/variante-omicron-a-siena-il-primo-caso-in-toscana\/#breadcrumb","itemListElement":[{"@type":"ListItem","position":1,"name":"Home","item":"https:\/\/www.intoscana.it\/it\/"},{"@type":"ListItem","position":2,"name":"Variante Omicron: a Siena il primo caso in Toscana"}]},{"@type":"WebSite","@id":"https:\/\/www.intoscana.it\/it\/#website","url":"https:\/\/www.intoscana.it\/it\/","name":"intoscana","description":"","potentialAction":[{"@type":"SearchAction","target":{"@type":"EntryPoint","urlTemplate":"https:\/\/www.intoscana.it\/it\/?s={search_term_string}"},"query-input":{"@type":"PropertyValueSpecification","valueRequired":true,"valueName":"search_term_string"}}],"inLanguage":"it-IT"},{"@type":"Person","@id":"https:\/\/www.intoscana.it\/it\/#\/schema\/person\/9223810753230f20bd670fdd322661f8","name":"Redazione","url":"https:\/\/www.intoscana.it\/it\/author\/redazione\/"}]}},"_links":{"self":[{"href":"https:\/\/www.intoscana.it\/it\/wp-json\/wp\/v2\/posts\/203414","targetHints":{"allow":["GET"]}}],"collection":[{"href":"https:\/\/www.intoscana.it\/it\/wp-json\/wp\/v2\/posts"}],"about":[{"href":"https:\/\/www.intoscana.it\/it\/wp-json\/wp\/v2\/types\/post"}],"author":[{"embeddable":true,"href":"https:\/\/www.intoscana.it\/it\/wp-json\/wp\/v2\/users\/525"}],"replies":[{"embeddable":true,"href":"https:\/\/www.intoscana.it\/it\/wp-json\/wp\/v2\/comments?post=203414"}],"version-history":[{"count":0,"href":"https:\/\/www.intoscana.it\/it\/wp-json\/wp\/v2\/posts\/203414\/revisions"}],"wp:featuredmedia":[{"embeddable":true,"href":"https:\/\/www.intoscana.it\/it\/wp-json\/wp\/v2\/media\/145706"}],"wp:attachment":[{"href":"https:\/\/www.intoscana.it\/it\/wp-json\/wp\/v2\/media?parent=203414"}],"wp:term":[{"taxonomy":"category","embeddable":true,"href":"https:\/\/www.intoscana.it\/it\/wp-json\/wp\/v2\/categories?post=203414"},{"taxonomy":"post_tag","embeddable":true,"href":"https:\/\/www.intoscana.it\/it\/wp-json\/wp\/v2\/tags?post=203414"}],"curies":[{"name":"wp","href":"https:\/\/api.w.org\/{rel}","templated":true}]}}