{"id":203626,"date":"2021-12-14T17:53:42","date_gmt":"2021-12-14T16:53:42","guid":{"rendered":"https:\/\/www.intoscana.it\/it\/?p=203626"},"modified":"2021-12-15T14:19:22","modified_gmt":"2021-12-15T13:19:22","slug":"trovati-cinque-bambini-della-foto-scattata-dal-soldato-usa-nel-44-a-san-miniato","status":"publish","type":"post","link":"https:\/\/www.intoscana.it\/it\/trovati-cinque-bambini-della-foto-scattata-dal-soldato-usa-nel-44-a-san-miniato\/","title":{"rendered":"Trovati cinque bambini della foto scattata dal soldato Usa nel &#8217;44 a San Miniato"},"content":{"rendered":"<p>Una ricerca collettiva, emozionante, che ha scavato nel tempo e nei ricordi, fino agli anni della seconda guerra mondiale. Tutto parte dalla <a href=\"https:\/\/www.intoscana.it\/it\/articolo\/il-soldato-usa-cerca-i-bambini-della-foto-scattata-nel-44-il-comune-di-san-miniato-si-mobilita\/\" target=\"_blank\" rel=\"noopener\">foto in bianco e nero con otto bambini<\/a> in una strada di <strong>San Miniato<\/strong> scattata da <strong>Edward Roethel<\/strong>, l&#8217;ex soldato americano oggi ultra novantenne, veterano della seconda guerra mondiale, nell\u2019estate del \u201845. Ha lanciato un appello per ritrovarli. <mark>E in cinque hanno risposto alla sua chiamata, rimbalzato da Washington, attraverso <strong>Holly Rotondi<\/strong>, direttore esecutivo del Friends of the National World War II Memorial,\u00a0 e il Comune di San Miniato, con l&#8217;appello del sindaco <strong>Simone Giglioli<\/strong>.<\/p>\n<figure id=\"post-193103 media-193103\" class=\"align-none\"><img decoding=\"async\" src=\"https:\/\/www.intoscana.it\/wp-content\/uploads\/Edward-Roethel-a-San-Miniato.jpeg\" alt=\"\" \/><\/figure>\n<div class=\"titleimg\" style=\"text-align: center;\"><em>Edward Roethel a San Miniato<\/em><\/div>\n<p>Una ricerca difficile, anche perch\u00e9 il veterano ricordava pochissimo: solo che era nella V Armata\u00a0 e che \u00e8 arrivato in Italia nel 1944, prima a Napoli e poi a San Miniato. Non era chiaro neppure dove fosse stata scattata, poi la svolta, annunciata dallo stesso sindaco: &#8220;<em>Grazie al nostro appello e a quello dei media, la risposta dei cittadini \u00e8 stata straordinaria: abbiamo individuato, senza ombra di dubbio, che il luogo dove fu scattata la foto \u00e8 il portone del Duomo e poi, dall&#8217;abbigliamento dei bambini, si pu\u00f2 supporre che si tratti della primavera inoltrata del &#8217;45. Con questi elementi abbiamo valutato e selezionato le molte chiamate e mail che abbiamo ricevuto<\/em>&#8220;.<\/p>\n<p>Di queste, quattro di loro sono risultati essere i bambini della foto, mentre per una quinta bambina ci sono due ipotesi. Si sono riconosciuti ed erano effettivamente a San Miniato in quell&#8217;anno\u00a0<strong>Roberto Santini<\/strong>\u00a0(il bambino a destra nella foto), classe &#8217;42, originario di San Miniato ma da anni residente a Firenze, ex docente di arte oggi in pensione, poi\u00a0<strong>Liliana Vincenti<\/strong>, classe &#8217;40, deceduta nel 1990, riconosciuta dal fratello Bruno il quale racconta che Liliana (la bambina al centro in prima fila) in quell&#8217;anno era a San Miniato da alcuni parenti perch\u00e9 la madre era ammalata e il padre era in Germania, mentre lui si trovava ospite di un&#8217;altra famiglia nelle campagne. Si sono riconosciuti anche <strong>Giovanni e Anna Maria Pretini<\/strong> (i due pi\u00f9 alti in fondo alla foto), rispettivamente classe &#8217;39 e classe &#8217;37, fratello e sorella anche loro di San Miniato. C&#8217;\u00e8 un dubbio invece sulla prima bambina alla sinistra della foto, quella con il fiocco bianco in testa. &#8220;<em>Si sono riconosciute due donne: una \u00e8\u00a0Mara Ciarini Agnesi\u00a0(classe &#8217;38) di San Miniato, un&#8217;insegnante in pensione ormai da tempo, mentre l&#8217;altra \u00e8\u00a0Maria Brondi, classe &#8217;41, originaria di Livorno, in quegli anni sfollata con la famiglia a San Miniato\u00a0<\/em>&#8211; racconta il sindaco &#8211;<em>. La somiglianza di entrambe \u00e8 davvero notevole e, sulla base dei fatti storici che sappiamo, entrambe potrebbero essere la bambina nella foto. Alla luce di questi elementi, non potevamo escluderne nessuna, cos\u00ec abbiamo deciso di farle incontrare entrambe con l&#8217;ex soldato&#8221;.<\/em><\/p>\n<figure id=\"post-193106 media-193106\" class=\"align-none\"><img decoding=\"async\" src=\"https:\/\/www.intoscana.it\/wp-content\/uploads\/Edward-Roethel-oggi.jpeg\" alt=\"\" \/><\/figure>\n<div class=\"titleimg\" style=\"text-align: center;\"><em>Edward Roethel oggi<\/em><\/div>\n<p>[mark]E cos\u00ec si terr\u00e0 un incontro in videochiamata con gli Usa per gioved\u00ec 16 dicembre. L&#8217;orario previsto \u00e8 le 17, le 11 orario di New York, dove Edward vive con la figlia Donna.<\/mark> <em>&#8220;Volevamo offrire a quest&#8217;uomo l&#8217;opportunit\u00e0 di ritrovare questi bambini\u00a0<\/em>&#8211; conclude il sindaco -.<em>\u00a0Ce l&#8217;abbiamo messa tutta per far s\u00ec che questo potesse accadere e sono molto contento della catena di solidariet\u00e0 che si \u00e8 stretta attorno a questa storia bellissima&#8221;.\u00a0<\/em>A fare da interprete alla conversazione tra il soldato e i bambini sar\u00e0 Maria Giannini Urciuolo, un&#8217;ex insegnante di inglese, con origini italo-americane.<\/p>\n","protected":false},"excerpt":{"rendered":"<p>Una ricerca che ha coinvolto ed emozionato tante persone: gioved\u00ec 16 dicembre il veterano Edward Roethel incontrer\u00e0 (in videochiamata) alcuni dei suoi &#8220;bimbi&#8221; dopo quasi 80 anni<\/p>\n","protected":false},"author":545,"featured_media":203635,"comment_status":"open","ping_status":"open","sticky":false,"template":"","format":"standard","meta":{"_acf_changed":false,"footnotes":""},"categories":[4],"tags":[4492,4372],"class_list":["post-203626","post","type-post","status-publish","format-standard","has-post-thumbnail","hentry","category-storie","tag-san-miniato","tag-seconda-guerra-mondiale"],"acf":[],"yoast_head":"<!-- This site is optimized with the Yoast SEO Premium plugin v24.2 (Yoast SEO v25.6) - https:\/\/yoast.com\/wordpress\/plugins\/seo\/ -->\n<title>Trovati cinque bambini della foto scattata dal soldato Usa nel &#039;44 a San Miniato - intoscana<\/title>\n<meta name=\"description\" content=\"San Miniato: gioved\u00ec 16 dicembre il veterano Edward Roethel incontrer\u00e0 (in videochiamata) alcuni dei suoi &quot;bimbi&quot; dopo quasi 80 anni\" \/>\n<meta name=\"robots\" content=\"index, follow, max-snippet:-1, max-image-preview:large, max-video-preview:-1\" \/>\n<link rel=\"canonical\" href=\"https:\/\/www.intoscana.it\/it\/trovati-cinque-bambini-della-foto-scattata-dal-soldato-usa-nel-44-a-san-miniato\/\" \/>\n<meta property=\"og:locale\" content=\"it_IT\" \/>\n<meta property=\"og:type\" content=\"article\" \/>\n<meta property=\"og:title\" content=\"Trovati cinque bambini della foto scattata dal soldato Usa nel &#039;44 a San Miniato\" \/>\n<meta property=\"og:description\" content=\"San Miniato: gioved\u00ec 16 dicembre il veterano Edward Roethel incontrer\u00e0 (in videochiamata) alcuni dei suoi &quot;bimbi&quot; dopo quasi 80 anni\" \/>\n<meta property=\"og:url\" content=\"https:\/\/www.intoscana.it\/it\/trovati-cinque-bambini-della-foto-scattata-dal-soldato-usa-nel-44-a-san-miniato\/\" \/>\n<meta property=\"og:site_name\" content=\"intoscana\" \/>\n<meta property=\"article:publisher\" content=\"https:\/\/www.facebook.com\/intoscana.it\" \/>\n<meta property=\"article:published_time\" content=\"2021-12-14T16:53:42+00:00\" \/>\n<meta property=\"article:modified_time\" content=\"2021-12-15T13:19:22+00:00\" \/>\n<meta property=\"og:image\" content=\"https:\/\/www.intoscana.it\/wp-content\/uploads\/foto-nomi-1-e1639500138107.jpg\" \/>\n\t<meta property=\"og:image:width\" content=\"940\" \/>\n\t<meta property=\"og:image:height\" content=\"611\" \/>\n\t<meta property=\"og:image:type\" content=\"image\/jpeg\" \/>\n<meta name=\"author\" content=\"Clara D&#039;Acunto\" \/>\n<meta name=\"twitter:card\" content=\"summary_large_image\" \/>\n<meta name=\"twitter:creator\" content=\"@intoscana\" \/>\n<meta name=\"twitter:site\" content=\"@intoscana\" \/>\n<meta name=\"twitter:label1\" content=\"Written by\" \/>\n\t<meta name=\"twitter:data1\" content=\"Clara D&#039;Acunto\" \/>\n\t<meta name=\"twitter:label2\" content=\"Est. reading time\" \/>\n\t<meta name=\"twitter:data2\" content=\"3 minuti\" \/>\n<script type=\"application\/ld+json\" class=\"yoast-schema-graph\">{\"@context\":\"https:\/\/schema.org\",\"@graph\":[{\"@type\":\"WebPage\",\"@id\":\"https:\/\/www.intoscana.it\/it\/trovati-cinque-bambini-della-foto-scattata-dal-soldato-usa-nel-44-a-san-miniato\/\",\"url\":\"https:\/\/www.intoscana.it\/it\/trovati-cinque-bambini-della-foto-scattata-dal-soldato-usa-nel-44-a-san-miniato\/\",\"name\":\"Trovati cinque bambini della foto scattata dal soldato Usa nel '44 a San Miniato - intoscana\",\"isPartOf\":{\"@id\":\"https:\/\/www.intoscana.it\/it\/#website\"},\"primaryImageOfPage\":{\"@id\":\"https:\/\/www.intoscana.it\/it\/trovati-cinque-bambini-della-foto-scattata-dal-soldato-usa-nel-44-a-san-miniato\/#primaryimage\"},\"image\":{\"@id\":\"https:\/\/www.intoscana.it\/it\/trovati-cinque-bambini-della-foto-scattata-dal-soldato-usa-nel-44-a-san-miniato\/#primaryimage\"},\"thumbnailUrl\":\"https:\/\/www.intoscana.it\/wp-content\/uploads\/foto-nomi-1-e1639500138107.jpg\",\"datePublished\":\"2021-12-14T16:53:42+00:00\",\"dateModified\":\"2021-12-15T13:19:22+00:00\",\"author\":{\"@id\":\"https:\/\/www.intoscana.it\/it\/#\/schema\/person\/137419af9ef5d385bde52864a841e6ce\"},\"description\":\"San Miniato: gioved\u00ec 16 dicembre il veterano Edward Roethel incontrer\u00e0 (in videochiamata) alcuni dei suoi \\\"bimbi\\\" dopo quasi 80 anni\",\"breadcrumb\":{\"@id\":\"https:\/\/www.intoscana.it\/it\/trovati-cinque-bambini-della-foto-scattata-dal-soldato-usa-nel-44-a-san-miniato\/#breadcrumb\"},\"inLanguage\":\"it-IT\",\"potentialAction\":[{\"@type\":\"ReadAction\",\"target\":[\"https:\/\/www.intoscana.it\/it\/trovati-cinque-bambini-della-foto-scattata-dal-soldato-usa-nel-44-a-san-miniato\/\"]}]},{\"@type\":\"ImageObject\",\"inLanguage\":\"it-IT\",\"@id\":\"https:\/\/www.intoscana.it\/it\/trovati-cinque-bambini-della-foto-scattata-dal-soldato-usa-nel-44-a-san-miniato\/#primaryimage\",\"url\":\"https:\/\/www.intoscana.it\/wp-content\/uploads\/foto-nomi-1-e1639500138107.jpg\",\"contentUrl\":\"https:\/\/www.intoscana.it\/wp-content\/uploads\/foto-nomi-1-e1639500138107.jpg\",\"width\":940,\"height\":611},{\"@type\":\"BreadcrumbList\",\"@id\":\"https:\/\/www.intoscana.it\/it\/trovati-cinque-bambini-della-foto-scattata-dal-soldato-usa-nel-44-a-san-miniato\/#breadcrumb\",\"itemListElement\":[{\"@type\":\"ListItem\",\"position\":1,\"name\":\"Home\",\"item\":\"https:\/\/www.intoscana.it\/it\/\"},{\"@type\":\"ListItem\",\"position\":2,\"name\":\"Trovati cinque bambini della foto scattata dal soldato Usa nel &#8217;44 a San Miniato\"}]},{\"@type\":\"WebSite\",\"@id\":\"https:\/\/www.intoscana.it\/it\/#website\",\"url\":\"https:\/\/www.intoscana.it\/it\/\",\"name\":\"intoscana\",\"description\":\"\",\"potentialAction\":[{\"@type\":\"SearchAction\",\"target\":{\"@type\":\"EntryPoint\",\"urlTemplate\":\"https:\/\/www.intoscana.it\/it\/?s={search_term_string}\"},\"query-input\":{\"@type\":\"PropertyValueSpecification\",\"valueRequired\":true,\"valueName\":\"search_term_string\"}}],\"inLanguage\":\"it-IT\"},{\"@type\":\"Person\",\"@id\":\"https:\/\/www.intoscana.it\/it\/#\/schema\/person\/137419af9ef5d385bde52864a841e6ce\",\"name\":\"Clara D'Acunto\",\"url\":\"https:\/\/www.intoscana.it\/it\/author\/clara-d_acunto\/\"}]}<\/script>\n<!-- \/ Yoast SEO Premium plugin. -->","yoast_head_json":{"title":"Trovati cinque bambini della foto scattata dal soldato Usa nel '44 a San Miniato - intoscana","description":"San Miniato: gioved\u00ec 16 dicembre il veterano Edward Roethel incontrer\u00e0 (in videochiamata) alcuni dei suoi \"bimbi\" dopo quasi 80 anni","robots":{"index":"index","follow":"follow","max-snippet":"max-snippet:-1","max-image-preview":"max-image-preview:large","max-video-preview":"max-video-preview:-1"},"canonical":"https:\/\/www.intoscana.it\/it\/trovati-cinque-bambini-della-foto-scattata-dal-soldato-usa-nel-44-a-san-miniato\/","og_locale":"it_IT","og_type":"article","og_title":"Trovati cinque bambini della foto scattata dal soldato Usa nel '44 a San Miniato","og_description":"San Miniato: gioved\u00ec 16 dicembre il veterano Edward Roethel incontrer\u00e0 (in videochiamata) alcuni dei suoi \"bimbi\" dopo quasi 80 anni","og_url":"https:\/\/www.intoscana.it\/it\/trovati-cinque-bambini-della-foto-scattata-dal-soldato-usa-nel-44-a-san-miniato\/","og_site_name":"intoscana","article_publisher":"https:\/\/www.facebook.com\/intoscana.it","article_published_time":"2021-12-14T16:53:42+00:00","article_modified_time":"2021-12-15T13:19:22+00:00","og_image":[{"width":940,"height":611,"url":"https:\/\/www.intoscana.it\/wp-content\/uploads\/foto-nomi-1-e1639500138107.jpg","type":"image\/jpeg"}],"author":"Clara D'Acunto","twitter_card":"summary_large_image","twitter_creator":"@intoscana","twitter_site":"@intoscana","twitter_misc":{"Written by":"Clara D'Acunto","Est. reading time":"3 minuti"},"schema":{"@context":"https:\/\/schema.org","@graph":[{"@type":"WebPage","@id":"https:\/\/www.intoscana.it\/it\/trovati-cinque-bambini-della-foto-scattata-dal-soldato-usa-nel-44-a-san-miniato\/","url":"https:\/\/www.intoscana.it\/it\/trovati-cinque-bambini-della-foto-scattata-dal-soldato-usa-nel-44-a-san-miniato\/","name":"Trovati cinque bambini della foto scattata dal soldato Usa nel '44 a San Miniato - intoscana","isPartOf":{"@id":"https:\/\/www.intoscana.it\/it\/#website"},"primaryImageOfPage":{"@id":"https:\/\/www.intoscana.it\/it\/trovati-cinque-bambini-della-foto-scattata-dal-soldato-usa-nel-44-a-san-miniato\/#primaryimage"},"image":{"@id":"https:\/\/www.intoscana.it\/it\/trovati-cinque-bambini-della-foto-scattata-dal-soldato-usa-nel-44-a-san-miniato\/#primaryimage"},"thumbnailUrl":"https:\/\/www.intoscana.it\/wp-content\/uploads\/foto-nomi-1-e1639500138107.jpg","datePublished":"2021-12-14T16:53:42+00:00","dateModified":"2021-12-15T13:19:22+00:00","author":{"@id":"https:\/\/www.intoscana.it\/it\/#\/schema\/person\/137419af9ef5d385bde52864a841e6ce"},"description":"San Miniato: gioved\u00ec 16 dicembre il veterano Edward Roethel incontrer\u00e0 (in videochiamata) alcuni dei suoi \"bimbi\" dopo quasi 80 anni","breadcrumb":{"@id":"https:\/\/www.intoscana.it\/it\/trovati-cinque-bambini-della-foto-scattata-dal-soldato-usa-nel-44-a-san-miniato\/#breadcrumb"},"inLanguage":"it-IT","potentialAction":[{"@type":"ReadAction","target":["https:\/\/www.intoscana.it\/it\/trovati-cinque-bambini-della-foto-scattata-dal-soldato-usa-nel-44-a-san-miniato\/"]}]},{"@type":"ImageObject","inLanguage":"it-IT","@id":"https:\/\/www.intoscana.it\/it\/trovati-cinque-bambini-della-foto-scattata-dal-soldato-usa-nel-44-a-san-miniato\/#primaryimage","url":"https:\/\/www.intoscana.it\/wp-content\/uploads\/foto-nomi-1-e1639500138107.jpg","contentUrl":"https:\/\/www.intoscana.it\/wp-content\/uploads\/foto-nomi-1-e1639500138107.jpg","width":940,"height":611},{"@type":"BreadcrumbList","@id":"https:\/\/www.intoscana.it\/it\/trovati-cinque-bambini-della-foto-scattata-dal-soldato-usa-nel-44-a-san-miniato\/#breadcrumb","itemListElement":[{"@type":"ListItem","position":1,"name":"Home","item":"https:\/\/www.intoscana.it\/it\/"},{"@type":"ListItem","position":2,"name":"Trovati cinque bambini della foto scattata dal soldato Usa nel &#8217;44 a San Miniato"}]},{"@type":"WebSite","@id":"https:\/\/www.intoscana.it\/it\/#website","url":"https:\/\/www.intoscana.it\/it\/","name":"intoscana","description":"","potentialAction":[{"@type":"SearchAction","target":{"@type":"EntryPoint","urlTemplate":"https:\/\/www.intoscana.it\/it\/?s={search_term_string}"},"query-input":{"@type":"PropertyValueSpecification","valueRequired":true,"valueName":"search_term_string"}}],"inLanguage":"it-IT"},{"@type":"Person","@id":"https:\/\/www.intoscana.it\/it\/#\/schema\/person\/137419af9ef5d385bde52864a841e6ce","name":"Clara D'Acunto","url":"https:\/\/www.intoscana.it\/it\/author\/clara-d_acunto\/"}]}},"_links":{"self":[{"href":"https:\/\/www.intoscana.it\/it\/wp-json\/wp\/v2\/posts\/203626","targetHints":{"allow":["GET"]}}],"collection":[{"href":"https:\/\/www.intoscana.it\/it\/wp-json\/wp\/v2\/posts"}],"about":[{"href":"https:\/\/www.intoscana.it\/it\/wp-json\/wp\/v2\/types\/post"}],"author":[{"embeddable":true,"href":"https:\/\/www.intoscana.it\/it\/wp-json\/wp\/v2\/users\/545"}],"replies":[{"embeddable":true,"href":"https:\/\/www.intoscana.it\/it\/wp-json\/wp\/v2\/comments?post=203626"}],"version-history":[{"count":0,"href":"https:\/\/www.intoscana.it\/it\/wp-json\/wp\/v2\/posts\/203626\/revisions"}],"wp:featuredmedia":[{"embeddable":true,"href":"https:\/\/www.intoscana.it\/it\/wp-json\/wp\/v2\/media\/203635"}],"wp:attachment":[{"href":"https:\/\/www.intoscana.it\/it\/wp-json\/wp\/v2\/media?parent=203626"}],"wp:term":[{"taxonomy":"category","embeddable":true,"href":"https:\/\/www.intoscana.it\/it\/wp-json\/wp\/v2\/categories?post=203626"},{"taxonomy":"post_tag","embeddable":true,"href":"https:\/\/www.intoscana.it\/it\/wp-json\/wp\/v2\/tags?post=203626"}],"curies":[{"name":"wp","href":"https:\/\/api.w.org\/{rel}","templated":true}]}}