{"id":203673,"date":"2021-12-15T09:08:49","date_gmt":"2021-12-15T08:08:49","guid":{"rendered":"https:\/\/www.intoscana.it\/it\/?p=203673"},"modified":"2021-12-15T09:08:49","modified_gmt":"2021-12-15T08:08:49","slug":"viaggio-indietro-nel-tempo-con-la-musica-di-petra-magoni-e-ilaria-fantin","status":"publish","type":"post","link":"https:\/\/www.intoscana.it\/it\/viaggio-indietro-nel-tempo-con-la-musica-di-petra-magoni-e-ilaria-fantin\/","title":{"rendered":"Viaggio indietro nel tempo con la musica di Petra Magoni e Ilaria Fantin"},"content":{"rendered":"<p>Emozioni di passaggio, come le nuvole, attraverso le note di grandi della musica come<strong> Sin\u00e9ad O\u2019Connor, Fabrizio De Andr\u00e9, Domenico Modugno, Joni Mitchell, Deep Purple.<\/strong><\/p>\n<p>Tutto questo \u00e8 <em><strong>\u201cAll of us\u201d<\/strong>,<\/em> il nuovo album nato dalla collaborazione tra <strong>Petra Magoni e Ilaria Fantin<\/strong>, duo gi\u00e0 consolidatosi nel tempo grazie anche alle collaborazioni teatrali.<\/p>\n<p><strong>Un disco-racconto<\/strong> dove <strong>il suggestivo suono dell\u2019arciliuto<\/strong> si fonde con <strong>il timbro unico di Petra Magoni,<\/strong> creando una sinergia originale sempre nella direzione dell\u2019ascoltatore. Il tutto viene impreziosito dall\u2019altissima qualit\u00e0 del suono, curato nei minimi dettagli.<\/p>\n<figure id=\"post-203448 media-203448\" class=\"align-none\"><img decoding=\"async\" src=\"https:\/\/www.intoscana.it\/wp-content\/uploads\/IlariaPetra.png\" alt=\"\" \/><\/figure>\n<h3>Ecco la nostra intervista a Petra Magoni<\/h3>\n<p><strong>Ciao Petra! Ho visto che sei da poco tornata da Dubai con il progetto Musica Nuda, tu sei il simbolo che la musica \u00e8 un linguaggio universale!<\/strong><\/p>\n<p>Io sono sempre stata appassionata di viaggi, mi \u00e8 sempre interessati vedere posti nuovi, conoscere punti di vista diversi assaggiare cucine diverse. <strong>Trovo che la diversit\u00e0 sia un arricchimento da tutti i punti di vista.<\/strong> Penso che avere esperienze diverse sia molto bello anche perch\u00e8 ti fa riscoprire le tue. La musica \u00e8 un linguaggio universale, persone molto diverse si emozionano per le stesse cose, piangono e ridono per le stesse cose. L&#8217;umanit\u00e0 ha una radice comune ed \u00e8 una cosa bellissima che va preservata.<\/p>\n<p><strong>Com&#8217;\u00e8\u00a0nata l&#8217;idea di realizzare questo disco con Ilaria Fantin?<\/strong><\/p>\n<p>Con Ilaria ci conosciamo da tanto tempo e sapendo del mio interesse per la musica antica mi scrisse una mail alla quale ho risposto dopo nove mesi perch\u00e8 ne ricevo tante e qualcuna mi sfugge. L&#8217;occasione per partire con questa nuova produzione \u00e8 stato\u00a0lo spettacolo<strong> &#8220;Il sangue&#8221; di Pippo Delbono<\/strong> che vedeva in scena Pippo, io e Ilaria che facevamo la parte musicale. Abbiamo portato lo spettacolo in giro per tutta Europa. Poi io e Ilaria abbiamo fatto uno spettacolo insieme dal titolo\u00a0<strong>&#8220;Cosa sono le nuvole&#8221;.<\/strong> Questo disco <strong>&#8220;All of Us&#8221;<\/strong> \u00e8 nato per riunire le nostre esperienze e canzoni che volevamo suonare insieme.<\/p>\n<p><strong>Quando l&#8217;ho ascoltato mi ha fatto un effetto stranissimo, mi ha ricordato Benigni\u00a0e Troisi in &#8220;Non ci resta che piangere&#8221;. Mi \u00e8 sembrato di tornare indietro nel tempo, nel Medioevo<\/strong><\/p>\n<p>Non ci avevo pensato, ma \u00e8 uno spunto interessante. Loro venivano dal futuro e anche noi suoniamo un arciliuto contemporaneo, ha 14 corde.<\/p>\n<p><strong>Per il progetto &#8220;Dante Rock&#8221; voluto dalla Fondazione Arezzo Wave ha realizzato insieme a Finaz una canzone sulle &#8220;Rime petrose&#8221; del Sommo Poeta, com&#8217;\u00e8 nata questa idea?<\/strong><\/p>\n<p>Questo <strong>\u00e8 uno spunto che mi ha dato il mio pap\u00e0 che \u00e8 un appassionato di cultura a 360 gradi<\/strong>. Chiamandomi io Petra mi ha presentato lui queste liriche che abbiamo poi modificate. Mi piaceva sfruttare questa assonanza col mio nome.<\/p>\n<p><iframe loading=\"lazy\" title=\"YouTube video player\" src=\"https:\/\/www.youtube.com\/embed\/P7M7UvwCvUw\" width=\"800\" height=\"500\" frameborder=\"0\" allowfullscreen=\"allowfullscreen\"><\/iframe><\/p>\n","protected":false},"excerpt":{"rendered":"<p>Dalla collaborazione tra le due musiciste nasce &#8220;All of Us&#8221; un disco realizzato per voce e arciliuto<\/p>\n","protected":false},"author":518,"featured_media":203452,"comment_status":"open","ping_status":"open","sticky":false,"template":"","format":"standard","meta":{"_acf_changed":false,"footnotes":""},"categories":[14],"tags":[4900],"class_list":["post-203673","post","type-post","status-publish","format-standard","has-post-thumbnail","hentry","category-musica","tag-intervista-agli-artisti"],"acf":[],"yoast_head":"<!-- This site is optimized with the Yoast SEO Premium plugin v24.2 (Yoast SEO v25.6) - https:\/\/yoast.com\/wordpress\/plugins\/seo\/ -->\n<title>Viaggio indietro nel tempo con la musica di Petra Magoni e Ilaria Fantin - intoscana<\/title>\n<meta name=\"description\" content=\"Dalla collaborazione tra le due musiciste nasce &quot;All of Us&quot; un disco realizzato per voce e arciliuto dalle atmosfere uniche\" \/>\n<meta name=\"robots\" content=\"index, follow, max-snippet:-1, max-image-preview:large, max-video-preview:-1\" \/>\n<link rel=\"canonical\" href=\"https:\/\/www.intoscana.it\/it\/viaggio-indietro-nel-tempo-con-la-musica-di-petra-magoni-e-ilaria-fantin\/\" \/>\n<meta property=\"og:locale\" content=\"it_IT\" \/>\n<meta property=\"og:type\" content=\"article\" \/>\n<meta property=\"og:title\" content=\"Viaggio indietro nel tempo con la musica di Petra Magoni e Ilaria Fantin\" \/>\n<meta property=\"og:description\" content=\"Dalla collaborazione tra le due musiciste nasce &quot;All of Us&quot; un disco realizzato per voce e arciliuto dalle atmosfere uniche\" \/>\n<meta property=\"og:url\" content=\"https:\/\/www.intoscana.it\/it\/viaggio-indietro-nel-tempo-con-la-musica-di-petra-magoni-e-ilaria-fantin\/\" \/>\n<meta property=\"og:site_name\" content=\"intoscana\" \/>\n<meta property=\"article:publisher\" content=\"https:\/\/www.facebook.com\/intoscana.it\" \/>\n<meta property=\"article:published_time\" content=\"2021-12-15T08:08:49+00:00\" \/>\n<meta property=\"og:image\" content=\"https:\/\/www.intoscana.it\/wp-content\/uploads\/Petra_Ilaria_AllOfMe-500x281.png\" \/>\n\t<meta property=\"og:image:width\" content=\"500\" \/>\n\t<meta property=\"og:image:height\" content=\"281\" \/>\n\t<meta property=\"og:image:type\" content=\"image\/png\" \/>\n<meta name=\"author\" content=\"Costanza Baldini\" \/>\n<meta name=\"twitter:card\" content=\"summary_large_image\" \/>\n<meta name=\"twitter:creator\" content=\"@intoscana\" \/>\n<meta name=\"twitter:site\" content=\"@intoscana\" \/>\n<meta name=\"twitter:label1\" content=\"Written by\" \/>\n\t<meta name=\"twitter:data1\" content=\"Costanza Baldini\" \/>\n\t<meta name=\"twitter:label2\" content=\"Est. reading time\" \/>\n\t<meta name=\"twitter:data2\" content=\"2 minuti\" \/>\n<script type=\"application\/ld+json\" class=\"yoast-schema-graph\">{\"@context\":\"https:\/\/schema.org\",\"@graph\":[{\"@type\":\"WebPage\",\"@id\":\"https:\/\/www.intoscana.it\/it\/viaggio-indietro-nel-tempo-con-la-musica-di-petra-magoni-e-ilaria-fantin\/\",\"url\":\"https:\/\/www.intoscana.it\/it\/viaggio-indietro-nel-tempo-con-la-musica-di-petra-magoni-e-ilaria-fantin\/\",\"name\":\"Viaggio indietro nel tempo con la musica di Petra Magoni e Ilaria Fantin - intoscana\",\"isPartOf\":{\"@id\":\"https:\/\/www.intoscana.it\/it\/#website\"},\"primaryImageOfPage\":{\"@id\":\"https:\/\/www.intoscana.it\/it\/viaggio-indietro-nel-tempo-con-la-musica-di-petra-magoni-e-ilaria-fantin\/#primaryimage\"},\"image\":{\"@id\":\"https:\/\/www.intoscana.it\/it\/viaggio-indietro-nel-tempo-con-la-musica-di-petra-magoni-e-ilaria-fantin\/#primaryimage\"},\"thumbnailUrl\":\"https:\/\/www.intoscana.it\/wp-content\/uploads\/Petra_Ilaria_AllOfMe.png\",\"datePublished\":\"2021-12-15T08:08:49+00:00\",\"author\":{\"@id\":\"https:\/\/www.intoscana.it\/it\/#\/schema\/person\/d469f35f09739bdf00bf5dd3f0647a82\"},\"description\":\"Dalla collaborazione tra le due musiciste nasce \\\"All of Us\\\" un disco realizzato per voce e arciliuto dalle atmosfere uniche\",\"breadcrumb\":{\"@id\":\"https:\/\/www.intoscana.it\/it\/viaggio-indietro-nel-tempo-con-la-musica-di-petra-magoni-e-ilaria-fantin\/#breadcrumb\"},\"inLanguage\":\"it-IT\",\"potentialAction\":[{\"@type\":\"ReadAction\",\"target\":[\"https:\/\/www.intoscana.it\/it\/viaggio-indietro-nel-tempo-con-la-musica-di-petra-magoni-e-ilaria-fantin\/\"]}]},{\"@type\":\"ImageObject\",\"inLanguage\":\"it-IT\",\"@id\":\"https:\/\/www.intoscana.it\/it\/viaggio-indietro-nel-tempo-con-la-musica-di-petra-magoni-e-ilaria-fantin\/#primaryimage\",\"url\":\"https:\/\/www.intoscana.it\/wp-content\/uploads\/Petra_Ilaria_AllOfMe.png\",\"contentUrl\":\"https:\/\/www.intoscana.it\/wp-content\/uploads\/Petra_Ilaria_AllOfMe.png\",\"width\":8000,\"height\":4500},{\"@type\":\"BreadcrumbList\",\"@id\":\"https:\/\/www.intoscana.it\/it\/viaggio-indietro-nel-tempo-con-la-musica-di-petra-magoni-e-ilaria-fantin\/#breadcrumb\",\"itemListElement\":[{\"@type\":\"ListItem\",\"position\":1,\"name\":\"Home\",\"item\":\"https:\/\/www.intoscana.it\/it\/\"},{\"@type\":\"ListItem\",\"position\":2,\"name\":\"Viaggio indietro nel tempo con la musica di Petra Magoni e Ilaria Fantin\"}]},{\"@type\":\"WebSite\",\"@id\":\"https:\/\/www.intoscana.it\/it\/#website\",\"url\":\"https:\/\/www.intoscana.it\/it\/\",\"name\":\"intoscana\",\"description\":\"\",\"potentialAction\":[{\"@type\":\"SearchAction\",\"target\":{\"@type\":\"EntryPoint\",\"urlTemplate\":\"https:\/\/www.intoscana.it\/it\/?s={search_term_string}\"},\"query-input\":{\"@type\":\"PropertyValueSpecification\",\"valueRequired\":true,\"valueName\":\"search_term_string\"}}],\"inLanguage\":\"it-IT\"},{\"@type\":\"Person\",\"@id\":\"https:\/\/www.intoscana.it\/it\/#\/schema\/person\/d469f35f09739bdf00bf5dd3f0647a82\",\"name\":\"Costanza Baldini\",\"url\":\"https:\/\/www.intoscana.it\/it\/author\/costanza-baldini\/\"}]}<\/script>\n<!-- \/ Yoast SEO Premium plugin. -->","yoast_head_json":{"title":"Viaggio indietro nel tempo con la musica di Petra Magoni e Ilaria Fantin - intoscana","description":"Dalla collaborazione tra le due musiciste nasce \"All of Us\" un disco realizzato per voce e arciliuto dalle atmosfere uniche","robots":{"index":"index","follow":"follow","max-snippet":"max-snippet:-1","max-image-preview":"max-image-preview:large","max-video-preview":"max-video-preview:-1"},"canonical":"https:\/\/www.intoscana.it\/it\/viaggio-indietro-nel-tempo-con-la-musica-di-petra-magoni-e-ilaria-fantin\/","og_locale":"it_IT","og_type":"article","og_title":"Viaggio indietro nel tempo con la musica di Petra Magoni e Ilaria Fantin","og_description":"Dalla collaborazione tra le due musiciste nasce \"All of Us\" un disco realizzato per voce e arciliuto dalle atmosfere uniche","og_url":"https:\/\/www.intoscana.it\/it\/viaggio-indietro-nel-tempo-con-la-musica-di-petra-magoni-e-ilaria-fantin\/","og_site_name":"intoscana","article_publisher":"https:\/\/www.facebook.com\/intoscana.it","article_published_time":"2021-12-15T08:08:49+00:00","og_image":[{"width":500,"height":281,"url":"https:\/\/www.intoscana.it\/wp-content\/uploads\/Petra_Ilaria_AllOfMe-500x281.png","type":"image\/png"}],"author":"Costanza Baldini","twitter_card":"summary_large_image","twitter_creator":"@intoscana","twitter_site":"@intoscana","twitter_misc":{"Written by":"Costanza Baldini","Est. reading time":"2 minuti"},"schema":{"@context":"https:\/\/schema.org","@graph":[{"@type":"WebPage","@id":"https:\/\/www.intoscana.it\/it\/viaggio-indietro-nel-tempo-con-la-musica-di-petra-magoni-e-ilaria-fantin\/","url":"https:\/\/www.intoscana.it\/it\/viaggio-indietro-nel-tempo-con-la-musica-di-petra-magoni-e-ilaria-fantin\/","name":"Viaggio indietro nel tempo con la musica di Petra Magoni e Ilaria Fantin - intoscana","isPartOf":{"@id":"https:\/\/www.intoscana.it\/it\/#website"},"primaryImageOfPage":{"@id":"https:\/\/www.intoscana.it\/it\/viaggio-indietro-nel-tempo-con-la-musica-di-petra-magoni-e-ilaria-fantin\/#primaryimage"},"image":{"@id":"https:\/\/www.intoscana.it\/it\/viaggio-indietro-nel-tempo-con-la-musica-di-petra-magoni-e-ilaria-fantin\/#primaryimage"},"thumbnailUrl":"https:\/\/www.intoscana.it\/wp-content\/uploads\/Petra_Ilaria_AllOfMe.png","datePublished":"2021-12-15T08:08:49+00:00","author":{"@id":"https:\/\/www.intoscana.it\/it\/#\/schema\/person\/d469f35f09739bdf00bf5dd3f0647a82"},"description":"Dalla collaborazione tra le due musiciste nasce \"All of Us\" un disco realizzato per voce e arciliuto dalle atmosfere uniche","breadcrumb":{"@id":"https:\/\/www.intoscana.it\/it\/viaggio-indietro-nel-tempo-con-la-musica-di-petra-magoni-e-ilaria-fantin\/#breadcrumb"},"inLanguage":"it-IT","potentialAction":[{"@type":"ReadAction","target":["https:\/\/www.intoscana.it\/it\/viaggio-indietro-nel-tempo-con-la-musica-di-petra-magoni-e-ilaria-fantin\/"]}]},{"@type":"ImageObject","inLanguage":"it-IT","@id":"https:\/\/www.intoscana.it\/it\/viaggio-indietro-nel-tempo-con-la-musica-di-petra-magoni-e-ilaria-fantin\/#primaryimage","url":"https:\/\/www.intoscana.it\/wp-content\/uploads\/Petra_Ilaria_AllOfMe.png","contentUrl":"https:\/\/www.intoscana.it\/wp-content\/uploads\/Petra_Ilaria_AllOfMe.png","width":8000,"height":4500},{"@type":"BreadcrumbList","@id":"https:\/\/www.intoscana.it\/it\/viaggio-indietro-nel-tempo-con-la-musica-di-petra-magoni-e-ilaria-fantin\/#breadcrumb","itemListElement":[{"@type":"ListItem","position":1,"name":"Home","item":"https:\/\/www.intoscana.it\/it\/"},{"@type":"ListItem","position":2,"name":"Viaggio indietro nel tempo con la musica di Petra Magoni e Ilaria Fantin"}]},{"@type":"WebSite","@id":"https:\/\/www.intoscana.it\/it\/#website","url":"https:\/\/www.intoscana.it\/it\/","name":"intoscana","description":"","potentialAction":[{"@type":"SearchAction","target":{"@type":"EntryPoint","urlTemplate":"https:\/\/www.intoscana.it\/it\/?s={search_term_string}"},"query-input":{"@type":"PropertyValueSpecification","valueRequired":true,"valueName":"search_term_string"}}],"inLanguage":"it-IT"},{"@type":"Person","@id":"https:\/\/www.intoscana.it\/it\/#\/schema\/person\/d469f35f09739bdf00bf5dd3f0647a82","name":"Costanza Baldini","url":"https:\/\/www.intoscana.it\/it\/author\/costanza-baldini\/"}]}},"_links":{"self":[{"href":"https:\/\/www.intoscana.it\/it\/wp-json\/wp\/v2\/posts\/203673","targetHints":{"allow":["GET"]}}],"collection":[{"href":"https:\/\/www.intoscana.it\/it\/wp-json\/wp\/v2\/posts"}],"about":[{"href":"https:\/\/www.intoscana.it\/it\/wp-json\/wp\/v2\/types\/post"}],"author":[{"embeddable":true,"href":"https:\/\/www.intoscana.it\/it\/wp-json\/wp\/v2\/users\/518"}],"replies":[{"embeddable":true,"href":"https:\/\/www.intoscana.it\/it\/wp-json\/wp\/v2\/comments?post=203673"}],"version-history":[{"count":0,"href":"https:\/\/www.intoscana.it\/it\/wp-json\/wp\/v2\/posts\/203673\/revisions"}],"wp:featuredmedia":[{"embeddable":true,"href":"https:\/\/www.intoscana.it\/it\/wp-json\/wp\/v2\/media\/203452"}],"wp:attachment":[{"href":"https:\/\/www.intoscana.it\/it\/wp-json\/wp\/v2\/media?parent=203673"}],"wp:term":[{"taxonomy":"category","embeddable":true,"href":"https:\/\/www.intoscana.it\/it\/wp-json\/wp\/v2\/categories?post=203673"},{"taxonomy":"post_tag","embeddable":true,"href":"https:\/\/www.intoscana.it\/it\/wp-json\/wp\/v2\/tags?post=203673"}],"curies":[{"name":"wp","href":"https:\/\/api.w.org\/{rel}","templated":true}]}}