{"id":203708,"date":"2021-12-15T11:14:24","date_gmt":"2021-12-15T10:14:24","guid":{"rendered":"https:\/\/www.intoscana.it\/it\/?p=203708"},"modified":"2021-12-16T19:54:25","modified_gmt":"2021-12-16T18:54:25","slug":"covid-19-la-toscana-sopra-i-mille-casi-non-accedeva-da-aprile","status":"publish","type":"post","link":"https:\/\/www.intoscana.it\/it\/covid-19-la-toscana-sopra-i-mille-casi-non-accedeva-da-aprile\/","title":{"rendered":"Covid-19: la Toscana sopra i mille casi, non accadeva da aprile"},"content":{"rendered":"<p><strong>I nuovi casi giornalieri registrati nelle ultime 24 ore in Toscana sono 1.036 su 34.737 test<\/strong> di cui 12.810 tamponi molecolari e 21.927 test rapidi.<\/p>\n<p><strong>Il tasso dei nuovi positivi \u00e8 2,98%<\/strong> (9,9% sulle prime diagnosi). Questi i dati diffusi dal presidente della Toscana Eugenio Giani.<\/p>\n<p>Era dal 29 aprile scorso, ricorda poi su Facebook il <strong>presidente del Consiglio regionale Antonio Mazzeo,<\/strong> che in Toscana non si superava quota mille: allora erano stati 1.052. Sempre Mazzeo osserva che <strong>dei nuovi 1036 casi giornalieri quasi il 22% sono bambini sotto i 12 anni.<\/strong><\/p>\n<p><em>&#8220;Per fortuna &#8211;<\/em><strong> aggiunge<\/strong><em> &#8211; grazie ai vaccini l&#8217;aumento dei casi non provoca un aumento rapido dei ricoveri e dei decessi, infatti i morti per covid nei primi 14 giorni di dicembre son quasi dieci volte in meno rispetto a un anno fa, mentre i ricoveri son circa quattro volte in meno rispetto a un anno fa. Tutto questo senza restrizioni, senza coprifuoco ma solo grazie ai vaccini e ai toscani che si son vaccinati. Per\u00f2 \u00e8 fondamentale rispettare quelle poche regole che ci siamo dati, distanziamento, igiene, mascherine e vaccino. In questa fase servirebbe l&#8217;obbligo di mascherina all&#8217;aperto nei luoghi affollati e durante gli eventi natalizi, questo insieme alla vaccinazione dei bambini&#8221; ci &#8220;permetter\u00e0 di superare questa ondata senza chiusure&#8221;.<\/em><\/p>\n<p><strong>Ieri i casi giornalieri erano stati 662 su 43.193 test<\/strong>, con un tasso di nuovi positivi dell&#8217;1,53% (7,1% sulle prime diagnosi).<\/p>\n<h3>I casi sul territorio<\/h3>\n<p><strong>L&#8217;et\u00e0 media dei 1.036 nuovi positivi odierni \u00e8 di 37 anni circa<\/strong> (29% ha meno di 20 anni, 23% tra 20 e 39 anni, 29% tra 40 e 59 anni, 17% tra 60 e 79 anni, 2% ha 80 anni o pi\u00f9).<\/p>\n<p><strong>Sono 85.923 i casi complessivi ad oggi a Firenze<\/strong> (267 in pi\u00f9 rispetto a ieri), 27.896 a Prato (30 in pi\u00f9), 29.693 a Pistoia (100 in pi\u00f9), 16.457 a Massa-Carrara (50 in pi\u00f9), 31.502 a Lucca (96 in pi\u00f9), 36.324 a Pisa (106 in pi\u00f9), 23.746 a Livorno (119 in pi\u00f9), 28.064 ad Arezzo (132 in pi\u00f9), 18.725 a Siena (59 in pi\u00f9), 13.358 a Grosseto (77 in pi\u00f9). Sono 555 i casi positivi notificati in Toscana, ma residenti in altre regioni.<\/p>\n<p>Sono 410 i casi riscontrati oggi nell&#8217;Asl Centro, 358 nella Nord Ovest, 268 nella Sud Est.<\/p>\n<p>La Toscana si trova al 12\u00b0 posto in Italia come numerosit\u00e0 di casi (comprensivi di residenti e non residenti), con circa 8.512 casi per 100.000 abitanti (media italiana circa 8.875 per 100.000, dato di ieri). Le province di notifica con il tasso pi\u00f9 alto sono Prato con 10.895 casi per 100.000 abitanti, Pistoia con 10.210, Pisa con 8.723, la pi\u00f9 bassa Grosseto con 6.112.<\/p>\n<p>Complessivamente, <strong>13.362 persone sono in isolamento a casa,<\/strong> poich\u00e9 presentano sintomi lievi che non richiedono cure ospedaliere, o risultano prive di sintomi (426 in pi\u00f9 rispetto a ieri, pi\u00f9 3,3%).<\/p>\n<p>Sono 27.893 (544 in pi\u00f9 rispetto a ieri, pi\u00f9 2%) le persone, anch&#8217;esse isolate, in sorveglianza attiva perch\u00e9 hanno avuto contatti con persone contagiate (ASL Centro 7.233, Nord Ovest 13.233, Sud Est 7.427).<\/p>\n<p><strong>Le persone ricoverate nei posti letto dedicati ai pazienti COVID oggi sono complessivamente 371<\/strong> (12 in pi\u00f9 rispetto a ieri, pi\u00f9 3,3%), <strong>48 in terapia intensiva<\/strong> (1 in pi\u00f9 rispetto a ieri, pi\u00f9 2,1%).<\/p>\n<p>Le persone complessivamente guarite sono 291.042 (591 in pi\u00f9 rispetto a ieri, pi\u00f9 0,2%): 0 persone clinicamente guarite (stabili rispetto a ieri), divenute cio\u00e8 asintomatiche dopo aver presentato manifestazioni cliniche associate all&#8217;infezione e 291.042 (591 in pi\u00f9 rispetto a ieri, pi\u00f9 0,2%) dichiarate guarite a tutti gli effetti, le cosiddette guarigioni virali, con tampone negativo.<\/p>\n<h3>I decessi<\/h3>\n<p>Relativamente alla provincia di residenza, le sette persone decedute sono: 1 a Pistoia, 1 a Pisa, 1 a Livorno, 2 a Siena, 1 a Grosseto, 1 fuori Toscana.<\/p>\n<p><strong>Sono 7.468 i deceduti dall&#8217;inizio dell&#8217;epidemia cosi ripartiti:<\/strong> 2.398 a Firenze, 656 a Prato, 696 a Pistoia, 547 a Massa-Carrara, 709 a Lucca, 755 a Pisa, 433 a Livorno, 566 ad Arezzo, 378 a Siena, 232 a Grosseto, 98 persone sono decedute sul suolo toscano ma erano residenti fuori regione.<\/p>\n<p>Il tasso grezzo di mortalit\u00e0 toscano (numero di deceduti\/popolazione residente) per Covid-19 \u00e8 di 203,6 per 100.000 residenti contro il 227,9 per 100.000 della media italiana (11\u00b0 regione). Per quanto riguarda le province, il tasso di mortalit\u00e0 pi\u00f9 alto si riscontra a Massa-Carrara (288,1 per 100.000), Prato (256,2 per 100.000) e Firenze (243,2 per 100.000), il pi\u00f9 basso a Grosseto (106,2 per 100.000).<\/p>\n","protected":false},"excerpt":{"rendered":"<p>Dei nuovi 1036 casi giornalieri quasi il 22% sono bambini sotto i 12 anni<\/p>\n","protected":false},"author":525,"featured_media":202714,"comment_status":"open","ping_status":"open","sticky":false,"template":"","format":"standard","meta":{"_acf_changed":false,"footnotes":""},"categories":[494],"tags":[4868,418],"class_list":["post-203708","post","type-post","status-publish","format-standard","has-post-thumbnail","hentry","category-attualita","tag-bollettino-covid-toscana","tag-covid-19"],"acf":[],"yoast_head":"<!-- This site is optimized with the Yoast SEO Premium plugin v24.2 (Yoast SEO v25.6) - https:\/\/yoast.com\/wordpress\/plugins\/seo\/ -->\n<title>Covid-19: la Toscana sopra i mille casi, non accadeva da aprile - intoscana<\/title>\n<meta name=\"description\" content=\"Dei nuovi 1036 casi giornalieri quasi il 22% sono bambini sotto i 12 anni\" \/>\n<meta name=\"robots\" content=\"index, follow, max-snippet:-1, max-image-preview:large, max-video-preview:-1\" \/>\n<link rel=\"canonical\" href=\"https:\/\/www.intoscana.it\/it\/covid-19-la-toscana-sopra-i-mille-casi-non-accedeva-da-aprile\/\" \/>\n<meta property=\"og:locale\" content=\"it_IT\" \/>\n<meta property=\"og:type\" content=\"article\" \/>\n<meta property=\"og:title\" content=\"Covid-19: la Toscana sopra i mille casi, non accadeva da aprile\" \/>\n<meta property=\"og:description\" content=\"Dei nuovi 1036 casi giornalieri quasi il 22% sono bambini sotto i 12 anni\" \/>\n<meta property=\"og:url\" content=\"https:\/\/www.intoscana.it\/it\/covid-19-la-toscana-sopra-i-mille-casi-non-accedeva-da-aprile\/\" \/>\n<meta property=\"og:site_name\" content=\"intoscana\" \/>\n<meta property=\"article:publisher\" content=\"https:\/\/www.facebook.com\/intoscana.it\" \/>\n<meta property=\"article:published_time\" content=\"2021-12-15T10:14:24+00:00\" \/>\n<meta property=\"article:modified_time\" content=\"2021-12-16T18:54:25+00:00\" \/>\n<meta property=\"og:image\" content=\"https:\/\/www.intoscana.it\/wp-content\/uploads\/Uomo-con-mascherina-in-autobus-scaled.jpg\" \/>\n\t<meta property=\"og:image:width\" content=\"2048\" \/>\n\t<meta property=\"og:image:height\" content=\"1365\" \/>\n\t<meta property=\"og:image:type\" content=\"image\/jpeg\" \/>\n<meta name=\"author\" content=\"Redazione\" \/>\n<meta name=\"twitter:card\" content=\"summary_large_image\" \/>\n<meta name=\"twitter:creator\" content=\"@intoscana\" \/>\n<meta name=\"twitter:site\" content=\"@intoscana\" \/>\n<meta name=\"twitter:label1\" content=\"Written by\" \/>\n\t<meta name=\"twitter:data1\" content=\"Redazione\" \/>\n\t<meta name=\"twitter:label2\" content=\"Est. reading time\" \/>\n\t<meta name=\"twitter:data2\" content=\"3 minuti\" \/>\n<script type=\"application\/ld+json\" class=\"yoast-schema-graph\">{\"@context\":\"https:\/\/schema.org\",\"@graph\":[{\"@type\":\"WebPage\",\"@id\":\"https:\/\/www.intoscana.it\/it\/covid-19-la-toscana-sopra-i-mille-casi-non-accedeva-da-aprile\/\",\"url\":\"https:\/\/www.intoscana.it\/it\/covid-19-la-toscana-sopra-i-mille-casi-non-accedeva-da-aprile\/\",\"name\":\"Covid-19: la Toscana sopra i mille casi, non accadeva da aprile - intoscana\",\"isPartOf\":{\"@id\":\"https:\/\/www.intoscana.it\/it\/#website\"},\"primaryImageOfPage\":{\"@id\":\"https:\/\/www.intoscana.it\/it\/covid-19-la-toscana-sopra-i-mille-casi-non-accedeva-da-aprile\/#primaryimage\"},\"image\":{\"@id\":\"https:\/\/www.intoscana.it\/it\/covid-19-la-toscana-sopra-i-mille-casi-non-accedeva-da-aprile\/#primaryimage\"},\"thumbnailUrl\":\"https:\/\/www.intoscana.it\/wp-content\/uploads\/Uomo-con-mascherina-in-autobus-scaled.jpg\",\"datePublished\":\"2021-12-15T10:14:24+00:00\",\"dateModified\":\"2021-12-16T18:54:25+00:00\",\"author\":{\"@id\":\"https:\/\/www.intoscana.it\/it\/#\/schema\/person\/9223810753230f20bd670fdd322661f8\"},\"description\":\"Dei nuovi 1036 casi giornalieri quasi il 22% sono bambini sotto i 12 anni\",\"breadcrumb\":{\"@id\":\"https:\/\/www.intoscana.it\/it\/covid-19-la-toscana-sopra-i-mille-casi-non-accedeva-da-aprile\/#breadcrumb\"},\"inLanguage\":\"it-IT\",\"potentialAction\":[{\"@type\":\"ReadAction\",\"target\":[\"https:\/\/www.intoscana.it\/it\/covid-19-la-toscana-sopra-i-mille-casi-non-accedeva-da-aprile\/\"]}]},{\"@type\":\"ImageObject\",\"inLanguage\":\"it-IT\",\"@id\":\"https:\/\/www.intoscana.it\/it\/covid-19-la-toscana-sopra-i-mille-casi-non-accedeva-da-aprile\/#primaryimage\",\"url\":\"https:\/\/www.intoscana.it\/wp-content\/uploads\/Uomo-con-mascherina-in-autobus-scaled.jpg\",\"contentUrl\":\"https:\/\/www.intoscana.it\/wp-content\/uploads\/Uomo-con-mascherina-in-autobus-scaled.jpg\",\"width\":2048,\"height\":1365},{\"@type\":\"BreadcrumbList\",\"@id\":\"https:\/\/www.intoscana.it\/it\/covid-19-la-toscana-sopra-i-mille-casi-non-accedeva-da-aprile\/#breadcrumb\",\"itemListElement\":[{\"@type\":\"ListItem\",\"position\":1,\"name\":\"Home\",\"item\":\"https:\/\/www.intoscana.it\/it\/\"},{\"@type\":\"ListItem\",\"position\":2,\"name\":\"Covid-19: la Toscana sopra i mille casi, non accadeva da aprile\"}]},{\"@type\":\"WebSite\",\"@id\":\"https:\/\/www.intoscana.it\/it\/#website\",\"url\":\"https:\/\/www.intoscana.it\/it\/\",\"name\":\"intoscana\",\"description\":\"\",\"potentialAction\":[{\"@type\":\"SearchAction\",\"target\":{\"@type\":\"EntryPoint\",\"urlTemplate\":\"https:\/\/www.intoscana.it\/it\/?s={search_term_string}\"},\"query-input\":{\"@type\":\"PropertyValueSpecification\",\"valueRequired\":true,\"valueName\":\"search_term_string\"}}],\"inLanguage\":\"it-IT\"},{\"@type\":\"Person\",\"@id\":\"https:\/\/www.intoscana.it\/it\/#\/schema\/person\/9223810753230f20bd670fdd322661f8\",\"name\":\"Redazione\",\"url\":\"https:\/\/www.intoscana.it\/it\/author\/redazione\/\"}]}<\/script>\n<!-- \/ Yoast SEO Premium plugin. -->","yoast_head_json":{"title":"Covid-19: la Toscana sopra i mille casi, non accadeva da aprile - intoscana","description":"Dei nuovi 1036 casi giornalieri quasi il 22% sono bambini sotto i 12 anni","robots":{"index":"index","follow":"follow","max-snippet":"max-snippet:-1","max-image-preview":"max-image-preview:large","max-video-preview":"max-video-preview:-1"},"canonical":"https:\/\/www.intoscana.it\/it\/covid-19-la-toscana-sopra-i-mille-casi-non-accedeva-da-aprile\/","og_locale":"it_IT","og_type":"article","og_title":"Covid-19: la Toscana sopra i mille casi, non accadeva da aprile","og_description":"Dei nuovi 1036 casi giornalieri quasi il 22% sono bambini sotto i 12 anni","og_url":"https:\/\/www.intoscana.it\/it\/covid-19-la-toscana-sopra-i-mille-casi-non-accedeva-da-aprile\/","og_site_name":"intoscana","article_publisher":"https:\/\/www.facebook.com\/intoscana.it","article_published_time":"2021-12-15T10:14:24+00:00","article_modified_time":"2021-12-16T18:54:25+00:00","og_image":[{"width":2048,"height":1365,"url":"https:\/\/www.intoscana.it\/wp-content\/uploads\/Uomo-con-mascherina-in-autobus-scaled.jpg","type":"image\/jpeg"}],"author":"Redazione","twitter_card":"summary_large_image","twitter_creator":"@intoscana","twitter_site":"@intoscana","twitter_misc":{"Written by":"Redazione","Est. reading time":"3 minuti"},"schema":{"@context":"https:\/\/schema.org","@graph":[{"@type":"WebPage","@id":"https:\/\/www.intoscana.it\/it\/covid-19-la-toscana-sopra-i-mille-casi-non-accedeva-da-aprile\/","url":"https:\/\/www.intoscana.it\/it\/covid-19-la-toscana-sopra-i-mille-casi-non-accedeva-da-aprile\/","name":"Covid-19: la Toscana sopra i mille casi, non accadeva da aprile - intoscana","isPartOf":{"@id":"https:\/\/www.intoscana.it\/it\/#website"},"primaryImageOfPage":{"@id":"https:\/\/www.intoscana.it\/it\/covid-19-la-toscana-sopra-i-mille-casi-non-accedeva-da-aprile\/#primaryimage"},"image":{"@id":"https:\/\/www.intoscana.it\/it\/covid-19-la-toscana-sopra-i-mille-casi-non-accedeva-da-aprile\/#primaryimage"},"thumbnailUrl":"https:\/\/www.intoscana.it\/wp-content\/uploads\/Uomo-con-mascherina-in-autobus-scaled.jpg","datePublished":"2021-12-15T10:14:24+00:00","dateModified":"2021-12-16T18:54:25+00:00","author":{"@id":"https:\/\/www.intoscana.it\/it\/#\/schema\/person\/9223810753230f20bd670fdd322661f8"},"description":"Dei nuovi 1036 casi giornalieri quasi il 22% sono bambini sotto i 12 anni","breadcrumb":{"@id":"https:\/\/www.intoscana.it\/it\/covid-19-la-toscana-sopra-i-mille-casi-non-accedeva-da-aprile\/#breadcrumb"},"inLanguage":"it-IT","potentialAction":[{"@type":"ReadAction","target":["https:\/\/www.intoscana.it\/it\/covid-19-la-toscana-sopra-i-mille-casi-non-accedeva-da-aprile\/"]}]},{"@type":"ImageObject","inLanguage":"it-IT","@id":"https:\/\/www.intoscana.it\/it\/covid-19-la-toscana-sopra-i-mille-casi-non-accedeva-da-aprile\/#primaryimage","url":"https:\/\/www.intoscana.it\/wp-content\/uploads\/Uomo-con-mascherina-in-autobus-scaled.jpg","contentUrl":"https:\/\/www.intoscana.it\/wp-content\/uploads\/Uomo-con-mascherina-in-autobus-scaled.jpg","width":2048,"height":1365},{"@type":"BreadcrumbList","@id":"https:\/\/www.intoscana.it\/it\/covid-19-la-toscana-sopra-i-mille-casi-non-accedeva-da-aprile\/#breadcrumb","itemListElement":[{"@type":"ListItem","position":1,"name":"Home","item":"https:\/\/www.intoscana.it\/it\/"},{"@type":"ListItem","position":2,"name":"Covid-19: la Toscana sopra i mille casi, non accadeva da aprile"}]},{"@type":"WebSite","@id":"https:\/\/www.intoscana.it\/it\/#website","url":"https:\/\/www.intoscana.it\/it\/","name":"intoscana","description":"","potentialAction":[{"@type":"SearchAction","target":{"@type":"EntryPoint","urlTemplate":"https:\/\/www.intoscana.it\/it\/?s={search_term_string}"},"query-input":{"@type":"PropertyValueSpecification","valueRequired":true,"valueName":"search_term_string"}}],"inLanguage":"it-IT"},{"@type":"Person","@id":"https:\/\/www.intoscana.it\/it\/#\/schema\/person\/9223810753230f20bd670fdd322661f8","name":"Redazione","url":"https:\/\/www.intoscana.it\/it\/author\/redazione\/"}]}},"_links":{"self":[{"href":"https:\/\/www.intoscana.it\/it\/wp-json\/wp\/v2\/posts\/203708","targetHints":{"allow":["GET"]}}],"collection":[{"href":"https:\/\/www.intoscana.it\/it\/wp-json\/wp\/v2\/posts"}],"about":[{"href":"https:\/\/www.intoscana.it\/it\/wp-json\/wp\/v2\/types\/post"}],"author":[{"embeddable":true,"href":"https:\/\/www.intoscana.it\/it\/wp-json\/wp\/v2\/users\/525"}],"replies":[{"embeddable":true,"href":"https:\/\/www.intoscana.it\/it\/wp-json\/wp\/v2\/comments?post=203708"}],"version-history":[{"count":0,"href":"https:\/\/www.intoscana.it\/it\/wp-json\/wp\/v2\/posts\/203708\/revisions"}],"wp:featuredmedia":[{"embeddable":true,"href":"https:\/\/www.intoscana.it\/it\/wp-json\/wp\/v2\/media\/202714"}],"wp:attachment":[{"href":"https:\/\/www.intoscana.it\/it\/wp-json\/wp\/v2\/media?parent=203708"}],"wp:term":[{"taxonomy":"category","embeddable":true,"href":"https:\/\/www.intoscana.it\/it\/wp-json\/wp\/v2\/categories?post=203708"},{"taxonomy":"post_tag","embeddable":true,"href":"https:\/\/www.intoscana.it\/it\/wp-json\/wp\/v2\/tags?post=203708"}],"curies":[{"name":"wp","href":"https:\/\/api.w.org\/{rel}","templated":true}]}}