{"id":203838,"date":"2021-12-15T17:58:23","date_gmt":"2021-12-15T16:58:23","guid":{"rendered":"https:\/\/www.intoscana.it\/it\/?p=203838"},"modified":"2021-12-15T17:58:23","modified_gmt":"2021-12-15T16:58:23","slug":"edilizia-sottoscritto-il-protocollo-con-la-borsa-lavoro","status":"publish","type":"post","link":"https:\/\/www.intoscana.it\/it\/edilizia-sottoscritto-il-protocollo-con-la-borsa-lavoro\/","title":{"rendered":"Edilizia, sottoscritto il protocollo con la Borsa Lavoro"},"content":{"rendered":"<p><strong>Edilizia<\/strong>: arriva il protocollo per agevolare l\u2019incontro tra <strong>domanda e offerta di lavoro<\/strong>. Amplier\u00e0 la <strong>collaborazione tra servizi<\/strong> per l\u2019impiego della Regione e Borsa lavoro edile nazionale (Blen.it). L\u2019intesa \u00e8 stata firmata a <strong>Palazzo Strozzi Sacrati<\/strong> dal presidente della Regione Toscana <strong>Eugenio Giani<\/strong>, dall\u2019assessora al lavoro e alla formazione <strong>Alessandra Nardini<\/strong>, la direttrice di Arti (Agenzia regionale toscana per l\u2019impiego) <strong>Simonetta Cannoni<\/strong> e i rappresentanti delle parti sociali: i sindacati di categoria di Cgil, Cisl e Uil (Fillea, Filca, Feneal), Ance Toscana, Cna costruzioni Toscana, Confartigianato edilizia Toscana, Confapi Aniem, Legacoop produzione e servizi.<\/p>\n<p>\u201c<em>Sono molto soddisfatto per il raggiungimento di questa intesa<\/em> &#8211; dice il presidente della Regione Toscana <strong>Eugenio Gian<\/strong>i &#8211; <em>perch\u00e9 segna un altro punto nel percorso di impegno che stiamo facendo \u00a0per ridurre il mismatch tra domanda e offerta sia sul fronte della formazione sia sul fronte del sistema dei servizi per l\u2019occupazione<\/em>\u201d. \u201c<em>Interveniamo<\/em> \u2013 prosegue il presidente \u2013<em> su un settore particolare come quello dell\u2019edilizia. Ringrazio tutti i firmatari per il contributo che dimostrano di voler dare e che aiuter\u00e0 tutta la Toscana in questa fase di ripartenza<\/em>\u201d.<\/p>\n<p>\u201c<em>Il settore delle costruzioni \u00e8 un settore strategico sul piano occupazionale ed un importante volano per lo sviluppo, riveste una particolare importanza sotto il profilo economico e sociale della Regione Toscana <\/em>\u2013 afferma l\u2019assessora al lavoro e alla formazione <strong>Alessandra Nardini<\/strong> &#8211; <em>Vogliamo favorire l&#8217;incontro tra domanda e offerta di lavoro per soddisfare i fabbisogni professionali delle imprese e individuare opportunit\u00e0 di inserimento lavorativo tramite i nostri Centri per l&#8217;Impiego. L&#8217;edilizia e le costruzioni, anche nel processo di transizione ecologica, avranno sempre pi\u00f9 bisogno di personale adeguatamente formato, ed \u00e8 cruciale, soprattutto in un momento in cui il settore \u00e8 nel pieno di una forte ripresa, mettere in campo strumenti di condivisione con le parti sociali e gli enti bilaterali di formazione, con l\u2019obiettivo ulteriore di contrastare fenomeni di intermediazione illecita<\/em>&#8220;.<\/p>\n<p>Il protocollo punta ad intensificare la <strong>cooperazione tra i Centri per l\u2019impiego della Toscana<\/strong>, anche attraverso le funzioni del sistema <strong>Toscana Lavoro<\/strong> (il portale regionale per l\u2019accesso on line ai servizi regionali per l\u2019impiego), e i referenti territoriali della <strong>Borsa Lavoro Edile<\/strong> sul fronte della preselezione delle offerte di lavoro nel settore. Verranno rafforzate le <strong>azioni di informazione<\/strong> sulle opportunit\u00e0 lavorative, di formazione, e di <strong>segnalazione dei curricula<\/strong> che avverr\u00e0 dopo una verifica degli operatori dei servizi di incontro tra domanda e offerta sull\u2019attinenza dei requisiti dei candidati a quelli richiesti dall&#8217;azienda in cerca di personale.<\/p>\n<p>I referenti territoriali della <strong>Borsa Lavoro Edile<\/strong> si impegnano ad agevolare la <strong>ricerca di opportunit\u00e0 occupazionali<\/strong> delle imprese edili a favore degli utenti dei Centri per l\u2019Impiego. Inoltre tutti i sottoscrittori si impegnano ad attivare un servizio reso finalizzato al <strong>download dell\u2019elenco dei posti di lavoro<\/strong> disponibili nel settore sul territorio regionale. In prospettiva, l\u2019intesa conoscer\u00e0 un ulteriore rafforzamento attraverso una <strong>convenzione tecnica per l\u2019interscambio di dati e informazioni<\/strong> sul mercato del lavoro tra Regione, Arti e l\u2019articolazione toscana di Formedil, l\u2019ente nazionale per la formazione e l\u2019addestramento professionale in edilizia.<\/p>\n","protected":false},"excerpt":{"rendered":"<p>L\u2019incontro tra domanda e offerta sar\u00e0 pi\u00f9 agevole: la firma a Palazzo Strozzi Sacrati con il presidente Giani e l&#8217;assessora Nardini<\/p>\n","protected":false},"author":525,"featured_media":101300,"comment_status":"open","ping_status":"open","sticky":false,"template":"","format":"standard","meta":{"_acf_changed":false,"footnotes":""},"categories":[494],"tags":[6226,5362,158,260],"class_list":["post-203838","post","type-post","status-publish","format-standard","has-post-thumbnail","hentry","category-attualita","tag-alessandra-nardini","tag-edilizia","tag-eugenio-giani","tag-lavoro"],"acf":[],"yoast_head":"<!-- This site is optimized with the Yoast SEO Premium plugin v24.2 (Yoast SEO v25.6) - https:\/\/yoast.com\/wordpress\/plugins\/seo\/ -->\n<title>Edilizia, sottoscritto il protocollo con la Borsa Lavoro - intoscana<\/title>\n<meta name=\"description\" content=\"L\u2019incontro tra domanda e offerta sar\u00e0 pi\u00f9 agevole: la firma a Palazzo Strozzi Sacrati con il presidente Giani e l&#039;assessora Nardini\" \/>\n<meta name=\"robots\" content=\"index, follow, max-snippet:-1, max-image-preview:large, max-video-preview:-1\" \/>\n<link rel=\"canonical\" href=\"https:\/\/www.intoscana.it\/it\/edilizia-sottoscritto-il-protocollo-con-la-borsa-lavoro\/\" \/>\n<meta property=\"og:locale\" content=\"it_IT\" \/>\n<meta property=\"og:type\" content=\"article\" \/>\n<meta property=\"og:title\" content=\"Edilizia, sottoscritto il protocollo con la Borsa Lavoro\" \/>\n<meta property=\"og:description\" content=\"L\u2019incontro tra domanda e offerta sar\u00e0 pi\u00f9 agevole: la firma a Palazzo Strozzi Sacrati con il presidente Giani e l&#039;assessora Nardini\" \/>\n<meta property=\"og:url\" content=\"https:\/\/www.intoscana.it\/it\/edilizia-sottoscritto-il-protocollo-con-la-borsa-lavoro\/\" \/>\n<meta property=\"og:site_name\" content=\"intoscana\" \/>\n<meta property=\"article:publisher\" content=\"https:\/\/www.facebook.com\/intoscana.it\" \/>\n<meta property=\"article:published_time\" content=\"2021-12-15T16:58:23+00:00\" \/>\n<meta property=\"og:image\" content=\"https:\/\/www.intoscana.it\/wp-content\/uploads\/4216442e85a6c0cac8a334ea13ec1e17-5.jpg\" \/>\n\t<meta property=\"og:image:width\" content=\"500\" \/>\n\t<meta property=\"og:image:height\" content=\"325\" \/>\n\t<meta property=\"og:image:type\" content=\"image\/jpeg\" \/>\n<meta name=\"author\" content=\"Redazione\" \/>\n<meta name=\"twitter:card\" content=\"summary_large_image\" \/>\n<meta name=\"twitter:creator\" content=\"@intoscana\" \/>\n<meta name=\"twitter:site\" content=\"@intoscana\" \/>\n<meta name=\"twitter:label1\" content=\"Written by\" \/>\n\t<meta name=\"twitter:data1\" content=\"Redazione\" \/>\n\t<meta name=\"twitter:label2\" content=\"Est. reading time\" \/>\n\t<meta name=\"twitter:data2\" content=\"3 minuti\" \/>\n<script type=\"application\/ld+json\" class=\"yoast-schema-graph\">{\"@context\":\"https:\/\/schema.org\",\"@graph\":[{\"@type\":\"WebPage\",\"@id\":\"https:\/\/www.intoscana.it\/it\/edilizia-sottoscritto-il-protocollo-con-la-borsa-lavoro\/\",\"url\":\"https:\/\/www.intoscana.it\/it\/edilizia-sottoscritto-il-protocollo-con-la-borsa-lavoro\/\",\"name\":\"Edilizia, sottoscritto il protocollo con la Borsa Lavoro - intoscana\",\"isPartOf\":{\"@id\":\"https:\/\/www.intoscana.it\/it\/#website\"},\"primaryImageOfPage\":{\"@id\":\"https:\/\/www.intoscana.it\/it\/edilizia-sottoscritto-il-protocollo-con-la-borsa-lavoro\/#primaryimage\"},\"image\":{\"@id\":\"https:\/\/www.intoscana.it\/it\/edilizia-sottoscritto-il-protocollo-con-la-borsa-lavoro\/#primaryimage\"},\"thumbnailUrl\":\"https:\/\/www.intoscana.it\/wp-content\/uploads\/4216442e85a6c0cac8a334ea13ec1e17-5.jpg\",\"datePublished\":\"2021-12-15T16:58:23+00:00\",\"author\":{\"@id\":\"https:\/\/www.intoscana.it\/it\/#\/schema\/person\/9223810753230f20bd670fdd322661f8\"},\"description\":\"L\u2019incontro tra domanda e offerta sar\u00e0 pi\u00f9 agevole: la firma a Palazzo Strozzi Sacrati con il presidente Giani e l'assessora Nardini\",\"breadcrumb\":{\"@id\":\"https:\/\/www.intoscana.it\/it\/edilizia-sottoscritto-il-protocollo-con-la-borsa-lavoro\/#breadcrumb\"},\"inLanguage\":\"it-IT\",\"potentialAction\":[{\"@type\":\"ReadAction\",\"target\":[\"https:\/\/www.intoscana.it\/it\/edilizia-sottoscritto-il-protocollo-con-la-borsa-lavoro\/\"]}]},{\"@type\":\"ImageObject\",\"inLanguage\":\"it-IT\",\"@id\":\"https:\/\/www.intoscana.it\/it\/edilizia-sottoscritto-il-protocollo-con-la-borsa-lavoro\/#primaryimage\",\"url\":\"https:\/\/www.intoscana.it\/wp-content\/uploads\/4216442e85a6c0cac8a334ea13ec1e17-5.jpg\",\"contentUrl\":\"https:\/\/www.intoscana.it\/wp-content\/uploads\/4216442e85a6c0cac8a334ea13ec1e17-5.jpg\",\"width\":500,\"height\":325},{\"@type\":\"BreadcrumbList\",\"@id\":\"https:\/\/www.intoscana.it\/it\/edilizia-sottoscritto-il-protocollo-con-la-borsa-lavoro\/#breadcrumb\",\"itemListElement\":[{\"@type\":\"ListItem\",\"position\":1,\"name\":\"Home\",\"item\":\"https:\/\/www.intoscana.it\/it\/\"},{\"@type\":\"ListItem\",\"position\":2,\"name\":\"Edilizia, sottoscritto il protocollo con la Borsa Lavoro\"}]},{\"@type\":\"WebSite\",\"@id\":\"https:\/\/www.intoscana.it\/it\/#website\",\"url\":\"https:\/\/www.intoscana.it\/it\/\",\"name\":\"intoscana\",\"description\":\"\",\"potentialAction\":[{\"@type\":\"SearchAction\",\"target\":{\"@type\":\"EntryPoint\",\"urlTemplate\":\"https:\/\/www.intoscana.it\/it\/?s={search_term_string}\"},\"query-input\":{\"@type\":\"PropertyValueSpecification\",\"valueRequired\":true,\"valueName\":\"search_term_string\"}}],\"inLanguage\":\"it-IT\"},{\"@type\":\"Person\",\"@id\":\"https:\/\/www.intoscana.it\/it\/#\/schema\/person\/9223810753230f20bd670fdd322661f8\",\"name\":\"Redazione\",\"url\":\"https:\/\/www.intoscana.it\/it\/author\/redazione\/\"}]}<\/script>\n<!-- \/ Yoast SEO Premium plugin. -->","yoast_head_json":{"title":"Edilizia, sottoscritto il protocollo con la Borsa Lavoro - intoscana","description":"L\u2019incontro tra domanda e offerta sar\u00e0 pi\u00f9 agevole: la firma a Palazzo Strozzi Sacrati con il presidente Giani e l'assessora Nardini","robots":{"index":"index","follow":"follow","max-snippet":"max-snippet:-1","max-image-preview":"max-image-preview:large","max-video-preview":"max-video-preview:-1"},"canonical":"https:\/\/www.intoscana.it\/it\/edilizia-sottoscritto-il-protocollo-con-la-borsa-lavoro\/","og_locale":"it_IT","og_type":"article","og_title":"Edilizia, sottoscritto il protocollo con la Borsa Lavoro","og_description":"L\u2019incontro tra domanda e offerta sar\u00e0 pi\u00f9 agevole: la firma a Palazzo Strozzi Sacrati con il presidente Giani e l'assessora Nardini","og_url":"https:\/\/www.intoscana.it\/it\/edilizia-sottoscritto-il-protocollo-con-la-borsa-lavoro\/","og_site_name":"intoscana","article_publisher":"https:\/\/www.facebook.com\/intoscana.it","article_published_time":"2021-12-15T16:58:23+00:00","og_image":[{"width":500,"height":325,"url":"https:\/\/www.intoscana.it\/wp-content\/uploads\/4216442e85a6c0cac8a334ea13ec1e17-5.jpg","type":"image\/jpeg"}],"author":"Redazione","twitter_card":"summary_large_image","twitter_creator":"@intoscana","twitter_site":"@intoscana","twitter_misc":{"Written by":"Redazione","Est. reading time":"3 minuti"},"schema":{"@context":"https:\/\/schema.org","@graph":[{"@type":"WebPage","@id":"https:\/\/www.intoscana.it\/it\/edilizia-sottoscritto-il-protocollo-con-la-borsa-lavoro\/","url":"https:\/\/www.intoscana.it\/it\/edilizia-sottoscritto-il-protocollo-con-la-borsa-lavoro\/","name":"Edilizia, sottoscritto il protocollo con la Borsa Lavoro - intoscana","isPartOf":{"@id":"https:\/\/www.intoscana.it\/it\/#website"},"primaryImageOfPage":{"@id":"https:\/\/www.intoscana.it\/it\/edilizia-sottoscritto-il-protocollo-con-la-borsa-lavoro\/#primaryimage"},"image":{"@id":"https:\/\/www.intoscana.it\/it\/edilizia-sottoscritto-il-protocollo-con-la-borsa-lavoro\/#primaryimage"},"thumbnailUrl":"https:\/\/www.intoscana.it\/wp-content\/uploads\/4216442e85a6c0cac8a334ea13ec1e17-5.jpg","datePublished":"2021-12-15T16:58:23+00:00","author":{"@id":"https:\/\/www.intoscana.it\/it\/#\/schema\/person\/9223810753230f20bd670fdd322661f8"},"description":"L\u2019incontro tra domanda e offerta sar\u00e0 pi\u00f9 agevole: la firma a Palazzo Strozzi Sacrati con il presidente Giani e l'assessora Nardini","breadcrumb":{"@id":"https:\/\/www.intoscana.it\/it\/edilizia-sottoscritto-il-protocollo-con-la-borsa-lavoro\/#breadcrumb"},"inLanguage":"it-IT","potentialAction":[{"@type":"ReadAction","target":["https:\/\/www.intoscana.it\/it\/edilizia-sottoscritto-il-protocollo-con-la-borsa-lavoro\/"]}]},{"@type":"ImageObject","inLanguage":"it-IT","@id":"https:\/\/www.intoscana.it\/it\/edilizia-sottoscritto-il-protocollo-con-la-borsa-lavoro\/#primaryimage","url":"https:\/\/www.intoscana.it\/wp-content\/uploads\/4216442e85a6c0cac8a334ea13ec1e17-5.jpg","contentUrl":"https:\/\/www.intoscana.it\/wp-content\/uploads\/4216442e85a6c0cac8a334ea13ec1e17-5.jpg","width":500,"height":325},{"@type":"BreadcrumbList","@id":"https:\/\/www.intoscana.it\/it\/edilizia-sottoscritto-il-protocollo-con-la-borsa-lavoro\/#breadcrumb","itemListElement":[{"@type":"ListItem","position":1,"name":"Home","item":"https:\/\/www.intoscana.it\/it\/"},{"@type":"ListItem","position":2,"name":"Edilizia, sottoscritto il protocollo con la Borsa Lavoro"}]},{"@type":"WebSite","@id":"https:\/\/www.intoscana.it\/it\/#website","url":"https:\/\/www.intoscana.it\/it\/","name":"intoscana","description":"","potentialAction":[{"@type":"SearchAction","target":{"@type":"EntryPoint","urlTemplate":"https:\/\/www.intoscana.it\/it\/?s={search_term_string}"},"query-input":{"@type":"PropertyValueSpecification","valueRequired":true,"valueName":"search_term_string"}}],"inLanguage":"it-IT"},{"@type":"Person","@id":"https:\/\/www.intoscana.it\/it\/#\/schema\/person\/9223810753230f20bd670fdd322661f8","name":"Redazione","url":"https:\/\/www.intoscana.it\/it\/author\/redazione\/"}]}},"_links":{"self":[{"href":"https:\/\/www.intoscana.it\/it\/wp-json\/wp\/v2\/posts\/203838","targetHints":{"allow":["GET"]}}],"collection":[{"href":"https:\/\/www.intoscana.it\/it\/wp-json\/wp\/v2\/posts"}],"about":[{"href":"https:\/\/www.intoscana.it\/it\/wp-json\/wp\/v2\/types\/post"}],"author":[{"embeddable":true,"href":"https:\/\/www.intoscana.it\/it\/wp-json\/wp\/v2\/users\/525"}],"replies":[{"embeddable":true,"href":"https:\/\/www.intoscana.it\/it\/wp-json\/wp\/v2\/comments?post=203838"}],"version-history":[{"count":0,"href":"https:\/\/www.intoscana.it\/it\/wp-json\/wp\/v2\/posts\/203838\/revisions"}],"wp:featuredmedia":[{"embeddable":true,"href":"https:\/\/www.intoscana.it\/it\/wp-json\/wp\/v2\/media\/101300"}],"wp:attachment":[{"href":"https:\/\/www.intoscana.it\/it\/wp-json\/wp\/v2\/media?parent=203838"}],"wp:term":[{"taxonomy":"category","embeddable":true,"href":"https:\/\/www.intoscana.it\/it\/wp-json\/wp\/v2\/categories?post=203838"},{"taxonomy":"post_tag","embeddable":true,"href":"https:\/\/www.intoscana.it\/it\/wp-json\/wp\/v2\/tags?post=203838"}],"curies":[{"name":"wp","href":"https:\/\/api.w.org\/{rel}","templated":true}]}}