{"id":204367,"date":"2021-12-23T16:36:37","date_gmt":"2021-12-23T15:36:37","guid":{"rendered":"https:\/\/www.intoscana.it\/it\/?p=204367"},"modified":"2021-12-23T18:13:56","modified_gmt":"2021-12-23T17:13:56","slug":"la-pioniera-della-cybersecurity-che-spiega-il-web-nelle-scuole-anna-vaccarelli-linformatica-piu-brava-ditalia","status":"publish","type":"post","link":"https:\/\/www.intoscana.it\/it\/la-pioniera-della-cybersecurity-che-spiega-il-web-nelle-scuole-anna-vaccarelli-linformatica-piu-brava-ditalia\/","title":{"rendered":"La pioniera della cybersecurity che spiega il web nelle scuole: Anna Vaccarelli, l&#8217;informatica pi\u00f9 brava d&#8217;Italia"},"content":{"rendered":"<p>Lo definisce un &#8220;oscar alla carriera&#8221;, un riconoscimento per la sua esperienza sul campo: &#8220;<em>Non me l&#8217;aspettavo, io sono un ingegnere<\/em>&#8220;, dice. E invece l&#8217;<strong>Italian computer society<\/strong> &#8211; l\u2019associazione informatici professionisti &#8211; presso il Consiglio nazionale di economia e lavoro le ha consegnato il premio di\u00a0<em> &#8220;miglior informatica&#8221;<\/em>. Lei si chiama <strong>Anna Vaccarelli <\/strong>e dal 1987 \u00e8 impegnata a lavorare sulla rete quado ancora il web non c&#8217;era, o meglio, era altro da quello che conosciamo oggi.<\/p>\n<p><em>&#8220;Quando mi hanno telefonato sono rimasta sorpresa, poi leggendo la motivazione ho capito cosa li aveva convinti&#8221;.<\/em> <mark>Soprattutto due aspetti: la sua azione diffusa ed efficace di divulgazione scientifica e l&#8217;occuparsi di cybersecurity dal 1999, quando nessuno se ne occupava.<\/mark> Per essere precisi, il comitato scientifico scrive nelle motivazioni: <em>\u201cPer essersi distinta nei prestigiosi incarichi ottenuti come ricercatrice e dirigente del Cnr, e nei numerosi ruoli apicali ricoperti. Oggi dopo lunga esperienza, si pone tra le pioniere della cybersecurity, della divulgazione scientifica rivolta al digitale in Italia ed esperta a livello internazionale\u201d<\/em>.<\/p>\n<p>Un breve ritratto: Anna Vaccarelli, 62 anni, originaria di Taranto, si \u00e8 laureata all\u2019Universit\u00e0 di Pisa in Ingegneria elettronica. Dal 2004 \u00e8 responsabile delle relazioni esterne del Registro.it, l&#8217;anagrafee dei domini.it, gestito dallo Istituto di Informatica e Telematica del Cnr. Dal 2010 coordina e promuove un&#8217;azione di diffusione della cultura di internet nelle scuole. \u00c8 tra i fondatori di Internet Festival e fa tutt&#8217;ora parte del comitato scientifico. E&#8217; sua anche la trasmissione radiofonica di divulgazione scientifica &#8220;Aula40&#8221;.<\/p>\n<figure id=\"post-204766 media-204766\" class=\"align-none\"><img decoding=\"async\" src=\"https:\/\/www.intoscana.it\/wp-content\/uploads\/IMG_4989-scaled.jpg\" alt=\"\" \/><\/figure>\n<div class=\"titleimg\" style=\"text-align: center;\"><em>Anna Vaccarelli<\/em><\/div>\n<p><strong>Miglior informatica italiana, l\u2019hanno definita pioniera della cybersecutity. Insomma un punto di riferimento. Premiata soprattutto perch\u00e9 ha fatto della divulgazione una priorit\u00e0, un aspetto che \u00e8 un po\u2019 croce e delizie delle donne e degli uomini di scienza: o ne fanno troppa o troppo poca.<\/strong><\/p>\n<p>La divulgazione non \u00e8 un dono di tutti, anzi manca proprio questo tipo di cultura. Il mestiere del divulgatore \u00e8 molto specifico e sarebbe utile che per ogni progetto ci fosse una sorta di portavoce. Quello che facciamo va spiegato bene: non \u00e8 facile illustrare il nostro operato in maniera semplice. Spesso gli scienziati sono affascinati dal loro lavoro e non spiegano bene l\u2019utilizzo, sono attratti dai particolare. Soprattutto per chi diffonde la cultura digitale \u00e8 fondamentale.\u00a0 Per fortuna, adesso,\u00a0 in tutti i progetti europei c\u2019\u00e8 una voce specifica che la rende necessaria.<\/p>\n<p><span class=\"citazione\">I ragazzi sono smanettoni, sanno fare un sacco di cose, ma non conoscono rischi e non valutano bene le conseguenze<\/span><\/p>\n<p><strong>C&#8217;\u00e8 dunque un problema a monte&#8230;<\/strong><\/p>\n<p>Questo tipo di cultura non c&#8217;\u00e8. Non l\u2019abbiamo dalla scuola perch\u00e9 <mark>i nostri percorsi di studi prescindono dal digitale e il mainstreaming parla molto pi\u00f9 di rischi,<\/mark> ma\u00a0 \u2013 mi passi il termine &#8211;\u00a0 non \u00e8 sempre da sfigati parlare di opportunit\u00e0. I rischi ci sono ovunque, ma abbiamo gli strumenti per superarli. E soprattutto va formato chi deve educare, a partire dai genitori.<\/p>\n<p><strong>Quando va nelle scuole cosa vede?<\/strong><\/p>\n<p>I ragazzi sono smanettoni, sanno fare un sacco di cose, ma non hanno idea di cosa sia un dominio, non conoscono gli aspetti pi\u00f9 tecnici e soprattutto non hanno ben coscienza delle conseguenze. <mark>Ormai l\u2019et\u00e0 in cui si viene a contatto con il web \u00e8 sempre pi\u00f9 bassa: in quarta elementare hanno gi\u00e0 il primo cellulare, il classico regalo della prima comunione. Ma gli va spiegato come si usa.<\/mark><\/p>\n<p><strong>E quando lavora con le imprese che problema riscontra?<\/strong><\/p>\n<p>Qui c\u2019\u00e8 invece un vero e proprio problema di alfabetizzazione. La rete \u00e8 fondamentale per migliorare il busines anche attravreso il\u00a0 digital marketing. Tutte azioni che comportano una digitalizzazione delle aziende, introducendo aspetti sempre nuovi come l\u2019intelligenza artificiale. Lo abbiamo visto con la pandemia quando \u00e8 stato importante l&#8217;e-commerce, anche attraverso colossi come Amazon. Tutto cambia e c&#8217;\u00e8 sempre un po&#8217; di nostalgia rispetto al passato, ma dobbiamo guardare avanti: ne abbiamo bisogno.<\/p>\n<p><strong>Parliamo di sicurezza, anzi di cybersicurezza. Possiamo stare davvero tranquilli sul web?<\/strong><\/p>\n<p>La certezza non c\u2019\u00e8, possiamo abbassa il livello di rischio e questo ha un costo. Nella maggior parte dei casi si parla di tempo. <mark>Dobbiamo dedicare tempo e attenzione alla ricerca della password giusta oppure nel leggere bene i messaggi e i link che ci arrivano. Ci vuole anche un po\u2019 di competenza e di informazione mirata.<\/mark>\u00a0 Come registro.it offriamo tutorial per i pi\u00f9 sprovveduti, grandi e piccoli. In fondo \u00e8 un po&#8217; come uscire in mezzo al traffico, in una strada piena di macchine. Per capire quando attraversare, bisogna guardare a destra e sinistra e\u00a0 dare un occhio al semaforo.<\/p>\n<p><span class=\"citazione\"> Spesso le persone dimenticano il buon senso davanti ad una tastiera, forse perch\u00e9 manca l&#8217;interazione con il prossimo<\/span><\/p>\n<p><strong>E&#8217; cambiata anche un po&#8217; la nostra percezione del rischio.<\/strong><\/p>\n<p>E&#8217; cambiata come quando siamo passati dal cavallo all\u2019automobile. Tutto pu\u00f2 succedere, ma nessuno si chiude in casa. Bisogna sempre usare il cervello. <mark>Se tu trovi un\u2019offerta fatti delle domande: \u00e8 mai possibile che abbia un costo cos\u00ec basso o sia vantaggiosa. E questo con qualsiasi altra attivit\u00e0. Bisogna sempre accertarsi che la fonti siano affidabili e attivare una serie di comportamenti adeguati.<\/mark> Purtroppo spesso le persone dimenticano il buon senso su una tastiera, forse perch\u00e9 manca l\u2019interazione con il prossimo e questo non aiuta.<\/p>\n<p><strong>Parliano di Internet festival, come \u00e8 nato e come \u00e8 cambiato in dieci anni?<\/strong><\/p>\n<p>A Pisa \u00e8 nata la rete e ci sembrava il luogo ideale anche perch\u00e9 \u00a0l\u2019ambiente culturale poteva sostenerlo. Qualche anno di gestazione e siamo arrivati nel 2011. Ora sono passati dieci anni, sono un\u2019era geologica per il web. Di edizione in edizione sono cambiati gli argomenti, ma il format resta quello: un festival aperto alla citt\u00e0 e &#8220;pop&#8221; con punte di specializzazioni.<\/p>\n<p><strong>L\u2019ultima edizione aveva \u00a0una paola chiave: phygital.<\/strong><\/p>\n<p>Era una parola che mesi fa ci sembrava nuova, oggi \u00e8 diventata di uso comune. Abbiamo colto una tendenza che si stava per manifestare. C&#8217;\u00e8 da dire che le tendenze passano veloci sulla rete, \u00e8 tutto effimero. Penso che non sia un bene, sarebbe utile avere una storia pi\u00f9 stabile. E invece su questo siamo superficiali.<\/p>\n<p><strong>Il suo premio, inutile dirlo, ha fatto notizia anche perch\u00e9 lei \u00e8 una donna che spicca in un settore molto tecnico. Ha mai avuto difficolt\u00e0?<\/strong><\/p>\n<p>Quando ho iniziato ingegneria, al primo corso eravamo solo 4 donne su 150 matricole. In uno dei primi giorni di lezione ricordo un professore che disse: voi ragazze \u00e8 meglio che cambiate facolt\u00e0 perch\u00e9 il cervello degli uomini \u00e8 diverso da quello delle donne.\u00a0 Questo \u00e8 stato il buongiorno. Sono andata avanti e dopo non mi ha fatto impressione altro. Credo che molte ragazze si sottovalutino ed \u00e8 sbagliato. Io non mi sono mai fermata. Certo, a volte essere donna \u00e8 un limite, ci sono delle discriminazioni, soprattutto salendo di carriera in alcuni settori.<\/p>\n<p><strong>Che consiglio darebbe alle ragazze e ai ragazzi che vogliono lavorare in questo campo?<\/strong><\/p>\n<p>Impegnatevi molto perch\u00e9 la richiesta \u00e8 altissima e sar\u00e0 ancora pi\u00f9 alta in futuro, probabilmente con livelli di stipendio anche migliori di oggi.<\/p>\n","protected":false},"excerpt":{"rendered":"<p>Ha studiato la sicurezza in rete prima di altri, oggi \u00e8 al Cnr e a Registro.it. E&#8217; anche tra i fondatori di Internet Festival.\u00a0 &#8220;Quando mi iscrissi a ingegneria eravamo 4 ragazze su 150. Un professore ci disse di lasciar perdere. Io non mi sono mai fermata&#8221;<\/p>\n","protected":false},"author":545,"featured_media":204767,"comment_status":"open","ping_status":"open","sticky":false,"template":"","format":"standard","meta":{"_acf_changed":false,"footnotes":""},"categories":[475],"tags":[5747,4568,139],"class_list":["post-204367","post","type-post","status-publish","format-standard","has-post-thumbnail","hentry","category-innovazione","tag-cnr","tag-digitale","tag-internet"],"acf":[],"yoast_head":"<!-- This site is optimized with the Yoast SEO Premium plugin v24.2 (Yoast SEO v25.6) - https:\/\/yoast.com\/wordpress\/plugins\/seo\/ -->\n<title>La pioniera della cybersecurity che spiega il web nelle scuole: Anna Vaccarelli, l&#039;informatica pi\u00f9 brava d&#039;Italia - intoscana<\/title>\n<meta name=\"description\" content=\"Ha studiato il web e la sicurezza in rete prima di altri, oggi \u00e8 al Cnr e Registro.it. E&#039; anche tra i fondatori di Internet Festival.\u00a0 &quot;Quando mi iscrissi a ingegneria eravamo 4 ragazze su 150. Un professore ci disse di lasciar perdere. Io non mi sono mai fermata&quot;\" \/>\n<meta name=\"robots\" content=\"index, follow, max-snippet:-1, max-image-preview:large, max-video-preview:-1\" \/>\n<link rel=\"canonical\" href=\"https:\/\/www.intoscana.it\/it\/la-pioniera-della-cybersecurity-che-spiega-il-web-nelle-scuole-anna-vaccarelli-linformatica-piu-brava-ditalia\/\" \/>\n<meta property=\"og:locale\" content=\"it_IT\" \/>\n<meta property=\"og:type\" content=\"article\" \/>\n<meta property=\"og:title\" content=\"La pioniera della cybersecurity che spiega il web nelle scuole: Anna Vaccarelli, l&#039;informatica pi\u00f9 brava d&#039;Italia\" \/>\n<meta property=\"og:description\" content=\"Ha studiato il web e la sicurezza in rete prima di altri, oggi \u00e8 al Cnr e Registro.it. E&#039; anche tra i fondatori di Internet Festival.\u00a0 &quot;Quando mi iscrissi a ingegneria eravamo 4 ragazze su 150. Un professore ci disse di lasciar perdere. Io non mi sono mai fermata&quot;\" \/>\n<meta property=\"og:url\" content=\"https:\/\/www.intoscana.it\/it\/la-pioniera-della-cybersecurity-che-spiega-il-web-nelle-scuole-anna-vaccarelli-linformatica-piu-brava-ditalia\/\" \/>\n<meta property=\"og:site_name\" content=\"intoscana\" \/>\n<meta property=\"article:publisher\" content=\"https:\/\/www.facebook.com\/intoscana.it\" \/>\n<meta property=\"article:published_time\" content=\"2021-12-23T15:36:37+00:00\" \/>\n<meta property=\"article:modified_time\" content=\"2021-12-23T17:13:56+00:00\" \/>\n<meta property=\"og:image\" content=\"https:\/\/www.intoscana.it\/wp-content\/uploads\/IMG_4990-scaled.jpg\" \/>\n\t<meta property=\"og:image:width\" content=\"2048\" \/>\n\t<meta property=\"og:image:height\" content=\"1365\" \/>\n\t<meta property=\"og:image:type\" content=\"image\/jpeg\" \/>\n<meta name=\"author\" content=\"Clara D&#039;Acunto\" \/>\n<meta name=\"twitter:card\" content=\"summary_large_image\" \/>\n<meta name=\"twitter:creator\" content=\"@intoscana\" \/>\n<meta name=\"twitter:site\" content=\"@intoscana\" \/>\n<meta name=\"twitter:label1\" content=\"Written by\" \/>\n\t<meta name=\"twitter:data1\" content=\"Clara D&#039;Acunto\" \/>\n\t<meta name=\"twitter:label2\" content=\"Est. reading time\" \/>\n\t<meta name=\"twitter:data2\" content=\"6 minuti\" \/>\n<script type=\"application\/ld+json\" class=\"yoast-schema-graph\">{\"@context\":\"https:\/\/schema.org\",\"@graph\":[{\"@type\":\"WebPage\",\"@id\":\"https:\/\/www.intoscana.it\/it\/la-pioniera-della-cybersecurity-che-spiega-il-web-nelle-scuole-anna-vaccarelli-linformatica-piu-brava-ditalia\/\",\"url\":\"https:\/\/www.intoscana.it\/it\/la-pioniera-della-cybersecurity-che-spiega-il-web-nelle-scuole-anna-vaccarelli-linformatica-piu-brava-ditalia\/\",\"name\":\"La pioniera della cybersecurity che spiega il web nelle scuole: Anna Vaccarelli, l'informatica pi\u00f9 brava d'Italia - intoscana\",\"isPartOf\":{\"@id\":\"https:\/\/www.intoscana.it\/it\/#website\"},\"primaryImageOfPage\":{\"@id\":\"https:\/\/www.intoscana.it\/it\/la-pioniera-della-cybersecurity-che-spiega-il-web-nelle-scuole-anna-vaccarelli-linformatica-piu-brava-ditalia\/#primaryimage\"},\"image\":{\"@id\":\"https:\/\/www.intoscana.it\/it\/la-pioniera-della-cybersecurity-che-spiega-il-web-nelle-scuole-anna-vaccarelli-linformatica-piu-brava-ditalia\/#primaryimage\"},\"thumbnailUrl\":\"https:\/\/www.intoscana.it\/wp-content\/uploads\/IMG_4990-scaled.jpg\",\"datePublished\":\"2021-12-23T15:36:37+00:00\",\"dateModified\":\"2021-12-23T17:13:56+00:00\",\"author\":{\"@id\":\"https:\/\/www.intoscana.it\/it\/#\/schema\/person\/137419af9ef5d385bde52864a841e6ce\"},\"description\":\"Ha studiato il web e la sicurezza in rete prima di altri, oggi \u00e8 al Cnr e Registro.it. E' anche tra i fondatori di Internet Festival.\u00a0 \\\"Quando mi iscrissi a ingegneria eravamo 4 ragazze su 150. Un professore ci disse di lasciar perdere. Io non mi sono mai fermata\\\"\",\"breadcrumb\":{\"@id\":\"https:\/\/www.intoscana.it\/it\/la-pioniera-della-cybersecurity-che-spiega-il-web-nelle-scuole-anna-vaccarelli-linformatica-piu-brava-ditalia\/#breadcrumb\"},\"inLanguage\":\"it-IT\",\"potentialAction\":[{\"@type\":\"ReadAction\",\"target\":[\"https:\/\/www.intoscana.it\/it\/la-pioniera-della-cybersecurity-che-spiega-il-web-nelle-scuole-anna-vaccarelli-linformatica-piu-brava-ditalia\/\"]}]},{\"@type\":\"ImageObject\",\"inLanguage\":\"it-IT\",\"@id\":\"https:\/\/www.intoscana.it\/it\/la-pioniera-della-cybersecurity-che-spiega-il-web-nelle-scuole-anna-vaccarelli-linformatica-piu-brava-ditalia\/#primaryimage\",\"url\":\"https:\/\/www.intoscana.it\/wp-content\/uploads\/IMG_4990-scaled.jpg\",\"contentUrl\":\"https:\/\/www.intoscana.it\/wp-content\/uploads\/IMG_4990-scaled.jpg\",\"width\":2048,\"height\":1365},{\"@type\":\"BreadcrumbList\",\"@id\":\"https:\/\/www.intoscana.it\/it\/la-pioniera-della-cybersecurity-che-spiega-il-web-nelle-scuole-anna-vaccarelli-linformatica-piu-brava-ditalia\/#breadcrumb\",\"itemListElement\":[{\"@type\":\"ListItem\",\"position\":1,\"name\":\"Home\",\"item\":\"https:\/\/www.intoscana.it\/it\/\"},{\"@type\":\"ListItem\",\"position\":2,\"name\":\"La pioniera della cybersecurity che spiega il web nelle scuole: Anna Vaccarelli, l&#8217;informatica pi\u00f9 brava d&#8217;Italia\"}]},{\"@type\":\"WebSite\",\"@id\":\"https:\/\/www.intoscana.it\/it\/#website\",\"url\":\"https:\/\/www.intoscana.it\/it\/\",\"name\":\"intoscana\",\"description\":\"\",\"potentialAction\":[{\"@type\":\"SearchAction\",\"target\":{\"@type\":\"EntryPoint\",\"urlTemplate\":\"https:\/\/www.intoscana.it\/it\/?s={search_term_string}\"},\"query-input\":{\"@type\":\"PropertyValueSpecification\",\"valueRequired\":true,\"valueName\":\"search_term_string\"}}],\"inLanguage\":\"it-IT\"},{\"@type\":\"Person\",\"@id\":\"https:\/\/www.intoscana.it\/it\/#\/schema\/person\/137419af9ef5d385bde52864a841e6ce\",\"name\":\"Clara D'Acunto\",\"url\":\"https:\/\/www.intoscana.it\/it\/author\/clara-d_acunto\/\"}]}<\/script>\n<!-- \/ Yoast SEO Premium plugin. -->","yoast_head_json":{"title":"La pioniera della cybersecurity che spiega il web nelle scuole: Anna Vaccarelli, l'informatica pi\u00f9 brava d'Italia - intoscana","description":"Ha studiato il web e la sicurezza in rete prima di altri, oggi \u00e8 al Cnr e Registro.it. E' anche tra i fondatori di Internet Festival.\u00a0 \"Quando mi iscrissi a ingegneria eravamo 4 ragazze su 150. Un professore ci disse di lasciar perdere. Io non mi sono mai fermata\"","robots":{"index":"index","follow":"follow","max-snippet":"max-snippet:-1","max-image-preview":"max-image-preview:large","max-video-preview":"max-video-preview:-1"},"canonical":"https:\/\/www.intoscana.it\/it\/la-pioniera-della-cybersecurity-che-spiega-il-web-nelle-scuole-anna-vaccarelli-linformatica-piu-brava-ditalia\/","og_locale":"it_IT","og_type":"article","og_title":"La pioniera della cybersecurity che spiega il web nelle scuole: Anna Vaccarelli, l'informatica pi\u00f9 brava d'Italia","og_description":"Ha studiato il web e la sicurezza in rete prima di altri, oggi \u00e8 al Cnr e Registro.it. E' anche tra i fondatori di Internet Festival.\u00a0 \"Quando mi iscrissi a ingegneria eravamo 4 ragazze su 150. Un professore ci disse di lasciar perdere. Io non mi sono mai fermata\"","og_url":"https:\/\/www.intoscana.it\/it\/la-pioniera-della-cybersecurity-che-spiega-il-web-nelle-scuole-anna-vaccarelli-linformatica-piu-brava-ditalia\/","og_site_name":"intoscana","article_publisher":"https:\/\/www.facebook.com\/intoscana.it","article_published_time":"2021-12-23T15:36:37+00:00","article_modified_time":"2021-12-23T17:13:56+00:00","og_image":[{"width":2048,"height":1365,"url":"https:\/\/www.intoscana.it\/wp-content\/uploads\/IMG_4990-scaled.jpg","type":"image\/jpeg"}],"author":"Clara D'Acunto","twitter_card":"summary_large_image","twitter_creator":"@intoscana","twitter_site":"@intoscana","twitter_misc":{"Written by":"Clara D'Acunto","Est. reading time":"6 minuti"},"schema":{"@context":"https:\/\/schema.org","@graph":[{"@type":"WebPage","@id":"https:\/\/www.intoscana.it\/it\/la-pioniera-della-cybersecurity-che-spiega-il-web-nelle-scuole-anna-vaccarelli-linformatica-piu-brava-ditalia\/","url":"https:\/\/www.intoscana.it\/it\/la-pioniera-della-cybersecurity-che-spiega-il-web-nelle-scuole-anna-vaccarelli-linformatica-piu-brava-ditalia\/","name":"La pioniera della cybersecurity che spiega il web nelle scuole: Anna Vaccarelli, l'informatica pi\u00f9 brava d'Italia - intoscana","isPartOf":{"@id":"https:\/\/www.intoscana.it\/it\/#website"},"primaryImageOfPage":{"@id":"https:\/\/www.intoscana.it\/it\/la-pioniera-della-cybersecurity-che-spiega-il-web-nelle-scuole-anna-vaccarelli-linformatica-piu-brava-ditalia\/#primaryimage"},"image":{"@id":"https:\/\/www.intoscana.it\/it\/la-pioniera-della-cybersecurity-che-spiega-il-web-nelle-scuole-anna-vaccarelli-linformatica-piu-brava-ditalia\/#primaryimage"},"thumbnailUrl":"https:\/\/www.intoscana.it\/wp-content\/uploads\/IMG_4990-scaled.jpg","datePublished":"2021-12-23T15:36:37+00:00","dateModified":"2021-12-23T17:13:56+00:00","author":{"@id":"https:\/\/www.intoscana.it\/it\/#\/schema\/person\/137419af9ef5d385bde52864a841e6ce"},"description":"Ha studiato il web e la sicurezza in rete prima di altri, oggi \u00e8 al Cnr e Registro.it. E' anche tra i fondatori di Internet Festival.\u00a0 \"Quando mi iscrissi a ingegneria eravamo 4 ragazze su 150. Un professore ci disse di lasciar perdere. Io non mi sono mai fermata\"","breadcrumb":{"@id":"https:\/\/www.intoscana.it\/it\/la-pioniera-della-cybersecurity-che-spiega-il-web-nelle-scuole-anna-vaccarelli-linformatica-piu-brava-ditalia\/#breadcrumb"},"inLanguage":"it-IT","potentialAction":[{"@type":"ReadAction","target":["https:\/\/www.intoscana.it\/it\/la-pioniera-della-cybersecurity-che-spiega-il-web-nelle-scuole-anna-vaccarelli-linformatica-piu-brava-ditalia\/"]}]},{"@type":"ImageObject","inLanguage":"it-IT","@id":"https:\/\/www.intoscana.it\/it\/la-pioniera-della-cybersecurity-che-spiega-il-web-nelle-scuole-anna-vaccarelli-linformatica-piu-brava-ditalia\/#primaryimage","url":"https:\/\/www.intoscana.it\/wp-content\/uploads\/IMG_4990-scaled.jpg","contentUrl":"https:\/\/www.intoscana.it\/wp-content\/uploads\/IMG_4990-scaled.jpg","width":2048,"height":1365},{"@type":"BreadcrumbList","@id":"https:\/\/www.intoscana.it\/it\/la-pioniera-della-cybersecurity-che-spiega-il-web-nelle-scuole-anna-vaccarelli-linformatica-piu-brava-ditalia\/#breadcrumb","itemListElement":[{"@type":"ListItem","position":1,"name":"Home","item":"https:\/\/www.intoscana.it\/it\/"},{"@type":"ListItem","position":2,"name":"La pioniera della cybersecurity che spiega il web nelle scuole: Anna Vaccarelli, l&#8217;informatica pi\u00f9 brava d&#8217;Italia"}]},{"@type":"WebSite","@id":"https:\/\/www.intoscana.it\/it\/#website","url":"https:\/\/www.intoscana.it\/it\/","name":"intoscana","description":"","potentialAction":[{"@type":"SearchAction","target":{"@type":"EntryPoint","urlTemplate":"https:\/\/www.intoscana.it\/it\/?s={search_term_string}"},"query-input":{"@type":"PropertyValueSpecification","valueRequired":true,"valueName":"search_term_string"}}],"inLanguage":"it-IT"},{"@type":"Person","@id":"https:\/\/www.intoscana.it\/it\/#\/schema\/person\/137419af9ef5d385bde52864a841e6ce","name":"Clara D'Acunto","url":"https:\/\/www.intoscana.it\/it\/author\/clara-d_acunto\/"}]}},"_links":{"self":[{"href":"https:\/\/www.intoscana.it\/it\/wp-json\/wp\/v2\/posts\/204367","targetHints":{"allow":["GET"]}}],"collection":[{"href":"https:\/\/www.intoscana.it\/it\/wp-json\/wp\/v2\/posts"}],"about":[{"href":"https:\/\/www.intoscana.it\/it\/wp-json\/wp\/v2\/types\/post"}],"author":[{"embeddable":true,"href":"https:\/\/www.intoscana.it\/it\/wp-json\/wp\/v2\/users\/545"}],"replies":[{"embeddable":true,"href":"https:\/\/www.intoscana.it\/it\/wp-json\/wp\/v2\/comments?post=204367"}],"version-history":[{"count":0,"href":"https:\/\/www.intoscana.it\/it\/wp-json\/wp\/v2\/posts\/204367\/revisions"}],"wp:featuredmedia":[{"embeddable":true,"href":"https:\/\/www.intoscana.it\/it\/wp-json\/wp\/v2\/media\/204767"}],"wp:attachment":[{"href":"https:\/\/www.intoscana.it\/it\/wp-json\/wp\/v2\/media?parent=204367"}],"wp:term":[{"taxonomy":"category","embeddable":true,"href":"https:\/\/www.intoscana.it\/it\/wp-json\/wp\/v2\/categories?post=204367"},{"taxonomy":"post_tag","embeddable":true,"href":"https:\/\/www.intoscana.it\/it\/wp-json\/wp\/v2\/tags?post=204367"}],"curies":[{"name":"wp","href":"https:\/\/api.w.org\/{rel}","templated":true}]}}