{"id":204446,"date":"2021-12-21T13:22:14","date_gmt":"2021-12-21T12:22:14","guid":{"rendered":"https:\/\/www.intoscana.it\/it\/?p=204446"},"modified":"2021-12-21T13:26:49","modified_gmt":"2021-12-21T12:26:49","slug":"anziani-e-persone-non-autosufficienti-assegnati-277-milioni-per-il-2022","status":"publish","type":"post","link":"https:\/\/www.intoscana.it\/it\/anziani-e-persone-non-autosufficienti-assegnati-277-milioni-per-il-2022\/","title":{"rendered":"Anziani e persone non autosufficienti, assegnati 277 milioni per il 2022"},"content":{"rendered":"<p>Arrivano <mark>i fondi per l&#8217;autosufficienza, la vita indipendente e le quote sanitarie per Rsa e centri diurni<\/mark>. Ammontano a quasi 277 milioni le risorse che la Regione ha assegnato alle <strong>Societ\u00e0 della Salute<\/strong> o alle <strong>Zone distretto<\/strong> per le attivit\u00e0 destinate a <strong>persone anziane e non autosufficienti per il 2022<\/strong>. Lo stanziamento \u00e8 stato approvato con una delibera presentata dall&#8217;assessora alle politiche sociali <strong>Serena Spinelli<\/strong> nel corso dell&#8217;ultima seduta di giunta.<\/p>\n<p>Secondo la ripartizione stabilita, <strong>58 milioni di euro<\/strong> serviranno a garantire i <strong>servizi domiciliari<\/strong> rivolti a persone anziane non autosufficienti; <strong>12,9 milioni di euro<\/strong> verranno utilizzati per dare continuit\u00e0 ai <strong>progetti di vita indipendente<\/strong>, e infine<strong> 206 milioni di euro<\/strong> saranno messi a disposizione delle Aziende sanitarie per l\u2019inserimento ed il mantenimento degli ultrasessantacinquenni non autosufficienti nelle <strong>Residenze sanitarie assistenziali e nei Centri diurni<\/strong>.<\/p>\n<p>\u201c<em>Le attivit\u00e0 cui sono rivolti questi fondi<\/em> \u2013 commenta <strong>Serena Spinelli<\/strong> &#8211; <em>confermano e anzi rafforzano la scelta di integrare gli interventi di tipo sociale e sanitario per garantire l\u2019assistenza e la presa in cura complessiva delle persone pi\u00f9 fragili e per migliorarne la qualit\u00e0 della vita. <\/em><em>Rispetto a un anno fa le risorse sono confermate, cos\u00ec come l&#8217;impegno per i progetti di vita indipendente, cio\u00e8 per le attivit\u00e0 volte ad accrescere il grado di autonomia delle persone con disabilit\u00e0 e a sostenere concretamente l\u2019attuazione del loro progetto di vita<\/em>&#8220;.<\/p>\n<p>Ecco nel dettaglio come verranno utilizzati i fondi.<\/p>\n<h3>Fondo per non autosufficienza<\/h3>\n<p>I <strong>58 milioni disponibili<\/strong> verranno utilizzati per: <strong>interventi domiciliari sociali e sociosanitari<\/strong> forniti in forma diretta dal servizio pubblico (assistenza domiciliare sociosanitaria e integrata); interventi in forma indiretta, domiciliari o per la vita indipendente, tramite <strong>titoli per l&#8217;acquisto di servizi e per il sostegno alle funzioni assistenziali<\/strong>; inserimenti in Centri Diurni; interventi temporanei o di sollievo nelle Rsa.<\/p>\n<h3>Vita indipendente<\/h3>\n<p>Gli interventi finanziati riguardano la <strong>cura della persona<\/strong>, l\u2019<strong>assistenza personale<\/strong> (nelle attivit\u00e0 domestiche, sul lavoro, per lo studio) e gli interventi per favorire <strong>l\u2019accessibilit\u00e0 e la mobilit\u00e0<\/strong>. I destinatari degli interventi riceveranno <strong>un contributo mensile<\/strong> compreso tra un minimo di 800 e un massimo di 1.800 euro.<\/p>\n<h3>Quote sanitarie per Rsa e Centri diurni<\/h3>\n<p>I 206 milioni di euro disponibili per il 2022 permetteranno l&#8217;inserimento di <strong>persone anziane ultrasessantacinquenni non autosufficienti<\/strong>, in Residenze Sanitarie Assistenziali e Centri Diurni.<\/p>\n","protected":false},"excerpt":{"rendered":"<p>Finanziamento regionale per l&#8217;autosufficienza, la vita indipendente e le quote sanitarie per Rsa e centri diurni<\/p>\n","protected":false},"author":525,"featured_media":102441,"comment_status":"open","ping_status":"open","sticky":false,"template":"","format":"standard","meta":{"_acf_changed":false,"footnotes":""},"categories":[494],"tags":[406,151,4822],"class_list":["post-204446","post","type-post","status-publish","format-standard","has-post-thumbnail","hentry","category-attualita","tag-disabilita","tag-regione-toscana","tag-serena-spinelli"],"acf":[],"yoast_head":"<!-- This site is optimized with the Yoast SEO Premium plugin v24.2 (Yoast SEO v25.6) - https:\/\/yoast.com\/wordpress\/plugins\/seo\/ -->\n<title>Anziani e persone non autosufficienti, assegnati 277 milioni per il 2022 - intoscana<\/title>\n<meta name=\"description\" content=\"Finanziamento regionale per l&#039;autosufficienza, la vita indipendente e le quote sanitarie per Rsa e centri diurni\" \/>\n<meta name=\"robots\" content=\"index, follow, max-snippet:-1, max-image-preview:large, max-video-preview:-1\" \/>\n<link rel=\"canonical\" href=\"https:\/\/www.intoscana.it\/it\/anziani-e-persone-non-autosufficienti-assegnati-277-milioni-per-il-2022\/\" \/>\n<meta property=\"og:locale\" content=\"it_IT\" \/>\n<meta property=\"og:type\" content=\"article\" \/>\n<meta property=\"og:title\" content=\"Anziani e persone non autosufficienti, assegnati 277 milioni per il 2022\" \/>\n<meta property=\"og:description\" content=\"Finanziamento regionale per l&#039;autosufficienza, la vita indipendente e le quote sanitarie per Rsa e centri diurni\" \/>\n<meta property=\"og:url\" content=\"https:\/\/www.intoscana.it\/it\/anziani-e-persone-non-autosufficienti-assegnati-277-milioni-per-il-2022\/\" \/>\n<meta property=\"og:site_name\" content=\"intoscana\" \/>\n<meta property=\"article:publisher\" content=\"https:\/\/www.facebook.com\/intoscana.it\" \/>\n<meta property=\"article:published_time\" content=\"2021-12-21T12:22:14+00:00\" \/>\n<meta property=\"article:modified_time\" content=\"2021-12-21T12:26:49+00:00\" \/>\n<meta property=\"og:image\" content=\"https:\/\/www.intoscana.it\/wp-content\/uploads\/iStock_000015628993_Medium-4.jpg\" \/>\n\t<meta property=\"og:image:width\" content=\"1000\" \/>\n\t<meta property=\"og:image:height\" content=\"666\" \/>\n\t<meta property=\"og:image:type\" content=\"image\/jpeg\" \/>\n<meta name=\"author\" content=\"Redazione\" \/>\n<meta name=\"twitter:card\" content=\"summary_large_image\" \/>\n<meta name=\"twitter:creator\" content=\"@intoscana\" \/>\n<meta name=\"twitter:site\" content=\"@intoscana\" \/>\n<meta name=\"twitter:label1\" content=\"Written by\" \/>\n\t<meta name=\"twitter:data1\" content=\"Redazione\" \/>\n\t<meta name=\"twitter:label2\" content=\"Est. reading time\" \/>\n\t<meta name=\"twitter:data2\" content=\"2 minuti\" \/>\n<script type=\"application\/ld+json\" class=\"yoast-schema-graph\">{\"@context\":\"https:\/\/schema.org\",\"@graph\":[{\"@type\":\"WebPage\",\"@id\":\"https:\/\/www.intoscana.it\/it\/anziani-e-persone-non-autosufficienti-assegnati-277-milioni-per-il-2022\/\",\"url\":\"https:\/\/www.intoscana.it\/it\/anziani-e-persone-non-autosufficienti-assegnati-277-milioni-per-il-2022\/\",\"name\":\"Anziani e persone non autosufficienti, assegnati 277 milioni per il 2022 - intoscana\",\"isPartOf\":{\"@id\":\"https:\/\/www.intoscana.it\/it\/#website\"},\"primaryImageOfPage\":{\"@id\":\"https:\/\/www.intoscana.it\/it\/anziani-e-persone-non-autosufficienti-assegnati-277-milioni-per-il-2022\/#primaryimage\"},\"image\":{\"@id\":\"https:\/\/www.intoscana.it\/it\/anziani-e-persone-non-autosufficienti-assegnati-277-milioni-per-il-2022\/#primaryimage\"},\"thumbnailUrl\":\"https:\/\/www.intoscana.it\/wp-content\/uploads\/iStock_000015628993_Medium-4.jpg\",\"datePublished\":\"2021-12-21T12:22:14+00:00\",\"dateModified\":\"2021-12-21T12:26:49+00:00\",\"author\":{\"@id\":\"https:\/\/www.intoscana.it\/it\/#\/schema\/person\/9223810753230f20bd670fdd322661f8\"},\"description\":\"Finanziamento regionale per l'autosufficienza, la vita indipendente e le quote sanitarie per Rsa e centri diurni\",\"breadcrumb\":{\"@id\":\"https:\/\/www.intoscana.it\/it\/anziani-e-persone-non-autosufficienti-assegnati-277-milioni-per-il-2022\/#breadcrumb\"},\"inLanguage\":\"it-IT\",\"potentialAction\":[{\"@type\":\"ReadAction\",\"target\":[\"https:\/\/www.intoscana.it\/it\/anziani-e-persone-non-autosufficienti-assegnati-277-milioni-per-il-2022\/\"]}]},{\"@type\":\"ImageObject\",\"inLanguage\":\"it-IT\",\"@id\":\"https:\/\/www.intoscana.it\/it\/anziani-e-persone-non-autosufficienti-assegnati-277-milioni-per-il-2022\/#primaryimage\",\"url\":\"https:\/\/www.intoscana.it\/wp-content\/uploads\/iStock_000015628993_Medium-4.jpg\",\"contentUrl\":\"https:\/\/www.intoscana.it\/wp-content\/uploads\/iStock_000015628993_Medium-4.jpg\",\"width\":1000,\"height\":666,\"caption\":\"Disabilit\u00e0\"},{\"@type\":\"BreadcrumbList\",\"@id\":\"https:\/\/www.intoscana.it\/it\/anziani-e-persone-non-autosufficienti-assegnati-277-milioni-per-il-2022\/#breadcrumb\",\"itemListElement\":[{\"@type\":\"ListItem\",\"position\":1,\"name\":\"Home\",\"item\":\"https:\/\/www.intoscana.it\/it\/\"},{\"@type\":\"ListItem\",\"position\":2,\"name\":\"Anziani e persone non autosufficienti, assegnati 277 milioni per il 2022\"}]},{\"@type\":\"WebSite\",\"@id\":\"https:\/\/www.intoscana.it\/it\/#website\",\"url\":\"https:\/\/www.intoscana.it\/it\/\",\"name\":\"intoscana\",\"description\":\"\",\"potentialAction\":[{\"@type\":\"SearchAction\",\"target\":{\"@type\":\"EntryPoint\",\"urlTemplate\":\"https:\/\/www.intoscana.it\/it\/?s={search_term_string}\"},\"query-input\":{\"@type\":\"PropertyValueSpecification\",\"valueRequired\":true,\"valueName\":\"search_term_string\"}}],\"inLanguage\":\"it-IT\"},{\"@type\":\"Person\",\"@id\":\"https:\/\/www.intoscana.it\/it\/#\/schema\/person\/9223810753230f20bd670fdd322661f8\",\"name\":\"Redazione\",\"url\":\"https:\/\/www.intoscana.it\/it\/author\/redazione\/\"}]}<\/script>\n<!-- \/ Yoast SEO Premium plugin. -->","yoast_head_json":{"title":"Anziani e persone non autosufficienti, assegnati 277 milioni per il 2022 - intoscana","description":"Finanziamento regionale per l'autosufficienza, la vita indipendente e le quote sanitarie per Rsa e centri diurni","robots":{"index":"index","follow":"follow","max-snippet":"max-snippet:-1","max-image-preview":"max-image-preview:large","max-video-preview":"max-video-preview:-1"},"canonical":"https:\/\/www.intoscana.it\/it\/anziani-e-persone-non-autosufficienti-assegnati-277-milioni-per-il-2022\/","og_locale":"it_IT","og_type":"article","og_title":"Anziani e persone non autosufficienti, assegnati 277 milioni per il 2022","og_description":"Finanziamento regionale per l'autosufficienza, la vita indipendente e le quote sanitarie per Rsa e centri diurni","og_url":"https:\/\/www.intoscana.it\/it\/anziani-e-persone-non-autosufficienti-assegnati-277-milioni-per-il-2022\/","og_site_name":"intoscana","article_publisher":"https:\/\/www.facebook.com\/intoscana.it","article_published_time":"2021-12-21T12:22:14+00:00","article_modified_time":"2021-12-21T12:26:49+00:00","og_image":[{"width":1000,"height":666,"url":"https:\/\/www.intoscana.it\/wp-content\/uploads\/iStock_000015628993_Medium-4.jpg","type":"image\/jpeg"}],"author":"Redazione","twitter_card":"summary_large_image","twitter_creator":"@intoscana","twitter_site":"@intoscana","twitter_misc":{"Written by":"Redazione","Est. reading time":"2 minuti"},"schema":{"@context":"https:\/\/schema.org","@graph":[{"@type":"WebPage","@id":"https:\/\/www.intoscana.it\/it\/anziani-e-persone-non-autosufficienti-assegnati-277-milioni-per-il-2022\/","url":"https:\/\/www.intoscana.it\/it\/anziani-e-persone-non-autosufficienti-assegnati-277-milioni-per-il-2022\/","name":"Anziani e persone non autosufficienti, assegnati 277 milioni per il 2022 - intoscana","isPartOf":{"@id":"https:\/\/www.intoscana.it\/it\/#website"},"primaryImageOfPage":{"@id":"https:\/\/www.intoscana.it\/it\/anziani-e-persone-non-autosufficienti-assegnati-277-milioni-per-il-2022\/#primaryimage"},"image":{"@id":"https:\/\/www.intoscana.it\/it\/anziani-e-persone-non-autosufficienti-assegnati-277-milioni-per-il-2022\/#primaryimage"},"thumbnailUrl":"https:\/\/www.intoscana.it\/wp-content\/uploads\/iStock_000015628993_Medium-4.jpg","datePublished":"2021-12-21T12:22:14+00:00","dateModified":"2021-12-21T12:26:49+00:00","author":{"@id":"https:\/\/www.intoscana.it\/it\/#\/schema\/person\/9223810753230f20bd670fdd322661f8"},"description":"Finanziamento regionale per l'autosufficienza, la vita indipendente e le quote sanitarie per Rsa e centri diurni","breadcrumb":{"@id":"https:\/\/www.intoscana.it\/it\/anziani-e-persone-non-autosufficienti-assegnati-277-milioni-per-il-2022\/#breadcrumb"},"inLanguage":"it-IT","potentialAction":[{"@type":"ReadAction","target":["https:\/\/www.intoscana.it\/it\/anziani-e-persone-non-autosufficienti-assegnati-277-milioni-per-il-2022\/"]}]},{"@type":"ImageObject","inLanguage":"it-IT","@id":"https:\/\/www.intoscana.it\/it\/anziani-e-persone-non-autosufficienti-assegnati-277-milioni-per-il-2022\/#primaryimage","url":"https:\/\/www.intoscana.it\/wp-content\/uploads\/iStock_000015628993_Medium-4.jpg","contentUrl":"https:\/\/www.intoscana.it\/wp-content\/uploads\/iStock_000015628993_Medium-4.jpg","width":1000,"height":666,"caption":"Disabilit\u00e0"},{"@type":"BreadcrumbList","@id":"https:\/\/www.intoscana.it\/it\/anziani-e-persone-non-autosufficienti-assegnati-277-milioni-per-il-2022\/#breadcrumb","itemListElement":[{"@type":"ListItem","position":1,"name":"Home","item":"https:\/\/www.intoscana.it\/it\/"},{"@type":"ListItem","position":2,"name":"Anziani e persone non autosufficienti, assegnati 277 milioni per il 2022"}]},{"@type":"WebSite","@id":"https:\/\/www.intoscana.it\/it\/#website","url":"https:\/\/www.intoscana.it\/it\/","name":"intoscana","description":"","potentialAction":[{"@type":"SearchAction","target":{"@type":"EntryPoint","urlTemplate":"https:\/\/www.intoscana.it\/it\/?s={search_term_string}"},"query-input":{"@type":"PropertyValueSpecification","valueRequired":true,"valueName":"search_term_string"}}],"inLanguage":"it-IT"},{"@type":"Person","@id":"https:\/\/www.intoscana.it\/it\/#\/schema\/person\/9223810753230f20bd670fdd322661f8","name":"Redazione","url":"https:\/\/www.intoscana.it\/it\/author\/redazione\/"}]}},"_links":{"self":[{"href":"https:\/\/www.intoscana.it\/it\/wp-json\/wp\/v2\/posts\/204446","targetHints":{"allow":["GET"]}}],"collection":[{"href":"https:\/\/www.intoscana.it\/it\/wp-json\/wp\/v2\/posts"}],"about":[{"href":"https:\/\/www.intoscana.it\/it\/wp-json\/wp\/v2\/types\/post"}],"author":[{"embeddable":true,"href":"https:\/\/www.intoscana.it\/it\/wp-json\/wp\/v2\/users\/525"}],"replies":[{"embeddable":true,"href":"https:\/\/www.intoscana.it\/it\/wp-json\/wp\/v2\/comments?post=204446"}],"version-history":[{"count":0,"href":"https:\/\/www.intoscana.it\/it\/wp-json\/wp\/v2\/posts\/204446\/revisions"}],"wp:featuredmedia":[{"embeddable":true,"href":"https:\/\/www.intoscana.it\/it\/wp-json\/wp\/v2\/media\/102441"}],"wp:attachment":[{"href":"https:\/\/www.intoscana.it\/it\/wp-json\/wp\/v2\/media?parent=204446"}],"wp:term":[{"taxonomy":"category","embeddable":true,"href":"https:\/\/www.intoscana.it\/it\/wp-json\/wp\/v2\/categories?post=204446"},{"taxonomy":"post_tag","embeddable":true,"href":"https:\/\/www.intoscana.it\/it\/wp-json\/wp\/v2\/tags?post=204446"}],"curies":[{"name":"wp","href":"https:\/\/api.w.org\/{rel}","templated":true}]}}