{"id":204574,"date":"2021-12-22T12:22:58","date_gmt":"2021-12-22T11:22:58","guid":{"rendered":"https:\/\/www.intoscana.it\/it\/?p=204574"},"modified":"2021-12-23T12:27:56","modified_gmt":"2021-12-23T11:27:56","slug":"covid-sfondato-il-tetto-dei-2-mila-casi-eta-media-38-anni","status":"publish","type":"post","link":"https:\/\/www.intoscana.it\/it\/covid-sfondato-il-tetto-dei-2-mila-casi-eta-media-38-anni\/","title":{"rendered":"Covid, sfondato il tetto dei 2 mila casi. Et\u00e0 media 38 anni"},"content":{"rendered":"<p>Sono oltre 2mila i nuovi casi di positivit\u00e0 al Covid in Toscana, un dato cos\u00ec alto non si registrava dall&#8217;ottobre dello scorso anno.<\/p>\n<p>In totale sono 321.653 i casi di positivit\u00e0 nella nostra regione. Dei 2.038 nuovi casi, 1.975 sono stati confermati con tampone molecolare e 63 da test rapido antigenico. <strong>I nuovi casi sono lo 0,6% in pi\u00f9 rispetto al totale del giorno precedente.<\/strong><\/p>\n<h3>Numero di tamponi<\/h3>\n<p>Oggi sono stati eseguiti <strong>16.022 tamponi molecolari e 27.941 tamponi antigenici rapidi,<\/strong> di questi il <strong>4,6% \u00e8 risultato positivo<\/strong>. Sono invece 12.979 i soggetti testati oggi (con tampone antigenico e\/o molecolare, escludendo i tamponi di controllo), di cui il 15,7% \u00e8 risultato positivo. Gli attualmente positivi sono oggi 19.536, +7,5% rispetto a ieri.<\/p>\n<mark>L&#8217;et\u00e0 media dei 2.038 nuovi positivi odierni \u00e8 di 38 anni circa (20% ha meno di 20 anni, 32% tra 20 e 39 anni, 32% tra 40 e 59 anni, 14% tra 60 e 79 anni, 2% ha 80 anni o pi\u00f9). <\/mark>\n<p>Di seguito i casi di positivit\u00e0 sul territorio con la variazione rispetto a ieri (1.975 confermati con tampone molecolare e 63 da test rapido antigenico). Sono 88.310 i casi complessivi ad oggi a Firenze (594 in pi\u00f9 rispetto a ieri), 28.396 a Prato (114 in pi\u00f9), 30.531 a Pistoia (121 in pi\u00f9), 16.927 a Massa (114 in pi\u00f9), 32.427 a Lucca (207 in pi\u00f9), 37.274 a Pisa (176 in pi\u00f9), 24.777 a Livorno (184 in pi\u00f9), 29.021 ad Arezzo (226 in pi\u00f9), 19.444 a Siena (172 in pi\u00f9), 13.991 a Grosseto (130 in pi\u00f9). Sono 555 i casi positivi notificati in Toscana, ma residenti in altre regioni.<\/p>\n<p>Sono 848 i casi riscontrati oggi nell&#8217;Asl Centro, 662 nella Nord Ovest, 528 nella Sud est.<\/p>\n<p>La Toscana si trova al 12\u00b0 posto in Italia come numerosit\u00e0 di casi (comprensivi di residenti e non residenti), con circa 8.710 casi per 100.000 abitanti (media italiana circa 9.177 x100.000, dato di ieri). <strong>Le province di notifica con il tasso pi\u00f9 alto sono Prato con 10.705 casi x100.000 abitanti, Pistoia con 10.519, Pisa con 8.918, la pi\u00f9 bassa Grosseto con 6.422.<\/strong><\/p>\n<h3>Isolamento, sorveglianza attiva e ricoveri<\/h3>\n<p>Complessivamente, 19.099 persone sono in isolamento a casa, poich\u00e9 presentano sintomi lievi che non richiedono cure ospedaliere, o risultano prive di sintomi (1.342 in pi\u00f9 rispetto a ieri, pi\u00f9 7,6%).<br \/>\nSono 40.917 (3.185 in pi\u00f9 rispetto a ieri, pi\u00f9 8,4%) le persone, anch&#8217;esse isolate, in sorveglianza attiva perch\u00e9 hanno avuto contatti con persone contagiate (ASL Centro 16.471, Nord Ovest 13.853, Sud Est 10.593).<br \/>\n<strong>Le persone ricoverate nei posti letto dedicati ai pazienti Covid oggi sono complessivamente 437 (13 in pi\u00f9 rispetto a ieri, pi\u00f9 3,1%), 64 in terapia intensiva (3 in pi\u00f9 rispetto a ieri, pi\u00f9 4,9%).<\/strong><\/p>\n<p><strong>Le persone complessivamente guarite<\/strong> sono 294.615 (678 in pi\u00f9 rispetto a ieri, pi\u00f9 0,2%): 0 persone clinicamente guarite (stabili rispetto a ieri), divenute cio\u00e8 asintomatiche dopo aver presentato manifestazioni cliniche associate all&#8217;infezione e 294.615 (678 in pi\u00f9 rispetto a ieri, pi\u00f9 0,2%) dichiarate guarite a tutti gli effetti, le cosiddette guarigioni virali, con tampone negativo.<\/p>\n<h3>Decessi<\/h3>\n<p><strong>Oggi si registrano 5 nuovi decessi: 5 donne, con un&#8217;et\u00e0 media di 79,4 anni.\u00a0<\/strong>Relativamente alla provincia di residenza, le persone decedute sono: 2 a Firenze, 1 a Prato, 2 a Siena.<\/p>\n<p>Sono 7.502 i deceduti dall&#8217;inizio dell&#8217;epidemia cosi ripartiti: 2.405 a Firenze, 659 a Prato, 698 a Pistoia, 549 a Massa Carrara, 712 a Lucca, 760 a Pisa, 435 a Livorno, 568 ad Arezzo, 383 a Siena, 235 a Grosseto, 98 persone sono decedute sul suolo toscano ma erano residenti fuori regione.<\/p>\n<p>Il tasso grezzo di mortalit\u00e0 toscano (numero di deceduti\/popolazione residente) per Covid-19 \u00e8 di 203,1 x100.000 residenti contro il 229,5 x100.000 della media italiana (12\u00b0 regione). Per quanto riguarda le province, il tasso di mortalit\u00e0 pi\u00f9 alto si riscontra a Massa Carrara (289,2 x100.000), Prato (248,4 x100.000) e Firenze (240,9 x100.000), il pi\u00f9 basso a Grosseto (107,9 x100.000).<\/p>\n","protected":false},"excerpt":{"rendered":"<p>Un dato cos\u00ec alto non si registrava dall&#8217;ottobre dello scorso anno. Oggi si registrano cinque nuovi decessi. In aumento anche i ricoveri<\/p>\n","protected":false},"author":525,"featured_media":204590,"comment_status":"open","ping_status":"open","sticky":false,"template":"","format":"standard","meta":{"_acf_changed":false,"footnotes":""},"categories":[494],"tags":[4868,4809,418],"class_list":["post-204574","post","type-post","status-publish","format-standard","has-post-thumbnail","hentry","category-attualita","tag-bollettino-covid-toscana","tag-covid","tag-covid-19"],"acf":[],"yoast_head":"<!-- This site is optimized with the Yoast SEO Premium plugin v24.2 (Yoast SEO v25.6) - https:\/\/yoast.com\/wordpress\/plugins\/seo\/ -->\n<title>Covid, sfondato il tetto dei 2 mila casi. Et\u00e0 media 38 anni - intoscana<\/title>\n<meta name=\"description\" content=\"Un dato cos\u00ec alto non si registrava dall&#039;ottobre dello scorso anno. Oggi si registrano cinque nuovi decessi. In aumento anche i ricoveri\" \/>\n<meta name=\"robots\" content=\"index, follow, max-snippet:-1, max-image-preview:large, max-video-preview:-1\" \/>\n<link rel=\"canonical\" href=\"https:\/\/www.intoscana.it\/it\/covid-sfondato-il-tetto-dei-2-mila-casi-eta-media-38-anni\/\" \/>\n<meta property=\"og:locale\" content=\"it_IT\" \/>\n<meta property=\"og:type\" content=\"article\" \/>\n<meta property=\"og:title\" content=\"Covid, sfondato il tetto dei 2 mila casi. Et\u00e0 media 38 anni\" \/>\n<meta property=\"og:description\" content=\"Un dato cos\u00ec alto non si registrava dall&#039;ottobre dello scorso anno. Oggi si registrano cinque nuovi decessi. In aumento anche i ricoveri\" \/>\n<meta property=\"og:url\" content=\"https:\/\/www.intoscana.it\/it\/covid-sfondato-il-tetto-dei-2-mila-casi-eta-media-38-anni\/\" \/>\n<meta property=\"og:site_name\" content=\"intoscana\" \/>\n<meta property=\"article:publisher\" content=\"https:\/\/www.facebook.com\/intoscana.it\" \/>\n<meta property=\"article:published_time\" content=\"2021-12-22T11:22:58+00:00\" \/>\n<meta property=\"article:modified_time\" content=\"2021-12-23T11:27:56+00:00\" \/>\n<meta property=\"og:image\" content=\"https:\/\/www.intoscana.it\/wp-content\/uploads\/covid-4.jpg\" \/>\n\t<meta property=\"og:image:width\" content=\"1920\" \/>\n\t<meta property=\"og:image:height\" content=\"1278\" \/>\n\t<meta property=\"og:image:type\" content=\"image\/jpeg\" \/>\n<meta name=\"author\" content=\"Redazione\" \/>\n<meta name=\"twitter:card\" content=\"summary_large_image\" \/>\n<meta name=\"twitter:creator\" content=\"@intoscana\" \/>\n<meta name=\"twitter:site\" content=\"@intoscana\" \/>\n<meta name=\"twitter:label1\" content=\"Written by\" \/>\n\t<meta name=\"twitter:data1\" content=\"Redazione\" \/>\n\t<meta name=\"twitter:label2\" content=\"Est. reading time\" \/>\n\t<meta name=\"twitter:data2\" content=\"3 minuti\" \/>\n<script type=\"application\/ld+json\" class=\"yoast-schema-graph\">{\"@context\":\"https:\/\/schema.org\",\"@graph\":[{\"@type\":\"WebPage\",\"@id\":\"https:\/\/www.intoscana.it\/it\/covid-sfondato-il-tetto-dei-2-mila-casi-eta-media-38-anni\/\",\"url\":\"https:\/\/www.intoscana.it\/it\/covid-sfondato-il-tetto-dei-2-mila-casi-eta-media-38-anni\/\",\"name\":\"Covid, sfondato il tetto dei 2 mila casi. Et\u00e0 media 38 anni - intoscana\",\"isPartOf\":{\"@id\":\"https:\/\/www.intoscana.it\/it\/#website\"},\"primaryImageOfPage\":{\"@id\":\"https:\/\/www.intoscana.it\/it\/covid-sfondato-il-tetto-dei-2-mila-casi-eta-media-38-anni\/#primaryimage\"},\"image\":{\"@id\":\"https:\/\/www.intoscana.it\/it\/covid-sfondato-il-tetto-dei-2-mila-casi-eta-media-38-anni\/#primaryimage\"},\"thumbnailUrl\":\"https:\/\/www.intoscana.it\/wp-content\/uploads\/covid-4.jpg\",\"datePublished\":\"2021-12-22T11:22:58+00:00\",\"dateModified\":\"2021-12-23T11:27:56+00:00\",\"author\":{\"@id\":\"https:\/\/www.intoscana.it\/it\/#\/schema\/person\/9223810753230f20bd670fdd322661f8\"},\"description\":\"Un dato cos\u00ec alto non si registrava dall'ottobre dello scorso anno. Oggi si registrano cinque nuovi decessi. In aumento anche i ricoveri\",\"breadcrumb\":{\"@id\":\"https:\/\/www.intoscana.it\/it\/covid-sfondato-il-tetto-dei-2-mila-casi-eta-media-38-anni\/#breadcrumb\"},\"inLanguage\":\"it-IT\",\"potentialAction\":[{\"@type\":\"ReadAction\",\"target\":[\"https:\/\/www.intoscana.it\/it\/covid-sfondato-il-tetto-dei-2-mila-casi-eta-media-38-anni\/\"]}]},{\"@type\":\"ImageObject\",\"inLanguage\":\"it-IT\",\"@id\":\"https:\/\/www.intoscana.it\/it\/covid-sfondato-il-tetto-dei-2-mila-casi-eta-media-38-anni\/#primaryimage\",\"url\":\"https:\/\/www.intoscana.it\/wp-content\/uploads\/covid-4.jpg\",\"contentUrl\":\"https:\/\/www.intoscana.it\/wp-content\/uploads\/covid-4.jpg\",\"width\":1920,\"height\":1278},{\"@type\":\"BreadcrumbList\",\"@id\":\"https:\/\/www.intoscana.it\/it\/covid-sfondato-il-tetto-dei-2-mila-casi-eta-media-38-anni\/#breadcrumb\",\"itemListElement\":[{\"@type\":\"ListItem\",\"position\":1,\"name\":\"Home\",\"item\":\"https:\/\/www.intoscana.it\/it\/\"},{\"@type\":\"ListItem\",\"position\":2,\"name\":\"Covid, sfondato il tetto dei 2 mila casi. Et\u00e0 media 38 anni\"}]},{\"@type\":\"WebSite\",\"@id\":\"https:\/\/www.intoscana.it\/it\/#website\",\"url\":\"https:\/\/www.intoscana.it\/it\/\",\"name\":\"intoscana\",\"description\":\"\",\"potentialAction\":[{\"@type\":\"SearchAction\",\"target\":{\"@type\":\"EntryPoint\",\"urlTemplate\":\"https:\/\/www.intoscana.it\/it\/?s={search_term_string}\"},\"query-input\":{\"@type\":\"PropertyValueSpecification\",\"valueRequired\":true,\"valueName\":\"search_term_string\"}}],\"inLanguage\":\"it-IT\"},{\"@type\":\"Person\",\"@id\":\"https:\/\/www.intoscana.it\/it\/#\/schema\/person\/9223810753230f20bd670fdd322661f8\",\"name\":\"Redazione\",\"url\":\"https:\/\/www.intoscana.it\/it\/author\/redazione\/\"}]}<\/script>\n<!-- \/ Yoast SEO Premium plugin. -->","yoast_head_json":{"title":"Covid, sfondato il tetto dei 2 mila casi. Et\u00e0 media 38 anni - intoscana","description":"Un dato cos\u00ec alto non si registrava dall'ottobre dello scorso anno. Oggi si registrano cinque nuovi decessi. In aumento anche i ricoveri","robots":{"index":"index","follow":"follow","max-snippet":"max-snippet:-1","max-image-preview":"max-image-preview:large","max-video-preview":"max-video-preview:-1"},"canonical":"https:\/\/www.intoscana.it\/it\/covid-sfondato-il-tetto-dei-2-mila-casi-eta-media-38-anni\/","og_locale":"it_IT","og_type":"article","og_title":"Covid, sfondato il tetto dei 2 mila casi. Et\u00e0 media 38 anni","og_description":"Un dato cos\u00ec alto non si registrava dall'ottobre dello scorso anno. Oggi si registrano cinque nuovi decessi. In aumento anche i ricoveri","og_url":"https:\/\/www.intoscana.it\/it\/covid-sfondato-il-tetto-dei-2-mila-casi-eta-media-38-anni\/","og_site_name":"intoscana","article_publisher":"https:\/\/www.facebook.com\/intoscana.it","article_published_time":"2021-12-22T11:22:58+00:00","article_modified_time":"2021-12-23T11:27:56+00:00","og_image":[{"width":1920,"height":1278,"url":"https:\/\/www.intoscana.it\/wp-content\/uploads\/covid-4.jpg","type":"image\/jpeg"}],"author":"Redazione","twitter_card":"summary_large_image","twitter_creator":"@intoscana","twitter_site":"@intoscana","twitter_misc":{"Written by":"Redazione","Est. reading time":"3 minuti"},"schema":{"@context":"https:\/\/schema.org","@graph":[{"@type":"WebPage","@id":"https:\/\/www.intoscana.it\/it\/covid-sfondato-il-tetto-dei-2-mila-casi-eta-media-38-anni\/","url":"https:\/\/www.intoscana.it\/it\/covid-sfondato-il-tetto-dei-2-mila-casi-eta-media-38-anni\/","name":"Covid, sfondato il tetto dei 2 mila casi. Et\u00e0 media 38 anni - intoscana","isPartOf":{"@id":"https:\/\/www.intoscana.it\/it\/#website"},"primaryImageOfPage":{"@id":"https:\/\/www.intoscana.it\/it\/covid-sfondato-il-tetto-dei-2-mila-casi-eta-media-38-anni\/#primaryimage"},"image":{"@id":"https:\/\/www.intoscana.it\/it\/covid-sfondato-il-tetto-dei-2-mila-casi-eta-media-38-anni\/#primaryimage"},"thumbnailUrl":"https:\/\/www.intoscana.it\/wp-content\/uploads\/covid-4.jpg","datePublished":"2021-12-22T11:22:58+00:00","dateModified":"2021-12-23T11:27:56+00:00","author":{"@id":"https:\/\/www.intoscana.it\/it\/#\/schema\/person\/9223810753230f20bd670fdd322661f8"},"description":"Un dato cos\u00ec alto non si registrava dall'ottobre dello scorso anno. Oggi si registrano cinque nuovi decessi. In aumento anche i ricoveri","breadcrumb":{"@id":"https:\/\/www.intoscana.it\/it\/covid-sfondato-il-tetto-dei-2-mila-casi-eta-media-38-anni\/#breadcrumb"},"inLanguage":"it-IT","potentialAction":[{"@type":"ReadAction","target":["https:\/\/www.intoscana.it\/it\/covid-sfondato-il-tetto-dei-2-mila-casi-eta-media-38-anni\/"]}]},{"@type":"ImageObject","inLanguage":"it-IT","@id":"https:\/\/www.intoscana.it\/it\/covid-sfondato-il-tetto-dei-2-mila-casi-eta-media-38-anni\/#primaryimage","url":"https:\/\/www.intoscana.it\/wp-content\/uploads\/covid-4.jpg","contentUrl":"https:\/\/www.intoscana.it\/wp-content\/uploads\/covid-4.jpg","width":1920,"height":1278},{"@type":"BreadcrumbList","@id":"https:\/\/www.intoscana.it\/it\/covid-sfondato-il-tetto-dei-2-mila-casi-eta-media-38-anni\/#breadcrumb","itemListElement":[{"@type":"ListItem","position":1,"name":"Home","item":"https:\/\/www.intoscana.it\/it\/"},{"@type":"ListItem","position":2,"name":"Covid, sfondato il tetto dei 2 mila casi. Et\u00e0 media 38 anni"}]},{"@type":"WebSite","@id":"https:\/\/www.intoscana.it\/it\/#website","url":"https:\/\/www.intoscana.it\/it\/","name":"intoscana","description":"","potentialAction":[{"@type":"SearchAction","target":{"@type":"EntryPoint","urlTemplate":"https:\/\/www.intoscana.it\/it\/?s={search_term_string}"},"query-input":{"@type":"PropertyValueSpecification","valueRequired":true,"valueName":"search_term_string"}}],"inLanguage":"it-IT"},{"@type":"Person","@id":"https:\/\/www.intoscana.it\/it\/#\/schema\/person\/9223810753230f20bd670fdd322661f8","name":"Redazione","url":"https:\/\/www.intoscana.it\/it\/author\/redazione\/"}]}},"_links":{"self":[{"href":"https:\/\/www.intoscana.it\/it\/wp-json\/wp\/v2\/posts\/204574","targetHints":{"allow":["GET"]}}],"collection":[{"href":"https:\/\/www.intoscana.it\/it\/wp-json\/wp\/v2\/posts"}],"about":[{"href":"https:\/\/www.intoscana.it\/it\/wp-json\/wp\/v2\/types\/post"}],"author":[{"embeddable":true,"href":"https:\/\/www.intoscana.it\/it\/wp-json\/wp\/v2\/users\/525"}],"replies":[{"embeddable":true,"href":"https:\/\/www.intoscana.it\/it\/wp-json\/wp\/v2\/comments?post=204574"}],"version-history":[{"count":0,"href":"https:\/\/www.intoscana.it\/it\/wp-json\/wp\/v2\/posts\/204574\/revisions"}],"wp:featuredmedia":[{"embeddable":true,"href":"https:\/\/www.intoscana.it\/it\/wp-json\/wp\/v2\/media\/204590"}],"wp:attachment":[{"href":"https:\/\/www.intoscana.it\/it\/wp-json\/wp\/v2\/media?parent=204574"}],"wp:term":[{"taxonomy":"category","embeddable":true,"href":"https:\/\/www.intoscana.it\/it\/wp-json\/wp\/v2\/categories?post=204574"},{"taxonomy":"post_tag","embeddable":true,"href":"https:\/\/www.intoscana.it\/it\/wp-json\/wp\/v2\/tags?post=204574"}],"curies":[{"name":"wp","href":"https:\/\/api.w.org\/{rel}","templated":true}]}}