{"id":204577,"date":"2021-12-22T12:15:52","date_gmt":"2021-12-22T11:15:52","guid":{"rendered":"https:\/\/www.intoscana.it\/it\/?p=204577"},"modified":"2021-12-22T14:46:48","modified_gmt":"2021-12-22T13:46:48","slug":"covid-19-annullati-tutti-gli-eventi-per-il-capodanno-a-firenze","status":"publish","type":"post","link":"https:\/\/www.intoscana.it\/it\/covid-19-annullati-tutti-gli-eventi-per-il-capodanno-a-firenze\/","title":{"rendered":"Covid-19: annullati tutti gli eventi per il Capodanno a Firenze"},"content":{"rendered":"<p>Doveva essere un <strong>ultimo dell&#8217;anno &#8220;diffuso&#8221;<\/strong>\u00a0senza il concerto ma con <strong>tanti piccoli concerti<\/strong> in giro per tutta Firenze dal centro alle periferie, con tanti eventi anche per le famiglie, invece a causa dell<strong>&#8216;innalzamento dei numeri dei contagi<\/strong> nei giorni scorsi<strong> \u00e8 stato tutto annullato. <\/strong><\/p>\n<p><em>&#8220;Questa mattina ho riunito la task force sull&#8217;emergenza Covid per Comune e Citt\u00e0 metropolitana di Firenze, abbiamo avuto un confronto con gli esperti del servizio di igiene pubblica e della societ\u00e0 della salute, cos\u00ec come con i responsabili dell&#8217;Asl e il presidente della Regione Giani: abbiamo deciso di annullare tutti gli eventi previsti per il Capodanno&#8221;<\/em> <strong>ha annunciato il sindaco di Firenze Dario Nardella, a margine della seduta del Consiglio metropolitano.\u00a0<\/strong><\/p>\n<p><em>&#8220;Avevamo gi\u00e0 escluso il &#8216;concertone&#8217; &#8211;<\/em> <strong>ha ricordato Nardella\u00a0che ha scelto una strategia &#8220;prudente&#8221;<\/strong> -. <em>La situazione del contagio ci presenta in questi ultimi tre giorni una curva di aumento esponenziale. Proprio per questi dati si impone un atteggiamento di massima cautela e di massima prudenza. Per questo quindi abbiamo deciso di non tenere feste a Capodanno&#8221;.<\/em><\/p>\n<p><strong>Nardella ha sottolineato che<\/strong> &#8220;<em>abbiamo anche deciso da qui al primo dell&#8217;anno di annullare tutti gli eventi festivi nelle sedi comunali e dei quartieri, cos\u00ec come <strong>rivolgo un appello accorato a tutti i fiorentini a ridurre il pi\u00f9 possibile feste natalizie con grandi numeri di partecipanti<\/strong>, ed in ogni caso a mantenere regole di prudenza anche in queste circostanze, come ad esempio indossare le mascherine possibilmente Ffp2&#8243;.<\/em><\/p>\n<p><em>&#8220;Inoltre &#8211; <\/em><strong>ha concluso <\/strong><em>&#8211; abbiamo stabilito di prorogare l&#8217;ordinanza relative alle mascherine obbligatorie all&#8217;aperto tutti i giorni fino all&#8217;8 gennaio, Befana compresa&#8221;.\u00a0<\/em><\/p>\n<p><strong>Il presidente della Regione Toscana Eugenio Giani<\/strong> ha dichiarato: <em>&#8220;C&#8217;\u00e8 un aumento forte dei contagi, stamattina ho visto il dato di 2mila nuovi casi e mi sono preoccupato, ma le ospedalizzazioni sono 12 e tre i ricoveri in terapia intensiva. Questo significa che la positivit\u00e0 va sugli immunizzati con il vaccino che se lo gestiscono in casa. Abbiamo una situazione che ci consente di essere in zona bianca sia a Natale che a Capodanno. La Toscana sta saldamente in zona bianca&#8221;.<\/em><\/p>\n<p>Per Giani, tuttavia &#8220;<em>sarebbe da irresponsabili non rendersi conto che dobbiamo attuare politiche per tenere sotto controllo il virus. Ora arriviamo a Natale ma poi spero che i contatti tra le persone si possano diradare per evitare i contagi.<strong> Ritengo siano giusti i provvedimenti dei sindaci che evitano assembramenti in piazza&#8221;.\u00a0<\/strong><\/em><\/p>\n","protected":false},"excerpt":{"rendered":"<p>Il sindaco Nardella: &#8220;rivolgo un appello accorato a tutti i fiorentini a ridurre il pi\u00f9 possibile feste natalizie con grandi numeri di partecipanti&#8221;<\/p>\n","protected":false},"author":525,"featured_media":204010,"comment_status":"open","ping_status":"open","sticky":false,"template":"","format":"standard","meta":{"_acf_changed":false,"footnotes":""},"categories":[494],"tags":[5185,157,202],"class_list":["post-204577","post","type-post","status-publish","format-standard","has-post-thumbnail","hentry","category-attualita","tag-capodanno","tag-dario-nardella","tag-firenze"],"acf":[],"yoast_head":"<!-- This site is optimized with the Yoast SEO Premium plugin v24.2 (Yoast SEO v25.6) - https:\/\/yoast.com\/wordpress\/plugins\/seo\/ -->\n<title>Covid-19: annullati tutti gli eventi per il Capodanno a Firenze - intoscana<\/title>\n<meta name=\"description\" content=\"Il sindaco Nardella: &quot;rivolgo un appello a tutti i fiorentini a ridurre il pi\u00f9 possibile feste natalizie con grandi numeri di partecipanti&quot;\" \/>\n<meta name=\"robots\" content=\"index, follow, max-snippet:-1, max-image-preview:large, max-video-preview:-1\" \/>\n<link rel=\"canonical\" href=\"https:\/\/www.intoscana.it\/it\/covid-19-annullati-tutti-gli-eventi-per-il-capodanno-a-firenze\/\" \/>\n<meta property=\"og:locale\" content=\"it_IT\" \/>\n<meta property=\"og:type\" content=\"article\" \/>\n<meta property=\"og:title\" content=\"Covid-19: annullati tutti gli eventi per il Capodanno a Firenze\" \/>\n<meta property=\"og:description\" content=\"Il sindaco Nardella: &quot;rivolgo un appello a tutti i fiorentini a ridurre il pi\u00f9 possibile feste natalizie con grandi numeri di partecipanti&quot;\" \/>\n<meta property=\"og:url\" content=\"https:\/\/www.intoscana.it\/it\/covid-19-annullati-tutti-gli-eventi-per-il-capodanno-a-firenze\/\" \/>\n<meta property=\"og:site_name\" content=\"intoscana\" \/>\n<meta property=\"article:publisher\" content=\"https:\/\/www.facebook.com\/intoscana.it\" \/>\n<meta property=\"article:published_time\" content=\"2021-12-22T11:15:52+00:00\" \/>\n<meta property=\"article:modified_time\" content=\"2021-12-22T13:46:48+00:00\" \/>\n<meta property=\"og:image\" content=\"https:\/\/www.intoscana.it\/wp-content\/uploads\/Capodanno-Firenze-scaled.jpg\" \/>\n\t<meta property=\"og:image:width\" content=\"2048\" \/>\n\t<meta property=\"og:image:height\" content=\"1365\" \/>\n\t<meta property=\"og:image:type\" content=\"image\/jpeg\" \/>\n<meta name=\"author\" content=\"Redazione\" \/>\n<meta name=\"twitter:card\" content=\"summary_large_image\" \/>\n<meta name=\"twitter:creator\" content=\"@intoscana\" \/>\n<meta name=\"twitter:site\" content=\"@intoscana\" \/>\n<meta name=\"twitter:label1\" content=\"Written by\" \/>\n\t<meta name=\"twitter:data1\" content=\"Redazione\" \/>\n\t<meta name=\"twitter:label2\" content=\"Est. reading time\" \/>\n\t<meta name=\"twitter:data2\" content=\"2 minuti\" \/>\n<script type=\"application\/ld+json\" class=\"yoast-schema-graph\">{\"@context\":\"https:\/\/schema.org\",\"@graph\":[{\"@type\":\"WebPage\",\"@id\":\"https:\/\/www.intoscana.it\/it\/covid-19-annullati-tutti-gli-eventi-per-il-capodanno-a-firenze\/\",\"url\":\"https:\/\/www.intoscana.it\/it\/covid-19-annullati-tutti-gli-eventi-per-il-capodanno-a-firenze\/\",\"name\":\"Covid-19: annullati tutti gli eventi per il Capodanno a Firenze - intoscana\",\"isPartOf\":{\"@id\":\"https:\/\/www.intoscana.it\/it\/#website\"},\"primaryImageOfPage\":{\"@id\":\"https:\/\/www.intoscana.it\/it\/covid-19-annullati-tutti-gli-eventi-per-il-capodanno-a-firenze\/#primaryimage\"},\"image\":{\"@id\":\"https:\/\/www.intoscana.it\/it\/covid-19-annullati-tutti-gli-eventi-per-il-capodanno-a-firenze\/#primaryimage\"},\"thumbnailUrl\":\"https:\/\/www.intoscana.it\/wp-content\/uploads\/Capodanno-Firenze-scaled.jpg\",\"datePublished\":\"2021-12-22T11:15:52+00:00\",\"dateModified\":\"2021-12-22T13:46:48+00:00\",\"author\":{\"@id\":\"https:\/\/www.intoscana.it\/it\/#\/schema\/person\/9223810753230f20bd670fdd322661f8\"},\"description\":\"Il sindaco Nardella: \\\"rivolgo un appello a tutti i fiorentini a ridurre il pi\u00f9 possibile feste natalizie con grandi numeri di partecipanti\\\"\",\"breadcrumb\":{\"@id\":\"https:\/\/www.intoscana.it\/it\/covid-19-annullati-tutti-gli-eventi-per-il-capodanno-a-firenze\/#breadcrumb\"},\"inLanguage\":\"it-IT\",\"potentialAction\":[{\"@type\":\"ReadAction\",\"target\":[\"https:\/\/www.intoscana.it\/it\/covid-19-annullati-tutti-gli-eventi-per-il-capodanno-a-firenze\/\"]}]},{\"@type\":\"ImageObject\",\"inLanguage\":\"it-IT\",\"@id\":\"https:\/\/www.intoscana.it\/it\/covid-19-annullati-tutti-gli-eventi-per-il-capodanno-a-firenze\/#primaryimage\",\"url\":\"https:\/\/www.intoscana.it\/wp-content\/uploads\/Capodanno-Firenze-scaled.jpg\",\"contentUrl\":\"https:\/\/www.intoscana.it\/wp-content\/uploads\/Capodanno-Firenze-scaled.jpg\",\"width\":2048,\"height\":1365,\"caption\":\"Capodanno Firenze\"},{\"@type\":\"BreadcrumbList\",\"@id\":\"https:\/\/www.intoscana.it\/it\/covid-19-annullati-tutti-gli-eventi-per-il-capodanno-a-firenze\/#breadcrumb\",\"itemListElement\":[{\"@type\":\"ListItem\",\"position\":1,\"name\":\"Home\",\"item\":\"https:\/\/www.intoscana.it\/it\/\"},{\"@type\":\"ListItem\",\"position\":2,\"name\":\"Covid-19: annullati tutti gli eventi per il Capodanno a Firenze\"}]},{\"@type\":\"WebSite\",\"@id\":\"https:\/\/www.intoscana.it\/it\/#website\",\"url\":\"https:\/\/www.intoscana.it\/it\/\",\"name\":\"intoscana\",\"description\":\"\",\"potentialAction\":[{\"@type\":\"SearchAction\",\"target\":{\"@type\":\"EntryPoint\",\"urlTemplate\":\"https:\/\/www.intoscana.it\/it\/?s={search_term_string}\"},\"query-input\":{\"@type\":\"PropertyValueSpecification\",\"valueRequired\":true,\"valueName\":\"search_term_string\"}}],\"inLanguage\":\"it-IT\"},{\"@type\":\"Person\",\"@id\":\"https:\/\/www.intoscana.it\/it\/#\/schema\/person\/9223810753230f20bd670fdd322661f8\",\"name\":\"Redazione\",\"url\":\"https:\/\/www.intoscana.it\/it\/author\/redazione\/\"}]}<\/script>\n<!-- \/ Yoast SEO Premium plugin. -->","yoast_head_json":{"title":"Covid-19: annullati tutti gli eventi per il Capodanno a Firenze - intoscana","description":"Il sindaco Nardella: \"rivolgo un appello a tutti i fiorentini a ridurre il pi\u00f9 possibile feste natalizie con grandi numeri di partecipanti\"","robots":{"index":"index","follow":"follow","max-snippet":"max-snippet:-1","max-image-preview":"max-image-preview:large","max-video-preview":"max-video-preview:-1"},"canonical":"https:\/\/www.intoscana.it\/it\/covid-19-annullati-tutti-gli-eventi-per-il-capodanno-a-firenze\/","og_locale":"it_IT","og_type":"article","og_title":"Covid-19: annullati tutti gli eventi per il Capodanno a Firenze","og_description":"Il sindaco Nardella: \"rivolgo un appello a tutti i fiorentini a ridurre il pi\u00f9 possibile feste natalizie con grandi numeri di partecipanti\"","og_url":"https:\/\/www.intoscana.it\/it\/covid-19-annullati-tutti-gli-eventi-per-il-capodanno-a-firenze\/","og_site_name":"intoscana","article_publisher":"https:\/\/www.facebook.com\/intoscana.it","article_published_time":"2021-12-22T11:15:52+00:00","article_modified_time":"2021-12-22T13:46:48+00:00","og_image":[{"width":2048,"height":1365,"url":"https:\/\/www.intoscana.it\/wp-content\/uploads\/Capodanno-Firenze-scaled.jpg","type":"image\/jpeg"}],"author":"Redazione","twitter_card":"summary_large_image","twitter_creator":"@intoscana","twitter_site":"@intoscana","twitter_misc":{"Written by":"Redazione","Est. reading time":"2 minuti"},"schema":{"@context":"https:\/\/schema.org","@graph":[{"@type":"WebPage","@id":"https:\/\/www.intoscana.it\/it\/covid-19-annullati-tutti-gli-eventi-per-il-capodanno-a-firenze\/","url":"https:\/\/www.intoscana.it\/it\/covid-19-annullati-tutti-gli-eventi-per-il-capodanno-a-firenze\/","name":"Covid-19: annullati tutti gli eventi per il Capodanno a Firenze - intoscana","isPartOf":{"@id":"https:\/\/www.intoscana.it\/it\/#website"},"primaryImageOfPage":{"@id":"https:\/\/www.intoscana.it\/it\/covid-19-annullati-tutti-gli-eventi-per-il-capodanno-a-firenze\/#primaryimage"},"image":{"@id":"https:\/\/www.intoscana.it\/it\/covid-19-annullati-tutti-gli-eventi-per-il-capodanno-a-firenze\/#primaryimage"},"thumbnailUrl":"https:\/\/www.intoscana.it\/wp-content\/uploads\/Capodanno-Firenze-scaled.jpg","datePublished":"2021-12-22T11:15:52+00:00","dateModified":"2021-12-22T13:46:48+00:00","author":{"@id":"https:\/\/www.intoscana.it\/it\/#\/schema\/person\/9223810753230f20bd670fdd322661f8"},"description":"Il sindaco Nardella: \"rivolgo un appello a tutti i fiorentini a ridurre il pi\u00f9 possibile feste natalizie con grandi numeri di partecipanti\"","breadcrumb":{"@id":"https:\/\/www.intoscana.it\/it\/covid-19-annullati-tutti-gli-eventi-per-il-capodanno-a-firenze\/#breadcrumb"},"inLanguage":"it-IT","potentialAction":[{"@type":"ReadAction","target":["https:\/\/www.intoscana.it\/it\/covid-19-annullati-tutti-gli-eventi-per-il-capodanno-a-firenze\/"]}]},{"@type":"ImageObject","inLanguage":"it-IT","@id":"https:\/\/www.intoscana.it\/it\/covid-19-annullati-tutti-gli-eventi-per-il-capodanno-a-firenze\/#primaryimage","url":"https:\/\/www.intoscana.it\/wp-content\/uploads\/Capodanno-Firenze-scaled.jpg","contentUrl":"https:\/\/www.intoscana.it\/wp-content\/uploads\/Capodanno-Firenze-scaled.jpg","width":2048,"height":1365,"caption":"Capodanno Firenze"},{"@type":"BreadcrumbList","@id":"https:\/\/www.intoscana.it\/it\/covid-19-annullati-tutti-gli-eventi-per-il-capodanno-a-firenze\/#breadcrumb","itemListElement":[{"@type":"ListItem","position":1,"name":"Home","item":"https:\/\/www.intoscana.it\/it\/"},{"@type":"ListItem","position":2,"name":"Covid-19: annullati tutti gli eventi per il Capodanno a Firenze"}]},{"@type":"WebSite","@id":"https:\/\/www.intoscana.it\/it\/#website","url":"https:\/\/www.intoscana.it\/it\/","name":"intoscana","description":"","potentialAction":[{"@type":"SearchAction","target":{"@type":"EntryPoint","urlTemplate":"https:\/\/www.intoscana.it\/it\/?s={search_term_string}"},"query-input":{"@type":"PropertyValueSpecification","valueRequired":true,"valueName":"search_term_string"}}],"inLanguage":"it-IT"},{"@type":"Person","@id":"https:\/\/www.intoscana.it\/it\/#\/schema\/person\/9223810753230f20bd670fdd322661f8","name":"Redazione","url":"https:\/\/www.intoscana.it\/it\/author\/redazione\/"}]}},"_links":{"self":[{"href":"https:\/\/www.intoscana.it\/it\/wp-json\/wp\/v2\/posts\/204577","targetHints":{"allow":["GET"]}}],"collection":[{"href":"https:\/\/www.intoscana.it\/it\/wp-json\/wp\/v2\/posts"}],"about":[{"href":"https:\/\/www.intoscana.it\/it\/wp-json\/wp\/v2\/types\/post"}],"author":[{"embeddable":true,"href":"https:\/\/www.intoscana.it\/it\/wp-json\/wp\/v2\/users\/525"}],"replies":[{"embeddable":true,"href":"https:\/\/www.intoscana.it\/it\/wp-json\/wp\/v2\/comments?post=204577"}],"version-history":[{"count":0,"href":"https:\/\/www.intoscana.it\/it\/wp-json\/wp\/v2\/posts\/204577\/revisions"}],"wp:featuredmedia":[{"embeddable":true,"href":"https:\/\/www.intoscana.it\/it\/wp-json\/wp\/v2\/media\/204010"}],"wp:attachment":[{"href":"https:\/\/www.intoscana.it\/it\/wp-json\/wp\/v2\/media?parent=204577"}],"wp:term":[{"taxonomy":"category","embeddable":true,"href":"https:\/\/www.intoscana.it\/it\/wp-json\/wp\/v2\/categories?post=204577"},{"taxonomy":"post_tag","embeddable":true,"href":"https:\/\/www.intoscana.it\/it\/wp-json\/wp\/v2\/tags?post=204577"}],"curies":[{"name":"wp","href":"https:\/\/api.w.org\/{rel}","templated":true}]}}