{"id":204596,"date":"2021-12-22T14:23:10","date_gmt":"2021-12-22T13:23:10","guid":{"rendered":"https:\/\/www.intoscana.it\/it\/?p=204596"},"modified":"2021-12-22T14:23:26","modified_gmt":"2021-12-22T13:23:26","slug":"foreste-bando-da-116-milioni-per-attivita-di-prevenzione-danni-e-incendi","status":"publish","type":"post","link":"https:\/\/www.intoscana.it\/it\/foreste-bando-da-116-milioni-per-attivita-di-prevenzione-danni-e-incendi\/","title":{"rendered":"Foreste, bando da 11,6 milioni per attivit\u00e0 di prevenzione danni e incendi"},"content":{"rendered":"<p>Vale 11,6 milioni di euro il bando del Piano di sviluppo rurale per il periodo transitorio 2021-2022 destinato ai proprietari e possessori di superfici forestali, sia privati che pubblici per prevenire danni alle foreste.\u00a0I fondi saranno da impiegare per preservare gli ecosistemi forestali, migliorarne la funzionalit\u00e0 e garantire la pubblica incolumit\u00e0.<\/p>\n<p>Si va dagli interventi per la prevenzione contro gli incendi boschivi, opere ed infrastrutture, nonch\u00e9 operazioni selvicolturali funzionali alle attivit\u00e0 di contrasto e lotta agli incendi, fino ad interventi realizzati all\u2019interno delle aree forestali cos\u00ec da prevenire il rischio di calamit\u00e0 naturali o fenomeni di degrado e dissesto idrogeologico.<\/p>\n<p>\u201cSi tratta di un impegno considerevole per il mantenimento del nostro patrimonio forestale che rappresenta oltre il 50 per cento della superficie complessiva \u00a0&#8211; ha commentato la vicepresidente e assessora all\u2019agroalimentare e alle foreste Stefania Saccardi &#8211; e la cui importanza, non solo paesaggistica ma anche e soprattutto per il complesso delle funzioni che il bosco svolge per l\u2019intera popolazione, \u00e8 evidente per il contrasto ai cambiamenti climatici. Un\u2019attenzione particolare \u00e8 stata messa nel riconoscere il ruolo che le foreste rappresentano per le aree montane e collinari, laddove il contrasto all\u2019abbandono passa dalla corretta valorizzazione delle risorse locali e dal contrasto alle condizioni di rischio in grado di rendere le comunit\u00e0 locali maggiormente resilienti ai profondi cambiamenti in atto. Rendere pi\u00f9 sicure le aree della montagna e della collina significa fare un servizio per tutta la popolazione della Toscana\u201d.<\/p>\n<p>In questo senso il bando ha aggiunto una priorit\u00e0 per gli interventi che saranno eseguiti nei territori \u00a0dei Comuni ricompresi nelle aree elegibili alla Strategia nazionale per le aree interne, ovvero quelle aree della Toscana che maggiormente presentano situazioni di criticit\u00e0 e spopolamento.<\/p>\n<p><strong>La presentazione delle domande di aiuto deve avvenire entro le ore 13 del 29 aprile 2022<\/strong> tramite il sistema informativo ARTEA.\u00a0Ulteriori informazioni ed il testo del bando possono essere reperite sul <a href=\"https:\/\/www.regione.toscana.it\/psr-2014-2020\">sito<\/a> istituzionale di Regione Toscana.<\/p>\n","protected":false},"excerpt":{"rendered":"<p>Si va dagli interventi per la prevenzione contro gli incendi boschivi, opere ed infrastrutture, nonch\u00e9 operazioni selvicolturali funzionali alle attivit\u00e0 di contrasto e lotta agli incendi, fino ad interventi volti a prevenire il rischio di calamit\u00e0 naturali o fenomeni di degrado e dissesto idrogeologico<\/p>\n","protected":false},"author":525,"featured_media":80067,"comment_status":"open","ping_status":"open","sticky":false,"template":"","format":"standard","meta":{"_acf_changed":false,"footnotes":""},"categories":[494],"tags":[376,5929,4769],"class_list":["post-204596","post","type-post","status-publish","format-standard","has-post-thumbnail","hentry","category-attualita","tag-bando","tag-foreste","tag-stefania-saccardi"],"acf":[],"yoast_head":"<!-- This site is optimized with the Yoast SEO Premium plugin v24.2 (Yoast SEO v25.6) - https:\/\/yoast.com\/wordpress\/plugins\/seo\/ -->\n<title>Foreste, bando da 11,6 milioni per attivit\u00e0 di prevenzione danni e incendi - intoscana<\/title>\n<meta name=\"description\" content=\"Saccardi: &quot;Impegno per il mantenimento del nostro patrimonio forestale&quot;. Le domande dovranno pervenire entro il 29 aprile 2022\" \/>\n<meta name=\"robots\" content=\"index, follow, max-snippet:-1, max-image-preview:large, max-video-preview:-1\" \/>\n<link rel=\"canonical\" href=\"https:\/\/www.intoscana.it\/it\/foreste-bando-da-116-milioni-per-attivita-di-prevenzione-danni-e-incendi\/\" \/>\n<meta property=\"og:locale\" content=\"it_IT\" \/>\n<meta property=\"og:type\" content=\"article\" \/>\n<meta property=\"og:title\" content=\"Foreste, bando da 11,6 milioni per attivit\u00e0 di prevenzione danni e incendi\" \/>\n<meta property=\"og:description\" content=\"Saccardi: &quot;Impegno per il mantenimento del nostro patrimonio forestale&quot;. Le domande dovranno pervenire entro il 29 aprile 2022\" \/>\n<meta property=\"og:url\" content=\"https:\/\/www.intoscana.it\/it\/foreste-bando-da-116-milioni-per-attivita-di-prevenzione-danni-e-incendi\/\" \/>\n<meta property=\"og:site_name\" content=\"intoscana\" \/>\n<meta property=\"article:publisher\" content=\"https:\/\/www.facebook.com\/intoscana.it\" \/>\n<meta property=\"article:published_time\" content=\"2021-12-22T13:23:10+00:00\" \/>\n<meta property=\"article:modified_time\" content=\"2021-12-22T13:23:26+00:00\" \/>\n<meta property=\"og:image\" content=\"https:\/\/www.intoscana.it\/wp-content\/uploads\/forestecasentinesi-3.jpg\" \/>\n\t<meta property=\"og:image:width\" content=\"2000\" \/>\n\t<meta property=\"og:image:height\" content=\"1333\" \/>\n\t<meta property=\"og:image:type\" content=\"image\/jpeg\" \/>\n<meta name=\"author\" content=\"Redazione\" \/>\n<meta name=\"twitter:card\" content=\"summary_large_image\" \/>\n<meta name=\"twitter:creator\" content=\"@intoscana\" \/>\n<meta name=\"twitter:site\" content=\"@intoscana\" \/>\n<meta name=\"twitter:label1\" content=\"Written by\" \/>\n\t<meta name=\"twitter:data1\" content=\"Redazione\" \/>\n\t<meta name=\"twitter:label2\" content=\"Est. reading time\" \/>\n\t<meta name=\"twitter:data2\" content=\"2 minuti\" \/>\n<script type=\"application\/ld+json\" class=\"yoast-schema-graph\">{\"@context\":\"https:\/\/schema.org\",\"@graph\":[{\"@type\":\"WebPage\",\"@id\":\"https:\/\/www.intoscana.it\/it\/foreste-bando-da-116-milioni-per-attivita-di-prevenzione-danni-e-incendi\/\",\"url\":\"https:\/\/www.intoscana.it\/it\/foreste-bando-da-116-milioni-per-attivita-di-prevenzione-danni-e-incendi\/\",\"name\":\"Foreste, bando da 11,6 milioni per attivit\u00e0 di prevenzione danni e incendi - intoscana\",\"isPartOf\":{\"@id\":\"https:\/\/www.intoscana.it\/it\/#website\"},\"primaryImageOfPage\":{\"@id\":\"https:\/\/www.intoscana.it\/it\/foreste-bando-da-116-milioni-per-attivita-di-prevenzione-danni-e-incendi\/#primaryimage\"},\"image\":{\"@id\":\"https:\/\/www.intoscana.it\/it\/foreste-bando-da-116-milioni-per-attivita-di-prevenzione-danni-e-incendi\/#primaryimage\"},\"thumbnailUrl\":\"https:\/\/www.intoscana.it\/wp-content\/uploads\/forestecasentinesi-3.jpg\",\"datePublished\":\"2021-12-22T13:23:10+00:00\",\"dateModified\":\"2021-12-22T13:23:26+00:00\",\"author\":{\"@id\":\"https:\/\/www.intoscana.it\/it\/#\/schema\/person\/9223810753230f20bd670fdd322661f8\"},\"description\":\"Saccardi: \\\"Impegno per il mantenimento del nostro patrimonio forestale\\\". Le domande dovranno pervenire entro il 29 aprile 2022\",\"breadcrumb\":{\"@id\":\"https:\/\/www.intoscana.it\/it\/foreste-bando-da-116-milioni-per-attivita-di-prevenzione-danni-e-incendi\/#breadcrumb\"},\"inLanguage\":\"it-IT\",\"potentialAction\":[{\"@type\":\"ReadAction\",\"target\":[\"https:\/\/www.intoscana.it\/it\/foreste-bando-da-116-milioni-per-attivita-di-prevenzione-danni-e-incendi\/\"]}]},{\"@type\":\"ImageObject\",\"inLanguage\":\"it-IT\",\"@id\":\"https:\/\/www.intoscana.it\/it\/foreste-bando-da-116-milioni-per-attivita-di-prevenzione-danni-e-incendi\/#primaryimage\",\"url\":\"https:\/\/www.intoscana.it\/wp-content\/uploads\/forestecasentinesi-3.jpg\",\"contentUrl\":\"https:\/\/www.intoscana.it\/wp-content\/uploads\/forestecasentinesi-3.jpg\",\"width\":2000,\"height\":1333,\"caption\":\"Parco Nazionale Foreste Casentinesi\"},{\"@type\":\"BreadcrumbList\",\"@id\":\"https:\/\/www.intoscana.it\/it\/foreste-bando-da-116-milioni-per-attivita-di-prevenzione-danni-e-incendi\/#breadcrumb\",\"itemListElement\":[{\"@type\":\"ListItem\",\"position\":1,\"name\":\"Home\",\"item\":\"https:\/\/www.intoscana.it\/it\/\"},{\"@type\":\"ListItem\",\"position\":2,\"name\":\"Foreste, bando da 11,6 milioni per attivit\u00e0 di prevenzione danni e incendi\"}]},{\"@type\":\"WebSite\",\"@id\":\"https:\/\/www.intoscana.it\/it\/#website\",\"url\":\"https:\/\/www.intoscana.it\/it\/\",\"name\":\"intoscana\",\"description\":\"\",\"potentialAction\":[{\"@type\":\"SearchAction\",\"target\":{\"@type\":\"EntryPoint\",\"urlTemplate\":\"https:\/\/www.intoscana.it\/it\/?s={search_term_string}\"},\"query-input\":{\"@type\":\"PropertyValueSpecification\",\"valueRequired\":true,\"valueName\":\"search_term_string\"}}],\"inLanguage\":\"it-IT\"},{\"@type\":\"Person\",\"@id\":\"https:\/\/www.intoscana.it\/it\/#\/schema\/person\/9223810753230f20bd670fdd322661f8\",\"name\":\"Redazione\",\"url\":\"https:\/\/www.intoscana.it\/it\/author\/redazione\/\"}]}<\/script>\n<!-- \/ Yoast SEO Premium plugin. -->","yoast_head_json":{"title":"Foreste, bando da 11,6 milioni per attivit\u00e0 di prevenzione danni e incendi - intoscana","description":"Saccardi: \"Impegno per il mantenimento del nostro patrimonio forestale\". Le domande dovranno pervenire entro il 29 aprile 2022","robots":{"index":"index","follow":"follow","max-snippet":"max-snippet:-1","max-image-preview":"max-image-preview:large","max-video-preview":"max-video-preview:-1"},"canonical":"https:\/\/www.intoscana.it\/it\/foreste-bando-da-116-milioni-per-attivita-di-prevenzione-danni-e-incendi\/","og_locale":"it_IT","og_type":"article","og_title":"Foreste, bando da 11,6 milioni per attivit\u00e0 di prevenzione danni e incendi","og_description":"Saccardi: \"Impegno per il mantenimento del nostro patrimonio forestale\". Le domande dovranno pervenire entro il 29 aprile 2022","og_url":"https:\/\/www.intoscana.it\/it\/foreste-bando-da-116-milioni-per-attivita-di-prevenzione-danni-e-incendi\/","og_site_name":"intoscana","article_publisher":"https:\/\/www.facebook.com\/intoscana.it","article_published_time":"2021-12-22T13:23:10+00:00","article_modified_time":"2021-12-22T13:23:26+00:00","og_image":[{"width":2000,"height":1333,"url":"https:\/\/www.intoscana.it\/wp-content\/uploads\/forestecasentinesi-3.jpg","type":"image\/jpeg"}],"author":"Redazione","twitter_card":"summary_large_image","twitter_creator":"@intoscana","twitter_site":"@intoscana","twitter_misc":{"Written by":"Redazione","Est. reading time":"2 minuti"},"schema":{"@context":"https:\/\/schema.org","@graph":[{"@type":"WebPage","@id":"https:\/\/www.intoscana.it\/it\/foreste-bando-da-116-milioni-per-attivita-di-prevenzione-danni-e-incendi\/","url":"https:\/\/www.intoscana.it\/it\/foreste-bando-da-116-milioni-per-attivita-di-prevenzione-danni-e-incendi\/","name":"Foreste, bando da 11,6 milioni per attivit\u00e0 di prevenzione danni e incendi - intoscana","isPartOf":{"@id":"https:\/\/www.intoscana.it\/it\/#website"},"primaryImageOfPage":{"@id":"https:\/\/www.intoscana.it\/it\/foreste-bando-da-116-milioni-per-attivita-di-prevenzione-danni-e-incendi\/#primaryimage"},"image":{"@id":"https:\/\/www.intoscana.it\/it\/foreste-bando-da-116-milioni-per-attivita-di-prevenzione-danni-e-incendi\/#primaryimage"},"thumbnailUrl":"https:\/\/www.intoscana.it\/wp-content\/uploads\/forestecasentinesi-3.jpg","datePublished":"2021-12-22T13:23:10+00:00","dateModified":"2021-12-22T13:23:26+00:00","author":{"@id":"https:\/\/www.intoscana.it\/it\/#\/schema\/person\/9223810753230f20bd670fdd322661f8"},"description":"Saccardi: \"Impegno per il mantenimento del nostro patrimonio forestale\". Le domande dovranno pervenire entro il 29 aprile 2022","breadcrumb":{"@id":"https:\/\/www.intoscana.it\/it\/foreste-bando-da-116-milioni-per-attivita-di-prevenzione-danni-e-incendi\/#breadcrumb"},"inLanguage":"it-IT","potentialAction":[{"@type":"ReadAction","target":["https:\/\/www.intoscana.it\/it\/foreste-bando-da-116-milioni-per-attivita-di-prevenzione-danni-e-incendi\/"]}]},{"@type":"ImageObject","inLanguage":"it-IT","@id":"https:\/\/www.intoscana.it\/it\/foreste-bando-da-116-milioni-per-attivita-di-prevenzione-danni-e-incendi\/#primaryimage","url":"https:\/\/www.intoscana.it\/wp-content\/uploads\/forestecasentinesi-3.jpg","contentUrl":"https:\/\/www.intoscana.it\/wp-content\/uploads\/forestecasentinesi-3.jpg","width":2000,"height":1333,"caption":"Parco Nazionale Foreste Casentinesi"},{"@type":"BreadcrumbList","@id":"https:\/\/www.intoscana.it\/it\/foreste-bando-da-116-milioni-per-attivita-di-prevenzione-danni-e-incendi\/#breadcrumb","itemListElement":[{"@type":"ListItem","position":1,"name":"Home","item":"https:\/\/www.intoscana.it\/it\/"},{"@type":"ListItem","position":2,"name":"Foreste, bando da 11,6 milioni per attivit\u00e0 di prevenzione danni e incendi"}]},{"@type":"WebSite","@id":"https:\/\/www.intoscana.it\/it\/#website","url":"https:\/\/www.intoscana.it\/it\/","name":"intoscana","description":"","potentialAction":[{"@type":"SearchAction","target":{"@type":"EntryPoint","urlTemplate":"https:\/\/www.intoscana.it\/it\/?s={search_term_string}"},"query-input":{"@type":"PropertyValueSpecification","valueRequired":true,"valueName":"search_term_string"}}],"inLanguage":"it-IT"},{"@type":"Person","@id":"https:\/\/www.intoscana.it\/it\/#\/schema\/person\/9223810753230f20bd670fdd322661f8","name":"Redazione","url":"https:\/\/www.intoscana.it\/it\/author\/redazione\/"}]}},"_links":{"self":[{"href":"https:\/\/www.intoscana.it\/it\/wp-json\/wp\/v2\/posts\/204596","targetHints":{"allow":["GET"]}}],"collection":[{"href":"https:\/\/www.intoscana.it\/it\/wp-json\/wp\/v2\/posts"}],"about":[{"href":"https:\/\/www.intoscana.it\/it\/wp-json\/wp\/v2\/types\/post"}],"author":[{"embeddable":true,"href":"https:\/\/www.intoscana.it\/it\/wp-json\/wp\/v2\/users\/525"}],"replies":[{"embeddable":true,"href":"https:\/\/www.intoscana.it\/it\/wp-json\/wp\/v2\/comments?post=204596"}],"version-history":[{"count":0,"href":"https:\/\/www.intoscana.it\/it\/wp-json\/wp\/v2\/posts\/204596\/revisions"}],"wp:featuredmedia":[{"embeddable":true,"href":"https:\/\/www.intoscana.it\/it\/wp-json\/wp\/v2\/media\/80067"}],"wp:attachment":[{"href":"https:\/\/www.intoscana.it\/it\/wp-json\/wp\/v2\/media?parent=204596"}],"wp:term":[{"taxonomy":"category","embeddable":true,"href":"https:\/\/www.intoscana.it\/it\/wp-json\/wp\/v2\/categories?post=204596"},{"taxonomy":"post_tag","embeddable":true,"href":"https:\/\/www.intoscana.it\/it\/wp-json\/wp\/v2\/tags?post=204596"}],"curies":[{"name":"wp","href":"https:\/\/api.w.org\/{rel}","templated":true}]}}