{"id":204666,"date":"2021-12-23T12:15:04","date_gmt":"2021-12-23T11:15:04","guid":{"rendered":"https:\/\/www.intoscana.it\/it\/?p=204666"},"modified":"2022-11-14T23:08:31","modified_gmt":"2022-11-14T22:08:31","slug":"il-primo-panettone-contadino-e-toscano","status":"publish","type":"post","link":"https:\/\/www.intoscana.it\/it\/il-primo-panettone-contadino-e-toscano\/","title":{"rendered":"Il primo panettone contadino \u00e8 toscano, parola di Coldiretti"},"content":{"rendered":"<p>E&#8217; Made in Tuscany il <strong>primo panettone contadino<\/strong>. Campagna Amica, la rete della filiera corta di Coldiretti, l&#8217;ha scelto per rappresentare la biodiversit\u00e0 del territorio toscano. Una realt\u00e0 che si punta a rilanciare <strong>attraverso<\/strong> <strong>il recupero e la riscoperta <\/strong>di specie vegetali e animali desuete o quasi scomparse e con <strong>produzioni agricole a rischio abbandono<\/strong>\u00a0causa spopolamento delle campagne.<\/p>\n<p>Ma cosa rende <strong>speciale il panettone contadino<\/strong> rispetto ad altri prodotti da forno? Viene realizzato con metodo tradizionale, cotto nel forno a legna e usando esclusivamente ingredienti Made in Toscana di <strong>aziende agricole del Pistoiese<\/strong>.\u00a0Il panettone contadino viene realizzato da <strong>Fabio Bizzarri<\/strong> dell\u2019<strong>azienda agricola bio \u201cIl Sottobosco\u201d<\/strong>. Un volto noto per Coldiretti: \u00e8 uno dei contadini eroici toscani che da sempre punta a valorizzare prodotti legati al territorio e alla tradizione contadina. Porta avanti questo suo discorso attraverso novit\u00e0 come nel caso del dolce natalizio.<\/p>\n<p>\u201c<em>Il panettone del Sottobosco \u00e8 fatto<\/em> \u2013 spiega <strong>Bizzarri<\/strong>, produttore della rete Coldiretti-Campagna Amica che si \u00e8 specializzato anche nella panificazione &#8211; <em>con burro di allevamenti della montagna, con farina delle colline del Montalbano pistoiese, e poi ha altre peculiarit\u00e0: usiamo lievito madre al sacco, quindi non in polvere, che viene lasciato lievitare per 24 ore ed \u00e8 cotto in forno a legna. Tutti gli ingredienti sono agricoli e provengono da aziende del territorio. Al posto dei canditi ci sono i nostri frutti di bosco<\/em>\u201d.<\/p>\n<figure id=\"post-204670 media-204670\" class=\"align-none\"><img decoding=\"async\" src=\"https:\/\/www.intoscana.it\/wp-content\/uploads\/Il-panettone-contadino-di-Campagna-Amica-1-scaled.jpg\" alt=\"\" \/><\/figure>\n<div class=\"titleimg\">Fabio Bizzarri e il panettone contadino che ha ricevuto il sigillo di Campagna Amica<\/div>\n<p>A Bizzarri e al suo panettone il plauso di <strong>Campagna Amica<\/strong> per aver contribuito a <mark>recuperare, valorizzare e fare conoscere ai consumatori i \u201c<em>sigilli di Campagna Amica<\/em>\u201d, ovvero i prodotti della biodiversit\u00e0 agricola<\/mark> che nel corso dei decenni sono stati strappati all\u2019estinzione o indissolubilmente legati a territori specifici. In Italia nel secolo scorso, sottolinea la Coldiretti,\u00a0si contavano <strong>8.000 variet\u00e0 di frutta<\/strong>, mentre oggi si arriva a <strong>poco meno di 2.000<\/strong> e di queste ben 1.500 sono considerate <strong>a rischio di scomparsa<\/strong>, ma la perdita di biodiversit\u00e0 riguarda l\u2019intero sistema agricolo, dagli ortaggi ai cereali, dagli ulivi fino ai vigneti.<\/p>\n<p>In Toscana sono <strong>22 i \u201cSigilli\u201d <\/strong>inseriti nel censimento nazionale e a loro volta censiti tra i prodotti agricoli tradizionali toscani, <strong>26 i contadini custodi<\/strong> che li producono garantendone la sopravvivenza attraverso la vendita diretta. Si tratta del carciofo Sanminiatese, variet\u00e0 selezionata dai contadini due secoli fa, della ciliegia di Lari, del fagiolino Zolfino, del Marrone di Caprese Michelangelo, del Mucco Pisano, della patata bianca del Melo, del pecorino a latte crudo abbucciato, del pecorino di latte crudo di Pistoia, del pecorino delle Balze Volterrane, della pesca Regina di Londa, del pomodoro grinzoso Sanminiatese, del pomodoro Pisanello, del raviggiolo di latte vaccino del Mugello, del suino di Cinta Senese, della vacca Calvana, dello Zafferano delle Colline Fiorentine (Zima di Firenze), della zucchina Mora Pisana a cui si sono aggiunti l\u2019aglione della Valdichiana, il fagiolo di venanzio, la piatella pisana, il fagiolo piattello, il pomodoro perina a punta della Valtiberina, del fico di Carmignano e del testarolo.<\/p>\n<p>\u201c<em>I sigilli<\/em> \u2013 spiega <strong>Fabrizio Filippi<\/strong>, Presidente Coldiretti Toscana \u2013 <em>sono i prodotti agricoli ed animali testimonial della nostra tradizione agricola. I sigilli valorizzano, insieme al prodotto, l\u2019imprenditore agricolo, a cui va il merito di aver continuato a conservare semi antichi, piante centenarie e razze autoctone legate da secoli alla storia del nostro paese. I nostri mercati di Campagna Amica, 42 quelli che settimanalmente si alternano nelle piazze di citt\u00e0 e borghi, di cui 4 coperti, e ai centinaia di punti vendita disseminati in tutta la regione, sono il canale privilegiato per trovarli ma anche il canale commerciale attraverso il quale sono tornati protagonisti delle nostre terre, delle nostre stalle e delle nostre tavole<\/em>\u201d.<\/p>\n<p>\u201c<em>La difesa della biodiversit\u00e0 non ha solo un valore naturalistico, ma \u00e8 anche il vero valore aggiunto delle produzioni agricole Made in Italy<\/em> \u2013 conclude il presidente di <strong>Coldiretti Toscana, Filippi<\/strong> &#8211; <em>Investire sulla distintivit\u00e0 \u00e8 una condizione necessaria per le imprese agricole di distinguersi in termini di qualit\u00e0 delle produzioni e affrontare cos\u00ec il mercato globalizzato salvaguardando, difendendo e creando sistemi economici locali attorno al valore del cibo<\/em>\u201d.<\/p>\n","protected":false},"excerpt":{"rendered":"<p>I sigilli-testimonial della cultura agricola toscana salgono a 22 con il prodotto realizzato da un agricoltore custode per i mercati di Campagna Amica<\/p>\n","protected":false},"author":554,"featured_media":204672,"comment_status":"open","ping_status":"open","sticky":false,"template":"","format":"standard","meta":{"_acf_changed":false,"footnotes":""},"categories":[8],"tags":[357,409],"class_list":["post-204666","post","type-post","status-publish","format-standard","has-post-thumbnail","hentry","category-enogastronomia","tag-coldiretti","tag-natale"],"acf":[],"yoast_head":"<!-- This site is optimized with the Yoast SEO Premium plugin v24.2 (Yoast SEO v25.6) - https:\/\/yoast.com\/wordpress\/plugins\/seo\/ -->\n<title>Il primo panettone contadino \u00e8 toscano, parola di Coldiretti - intoscana<\/title>\n<meta name=\"description\" content=\"I sigilli-testimonial della cultura agricola toscana salgono a 22 con il prodotto realizzato da un agricoltore custode per i mercati di Campagna Amica\" \/>\n<meta name=\"robots\" content=\"index, follow, max-snippet:-1, max-image-preview:large, max-video-preview:-1\" \/>\n<link rel=\"canonical\" href=\"https:\/\/www.intoscana.it\/it\/il-primo-panettone-contadino-e-toscano\/\" \/>\n<meta property=\"og:locale\" content=\"it_IT\" \/>\n<meta property=\"og:type\" content=\"article\" \/>\n<meta property=\"og:title\" content=\"Il primo panettone contadino \u00e8 toscano, parola di Coldiretti\" \/>\n<meta property=\"og:description\" content=\"I sigilli-testimonial della cultura agricola toscana salgono a 22 con il prodotto realizzato da un agricoltore custode per i mercati di Campagna Amica\" \/>\n<meta property=\"og:url\" content=\"https:\/\/www.intoscana.it\/it\/il-primo-panettone-contadino-e-toscano\/\" \/>\n<meta property=\"og:site_name\" content=\"intoscana\" \/>\n<meta property=\"article:publisher\" content=\"https:\/\/www.facebook.com\/intoscana.it\" \/>\n<meta property=\"article:published_time\" content=\"2021-12-23T11:15:04+00:00\" \/>\n<meta property=\"article:modified_time\" content=\"2022-11-14T22:08:31+00:00\" \/>\n<meta property=\"og:image\" content=\"https:\/\/www.intoscana.it\/wp-content\/uploads\/Il-panettone-contadino-di-Campagna-Amica-scaled.jpg\" \/>\n\t<meta property=\"og:image:width\" content=\"2048\" \/>\n\t<meta property=\"og:image:height\" content=\"1365\" \/>\n\t<meta property=\"og:image:type\" content=\"image\/jpeg\" \/>\n<meta name=\"author\" content=\"Raffaella Galamini\" \/>\n<meta name=\"twitter:card\" content=\"summary_large_image\" \/>\n<meta name=\"twitter:creator\" content=\"@orio\" \/>\n<meta name=\"twitter:site\" content=\"@intoscana\" \/>\n<meta name=\"twitter:label1\" content=\"Written by\" \/>\n\t<meta name=\"twitter:data1\" content=\"Raffaella Galamini\" \/>\n\t<meta name=\"twitter:label2\" content=\"Est. reading time\" \/>\n\t<meta name=\"twitter:data2\" content=\"3 minuti\" \/>\n<script type=\"application\/ld+json\" class=\"yoast-schema-graph\">{\"@context\":\"https:\/\/schema.org\",\"@graph\":[{\"@type\":\"WebPage\",\"@id\":\"https:\/\/www.intoscana.it\/it\/il-primo-panettone-contadino-e-toscano\/\",\"url\":\"https:\/\/www.intoscana.it\/it\/il-primo-panettone-contadino-e-toscano\/\",\"name\":\"Il primo panettone contadino \u00e8 toscano, parola di Coldiretti - intoscana\",\"isPartOf\":{\"@id\":\"https:\/\/www.intoscana.it\/it\/#website\"},\"primaryImageOfPage\":{\"@id\":\"https:\/\/www.intoscana.it\/it\/il-primo-panettone-contadino-e-toscano\/#primaryimage\"},\"image\":{\"@id\":\"https:\/\/www.intoscana.it\/it\/il-primo-panettone-contadino-e-toscano\/#primaryimage\"},\"thumbnailUrl\":\"https:\/\/www.intoscana.it\/wp-content\/uploads\/Il-panettone-contadino-di-Campagna-Amica-scaled.jpg\",\"datePublished\":\"2021-12-23T11:15:04+00:00\",\"dateModified\":\"2022-11-14T22:08:31+00:00\",\"author\":{\"@id\":\"https:\/\/www.intoscana.it\/it\/#\/schema\/person\/9eb9daa846a49fe51af39a73d9d1986b\"},\"description\":\"I sigilli-testimonial della cultura agricola toscana salgono a 22 con il prodotto realizzato da un agricoltore custode per i mercati di Campagna Amica\",\"breadcrumb\":{\"@id\":\"https:\/\/www.intoscana.it\/it\/il-primo-panettone-contadino-e-toscano\/#breadcrumb\"},\"inLanguage\":\"it-IT\",\"potentialAction\":[{\"@type\":\"ReadAction\",\"target\":[\"https:\/\/www.intoscana.it\/it\/il-primo-panettone-contadino-e-toscano\/\"]}]},{\"@type\":\"ImageObject\",\"inLanguage\":\"it-IT\",\"@id\":\"https:\/\/www.intoscana.it\/it\/il-primo-panettone-contadino-e-toscano\/#primaryimage\",\"url\":\"https:\/\/www.intoscana.it\/wp-content\/uploads\/Il-panettone-contadino-di-Campagna-Amica-scaled.jpg\",\"contentUrl\":\"https:\/\/www.intoscana.it\/wp-content\/uploads\/Il-panettone-contadino-di-Campagna-Amica-scaled.jpg\",\"width\":2048,\"height\":1365},{\"@type\":\"BreadcrumbList\",\"@id\":\"https:\/\/www.intoscana.it\/it\/il-primo-panettone-contadino-e-toscano\/#breadcrumb\",\"itemListElement\":[{\"@type\":\"ListItem\",\"position\":1,\"name\":\"Home\",\"item\":\"https:\/\/www.intoscana.it\/it\/\"},{\"@type\":\"ListItem\",\"position\":2,\"name\":\"Il primo panettone contadino \u00e8 toscano, parola di Coldiretti\"}]},{\"@type\":\"WebSite\",\"@id\":\"https:\/\/www.intoscana.it\/it\/#website\",\"url\":\"https:\/\/www.intoscana.it\/it\/\",\"name\":\"intoscana\",\"description\":\"\",\"potentialAction\":[{\"@type\":\"SearchAction\",\"target\":{\"@type\":\"EntryPoint\",\"urlTemplate\":\"https:\/\/www.intoscana.it\/it\/?s={search_term_string}\"},\"query-input\":{\"@type\":\"PropertyValueSpecification\",\"valueRequired\":true,\"valueName\":\"search_term_string\"}}],\"inLanguage\":\"it-IT\"},{\"@type\":\"Person\",\"@id\":\"https:\/\/www.intoscana.it\/it\/#\/schema\/person\/9eb9daa846a49fe51af39a73d9d1986b\",\"name\":\"Raffaella Galamini\",\"sameAs\":[\"https:\/\/x.com\/orio\"],\"url\":\"https:\/\/www.intoscana.it\/it\/author\/r-galamini\/\"}]}<\/script>\n<!-- \/ Yoast SEO Premium plugin. -->","yoast_head_json":{"title":"Il primo panettone contadino \u00e8 toscano, parola di Coldiretti - intoscana","description":"I sigilli-testimonial della cultura agricola toscana salgono a 22 con il prodotto realizzato da un agricoltore custode per i mercati di Campagna Amica","robots":{"index":"index","follow":"follow","max-snippet":"max-snippet:-1","max-image-preview":"max-image-preview:large","max-video-preview":"max-video-preview:-1"},"canonical":"https:\/\/www.intoscana.it\/it\/il-primo-panettone-contadino-e-toscano\/","og_locale":"it_IT","og_type":"article","og_title":"Il primo panettone contadino \u00e8 toscano, parola di Coldiretti","og_description":"I sigilli-testimonial della cultura agricola toscana salgono a 22 con il prodotto realizzato da un agricoltore custode per i mercati di Campagna Amica","og_url":"https:\/\/www.intoscana.it\/it\/il-primo-panettone-contadino-e-toscano\/","og_site_name":"intoscana","article_publisher":"https:\/\/www.facebook.com\/intoscana.it","article_published_time":"2021-12-23T11:15:04+00:00","article_modified_time":"2022-11-14T22:08:31+00:00","og_image":[{"width":2048,"height":1365,"url":"https:\/\/www.intoscana.it\/wp-content\/uploads\/Il-panettone-contadino-di-Campagna-Amica-scaled.jpg","type":"image\/jpeg"}],"author":"Raffaella Galamini","twitter_card":"summary_large_image","twitter_creator":"@orio","twitter_site":"@intoscana","twitter_misc":{"Written by":"Raffaella Galamini","Est. reading time":"3 minuti"},"schema":{"@context":"https:\/\/schema.org","@graph":[{"@type":"WebPage","@id":"https:\/\/www.intoscana.it\/it\/il-primo-panettone-contadino-e-toscano\/","url":"https:\/\/www.intoscana.it\/it\/il-primo-panettone-contadino-e-toscano\/","name":"Il primo panettone contadino \u00e8 toscano, parola di Coldiretti - intoscana","isPartOf":{"@id":"https:\/\/www.intoscana.it\/it\/#website"},"primaryImageOfPage":{"@id":"https:\/\/www.intoscana.it\/it\/il-primo-panettone-contadino-e-toscano\/#primaryimage"},"image":{"@id":"https:\/\/www.intoscana.it\/it\/il-primo-panettone-contadino-e-toscano\/#primaryimage"},"thumbnailUrl":"https:\/\/www.intoscana.it\/wp-content\/uploads\/Il-panettone-contadino-di-Campagna-Amica-scaled.jpg","datePublished":"2021-12-23T11:15:04+00:00","dateModified":"2022-11-14T22:08:31+00:00","author":{"@id":"https:\/\/www.intoscana.it\/it\/#\/schema\/person\/9eb9daa846a49fe51af39a73d9d1986b"},"description":"I sigilli-testimonial della cultura agricola toscana salgono a 22 con il prodotto realizzato da un agricoltore custode per i mercati di Campagna Amica","breadcrumb":{"@id":"https:\/\/www.intoscana.it\/it\/il-primo-panettone-contadino-e-toscano\/#breadcrumb"},"inLanguage":"it-IT","potentialAction":[{"@type":"ReadAction","target":["https:\/\/www.intoscana.it\/it\/il-primo-panettone-contadino-e-toscano\/"]}]},{"@type":"ImageObject","inLanguage":"it-IT","@id":"https:\/\/www.intoscana.it\/it\/il-primo-panettone-contadino-e-toscano\/#primaryimage","url":"https:\/\/www.intoscana.it\/wp-content\/uploads\/Il-panettone-contadino-di-Campagna-Amica-scaled.jpg","contentUrl":"https:\/\/www.intoscana.it\/wp-content\/uploads\/Il-panettone-contadino-di-Campagna-Amica-scaled.jpg","width":2048,"height":1365},{"@type":"BreadcrumbList","@id":"https:\/\/www.intoscana.it\/it\/il-primo-panettone-contadino-e-toscano\/#breadcrumb","itemListElement":[{"@type":"ListItem","position":1,"name":"Home","item":"https:\/\/www.intoscana.it\/it\/"},{"@type":"ListItem","position":2,"name":"Il primo panettone contadino \u00e8 toscano, parola di Coldiretti"}]},{"@type":"WebSite","@id":"https:\/\/www.intoscana.it\/it\/#website","url":"https:\/\/www.intoscana.it\/it\/","name":"intoscana","description":"","potentialAction":[{"@type":"SearchAction","target":{"@type":"EntryPoint","urlTemplate":"https:\/\/www.intoscana.it\/it\/?s={search_term_string}"},"query-input":{"@type":"PropertyValueSpecification","valueRequired":true,"valueName":"search_term_string"}}],"inLanguage":"it-IT"},{"@type":"Person","@id":"https:\/\/www.intoscana.it\/it\/#\/schema\/person\/9eb9daa846a49fe51af39a73d9d1986b","name":"Raffaella Galamini","sameAs":["https:\/\/x.com\/orio"],"url":"https:\/\/www.intoscana.it\/it\/author\/r-galamini\/"}]}},"_links":{"self":[{"href":"https:\/\/www.intoscana.it\/it\/wp-json\/wp\/v2\/posts\/204666","targetHints":{"allow":["GET"]}}],"collection":[{"href":"https:\/\/www.intoscana.it\/it\/wp-json\/wp\/v2\/posts"}],"about":[{"href":"https:\/\/www.intoscana.it\/it\/wp-json\/wp\/v2\/types\/post"}],"author":[{"embeddable":true,"href":"https:\/\/www.intoscana.it\/it\/wp-json\/wp\/v2\/users\/554"}],"replies":[{"embeddable":true,"href":"https:\/\/www.intoscana.it\/it\/wp-json\/wp\/v2\/comments?post=204666"}],"version-history":[{"count":0,"href":"https:\/\/www.intoscana.it\/it\/wp-json\/wp\/v2\/posts\/204666\/revisions"}],"wp:featuredmedia":[{"embeddable":true,"href":"https:\/\/www.intoscana.it\/it\/wp-json\/wp\/v2\/media\/204672"}],"wp:attachment":[{"href":"https:\/\/www.intoscana.it\/it\/wp-json\/wp\/v2\/media?parent=204666"}],"wp:term":[{"taxonomy":"category","embeddable":true,"href":"https:\/\/www.intoscana.it\/it\/wp-json\/wp\/v2\/categories?post=204666"},{"taxonomy":"post_tag","embeddable":true,"href":"https:\/\/www.intoscana.it\/it\/wp-json\/wp\/v2\/tags?post=204666"}],"curies":[{"name":"wp","href":"https:\/\/api.w.org\/{rel}","templated":true}]}}