{"id":205445,"date":"2021-12-30T14:19:39","date_gmt":"2021-12-30T13:19:39","guid":{"rendered":"https:\/\/www.intoscana.it\/it\/?p=205445"},"modified":"2021-12-31T13:22:34","modified_gmt":"2021-12-31T12:22:34","slug":"covid-casi-raddoppiati-in-un-giorno-15-830-nuovi-positivi-nove-i-decessi","status":"publish","type":"post","link":"https:\/\/www.intoscana.it\/it\/covid-casi-raddoppiati-in-un-giorno-15-830-nuovi-positivi-nove-i-decessi\/","title":{"rendered":"Covid, casi raddoppiati in un giorno: 15.830 nuovi positivi. Nove i decessi"},"content":{"rendered":"<p>Un numero cos\u00ec alto non si era mai visto: i nuovi casi di <strong>Covid<\/strong> registrati in Toscana nelle ultime 24 ore sono 15.830 su 69.759 test, diecimila tamponi in pi\u00f9 di ieri, di cui 25.126 molecolari e 44.633 test rapidi. Un numero che si spiega anche alla luce della recente ordinanza del presidente della Regione, Eugenio Giani, che prevede il test rapido sufficiente a definire un caso positivit\u00e0. Il tasso \u00e8 al 22,69% (69,6% sulle prime diagnosi). 7.351 nuovi positivi provengono dai test rapidi antigenici. Rispetto a ieri, i contagi sono pi\u00f9 che raddoppiati: erano 7.304,\u00a0 un numero pi\u00f9 che triplicato rispetto a una settimana fa.<\/p>\n<p>I <strong>ricoverati<\/strong> sono 676 (49 in pi\u00f9 rispetto a ieri), di cui 76 in terapia intensiva (2 in meno). Oggi si registrano 9 nuovi decessi: 6 uomini e 3 donne con un&#8217;et\u00e0 media di 73,9 anni.<\/p>\n<p>L&#8217;et\u00e0 media dei nuovi positivi \u00e8 di 38 anni: 19% ha meno di 20 anni, 34% tra 20 e 39 anni, 33% tra 40 e 59 anni, 12% tra 60 e 79 anni, 2% ha 80 anni o pi\u00f9.<\/p>\n<h3><em>I casi di positivit\u00e0 sul territorio\u00a0<\/em><\/h3>\n<p>Sono 102.637 i casi complessivi ad oggi a Firenze (5.163 in pi\u00f9 rispetto a ieri), 31.458 a Prato (1.268 in pi\u00f9), 33.399 a Pistoia (1.185 in pi\u00f9), 18.609 a Massa-Carrara (553 in pi\u00f9), 36.548 a Lucca (1.616 in pi\u00f9), 41.792 a Pisa (1.852 in pi\u00f9), 27.378 a Livorno (923 in pi\u00f9), 33.467 ad Arezzo (1.490 in pi\u00f9), 23.476 a Siena (1.368 in pi\u00f9), 15.394 a Grosseto (412 in pi\u00f9).<\/p>\n<p>Complessivamente, 57.363 persone sono in <strong>isolamento<\/strong> a casa, poich\u00e9 presentano sintomi lievi che non richiedono cure ospedaliere, o risultano prive di sintomi (15.354 in pi\u00f9 rispetto a ieri, pi\u00f9 36,5%).<br \/>\nSono 52.272 (639 in pi\u00f9 rispetto a ieri, pi\u00f9 1,2%) le persone, anch&#8217;esse isolate, in sorveglianza attiva perch\u00e9 hanno avuto contatti con persone contagiate (ASL Centro 20.176, Nord Ovest 18.041, Sud Est 14.055).<\/p>\n<p><mark>Sono 7.549 i deceduti dall&#8217;inizio dell&#8217;epidemia<\/mark>: 2.415 a Firenze, 666 a Prato, 705 a Pistoia, 553 a Massa-Carrara, 714 a Lucca, 765 a Pisa, 439 a Livorno, 570 ad Arezzo, 385 a Siena, 239 a Grosseto, 98 persone sono decedute sul suolo toscano ma erano residenti fuori regione.<\/p>\n<p>&nbsp;<\/p>\n","protected":false},"excerpt":{"rendered":"<p>I test processati sono stati 69.759, diecimila in pi\u00f9 del giorno prima. Crescono i ricoveri: sono 49 da ieri<\/p>\n","protected":false},"author":525,"featured_media":189488,"comment_status":"open","ping_status":"open","sticky":false,"template":"","format":"standard","meta":{"_acf_changed":false,"footnotes":""},"categories":[494],"tags":[4868,418],"class_list":["post-205445","post","type-post","status-publish","format-standard","has-post-thumbnail","hentry","category-attualita","tag-bollettino-covid-toscana","tag-covid-19"],"acf":[],"yoast_head":"<!-- This site is optimized with the Yoast SEO Premium plugin v24.2 (Yoast SEO v25.6) - https:\/\/yoast.com\/wordpress\/plugins\/seo\/ -->\n<title>Covid, casi raddoppiati in un giorno: 15.830 nuovi positivi. Nove i decessi - intoscana<\/title>\n<meta name=\"description\" content=\"I test processati sono stati 69.759, diecimila in pi\u00f9 del giorno prima. Crescono i ricoveri: sono 49 in sole 24 ore\" \/>\n<meta name=\"robots\" content=\"index, follow, max-snippet:-1, max-image-preview:large, max-video-preview:-1\" \/>\n<link rel=\"canonical\" href=\"https:\/\/www.intoscana.it\/it\/covid-casi-raddoppiati-in-un-giorno-15-830-nuovi-positivi-nove-i-decessi\/\" \/>\n<meta property=\"og:locale\" content=\"it_IT\" \/>\n<meta property=\"og:type\" content=\"article\" \/>\n<meta property=\"og:title\" content=\"Covid, casi raddoppiati in un giorno: 15.830 nuovi positivi. Nove i decessi\" \/>\n<meta property=\"og:description\" content=\"I test processati sono stati 69.759, diecimila in pi\u00f9 del giorno prima. Crescono i ricoveri: sono 49 in sole 24 ore\" \/>\n<meta property=\"og:url\" content=\"https:\/\/www.intoscana.it\/it\/covid-casi-raddoppiati-in-un-giorno-15-830-nuovi-positivi-nove-i-decessi\/\" \/>\n<meta property=\"og:site_name\" content=\"intoscana\" \/>\n<meta property=\"article:publisher\" content=\"https:\/\/www.facebook.com\/intoscana.it\" \/>\n<meta property=\"article:published_time\" content=\"2021-12-30T13:19:39+00:00\" \/>\n<meta property=\"article:modified_time\" content=\"2021-12-31T12:22:34+00:00\" \/>\n<meta property=\"og:image\" content=\"https:\/\/www.intoscana.it\/wp-content\/uploads\/Test-covid-Mufid-Majnun-Unsplash.jpg\" \/>\n\t<meta property=\"og:image:width\" content=\"1920\" \/>\n\t<meta property=\"og:image:height\" content=\"1280\" \/>\n\t<meta property=\"og:image:type\" content=\"image\/jpeg\" \/>\n<meta name=\"author\" content=\"Redazione\" \/>\n<meta name=\"twitter:card\" content=\"summary_large_image\" \/>\n<meta name=\"twitter:creator\" content=\"@intoscana\" \/>\n<meta name=\"twitter:site\" content=\"@intoscana\" \/>\n<meta name=\"twitter:label1\" content=\"Written by\" \/>\n\t<meta name=\"twitter:data1\" content=\"Redazione\" \/>\n\t<meta name=\"twitter:label2\" content=\"Est. reading time\" \/>\n\t<meta name=\"twitter:data2\" content=\"1 minuto\" \/>\n<script type=\"application\/ld+json\" class=\"yoast-schema-graph\">{\"@context\":\"https:\/\/schema.org\",\"@graph\":[{\"@type\":\"WebPage\",\"@id\":\"https:\/\/www.intoscana.it\/it\/covid-casi-raddoppiati-in-un-giorno-15-830-nuovi-positivi-nove-i-decessi\/\",\"url\":\"https:\/\/www.intoscana.it\/it\/covid-casi-raddoppiati-in-un-giorno-15-830-nuovi-positivi-nove-i-decessi\/\",\"name\":\"Covid, casi raddoppiati in un giorno: 15.830 nuovi positivi. Nove i decessi - intoscana\",\"isPartOf\":{\"@id\":\"https:\/\/www.intoscana.it\/it\/#website\"},\"primaryImageOfPage\":{\"@id\":\"https:\/\/www.intoscana.it\/it\/covid-casi-raddoppiati-in-un-giorno-15-830-nuovi-positivi-nove-i-decessi\/#primaryimage\"},\"image\":{\"@id\":\"https:\/\/www.intoscana.it\/it\/covid-casi-raddoppiati-in-un-giorno-15-830-nuovi-positivi-nove-i-decessi\/#primaryimage\"},\"thumbnailUrl\":\"https:\/\/www.intoscana.it\/wp-content\/uploads\/Test-covid-Mufid-Majnun-Unsplash.jpg\",\"datePublished\":\"2021-12-30T13:19:39+00:00\",\"dateModified\":\"2021-12-31T12:22:34+00:00\",\"author\":{\"@id\":\"https:\/\/www.intoscana.it\/it\/#\/schema\/person\/9223810753230f20bd670fdd322661f8\"},\"description\":\"I test processati sono stati 69.759, diecimila in pi\u00f9 del giorno prima. Crescono i ricoveri: sono 49 in sole 24 ore\",\"breadcrumb\":{\"@id\":\"https:\/\/www.intoscana.it\/it\/covid-casi-raddoppiati-in-un-giorno-15-830-nuovi-positivi-nove-i-decessi\/#breadcrumb\"},\"inLanguage\":\"it-IT\",\"potentialAction\":[{\"@type\":\"ReadAction\",\"target\":[\"https:\/\/www.intoscana.it\/it\/covid-casi-raddoppiati-in-un-giorno-15-830-nuovi-positivi-nove-i-decessi\/\"]}]},{\"@type\":\"ImageObject\",\"inLanguage\":\"it-IT\",\"@id\":\"https:\/\/www.intoscana.it\/it\/covid-casi-raddoppiati-in-un-giorno-15-830-nuovi-positivi-nove-i-decessi\/#primaryimage\",\"url\":\"https:\/\/www.intoscana.it\/wp-content\/uploads\/Test-covid-Mufid-Majnun-Unsplash.jpg\",\"contentUrl\":\"https:\/\/www.intoscana.it\/wp-content\/uploads\/Test-covid-Mufid-Majnun-Unsplash.jpg\",\"width\":1920,\"height\":1280,\"caption\":\"Un tampone per il Covid-19\"},{\"@type\":\"BreadcrumbList\",\"@id\":\"https:\/\/www.intoscana.it\/it\/covid-casi-raddoppiati-in-un-giorno-15-830-nuovi-positivi-nove-i-decessi\/#breadcrumb\",\"itemListElement\":[{\"@type\":\"ListItem\",\"position\":1,\"name\":\"Home\",\"item\":\"https:\/\/www.intoscana.it\/it\/\"},{\"@type\":\"ListItem\",\"position\":2,\"name\":\"Covid, casi raddoppiati in un giorno: 15.830 nuovi positivi. Nove i decessi\"}]},{\"@type\":\"WebSite\",\"@id\":\"https:\/\/www.intoscana.it\/it\/#website\",\"url\":\"https:\/\/www.intoscana.it\/it\/\",\"name\":\"intoscana\",\"description\":\"\",\"potentialAction\":[{\"@type\":\"SearchAction\",\"target\":{\"@type\":\"EntryPoint\",\"urlTemplate\":\"https:\/\/www.intoscana.it\/it\/?s={search_term_string}\"},\"query-input\":{\"@type\":\"PropertyValueSpecification\",\"valueRequired\":true,\"valueName\":\"search_term_string\"}}],\"inLanguage\":\"it-IT\"},{\"@type\":\"Person\",\"@id\":\"https:\/\/www.intoscana.it\/it\/#\/schema\/person\/9223810753230f20bd670fdd322661f8\",\"name\":\"Redazione\",\"url\":\"https:\/\/www.intoscana.it\/it\/author\/redazione\/\"}]}<\/script>\n<!-- \/ Yoast SEO Premium plugin. -->","yoast_head_json":{"title":"Covid, casi raddoppiati in un giorno: 15.830 nuovi positivi. Nove i decessi - intoscana","description":"I test processati sono stati 69.759, diecimila in pi\u00f9 del giorno prima. Crescono i ricoveri: sono 49 in sole 24 ore","robots":{"index":"index","follow":"follow","max-snippet":"max-snippet:-1","max-image-preview":"max-image-preview:large","max-video-preview":"max-video-preview:-1"},"canonical":"https:\/\/www.intoscana.it\/it\/covid-casi-raddoppiati-in-un-giorno-15-830-nuovi-positivi-nove-i-decessi\/","og_locale":"it_IT","og_type":"article","og_title":"Covid, casi raddoppiati in un giorno: 15.830 nuovi positivi. Nove i decessi","og_description":"I test processati sono stati 69.759, diecimila in pi\u00f9 del giorno prima. Crescono i ricoveri: sono 49 in sole 24 ore","og_url":"https:\/\/www.intoscana.it\/it\/covid-casi-raddoppiati-in-un-giorno-15-830-nuovi-positivi-nove-i-decessi\/","og_site_name":"intoscana","article_publisher":"https:\/\/www.facebook.com\/intoscana.it","article_published_time":"2021-12-30T13:19:39+00:00","article_modified_time":"2021-12-31T12:22:34+00:00","og_image":[{"width":1920,"height":1280,"url":"https:\/\/www.intoscana.it\/wp-content\/uploads\/Test-covid-Mufid-Majnun-Unsplash.jpg","type":"image\/jpeg"}],"author":"Redazione","twitter_card":"summary_large_image","twitter_creator":"@intoscana","twitter_site":"@intoscana","twitter_misc":{"Written by":"Redazione","Est. reading time":"1 minuto"},"schema":{"@context":"https:\/\/schema.org","@graph":[{"@type":"WebPage","@id":"https:\/\/www.intoscana.it\/it\/covid-casi-raddoppiati-in-un-giorno-15-830-nuovi-positivi-nove-i-decessi\/","url":"https:\/\/www.intoscana.it\/it\/covid-casi-raddoppiati-in-un-giorno-15-830-nuovi-positivi-nove-i-decessi\/","name":"Covid, casi raddoppiati in un giorno: 15.830 nuovi positivi. Nove i decessi - intoscana","isPartOf":{"@id":"https:\/\/www.intoscana.it\/it\/#website"},"primaryImageOfPage":{"@id":"https:\/\/www.intoscana.it\/it\/covid-casi-raddoppiati-in-un-giorno-15-830-nuovi-positivi-nove-i-decessi\/#primaryimage"},"image":{"@id":"https:\/\/www.intoscana.it\/it\/covid-casi-raddoppiati-in-un-giorno-15-830-nuovi-positivi-nove-i-decessi\/#primaryimage"},"thumbnailUrl":"https:\/\/www.intoscana.it\/wp-content\/uploads\/Test-covid-Mufid-Majnun-Unsplash.jpg","datePublished":"2021-12-30T13:19:39+00:00","dateModified":"2021-12-31T12:22:34+00:00","author":{"@id":"https:\/\/www.intoscana.it\/it\/#\/schema\/person\/9223810753230f20bd670fdd322661f8"},"description":"I test processati sono stati 69.759, diecimila in pi\u00f9 del giorno prima. Crescono i ricoveri: sono 49 in sole 24 ore","breadcrumb":{"@id":"https:\/\/www.intoscana.it\/it\/covid-casi-raddoppiati-in-un-giorno-15-830-nuovi-positivi-nove-i-decessi\/#breadcrumb"},"inLanguage":"it-IT","potentialAction":[{"@type":"ReadAction","target":["https:\/\/www.intoscana.it\/it\/covid-casi-raddoppiati-in-un-giorno-15-830-nuovi-positivi-nove-i-decessi\/"]}]},{"@type":"ImageObject","inLanguage":"it-IT","@id":"https:\/\/www.intoscana.it\/it\/covid-casi-raddoppiati-in-un-giorno-15-830-nuovi-positivi-nove-i-decessi\/#primaryimage","url":"https:\/\/www.intoscana.it\/wp-content\/uploads\/Test-covid-Mufid-Majnun-Unsplash.jpg","contentUrl":"https:\/\/www.intoscana.it\/wp-content\/uploads\/Test-covid-Mufid-Majnun-Unsplash.jpg","width":1920,"height":1280,"caption":"Un tampone per il Covid-19"},{"@type":"BreadcrumbList","@id":"https:\/\/www.intoscana.it\/it\/covid-casi-raddoppiati-in-un-giorno-15-830-nuovi-positivi-nove-i-decessi\/#breadcrumb","itemListElement":[{"@type":"ListItem","position":1,"name":"Home","item":"https:\/\/www.intoscana.it\/it\/"},{"@type":"ListItem","position":2,"name":"Covid, casi raddoppiati in un giorno: 15.830 nuovi positivi. Nove i decessi"}]},{"@type":"WebSite","@id":"https:\/\/www.intoscana.it\/it\/#website","url":"https:\/\/www.intoscana.it\/it\/","name":"intoscana","description":"","potentialAction":[{"@type":"SearchAction","target":{"@type":"EntryPoint","urlTemplate":"https:\/\/www.intoscana.it\/it\/?s={search_term_string}"},"query-input":{"@type":"PropertyValueSpecification","valueRequired":true,"valueName":"search_term_string"}}],"inLanguage":"it-IT"},{"@type":"Person","@id":"https:\/\/www.intoscana.it\/it\/#\/schema\/person\/9223810753230f20bd670fdd322661f8","name":"Redazione","url":"https:\/\/www.intoscana.it\/it\/author\/redazione\/"}]}},"_links":{"self":[{"href":"https:\/\/www.intoscana.it\/it\/wp-json\/wp\/v2\/posts\/205445","targetHints":{"allow":["GET"]}}],"collection":[{"href":"https:\/\/www.intoscana.it\/it\/wp-json\/wp\/v2\/posts"}],"about":[{"href":"https:\/\/www.intoscana.it\/it\/wp-json\/wp\/v2\/types\/post"}],"author":[{"embeddable":true,"href":"https:\/\/www.intoscana.it\/it\/wp-json\/wp\/v2\/users\/525"}],"replies":[{"embeddable":true,"href":"https:\/\/www.intoscana.it\/it\/wp-json\/wp\/v2\/comments?post=205445"}],"version-history":[{"count":0,"href":"https:\/\/www.intoscana.it\/it\/wp-json\/wp\/v2\/posts\/205445\/revisions"}],"wp:featuredmedia":[{"embeddable":true,"href":"https:\/\/www.intoscana.it\/it\/wp-json\/wp\/v2\/media\/189488"}],"wp:attachment":[{"href":"https:\/\/www.intoscana.it\/it\/wp-json\/wp\/v2\/media?parent=205445"}],"wp:term":[{"taxonomy":"category","embeddable":true,"href":"https:\/\/www.intoscana.it\/it\/wp-json\/wp\/v2\/categories?post=205445"},{"taxonomy":"post_tag","embeddable":true,"href":"https:\/\/www.intoscana.it\/it\/wp-json\/wp\/v2\/tags?post=205445"}],"curies":[{"name":"wp","href":"https:\/\/api.w.org\/{rel}","templated":true}]}}