{"id":205554,"date":"2021-12-31T12:58:06","date_gmt":"2021-12-31T11:58:06","guid":{"rendered":"https:\/\/www.intoscana.it\/it\/?p=205554"},"modified":"2022-01-03T09:38:42","modified_gmt":"2022-01-03T08:38:42","slug":"covid-oltre-16mila-nuovi-positivi-in-un-giorno-eta-media-37-anni","status":"publish","type":"post","link":"https:\/\/www.intoscana.it\/it\/covid-oltre-16mila-nuovi-positivi-in-un-giorno-eta-media-37-anni\/","title":{"rendered":"Covid, oltre 16mila nuovi positivi in un giorno, et\u00e0 media 37 anni"},"content":{"rendered":"<p>In Toscana <strong>sono 381.599 i casi di positivit\u00e0 al coronavirus<\/strong>, 16.886 in pi\u00f9 rispetto a ieri (8.789 confermati con tampone molecolare e 8.097 da test rapido antigenico). I nuovi casi sono<strong> il 4,6% in pi\u00f9 rispetto al totale del giorno precedente.<\/strong> I guariti crescono dello 0,2% e raggiungono quota 299.741 (78,5% dei casi totali). Oggi sono stati eseguiti <strong>28.479 tamponi molecolari e 46.497 tamponi antigenici rapidi<\/strong>, di questi il 22,5% \u00e8 risultato positivo. Sono invece 26.102 i soggetti testati oggi (con tampone antigenico e\/o molecolare, escludendo i tamponi di controllo), di cui il 64,7% \u00e8 risultato positivo. Gli attualmente positivi sono oggi 74.300, +28% rispetto a ieri. I ricoverati sono 712 (36 in pi\u00f9 rispetto a ieri), di cui 76 in terapia intensiva (stabili). Oggi si registrano 9 nuovi decessi: 7 uomini e 2 donne con un&#8217;et\u00e0 media di 74 anni.<\/p>\n<p>Questi i dati &#8211; accertati alle ore 12 di oggi sulla base delle richieste della Protezione civile nazionale &#8211; relativi all&#8217;andamento dell&#8217;epidemia in regione.<\/p>\n<p>L&#8217;et\u00e0 media dei 16.886 nuovi positivi odierni \u00e8 di<strong> 37 anni circa<\/strong> (19% ha meno di 20 anni, 34% tra 20 e 39 anni, 32% tra 40 e 59 anni, 13% tra 60 e 79 anni, 2% ha 80 anni o pi\u00f9).<\/p>\n<h3>I casi di positivit\u00e0 sul territorio<\/h3>\n<p>Di seguito i casi di positivit\u00e0 sul territorio con la variazione rispetto a ieri (8.789 confermati con tampone molecolare e 8.097 da test rapido antigenico). Sono 108.458 i casi complessivi ad oggi a Firenze (5.821 in pi\u00f9 rispetto a ieri), 32.806 a Prato (1.348 in pi\u00f9), 34.609 a Pistoia (1.210 in pi\u00f9), 19.295 a Massa-Carrara (686 in pi\u00f9), 38.227 a Lucca (1.679 in pi\u00f9), 43.839 a Pisa (2.047 in pi\u00f9), 28.386 a Livorno (1.008 in pi\u00f9), 34.871 ad Arezzo (1.404 in pi\u00f9), 24.739 a Siena (1.263 in pi\u00f9), 15.814 a Grosseto (420 in pi\u00f9). Sono 555 i casi positivi notificati in Toscana, ma residenti in altre regioni.<\/p>\n<p>Sono 8.758 i casi riscontrati oggi nell&#8217;Asl Centro, 5.041 nella Nord Ovest, 3.087 nella Sud Est.<\/p>\n<p>Complessivamente, 73.588 persone sono in isolamento a casa, poich\u00e9 presentano sintomi lievi che non richiedono cure ospedaliere, o risultano prive di sintomi (16.225 in pi\u00f9 rispetto a ieri, pi\u00f9 28,3%).<br \/>\nSono 52.027 (245 in meno rispetto a ieri, meno 0,5%) le persone, anch&#8217;esse isolate, in sorveglianza attiva perch\u00e9 hanno avuto contatti con persone contagiate (ASL Centro 19.586, Nord Ovest 18.614, Sud Est 13.827).<br \/>\nLe persone ricoverate nei posti letto dedicati ai pazienti COVID oggi sono complessivamente 712 (36 in pi\u00f9 rispetto a ieri, pi\u00f9 5,3%), 76 in terapia intensiva (stabili rispetto a ieri).<br \/>\nLe persone complessivamente guarite sono 299.741 (616 in pi\u00f9 rispetto a ieri, pi\u00f9 0,2%): 0 persone clinicamente guarite (stabili rispetto a ieri), divenute cio\u00e8 asintomatiche dopo aver presentato manifestazioni cliniche associate all&#8217;infezione e 299.741 (616 in pi\u00f9 rispetto a ieri, pi\u00f9 0,2%) dichiarate guarite a tutti gli effetti, le cosiddette guarigioni virali, con tampone negativo.<\/p>\n<p>Relativamente alla provincia di residenza, le <strong>nove persone decedute<\/strong> sono: 3 a Firenze, 1 a Pistoia, 2 a Lucca, 1 a Pisa, 2 a Livorno.<\/p>\n<p>Sono 7.558 i deceduti dall&#8217;inizio dell&#8217;epidemia cosi ripartiti: 2.418 a Firenze, 666 a Prato, 706 a Pistoia, 553 a Massa-Carrara, 716 a Lucca, 766 a Pisa, 441 a Livorno, 570 ad Arezzo, 385 a Siena, 239 a Grosseto, 98 persone sono decedute sul suolo toscano ma erano residenti fuori regione.<\/p>\n<p>&nbsp;<\/p>\n","protected":false},"excerpt":{"rendered":"<p>Le persone ricoverate nei posti letto dedicati ai pazienti Covid oggi sono complessivamente 676 (49 in pi\u00f9 rispetto a ieri), 76 in terapia intensiva (2 in meno rispetto a ieri)<\/p>\n","protected":false},"author":525,"featured_media":192549,"comment_status":"open","ping_status":"open","sticky":false,"template":"","format":"standard","meta":{"_acf_changed":false,"footnotes":""},"categories":[494],"tags":[4868,418],"class_list":["post-205554","post","type-post","status-publish","format-standard","has-post-thumbnail","hentry","category-attualita","tag-bollettino-covid-toscana","tag-covid-19"],"acf":[],"yoast_head":"<!-- This site is optimized with the Yoast SEO Premium plugin v24.2 (Yoast SEO v25.6) - https:\/\/yoast.com\/wordpress\/plugins\/seo\/ -->\n<title>Covid, oltre 16mila nuovi positivi in un giorno, et\u00e0 media 37 anni - intoscana<\/title>\n<meta name=\"robots\" content=\"index, follow, max-snippet:-1, max-image-preview:large, max-video-preview:-1\" \/>\n<link rel=\"canonical\" href=\"https:\/\/www.intoscana.it\/it\/covid-oltre-16mila-nuovi-positivi-in-un-giorno-eta-media-37-anni\/\" \/>\n<meta property=\"og:locale\" content=\"it_IT\" \/>\n<meta property=\"og:type\" content=\"article\" \/>\n<meta property=\"og:title\" content=\"Covid, oltre 16mila nuovi positivi in un giorno, et\u00e0 media 37 anni\" \/>\n<meta property=\"og:description\" content=\"Le persone ricoverate nei posti letto dedicati ai pazienti Covid oggi sono complessivamente 676 (49 in pi\u00f9 rispetto a ieri), 76 in terapia intensiva (2 in meno rispetto a ieri)\" \/>\n<meta property=\"og:url\" content=\"https:\/\/www.intoscana.it\/it\/covid-oltre-16mila-nuovi-positivi-in-un-giorno-eta-media-37-anni\/\" \/>\n<meta property=\"og:site_name\" content=\"intoscana\" \/>\n<meta property=\"article:publisher\" content=\"https:\/\/www.facebook.com\/intoscana.it\" \/>\n<meta property=\"article:published_time\" content=\"2021-12-31T11:58:06+00:00\" \/>\n<meta property=\"article:modified_time\" content=\"2022-01-03T08:38:42+00:00\" \/>\n<meta property=\"og:image\" content=\"https:\/\/www.intoscana.it\/wp-content\/uploads\/Covid-19-scaled.jpg\" \/>\n\t<meta property=\"og:image:width\" content=\"2048\" \/>\n\t<meta property=\"og:image:height\" content=\"1365\" \/>\n\t<meta property=\"og:image:type\" content=\"image\/jpeg\" \/>\n<meta name=\"author\" content=\"Redazione\" \/>\n<meta name=\"twitter:card\" content=\"summary_large_image\" \/>\n<meta name=\"twitter:creator\" content=\"@intoscana\" \/>\n<meta name=\"twitter:site\" content=\"@intoscana\" \/>\n<meta name=\"twitter:label1\" content=\"Written by\" \/>\n\t<meta name=\"twitter:data1\" content=\"Redazione\" \/>\n\t<meta name=\"twitter:label2\" content=\"Est. reading time\" \/>\n\t<meta name=\"twitter:data2\" content=\"2 minuti\" \/>\n<script type=\"application\/ld+json\" class=\"yoast-schema-graph\">{\"@context\":\"https:\/\/schema.org\",\"@graph\":[{\"@type\":\"WebPage\",\"@id\":\"https:\/\/www.intoscana.it\/it\/covid-oltre-16mila-nuovi-positivi-in-un-giorno-eta-media-37-anni\/\",\"url\":\"https:\/\/www.intoscana.it\/it\/covid-oltre-16mila-nuovi-positivi-in-un-giorno-eta-media-37-anni\/\",\"name\":\"Covid, oltre 16mila nuovi positivi in un giorno, et\u00e0 media 37 anni - intoscana\",\"isPartOf\":{\"@id\":\"https:\/\/www.intoscana.it\/it\/#website\"},\"primaryImageOfPage\":{\"@id\":\"https:\/\/www.intoscana.it\/it\/covid-oltre-16mila-nuovi-positivi-in-un-giorno-eta-media-37-anni\/#primaryimage\"},\"image\":{\"@id\":\"https:\/\/www.intoscana.it\/it\/covid-oltre-16mila-nuovi-positivi-in-un-giorno-eta-media-37-anni\/#primaryimage\"},\"thumbnailUrl\":\"https:\/\/www.intoscana.it\/wp-content\/uploads\/Covid-19-scaled.jpg\",\"datePublished\":\"2021-12-31T11:58:06+00:00\",\"dateModified\":\"2022-01-03T08:38:42+00:00\",\"author\":{\"@id\":\"https:\/\/www.intoscana.it\/it\/#\/schema\/person\/9223810753230f20bd670fdd322661f8\"},\"breadcrumb\":{\"@id\":\"https:\/\/www.intoscana.it\/it\/covid-oltre-16mila-nuovi-positivi-in-un-giorno-eta-media-37-anni\/#breadcrumb\"},\"inLanguage\":\"it-IT\",\"potentialAction\":[{\"@type\":\"ReadAction\",\"target\":[\"https:\/\/www.intoscana.it\/it\/covid-oltre-16mila-nuovi-positivi-in-un-giorno-eta-media-37-anni\/\"]}]},{\"@type\":\"ImageObject\",\"inLanguage\":\"it-IT\",\"@id\":\"https:\/\/www.intoscana.it\/it\/covid-oltre-16mila-nuovi-positivi-in-un-giorno-eta-media-37-anni\/#primaryimage\",\"url\":\"https:\/\/www.intoscana.it\/wp-content\/uploads\/Covid-19-scaled.jpg\",\"contentUrl\":\"https:\/\/www.intoscana.it\/wp-content\/uploads\/Covid-19-scaled.jpg\",\"width\":2048,\"height\":1365},{\"@type\":\"BreadcrumbList\",\"@id\":\"https:\/\/www.intoscana.it\/it\/covid-oltre-16mila-nuovi-positivi-in-un-giorno-eta-media-37-anni\/#breadcrumb\",\"itemListElement\":[{\"@type\":\"ListItem\",\"position\":1,\"name\":\"Home\",\"item\":\"https:\/\/www.intoscana.it\/it\/\"},{\"@type\":\"ListItem\",\"position\":2,\"name\":\"Covid, oltre 16mila nuovi positivi in un giorno, et\u00e0 media 37 anni\"}]},{\"@type\":\"WebSite\",\"@id\":\"https:\/\/www.intoscana.it\/it\/#website\",\"url\":\"https:\/\/www.intoscana.it\/it\/\",\"name\":\"intoscana\",\"description\":\"\",\"potentialAction\":[{\"@type\":\"SearchAction\",\"target\":{\"@type\":\"EntryPoint\",\"urlTemplate\":\"https:\/\/www.intoscana.it\/it\/?s={search_term_string}\"},\"query-input\":{\"@type\":\"PropertyValueSpecification\",\"valueRequired\":true,\"valueName\":\"search_term_string\"}}],\"inLanguage\":\"it-IT\"},{\"@type\":\"Person\",\"@id\":\"https:\/\/www.intoscana.it\/it\/#\/schema\/person\/9223810753230f20bd670fdd322661f8\",\"name\":\"Redazione\",\"url\":\"https:\/\/www.intoscana.it\/it\/author\/redazione\/\"}]}<\/script>\n<!-- \/ Yoast SEO Premium plugin. -->","yoast_head_json":{"title":"Covid, oltre 16mila nuovi positivi in un giorno, et\u00e0 media 37 anni - intoscana","robots":{"index":"index","follow":"follow","max-snippet":"max-snippet:-1","max-image-preview":"max-image-preview:large","max-video-preview":"max-video-preview:-1"},"canonical":"https:\/\/www.intoscana.it\/it\/covid-oltre-16mila-nuovi-positivi-in-un-giorno-eta-media-37-anni\/","og_locale":"it_IT","og_type":"article","og_title":"Covid, oltre 16mila nuovi positivi in un giorno, et\u00e0 media 37 anni","og_description":"Le persone ricoverate nei posti letto dedicati ai pazienti Covid oggi sono complessivamente 676 (49 in pi\u00f9 rispetto a ieri), 76 in terapia intensiva (2 in meno rispetto a ieri)","og_url":"https:\/\/www.intoscana.it\/it\/covid-oltre-16mila-nuovi-positivi-in-un-giorno-eta-media-37-anni\/","og_site_name":"intoscana","article_publisher":"https:\/\/www.facebook.com\/intoscana.it","article_published_time":"2021-12-31T11:58:06+00:00","article_modified_time":"2022-01-03T08:38:42+00:00","og_image":[{"width":2048,"height":1365,"url":"https:\/\/www.intoscana.it\/wp-content\/uploads\/Covid-19-scaled.jpg","type":"image\/jpeg"}],"author":"Redazione","twitter_card":"summary_large_image","twitter_creator":"@intoscana","twitter_site":"@intoscana","twitter_misc":{"Written by":"Redazione","Est. reading time":"2 minuti"},"schema":{"@context":"https:\/\/schema.org","@graph":[{"@type":"WebPage","@id":"https:\/\/www.intoscana.it\/it\/covid-oltre-16mila-nuovi-positivi-in-un-giorno-eta-media-37-anni\/","url":"https:\/\/www.intoscana.it\/it\/covid-oltre-16mila-nuovi-positivi-in-un-giorno-eta-media-37-anni\/","name":"Covid, oltre 16mila nuovi positivi in un giorno, et\u00e0 media 37 anni - intoscana","isPartOf":{"@id":"https:\/\/www.intoscana.it\/it\/#website"},"primaryImageOfPage":{"@id":"https:\/\/www.intoscana.it\/it\/covid-oltre-16mila-nuovi-positivi-in-un-giorno-eta-media-37-anni\/#primaryimage"},"image":{"@id":"https:\/\/www.intoscana.it\/it\/covid-oltre-16mila-nuovi-positivi-in-un-giorno-eta-media-37-anni\/#primaryimage"},"thumbnailUrl":"https:\/\/www.intoscana.it\/wp-content\/uploads\/Covid-19-scaled.jpg","datePublished":"2021-12-31T11:58:06+00:00","dateModified":"2022-01-03T08:38:42+00:00","author":{"@id":"https:\/\/www.intoscana.it\/it\/#\/schema\/person\/9223810753230f20bd670fdd322661f8"},"breadcrumb":{"@id":"https:\/\/www.intoscana.it\/it\/covid-oltre-16mila-nuovi-positivi-in-un-giorno-eta-media-37-anni\/#breadcrumb"},"inLanguage":"it-IT","potentialAction":[{"@type":"ReadAction","target":["https:\/\/www.intoscana.it\/it\/covid-oltre-16mila-nuovi-positivi-in-un-giorno-eta-media-37-anni\/"]}]},{"@type":"ImageObject","inLanguage":"it-IT","@id":"https:\/\/www.intoscana.it\/it\/covid-oltre-16mila-nuovi-positivi-in-un-giorno-eta-media-37-anni\/#primaryimage","url":"https:\/\/www.intoscana.it\/wp-content\/uploads\/Covid-19-scaled.jpg","contentUrl":"https:\/\/www.intoscana.it\/wp-content\/uploads\/Covid-19-scaled.jpg","width":2048,"height":1365},{"@type":"BreadcrumbList","@id":"https:\/\/www.intoscana.it\/it\/covid-oltre-16mila-nuovi-positivi-in-un-giorno-eta-media-37-anni\/#breadcrumb","itemListElement":[{"@type":"ListItem","position":1,"name":"Home","item":"https:\/\/www.intoscana.it\/it\/"},{"@type":"ListItem","position":2,"name":"Covid, oltre 16mila nuovi positivi in un giorno, et\u00e0 media 37 anni"}]},{"@type":"WebSite","@id":"https:\/\/www.intoscana.it\/it\/#website","url":"https:\/\/www.intoscana.it\/it\/","name":"intoscana","description":"","potentialAction":[{"@type":"SearchAction","target":{"@type":"EntryPoint","urlTemplate":"https:\/\/www.intoscana.it\/it\/?s={search_term_string}"},"query-input":{"@type":"PropertyValueSpecification","valueRequired":true,"valueName":"search_term_string"}}],"inLanguage":"it-IT"},{"@type":"Person","@id":"https:\/\/www.intoscana.it\/it\/#\/schema\/person\/9223810753230f20bd670fdd322661f8","name":"Redazione","url":"https:\/\/www.intoscana.it\/it\/author\/redazione\/"}]}},"_links":{"self":[{"href":"https:\/\/www.intoscana.it\/it\/wp-json\/wp\/v2\/posts\/205554","targetHints":{"allow":["GET"]}}],"collection":[{"href":"https:\/\/www.intoscana.it\/it\/wp-json\/wp\/v2\/posts"}],"about":[{"href":"https:\/\/www.intoscana.it\/it\/wp-json\/wp\/v2\/types\/post"}],"author":[{"embeddable":true,"href":"https:\/\/www.intoscana.it\/it\/wp-json\/wp\/v2\/users\/525"}],"replies":[{"embeddable":true,"href":"https:\/\/www.intoscana.it\/it\/wp-json\/wp\/v2\/comments?post=205554"}],"version-history":[{"count":0,"href":"https:\/\/www.intoscana.it\/it\/wp-json\/wp\/v2\/posts\/205554\/revisions"}],"wp:featuredmedia":[{"embeddable":true,"href":"https:\/\/www.intoscana.it\/it\/wp-json\/wp\/v2\/media\/192549"}],"wp:attachment":[{"href":"https:\/\/www.intoscana.it\/it\/wp-json\/wp\/v2\/media?parent=205554"}],"wp:term":[{"taxonomy":"category","embeddable":true,"href":"https:\/\/www.intoscana.it\/it\/wp-json\/wp\/v2\/categories?post=205554"},{"taxonomy":"post_tag","embeddable":true,"href":"https:\/\/www.intoscana.it\/it\/wp-json\/wp\/v2\/tags?post=205554"}],"curies":[{"name":"wp","href":"https:\/\/api.w.org\/{rel}","templated":true}]}}