{"id":205808,"date":"2022-01-04T17:34:55","date_gmt":"2022-01-04T16:34:55","guid":{"rendered":"https:\/\/www.intoscana.it\/it\/?p=205808"},"modified":"2022-01-07T11:42:19","modified_gmt":"2022-01-07T10:42:19","slug":"covid-bastera-il-tampone-negativo-per-uscire-dallisolamento-al-via-la-semplificazione-con-un-sms","status":"publish","type":"post","link":"https:\/\/www.intoscana.it\/it\/covid-bastera-il-tampone-negativo-per-uscire-dallisolamento-al-via-la-semplificazione-con-un-sms\/","title":{"rendered":"Covid, baster\u00e0 il tampone negativo per uscire dall&#8217;isolamento: al via la semplificazione con un sms"},"content":{"rendered":"<p>Semplificare le procedure di ingresso e di uscita dall&#8217;solamento con un <strong>tampone<\/strong>, sia rapido che molecolare, non certo un fai-da-te, attraverso una nuovo sistema che digilitalizza e rende automatiche tutte le procedure, dalla presa in carico alla riattivazione del <strong>green pass<\/strong>. Allegerire la burocrazia che intasa un imbuto gi\u00e0 stretto dalle migliaia e migliaia di positivi che ogni giorno si aggiungono ai contagi in Toscana. Poi aumentare i <strong>tamponi\u00a0<\/strong> &#8211; <em>&#8220;fino a 100mila al giorno&#8221;<\/em> &#8211; e spingere ancora di pi\u00f9 la macchina ormai ingolfata dei tracciamenti. Sono queste le misure presentate dal presidente della Regione, <strong>Eugenio Giani<\/strong>, per parare i colpi della nuova ondata della pandemia spinta dalla variante Omicron. <em>&#8220;Ha avuto l&#8217;effetto di un terremoto, di una calamit\u00e0 naturale&#8221;,<\/em> ha detto per far capire la portata dello sforzo e della pressione sul gi\u00e0 stressato sistema sanitario.<\/p>\n<h3><em>Un sistema pi\u00f9 semplice per i positivi asintomatici<\/em><\/h3>\n<p>La novit\u00e0 che partir\u00e0 nelle prossime ore sar\u00e0 un sistema automatizzato che tramite l&#8217;invio di un messaggio prender\u00e0 in carico i circa 64mila toscani positivi che non sono stati contattati dall&#8217;Asl. &#8220;<em>Impossibile chiamarli tutti, vogliamo quindi semplificare&#8221;<\/em>, ha spiegato il direttore del dipartimento Sanit\u00e0, <strong>Federico Gelli<\/strong>. <mark>Nel messaggio che arriver\u00e0 a chi ha avuto un tampone positivo ci sar\u00e0 un link a cui verr\u00e0 chiesto di comunicare il proprio stato clinico rispondendo a 4 domande e segnalare anche i propri contatti.<\/mark>Per prenotare il tampone baster\u00e0 inserire il codice di riferimento della prescrizione medica sul <a href=\"https:\/\/prenotatampone.sanita.toscana.it\/#\/home\" target=\"_blank\" rel=\"noopener\">portale di prenotazione<\/a> e automaticamente il sistema indicher\u00e0 le opzioni di prenotazione, a seconda che il cittadino sia sintomatico o asintomatico.<\/p>\n<p>Per chi \u00e8 senza sintomi o con sintomi lievi, quindi, il successivo inserimento del risultato negativo del tampone &#8211; dopo 7 giorni per i vaccinati con terza dose o 10 giorni per i non vaccinati o per chi due dosi da pi\u00f9 di 120 giorni &#8211;\u00a0 segner\u00e0 la fine della quarantena con l&#8217;invio automatico di una mail e la successiva riattivazione del green pass. Punto questo su cui il presidente Giani chiede un passo avanti al Governo: <em>&#8220;Almeno per questi giorni di emergenza, quelli in cui abbiamo un carico cos\u00ec pesante,\u00a0 chieder\u00f2 de di sospendere il Green pass alle persone gi\u00e0 vaccinate che risultano positive&#8221;. &#8220;Si sta riscontrando che ci vogliono 15-20 giorni per riattivarlo. Poi, ovviamente, quando torneremo a regime si riattiver\u00e0 tutto il meccanismo, ma in questo momento di emergenza sarebbe un modo per evitare complicazioni che sono vissute con sofferenza da molti cittadini&#8221;.<\/em><\/p>\n<h3><em>50mila tamponi molecolari e rapidi per chi ha sintomi<\/em><\/h3>\n<p><mark>La Regione Toscana ha scelto di destinare 25 mila tamponi molecolari e altrettanti rapidi alla persone con prescrizione medica e gratuiti.<\/mark> <em>&#8220;Oggi \u00e8 stato il <a href=\"https:\/\/www.intoscana.it\/it\/articolo\/covid-nuovo-record-di-contagi-18-868-positivi-in-piu-sono-14-i-decessi\/\" target=\"_blank\" rel=\"noopener\">record di casi<\/a>, \u00e8 vero, ma anche di tamponi effettuati, 79mila&#8221;,<\/em> ha detto Giani<em>. &#8220;Vorremmo arrivare a 100mila tamponi, e ci adopereremo per questo proprio perch\u00e9 il tracciamento \u00e8 importante. Ai cittadini dico di andare a fare il tampone se si ha qualche sintomo, non semplicemente per sicurezza come qualcuno mi ha detto. <mark>Cercheremo anche di eliminare quelle sacche di tamponi fatti per questioni occasionali, dobbiamo ridurre quell&#8217;appesantimento sul sistema dei tamponi creato dai no vax. Per questo io sostegno che qualsiasi intervento vada verso l&#8217;obbligo vaccinale, in primis quello dei lavoratori&#8221;<\/em>.<\/mark><\/p>\n<p>In particolari, gli antigenici rapidi prescritti dal medico verranno effettuati gratuitamente anche dalle farmacie, attraverso un qr code: <mark>per questo saranno istituiti degli slot di orario cercando di evitare a chi ne ha bisogno le file chilometriche alimentate da chi, a pagamento,\u00a0 vuole il tampone per l&#8217;ottenimento del green pass<\/mark> . Per potenziare l&#8217;offerta dei tamponi saranno coinvolti anche le associazioni di volontariato, che con la loro rete sul territorio possono garantire una maggiore capillarit\u00e0.<\/p>\n<h3><em>L&#8217;84% dei posti in terapia intensiva \u00e8 occupato dai no-vax, Giani:\u00a0 &#8220;Insopportabile&#8221;\u00a0<\/em><\/h3>\n<p>Parole particolarente dure di Giani contro chi ha scelto di non vaccinarsi: <em>&#8220;Considerando la fascia di et\u00e0 dai 12 anni in su, sono circa 461mila\u00a0 persone&#8221;<\/em>. <mark>Un numero che pesa sulla richiesta di tamponi, ogni 48 ore, per il green pass: <em>&#8220;E&#8217; insopportabile&#8221;<\/em>, ha detto il presidente.\u00a0 Ma che soprattutto preme sul sistema sanitario. Ecco i numeri solo dell&#8217;ultima settimana: <em>&#8220;I non vaccinati generano l&#8217;84% delle posizioni in terapia intensiva, mentre i vaccinati solo il 6,8%, di cui con la terza dose sono il 2,6%&#8221;<\/em>.<\/mark><\/p>\n<p>E sul fronte <strong>vaccini, <\/strong>la Regione continua a premere sull&#8217;acceleratore. Come annunciato dall&#8217;assessore alla Sanit\u00e0, <strong>Simone Bezzini<\/strong>, <em>&#8220;Con l&#8217;apertura delle agende per anticipare la terza dose da 5 a 4 mesi, contiamo di vaccinare con la terza dose, entro inizio febbraio, due milioni di toscani&#8221;. <\/em>Le agende per le nuove prenotazioni sono aperte da venerd\u00ec 7 gennaio.<\/p>\n<p>Per potenziare la rete di hub, ne \u00e8 stato aperto uno nuovo a Figline Valdarno (in provincia di Firenze):\u00a0 una struttura &#8211; inaugurata dal presidente Giani &#8211; di 300\u00a0 metri quadrati che rimarr\u00e0\u00a0 aperto fino al 31 marzo e con una capacit\u00e0 di somministrazione di\u00a0 700 dosi al giorno.\u00a0 All&#8217;hub si accede su prenotazione, tramite il <a href=\"https:\/\/prenotavaccino.sanita.toscana.it\/#\/home\" target=\"_blank\" rel=\"noopener\">portale regionale<\/a>, per seconde e terze dosi, e ad accesso libero per prime dosi vaccinali.<\/p>\n<figure id=\"post-205857 media-205857\" class=\"align-none\"><img decoding=\"async\" src=\"https:\/\/www.intoscana.it\/wp-content\/uploads\/hub-vaccinale-Figline-Valdarno-scaled.jpg\" alt=\"\" \/><\/figure>\n<div class=\"titleimg\" style=\"text-align: center;\"><em>Hub vaccinale Figline Valdarno<\/em><\/div>\n<h3><em>Cure intermedie negli ospedali di comunit\u00e0: nuova organizzazione per il 30% dei ricoverati<\/em><\/h3>\n<p>Il 30% dei ricoverati nei reparti Covid entra in ospedale per altra patologia\u00a0 e in quell&#8217;occasione si scopre la positivit\u00e0. Per loro, ha annunciato il presidente della Regione, \u00e8 previsto il potenziamento delle <strong>cure intermedie<\/strong>. \u00a0&#8220;<em>In realt\u00e0 dovrebbero andare in un posto diverso che andrebbe chiamato &#8220;ospedale di comunit\u00e0&#8221; ovvero di lunga degenza da cure intermedie&#8221;<\/em>. Per questa riorganizzazione,\u00a0 <em>&#8220;ci aiuter\u00e0 la Croce Rossa mettendo a disposizione i Fraticini, non solo per le vaccinazioni, ma per darci dei letti intermedi, e poi andremo a cercare altre sedi in tutte e tre le Asl. Faremo subito un sopralluogo a Camerata per capire se possiamo trasformarla in questo senso. Sulla costa si parla di Monterotondo a Livorno, dell&#8217;incremento del San Luca a Lucca con altri spazi, analoga situazione a Massa. Ho dato l&#8217;input affinch\u00e9 i nostri direttori generali possano pensare all&#8217;interno del nostro patrimonio sanitario di anticipare quello che nel Pnrr sar\u00e0 l&#8217;ospedale di comunit\u00e0&#8221;<\/em>.<\/p>\n<p>Tra gli interventi annunciati, anche il ritorno allo <strong>smart working per i dipendenti regionali e degli enti connessi<\/strong>. <em>&#8220;Di fronte a un virus cos\u00ec contagioso, se limitiamo i contatti alle cose veramente importanti \u00e8 meglio. Come Regione daremo il buon esempio&#8221;. &#8220;Allargheremo <\/em>&#8211; ha poi aggiunto il presidente &#8211;<em>\u00a0 lo smart working per i nostri 3.500 dipendenti che, considerati anche gli enti connessi alla Regione, sono pi\u00f9 di 5.000. Almeno fino alla fine di gennaio tutto ci\u00f2 che pu\u00f2 essere fatto tramite lo smart working lo faremo&#8221;.<\/em><\/p>\n<h3><em>La pillola anti-Covid arriva in Toscana: 1440 dosi al Meyer di Firenze<\/em><\/h3>\n<p><em>&#8220;Il generale Figliuolo mi ha comunicato che sono arrivate al Meyer di Firenze 1440 dosi di pillole anti covid merck. Le distribuiremo seguendo i criteri che ci d\u00e0 la struttura commissariale&#8221;<\/em>, ha detto Giani. Uno strumento in pi\u00f9 che si unisce alla cura contro l&#8217;infezione:\u00a0 <mark><em>&#8220;Mi sto impegnando molto anche sugli anticorpi monoclonali e in questo momento c&#8217;\u00e8 una crescente domanda in Toscana e stanno funzionando molto bene&#8221;.<\/mark><\/em><\/p>\n","protected":false},"excerpt":{"rendered":"<p>Rivoluzione nel tracciamento: chi \u00e8 positivo lo comunicher\u00e0 via web. Giani: &#8220;No vax insopportabili, per loro la met\u00e0 dei tamponi e l&#8217;84% dei posti in intensiva&#8221;. 50mila test in pi\u00f9 per chi ha la ricetta medica<\/p>\n","protected":false},"author":545,"featured_media":205865,"comment_status":"open","ping_status":"open","sticky":false,"template":"","format":"standard","meta":{"_acf_changed":false,"footnotes":""},"categories":[494],"tags":[418,158,4408],"class_list":["post-205808","post","type-post","status-publish","format-standard","has-post-thumbnail","hentry","category-attualita","tag-covid-19","tag-eugenio-giani","tag-tamponi"],"acf":[],"yoast_head":"<!-- This site is optimized with the Yoast SEO Premium plugin v24.2 (Yoast SEO v25.6) - https:\/\/yoast.com\/wordpress\/plugins\/seo\/ -->\n<title>Covid, baster\u00e0 il tampone negativo per uscire dall&#039;isolamento: al via la semplificazione con un sms - intoscana<\/title>\n<meta name=\"description\" content=\"Rivoluzione nel tracciamento: chi \u00e8 positivo lo comunicher\u00e0 via web. Giani: &quot;No vax insopportabili, per loro la met\u00e0 dei tamponi e l&#039;84% dei posti in intensiva&quot;. 50mila test in pi\u00f9 per chi ha ricetta medica\" \/>\n<meta name=\"robots\" content=\"index, follow, max-snippet:-1, max-image-preview:large, max-video-preview:-1\" \/>\n<link rel=\"canonical\" href=\"https:\/\/www.intoscana.it\/it\/covid-bastera-il-tampone-negativo-per-uscire-dallisolamento-al-via-la-semplificazione-con-un-sms\/\" \/>\n<meta property=\"og:locale\" content=\"it_IT\" \/>\n<meta property=\"og:type\" content=\"article\" \/>\n<meta property=\"og:title\" content=\"Covid, baster\u00e0 il tampone negativo per uscire dall&#039;isolamento: al via la semplificazione con un sms\" \/>\n<meta property=\"og:description\" content=\"Rivoluzione nel tracciamento: chi \u00e8 positivo lo comunicher\u00e0 via web. Giani: &quot;No vax insopportabili, per loro la met\u00e0 dei tamponi e l&#039;84% dei posti in intensiva&quot;. 50mila test in pi\u00f9 per chi ha ricetta medica\" \/>\n<meta property=\"og:url\" content=\"https:\/\/www.intoscana.it\/it\/covid-bastera-il-tampone-negativo-per-uscire-dallisolamento-al-via-la-semplificazione-con-un-sms\/\" \/>\n<meta property=\"og:site_name\" content=\"intoscana\" \/>\n<meta property=\"article:publisher\" content=\"https:\/\/www.facebook.com\/intoscana.it\" \/>\n<meta property=\"article:published_time\" content=\"2022-01-04T16:34:55+00:00\" \/>\n<meta property=\"article:modified_time\" content=\"2022-01-07T10:42:19+00:00\" \/>\n<meta property=\"og:image\" content=\"https:\/\/www.intoscana.it\/wp-content\/uploads\/Hub-vaccinale-scaled.jpg\" \/>\n\t<meta property=\"og:image:width\" content=\"2048\" \/>\n\t<meta property=\"og:image:height\" content=\"1365\" \/>\n\t<meta property=\"og:image:type\" content=\"image\/jpeg\" \/>\n<meta name=\"author\" content=\"Clara D&#039;Acunto\" \/>\n<meta name=\"twitter:card\" content=\"summary_large_image\" \/>\n<meta name=\"twitter:creator\" content=\"@intoscana\" \/>\n<meta name=\"twitter:site\" content=\"@intoscana\" \/>\n<meta name=\"twitter:label1\" content=\"Written by\" \/>\n\t<meta name=\"twitter:data1\" content=\"Clara D&#039;Acunto\" \/>\n\t<meta name=\"twitter:label2\" content=\"Est. reading time\" \/>\n\t<meta name=\"twitter:data2\" content=\"6 minuti\" \/>\n<script type=\"application\/ld+json\" class=\"yoast-schema-graph\">{\"@context\":\"https:\/\/schema.org\",\"@graph\":[{\"@type\":\"WebPage\",\"@id\":\"https:\/\/www.intoscana.it\/it\/covid-bastera-il-tampone-negativo-per-uscire-dallisolamento-al-via-la-semplificazione-con-un-sms\/\",\"url\":\"https:\/\/www.intoscana.it\/it\/covid-bastera-il-tampone-negativo-per-uscire-dallisolamento-al-via-la-semplificazione-con-un-sms\/\",\"name\":\"Covid, baster\u00e0 il tampone negativo per uscire dall'isolamento: al via la semplificazione con un sms - intoscana\",\"isPartOf\":{\"@id\":\"https:\/\/www.intoscana.it\/it\/#website\"},\"primaryImageOfPage\":{\"@id\":\"https:\/\/www.intoscana.it\/it\/covid-bastera-il-tampone-negativo-per-uscire-dallisolamento-al-via-la-semplificazione-con-un-sms\/#primaryimage\"},\"image\":{\"@id\":\"https:\/\/www.intoscana.it\/it\/covid-bastera-il-tampone-negativo-per-uscire-dallisolamento-al-via-la-semplificazione-con-un-sms\/#primaryimage\"},\"thumbnailUrl\":\"https:\/\/www.intoscana.it\/wp-content\/uploads\/Hub-vaccinale-scaled.jpg\",\"datePublished\":\"2022-01-04T16:34:55+00:00\",\"dateModified\":\"2022-01-07T10:42:19+00:00\",\"author\":{\"@id\":\"https:\/\/www.intoscana.it\/it\/#\/schema\/person\/137419af9ef5d385bde52864a841e6ce\"},\"description\":\"Rivoluzione nel tracciamento: chi \u00e8 positivo lo comunicher\u00e0 via web. Giani: \\\"No vax insopportabili, per loro la met\u00e0 dei tamponi e l'84% dei posti in intensiva\\\". 50mila test in pi\u00f9 per chi ha ricetta medica\",\"breadcrumb\":{\"@id\":\"https:\/\/www.intoscana.it\/it\/covid-bastera-il-tampone-negativo-per-uscire-dallisolamento-al-via-la-semplificazione-con-un-sms\/#breadcrumb\"},\"inLanguage\":\"it-IT\",\"potentialAction\":[{\"@type\":\"ReadAction\",\"target\":[\"https:\/\/www.intoscana.it\/it\/covid-bastera-il-tampone-negativo-per-uscire-dallisolamento-al-via-la-semplificazione-con-un-sms\/\"]}]},{\"@type\":\"ImageObject\",\"inLanguage\":\"it-IT\",\"@id\":\"https:\/\/www.intoscana.it\/it\/covid-bastera-il-tampone-negativo-per-uscire-dallisolamento-al-via-la-semplificazione-con-un-sms\/#primaryimage\",\"url\":\"https:\/\/www.intoscana.it\/wp-content\/uploads\/Hub-vaccinale-scaled.jpg\",\"contentUrl\":\"https:\/\/www.intoscana.it\/wp-content\/uploads\/Hub-vaccinale-scaled.jpg\",\"width\":2048,\"height\":1365},{\"@type\":\"BreadcrumbList\",\"@id\":\"https:\/\/www.intoscana.it\/it\/covid-bastera-il-tampone-negativo-per-uscire-dallisolamento-al-via-la-semplificazione-con-un-sms\/#breadcrumb\",\"itemListElement\":[{\"@type\":\"ListItem\",\"position\":1,\"name\":\"Home\",\"item\":\"https:\/\/www.intoscana.it\/it\/\"},{\"@type\":\"ListItem\",\"position\":2,\"name\":\"Covid, baster\u00e0 il tampone negativo per uscire dall&#8217;isolamento: al via la semplificazione con un sms\"}]},{\"@type\":\"WebSite\",\"@id\":\"https:\/\/www.intoscana.it\/it\/#website\",\"url\":\"https:\/\/www.intoscana.it\/it\/\",\"name\":\"intoscana\",\"description\":\"\",\"potentialAction\":[{\"@type\":\"SearchAction\",\"target\":{\"@type\":\"EntryPoint\",\"urlTemplate\":\"https:\/\/www.intoscana.it\/it\/?s={search_term_string}\"},\"query-input\":{\"@type\":\"PropertyValueSpecification\",\"valueRequired\":true,\"valueName\":\"search_term_string\"}}],\"inLanguage\":\"it-IT\"},{\"@type\":\"Person\",\"@id\":\"https:\/\/www.intoscana.it\/it\/#\/schema\/person\/137419af9ef5d385bde52864a841e6ce\",\"name\":\"Clara D'Acunto\",\"url\":\"https:\/\/www.intoscana.it\/it\/author\/clara-d_acunto\/\"}]}<\/script>\n<!-- \/ Yoast SEO Premium plugin. -->","yoast_head_json":{"title":"Covid, baster\u00e0 il tampone negativo per uscire dall'isolamento: al via la semplificazione con un sms - intoscana","description":"Rivoluzione nel tracciamento: chi \u00e8 positivo lo comunicher\u00e0 via web. Giani: \"No vax insopportabili, per loro la met\u00e0 dei tamponi e l'84% dei posti in intensiva\". 50mila test in pi\u00f9 per chi ha ricetta medica","robots":{"index":"index","follow":"follow","max-snippet":"max-snippet:-1","max-image-preview":"max-image-preview:large","max-video-preview":"max-video-preview:-1"},"canonical":"https:\/\/www.intoscana.it\/it\/covid-bastera-il-tampone-negativo-per-uscire-dallisolamento-al-via-la-semplificazione-con-un-sms\/","og_locale":"it_IT","og_type":"article","og_title":"Covid, baster\u00e0 il tampone negativo per uscire dall'isolamento: al via la semplificazione con un sms","og_description":"Rivoluzione nel tracciamento: chi \u00e8 positivo lo comunicher\u00e0 via web. Giani: \"No vax insopportabili, per loro la met\u00e0 dei tamponi e l'84% dei posti in intensiva\". 50mila test in pi\u00f9 per chi ha ricetta medica","og_url":"https:\/\/www.intoscana.it\/it\/covid-bastera-il-tampone-negativo-per-uscire-dallisolamento-al-via-la-semplificazione-con-un-sms\/","og_site_name":"intoscana","article_publisher":"https:\/\/www.facebook.com\/intoscana.it","article_published_time":"2022-01-04T16:34:55+00:00","article_modified_time":"2022-01-07T10:42:19+00:00","og_image":[{"width":2048,"height":1365,"url":"https:\/\/www.intoscana.it\/wp-content\/uploads\/Hub-vaccinale-scaled.jpg","type":"image\/jpeg"}],"author":"Clara D'Acunto","twitter_card":"summary_large_image","twitter_creator":"@intoscana","twitter_site":"@intoscana","twitter_misc":{"Written by":"Clara D'Acunto","Est. reading time":"6 minuti"},"schema":{"@context":"https:\/\/schema.org","@graph":[{"@type":"WebPage","@id":"https:\/\/www.intoscana.it\/it\/covid-bastera-il-tampone-negativo-per-uscire-dallisolamento-al-via-la-semplificazione-con-un-sms\/","url":"https:\/\/www.intoscana.it\/it\/covid-bastera-il-tampone-negativo-per-uscire-dallisolamento-al-via-la-semplificazione-con-un-sms\/","name":"Covid, baster\u00e0 il tampone negativo per uscire dall'isolamento: al via la semplificazione con un sms - intoscana","isPartOf":{"@id":"https:\/\/www.intoscana.it\/it\/#website"},"primaryImageOfPage":{"@id":"https:\/\/www.intoscana.it\/it\/covid-bastera-il-tampone-negativo-per-uscire-dallisolamento-al-via-la-semplificazione-con-un-sms\/#primaryimage"},"image":{"@id":"https:\/\/www.intoscana.it\/it\/covid-bastera-il-tampone-negativo-per-uscire-dallisolamento-al-via-la-semplificazione-con-un-sms\/#primaryimage"},"thumbnailUrl":"https:\/\/www.intoscana.it\/wp-content\/uploads\/Hub-vaccinale-scaled.jpg","datePublished":"2022-01-04T16:34:55+00:00","dateModified":"2022-01-07T10:42:19+00:00","author":{"@id":"https:\/\/www.intoscana.it\/it\/#\/schema\/person\/137419af9ef5d385bde52864a841e6ce"},"description":"Rivoluzione nel tracciamento: chi \u00e8 positivo lo comunicher\u00e0 via web. Giani: \"No vax insopportabili, per loro la met\u00e0 dei tamponi e l'84% dei posti in intensiva\". 50mila test in pi\u00f9 per chi ha ricetta medica","breadcrumb":{"@id":"https:\/\/www.intoscana.it\/it\/covid-bastera-il-tampone-negativo-per-uscire-dallisolamento-al-via-la-semplificazione-con-un-sms\/#breadcrumb"},"inLanguage":"it-IT","potentialAction":[{"@type":"ReadAction","target":["https:\/\/www.intoscana.it\/it\/covid-bastera-il-tampone-negativo-per-uscire-dallisolamento-al-via-la-semplificazione-con-un-sms\/"]}]},{"@type":"ImageObject","inLanguage":"it-IT","@id":"https:\/\/www.intoscana.it\/it\/covid-bastera-il-tampone-negativo-per-uscire-dallisolamento-al-via-la-semplificazione-con-un-sms\/#primaryimage","url":"https:\/\/www.intoscana.it\/wp-content\/uploads\/Hub-vaccinale-scaled.jpg","contentUrl":"https:\/\/www.intoscana.it\/wp-content\/uploads\/Hub-vaccinale-scaled.jpg","width":2048,"height":1365},{"@type":"BreadcrumbList","@id":"https:\/\/www.intoscana.it\/it\/covid-bastera-il-tampone-negativo-per-uscire-dallisolamento-al-via-la-semplificazione-con-un-sms\/#breadcrumb","itemListElement":[{"@type":"ListItem","position":1,"name":"Home","item":"https:\/\/www.intoscana.it\/it\/"},{"@type":"ListItem","position":2,"name":"Covid, baster\u00e0 il tampone negativo per uscire dall&#8217;isolamento: al via la semplificazione con un sms"}]},{"@type":"WebSite","@id":"https:\/\/www.intoscana.it\/it\/#website","url":"https:\/\/www.intoscana.it\/it\/","name":"intoscana","description":"","potentialAction":[{"@type":"SearchAction","target":{"@type":"EntryPoint","urlTemplate":"https:\/\/www.intoscana.it\/it\/?s={search_term_string}"},"query-input":{"@type":"PropertyValueSpecification","valueRequired":true,"valueName":"search_term_string"}}],"inLanguage":"it-IT"},{"@type":"Person","@id":"https:\/\/www.intoscana.it\/it\/#\/schema\/person\/137419af9ef5d385bde52864a841e6ce","name":"Clara D'Acunto","url":"https:\/\/www.intoscana.it\/it\/author\/clara-d_acunto\/"}]}},"_links":{"self":[{"href":"https:\/\/www.intoscana.it\/it\/wp-json\/wp\/v2\/posts\/205808","targetHints":{"allow":["GET"]}}],"collection":[{"href":"https:\/\/www.intoscana.it\/it\/wp-json\/wp\/v2\/posts"}],"about":[{"href":"https:\/\/www.intoscana.it\/it\/wp-json\/wp\/v2\/types\/post"}],"author":[{"embeddable":true,"href":"https:\/\/www.intoscana.it\/it\/wp-json\/wp\/v2\/users\/545"}],"replies":[{"embeddable":true,"href":"https:\/\/www.intoscana.it\/it\/wp-json\/wp\/v2\/comments?post=205808"}],"version-history":[{"count":0,"href":"https:\/\/www.intoscana.it\/it\/wp-json\/wp\/v2\/posts\/205808\/revisions"}],"wp:featuredmedia":[{"embeddable":true,"href":"https:\/\/www.intoscana.it\/it\/wp-json\/wp\/v2\/media\/205865"}],"wp:attachment":[{"href":"https:\/\/www.intoscana.it\/it\/wp-json\/wp\/v2\/media?parent=205808"}],"wp:term":[{"taxonomy":"category","embeddable":true,"href":"https:\/\/www.intoscana.it\/it\/wp-json\/wp\/v2\/categories?post=205808"},{"taxonomy":"post_tag","embeddable":true,"href":"https:\/\/www.intoscana.it\/it\/wp-json\/wp\/v2\/tags?post=205808"}],"curies":[{"name":"wp","href":"https:\/\/api.w.org\/{rel}","templated":true}]}}