{"id":205890,"date":"2022-01-05T09:55:01","date_gmt":"2022-01-05T08:55:01","guid":{"rendered":"https:\/\/www.intoscana.it\/it\/?p=205890"},"modified":"2022-01-05T10:25:17","modified_gmt":"2022-01-05T09:25:17","slug":"la-rivoluzione-ecologica-dei-funghi-parte-dalla-toscana-con-circular-farm","status":"publish","type":"post","link":"https:\/\/www.intoscana.it\/it\/la-rivoluzione-ecologica-dei-funghi-parte-dalla-toscana-con-circular-farm\/","title":{"rendered":"La rivoluzione ecologica dei funghi parte dalla Toscana con Circular Farm"},"content":{"rendered":"<p><strong>Andare in cerca di funghi nei boschi<\/strong> ad alcuni potr\u00e0 sembrare un&#8217;attivit\u00e0 tipica dei nostri nonni, ma negli ultimi tempi sembra che i funghi siano tornati &#8220;di moda&#8221; anche grazie al bel documentario uscito su <strong>Netflix <em>&#8220;Funghi fantastici&#8221;<\/em><\/strong> che racconta <strong>le moltissime propriet\u00e0 di questi organismi cos\u00ec preziosi per la biodiversit\u00e0 dei boschi<\/strong>.<\/p>\n<p>Negli ultimi anni molte sono le aziende che hanno deciso anche in Italia di coltivare funghi per il consumo giornaliero. In Toscana a Scandicci c&#8217;\u00e8 <strong>Circular Farm la prima &#8220;azienda agricola senza terra&#8221;<\/strong> cos\u00ec la definisce il suo fondatore <strong>Antonio Di Giovanni.<\/strong><\/p>\n<p>Il progetto \u00e8 nato come start up con il nome di <a href=\"https:\/\/www.funghiespresso.com\" target=\"_blank\" rel=\"noopener\"><strong>&#8220;Funghi Espresso&#8221;<\/strong><\/a> nel 2013 all&#8217;interno dell&#8217;<strong>Incubatore Universitario Fiorentino (Impresa Campus Unifi)<\/strong> in collaborazione con <strong>Rossano Ercolini del Centro di Ricerca Rifiuti Zero<\/strong> e poi con <strong>l&#8217;Istituto Tecnico Agrario di Firenze<\/strong> nel 2016, fino ad approdare a Scandicci e diventare <a href=\"http:\/\/www.circularfarm.it\" target=\"_blank\" rel=\"noopener\"><strong>&#8220;Circular Farm&#8221;.<\/strong><\/a><\/p>\n<p>Si tratta di <strong>un&#8217;azienda agricola &#8220;senza terra&#8221;<\/strong>\u00a0appunto perch\u00e8 recupera e utilizza i <strong>fondi del caff\u00e8<\/strong> come base per una produzione. <strong>Antonio Di Giovanni ci ha raccontato<\/strong>: &#8220;Nell&#8217;immaginario collettivo quando parliamo di un&#8217;azienda agricola quello che ci viene subito in mente \u00e8 un campo di grano. Invece<strong> l&#8217;agricoltura del futuro deve rispondere a una serie di sfide<\/strong>, per esempio i <strong>cambiamenti climatici<\/strong>, un clima che \u00e8 in continuo cambiamento ed \u00e8 quindi sempre pi\u00f9 difficile produrre.<\/p>\n<p><strong>Un&#8217;altra sfida importante che l&#8217;agricoltura ha davanti \u00e8 quella dell&#8217;impatto ambientale<\/strong> perch\u00e8 \u00e8 uno dei settori che impatta maggiormente. La nostra azienda affronta queste problematiche, noi siamo un&#8217;azienda circolare perch\u00e8<strong> tutti gli scarti di produzione vengono rigenerati e reintegrati all&#8217;interno del sistema stesso. <\/strong>Il nostro obiettivo \u00e8 creare dei prodotti con qualit\u00e0 alimentare elevata e allo stesso tempo non produrre rifiuti. Noi pensiamo che il rifiuto perfetto \u00e8 quello che non esiste.&#8221;<\/p>\n<figure id=\"post-205896 media-205896\" class=\"align-none\"><img decoding=\"async\" src=\"https:\/\/www.intoscana.it\/wp-content\/uploads\/Schermata-2022-01-04-alle-14.37.23.jpeg\" alt=\"\" \/><\/figure>\n<h3>Cosa sono i &#8220;funghi espresso&#8221;?<\/h3>\n<p>E&#8217; possibile valorizzare i fondi del caff\u00e8 producendo i funghi e successivamente usare questo substrato di coltivazione per produrre <strong>un ottimo compost<\/strong> usato un&#8217;altra volta per concimare orti e giardini.<\/p>\n<p>I funghi vengono coltivati all&#8217;interno di un container marittimo quindi <strong>fuori solo, in verticale<\/strong>, mentre le insalate su <strong>impianto acquaponico senza l&#8217;utilizzo dei concimi minerali.<\/strong><\/p>\n<h3>Quali sono le propriet\u00e0 dei funghi espresso?<\/h3>\n<p><strong>I funghi espresso<\/strong> prodotti dai fondi di caff\u00e8 &#8211; <strong>prosegue Antonio Di Giovanni<\/strong> &#8211; non sono solo un modo geniale e semplice di valorizzare uno scarto alimentare ma possono dare molte sostanze in pi\u00f9 in termini nutrizionali.<\/p>\n<p><strong>I funghi coltivati dal caff\u00e8 hanno caratteristiche diverse dai funghi normali<\/strong>, hanno un sapore pi\u00f9 aromatico. Quello che abbiamo scoperto \u00e8 che contengono polifenoli e hanno la possibilit\u00e0 di nutrirci e anche curarci. Un aspetto interessante \u00e8 che <strong>il livello proteico dei nostri funghi \u00e8 tre volte superiore<\/strong> rispetto agli stessi funghi coltivati sulla paglia.<\/p>\n<p><strong>Il Pleurotus Ostreatus<\/strong> che noi coltiviamo sui fondi di caff\u00e8 viene apprezzato dai nostri clienti soprattutto per la sua<strong> carnosit\u00e0,<\/strong> viene infatti chiamato<strong> &#8220;bistecca vegana&#8221;,<\/strong> il suo sapore \u00e8 molto simile a quello del pollo. Pu\u00f2 essere cucinato <strong>alla griglia, al forno, trifolato o gratinato.<\/strong><\/p>\n<figure id=\"post-205929 media-205929\" class=\"align-none\"><img decoding=\"async\" src=\"https:\/\/www.intoscana.it\/wp-content\/uploads\/269705536_446233323566092_32127676651533616_n.png\" alt=\"\" \/><\/figure>\n<h3>I kit per la coltivazione domestica<\/h3>\n<p>E&#8217; possibile coltivare i funghi a casa, <strong>Circular Farm<\/strong> infatti ha creato dei <strong>kit per la coltivazione domestica<\/strong>, delle piccole scatole da bagnare tutti i giorni che in una sola settimana o al massimo 10 giorni permettono di ottenere dei funghi da cucinare.<\/p>\n<p>Oppure esiste il <strong>Kit a secchiello<\/strong> per l&#8217;autoproduzione domestica dei funghi <strong>usando i propri fondi del caff\u00e8.<\/strong><\/p>\n<figure id=\"post-205906 media-205906\" class=\"align-none\"><img decoding=\"async\" src=\"https:\/\/www.intoscana.it\/wp-content\/uploads\/Paul_Stamets_with_Agarikon.jpeg\" alt=\"\" \/><\/figure>\n<div class=\"titleimg\"><em>Paul Stamets con in mano un esemplare gigante di Fomitopsis officinalis<\/em><\/div>\n<h3>Perch\u00e8 i funghi sono &#8220;tornati di moda&#8221;?<\/h3>\n<p>Ti consiglio un libro molto interessante<em><strong>\u00a0&#8211;<\/strong><\/em><strong> ci ha detto Antonio Di Giovanni-<\/strong><em><strong> &#8220;L&#8217;ordine nascosto. La vita segreta dei funghi&#8221;<\/strong><\/em> di <strong>Merlin Sheldrake.<\/strong> Perch\u00e8 la vita segreta dei funghi? Perch\u00e8 noi non li vediamo, ma i funghi sono organismi intelligenti, grazie a loro gli ecosistemi rimangono in vita. <strong>Quello che noi vediamo \u00e8 la parte fruttifera, quello che si mangia, ma il vero fungo \u00e8 la muffa, quello che vive nel sottosuolo<\/strong> e che riesce grazie alla sua rete a fare cose molto importanti, una su tutte <strong>degradare la cellulosa cio\u00e8 il legno e riuscire a trasformarlo in composti minerali<\/strong> a loro volta usati dai batteri e poi dalle piante per nutrirsi.<\/p>\n<p>Un&#8217;altra cosa importante \u00e8 quello che viene chiamato il<strong> &#8220;Wood Wide Web&#8221;<\/strong> che si vede molto bene nel documentario <em><strong>&#8220;Fantastic Fungi&#8221;<\/strong><\/em>\u00a0 cio\u00e8 l&#8217;interconnessione che c&#8217;\u00e8 nel sottosuolo tra le piante grazie alla <strong>rete di micelio dei funghi.<\/strong> Senza i funghi avremmo metri e metri di sostanza organica non degradata nelle foreste, il suolo sarebbe povero e le piante non avrebbero nulla da mangiare. <strong>I funghi anche se non li vediamo hanno un ruolo chiave nella vita della natura.<\/strong><\/p>\n<p>Il <strong>famoso micologo americano Paul Stamets<\/strong> che da anni coltiva funghi e studia le loro propriet\u00e0 curative sta lavorando a ben sei brevetti per usare i funghi come insetticidi naturali. In un <strong>TED<\/strong> racconta che ci si pu\u00f2 curare con i funghi, ottenere benefici dal punto di vista nutrizionale perch\u00e8 \u00e8 un cibo ipocalorico ricco di nutrienti e di proteine. Inoltre con i funghi oggi si fanno tante cose,<strong> l&#8217;ultima frontiera \u00e8 il biopackagin<\/strong> che stanno producendo molte aziende nel mondo, in Italia c&#8217;\u00e8 \u00a0<strong><a href=\"https:\/\/mogu.bio\" target=\"_blank\" rel=\"noopener\">Mogu<\/a>.<\/strong> Anche <strong>l&#8217;Ikea<\/strong> recentemente ha dichiarato che eliminer\u00e0 la plastica e nei prossimi anni utilizzer\u00e0 solo biopackaging. <strong>Noi stiamo parlando di un futuro lontano ma del presente. I funghi faranno parte della rivoluzione ecologica.<\/strong><\/p>\n<div style=\"max-width: 854px;\">\n<div style=\"position: relative; height: 0; padding-bottom: 56.25%;\"><iframe loading=\"lazy\" style=\"position: absolute; left: 0; top: 0; width: 100%; height: 100%;\" src=\"https:\/\/embed.ted.com\/talks\/lang\/it\/paul_stamets_6_ways_mushrooms_can_save_the_world\" width=\"854\" height=\"480\" frameborder=\"0\" scrolling=\"no\" allowfullscreen=\"allowfullscreen\"><\/iframe><\/div>\n<\/div>\n","protected":false},"excerpt":{"rendered":"<p>Intervista a Antonio Di Giovanni fondatore dell&#8217;azienda con sede a Scandicci che produce funghi recuperando i fondi del caff\u00e8<\/p>\n","protected":false},"author":518,"featured_media":205902,"comment_status":"open","ping_status":"open","sticky":false,"template":"","format":"standard","meta":{"_acf_changed":false,"footnotes":""},"categories":[19],"tags":[363,5465,282,5843,4923],"class_list":["post-205890","post","type-post","status-publish","format-standard","has-post-thumbnail","hentry","category-ambiente","tag-agricoltura","tag-agricoltura-innovativa","tag-agroalimentare","tag-agroalimentare-toscana","tag-giovani-agricoltori"],"acf":[],"yoast_head":"<!-- This site is optimized with the Yoast SEO Premium plugin v24.2 (Yoast SEO v25.6) - https:\/\/yoast.com\/wordpress\/plugins\/seo\/ -->\n<title>La rivoluzione ecologica dei funghi parte dalla Toscana con Circular Farm - intoscana<\/title>\n<meta name=\"description\" content=\"Intervista a Antonio Di Giovanni fondatore dell&#039;azienda con sede a Scandicci che produce funghi recuperando i fondi del caff\u00e8\u00a0\" \/>\n<meta name=\"robots\" content=\"index, follow, max-snippet:-1, max-image-preview:large, max-video-preview:-1\" \/>\n<link rel=\"canonical\" href=\"https:\/\/www.intoscana.it\/it\/la-rivoluzione-ecologica-dei-funghi-parte-dalla-toscana-con-circular-farm\/\" \/>\n<meta property=\"og:locale\" content=\"it_IT\" \/>\n<meta property=\"og:type\" content=\"article\" \/>\n<meta property=\"og:title\" content=\"La rivoluzione ecologica dei funghi parte dalla Toscana con Circular Farm\" \/>\n<meta property=\"og:description\" content=\"Intervista a Antonio Di Giovanni fondatore dell&#039;azienda con sede a Scandicci che produce funghi recuperando i fondi del caff\u00e8\u00a0\" \/>\n<meta property=\"og:url\" content=\"https:\/\/www.intoscana.it\/it\/la-rivoluzione-ecologica-dei-funghi-parte-dalla-toscana-con-circular-farm\/\" \/>\n<meta property=\"og:site_name\" content=\"intoscana\" \/>\n<meta property=\"article:publisher\" content=\"https:\/\/www.facebook.com\/intoscana.it\" \/>\n<meta property=\"article:published_time\" content=\"2022-01-05T08:55:01+00:00\" \/>\n<meta property=\"article:modified_time\" content=\"2022-01-05T09:25:17+00:00\" \/>\n<meta property=\"og:image\" content=\"https:\/\/www.intoscana.it\/wp-content\/uploads\/IMG_3374.jpeg\" \/>\n\t<meta property=\"og:image:width\" content=\"1170\" \/>\n\t<meta property=\"og:image:height\" content=\"766\" \/>\n\t<meta property=\"og:image:type\" content=\"image\/jpeg\" \/>\n<meta name=\"author\" content=\"Costanza Baldini\" \/>\n<meta name=\"twitter:card\" content=\"summary_large_image\" \/>\n<meta name=\"twitter:creator\" content=\"@intoscana\" \/>\n<meta name=\"twitter:site\" content=\"@intoscana\" \/>\n<meta name=\"twitter:label1\" content=\"Written by\" \/>\n\t<meta name=\"twitter:data1\" content=\"Costanza Baldini\" \/>\n\t<meta name=\"twitter:label2\" content=\"Est. reading time\" \/>\n\t<meta name=\"twitter:data2\" content=\"4 minuti\" \/>\n<script type=\"application\/ld+json\" class=\"yoast-schema-graph\">{\"@context\":\"https:\/\/schema.org\",\"@graph\":[{\"@type\":\"WebPage\",\"@id\":\"https:\/\/www.intoscana.it\/it\/la-rivoluzione-ecologica-dei-funghi-parte-dalla-toscana-con-circular-farm\/\",\"url\":\"https:\/\/www.intoscana.it\/it\/la-rivoluzione-ecologica-dei-funghi-parte-dalla-toscana-con-circular-farm\/\",\"name\":\"La rivoluzione ecologica dei funghi parte dalla Toscana con Circular Farm - intoscana\",\"isPartOf\":{\"@id\":\"https:\/\/www.intoscana.it\/it\/#website\"},\"primaryImageOfPage\":{\"@id\":\"https:\/\/www.intoscana.it\/it\/la-rivoluzione-ecologica-dei-funghi-parte-dalla-toscana-con-circular-farm\/#primaryimage\"},\"image\":{\"@id\":\"https:\/\/www.intoscana.it\/it\/la-rivoluzione-ecologica-dei-funghi-parte-dalla-toscana-con-circular-farm\/#primaryimage\"},\"thumbnailUrl\":\"https:\/\/www.intoscana.it\/wp-content\/uploads\/IMG_3374.jpeg\",\"datePublished\":\"2022-01-05T08:55:01+00:00\",\"dateModified\":\"2022-01-05T09:25:17+00:00\",\"author\":{\"@id\":\"https:\/\/www.intoscana.it\/it\/#\/schema\/person\/d469f35f09739bdf00bf5dd3f0647a82\"},\"description\":\"Intervista a Antonio Di Giovanni fondatore dell'azienda con sede a Scandicci che produce funghi recuperando i fondi del caff\u00e8\u00a0\",\"breadcrumb\":{\"@id\":\"https:\/\/www.intoscana.it\/it\/la-rivoluzione-ecologica-dei-funghi-parte-dalla-toscana-con-circular-farm\/#breadcrumb\"},\"inLanguage\":\"it-IT\",\"potentialAction\":[{\"@type\":\"ReadAction\",\"target\":[\"https:\/\/www.intoscana.it\/it\/la-rivoluzione-ecologica-dei-funghi-parte-dalla-toscana-con-circular-farm\/\"]}]},{\"@type\":\"ImageObject\",\"inLanguage\":\"it-IT\",\"@id\":\"https:\/\/www.intoscana.it\/it\/la-rivoluzione-ecologica-dei-funghi-parte-dalla-toscana-con-circular-farm\/#primaryimage\",\"url\":\"https:\/\/www.intoscana.it\/wp-content\/uploads\/IMG_3374.jpeg\",\"contentUrl\":\"https:\/\/www.intoscana.it\/wp-content\/uploads\/IMG_3374.jpeg\",\"width\":1170,\"height\":766},{\"@type\":\"BreadcrumbList\",\"@id\":\"https:\/\/www.intoscana.it\/it\/la-rivoluzione-ecologica-dei-funghi-parte-dalla-toscana-con-circular-farm\/#breadcrumb\",\"itemListElement\":[{\"@type\":\"ListItem\",\"position\":1,\"name\":\"Home\",\"item\":\"https:\/\/www.intoscana.it\/it\/\"},{\"@type\":\"ListItem\",\"position\":2,\"name\":\"La rivoluzione ecologica dei funghi parte dalla Toscana con Circular Farm\"}]},{\"@type\":\"WebSite\",\"@id\":\"https:\/\/www.intoscana.it\/it\/#website\",\"url\":\"https:\/\/www.intoscana.it\/it\/\",\"name\":\"intoscana\",\"description\":\"\",\"potentialAction\":[{\"@type\":\"SearchAction\",\"target\":{\"@type\":\"EntryPoint\",\"urlTemplate\":\"https:\/\/www.intoscana.it\/it\/?s={search_term_string}\"},\"query-input\":{\"@type\":\"PropertyValueSpecification\",\"valueRequired\":true,\"valueName\":\"search_term_string\"}}],\"inLanguage\":\"it-IT\"},{\"@type\":\"Person\",\"@id\":\"https:\/\/www.intoscana.it\/it\/#\/schema\/person\/d469f35f09739bdf00bf5dd3f0647a82\",\"name\":\"Costanza Baldini\",\"url\":\"https:\/\/www.intoscana.it\/it\/author\/costanza-baldini\/\"}]}<\/script>\n<!-- \/ Yoast SEO Premium plugin. -->","yoast_head_json":{"title":"La rivoluzione ecologica dei funghi parte dalla Toscana con Circular Farm - intoscana","description":"Intervista a Antonio Di Giovanni fondatore dell'azienda con sede a Scandicci che produce funghi recuperando i fondi del caff\u00e8\u00a0","robots":{"index":"index","follow":"follow","max-snippet":"max-snippet:-1","max-image-preview":"max-image-preview:large","max-video-preview":"max-video-preview:-1"},"canonical":"https:\/\/www.intoscana.it\/it\/la-rivoluzione-ecologica-dei-funghi-parte-dalla-toscana-con-circular-farm\/","og_locale":"it_IT","og_type":"article","og_title":"La rivoluzione ecologica dei funghi parte dalla Toscana con Circular Farm","og_description":"Intervista a Antonio Di Giovanni fondatore dell'azienda con sede a Scandicci che produce funghi recuperando i fondi del caff\u00e8\u00a0","og_url":"https:\/\/www.intoscana.it\/it\/la-rivoluzione-ecologica-dei-funghi-parte-dalla-toscana-con-circular-farm\/","og_site_name":"intoscana","article_publisher":"https:\/\/www.facebook.com\/intoscana.it","article_published_time":"2022-01-05T08:55:01+00:00","article_modified_time":"2022-01-05T09:25:17+00:00","og_image":[{"width":1170,"height":766,"url":"https:\/\/www.intoscana.it\/wp-content\/uploads\/IMG_3374.jpeg","type":"image\/jpeg"}],"author":"Costanza Baldini","twitter_card":"summary_large_image","twitter_creator":"@intoscana","twitter_site":"@intoscana","twitter_misc":{"Written by":"Costanza Baldini","Est. reading time":"4 minuti"},"schema":{"@context":"https:\/\/schema.org","@graph":[{"@type":"WebPage","@id":"https:\/\/www.intoscana.it\/it\/la-rivoluzione-ecologica-dei-funghi-parte-dalla-toscana-con-circular-farm\/","url":"https:\/\/www.intoscana.it\/it\/la-rivoluzione-ecologica-dei-funghi-parte-dalla-toscana-con-circular-farm\/","name":"La rivoluzione ecologica dei funghi parte dalla Toscana con Circular Farm - intoscana","isPartOf":{"@id":"https:\/\/www.intoscana.it\/it\/#website"},"primaryImageOfPage":{"@id":"https:\/\/www.intoscana.it\/it\/la-rivoluzione-ecologica-dei-funghi-parte-dalla-toscana-con-circular-farm\/#primaryimage"},"image":{"@id":"https:\/\/www.intoscana.it\/it\/la-rivoluzione-ecologica-dei-funghi-parte-dalla-toscana-con-circular-farm\/#primaryimage"},"thumbnailUrl":"https:\/\/www.intoscana.it\/wp-content\/uploads\/IMG_3374.jpeg","datePublished":"2022-01-05T08:55:01+00:00","dateModified":"2022-01-05T09:25:17+00:00","author":{"@id":"https:\/\/www.intoscana.it\/it\/#\/schema\/person\/d469f35f09739bdf00bf5dd3f0647a82"},"description":"Intervista a Antonio Di Giovanni fondatore dell'azienda con sede a Scandicci che produce funghi recuperando i fondi del caff\u00e8\u00a0","breadcrumb":{"@id":"https:\/\/www.intoscana.it\/it\/la-rivoluzione-ecologica-dei-funghi-parte-dalla-toscana-con-circular-farm\/#breadcrumb"},"inLanguage":"it-IT","potentialAction":[{"@type":"ReadAction","target":["https:\/\/www.intoscana.it\/it\/la-rivoluzione-ecologica-dei-funghi-parte-dalla-toscana-con-circular-farm\/"]}]},{"@type":"ImageObject","inLanguage":"it-IT","@id":"https:\/\/www.intoscana.it\/it\/la-rivoluzione-ecologica-dei-funghi-parte-dalla-toscana-con-circular-farm\/#primaryimage","url":"https:\/\/www.intoscana.it\/wp-content\/uploads\/IMG_3374.jpeg","contentUrl":"https:\/\/www.intoscana.it\/wp-content\/uploads\/IMG_3374.jpeg","width":1170,"height":766},{"@type":"BreadcrumbList","@id":"https:\/\/www.intoscana.it\/it\/la-rivoluzione-ecologica-dei-funghi-parte-dalla-toscana-con-circular-farm\/#breadcrumb","itemListElement":[{"@type":"ListItem","position":1,"name":"Home","item":"https:\/\/www.intoscana.it\/it\/"},{"@type":"ListItem","position":2,"name":"La rivoluzione ecologica dei funghi parte dalla Toscana con Circular Farm"}]},{"@type":"WebSite","@id":"https:\/\/www.intoscana.it\/it\/#website","url":"https:\/\/www.intoscana.it\/it\/","name":"intoscana","description":"","potentialAction":[{"@type":"SearchAction","target":{"@type":"EntryPoint","urlTemplate":"https:\/\/www.intoscana.it\/it\/?s={search_term_string}"},"query-input":{"@type":"PropertyValueSpecification","valueRequired":true,"valueName":"search_term_string"}}],"inLanguage":"it-IT"},{"@type":"Person","@id":"https:\/\/www.intoscana.it\/it\/#\/schema\/person\/d469f35f09739bdf00bf5dd3f0647a82","name":"Costanza Baldini","url":"https:\/\/www.intoscana.it\/it\/author\/costanza-baldini\/"}]}},"_links":{"self":[{"href":"https:\/\/www.intoscana.it\/it\/wp-json\/wp\/v2\/posts\/205890","targetHints":{"allow":["GET"]}}],"collection":[{"href":"https:\/\/www.intoscana.it\/it\/wp-json\/wp\/v2\/posts"}],"about":[{"href":"https:\/\/www.intoscana.it\/it\/wp-json\/wp\/v2\/types\/post"}],"author":[{"embeddable":true,"href":"https:\/\/www.intoscana.it\/it\/wp-json\/wp\/v2\/users\/518"}],"replies":[{"embeddable":true,"href":"https:\/\/www.intoscana.it\/it\/wp-json\/wp\/v2\/comments?post=205890"}],"version-history":[{"count":0,"href":"https:\/\/www.intoscana.it\/it\/wp-json\/wp\/v2\/posts\/205890\/revisions"}],"wp:featuredmedia":[{"embeddable":true,"href":"https:\/\/www.intoscana.it\/it\/wp-json\/wp\/v2\/media\/205902"}],"wp:attachment":[{"href":"https:\/\/www.intoscana.it\/it\/wp-json\/wp\/v2\/media?parent=205890"}],"wp:term":[{"taxonomy":"category","embeddable":true,"href":"https:\/\/www.intoscana.it\/it\/wp-json\/wp\/v2\/categories?post=205890"},{"taxonomy":"post_tag","embeddable":true,"href":"https:\/\/www.intoscana.it\/it\/wp-json\/wp\/v2\/tags?post=205890"}],"curies":[{"name":"wp","href":"https:\/\/api.w.org\/{rel}","templated":true}]}}