{"id":205975,"date":"2022-01-05T13:13:48","date_gmt":"2022-01-05T12:13:48","guid":{"rendered":"https:\/\/www.intoscana.it\/it\/?p=205975"},"modified":"2022-01-05T16:05:40","modified_gmt":"2022-01-05T15:05:40","slug":"befana-2022-in-toscana","status":"publish","type":"post","link":"https:\/\/www.intoscana.it\/it\/befana-2022-in-toscana\/","title":{"rendered":"Tra biscotti e musei aperti: come festeggiare la Befana in Toscana"},"content":{"rendered":"<p><em>La Befana vien di notte, con le scarpe tutte rotte, con le toppe alla sottana, viva viva la Befana!<\/em>: cos\u00ec recita la famosa filastrocca nata per omaggiare la simpatica vecchietta che regala dolci ai bambini buoni. Il <strong>6 gennaio<\/strong> di ogni anno, in tutta Italia, si tengono eventi e rievocazioni in costume per festeggiare l\u2019Epifania, la ricorrenza che pone fine ufficialmente al periodo natalizio.<\/p>\n<p>Vista la situazione ancora delicata dovuta alla pandemia da Covid-19, per questo 2022 alcune iniziative sono state annullate. Ad esempio, a Firenze non vedremo la <a href=\"https:\/\/www.intoscana.it\/it\/articolo\/a-firenze-la-cavalcata-dei-magi-nel-giorno-dellepifania\/\" target=\"_blank\" rel=\"noopener\">Cavalcata dei Magi<\/a>, il tradizionale corteo storico che si snoda lungo le vie del centro, da Palazzo Pitti al Duomo. Non si svolger\u00e0 nemmeno il caratteristico <a href=\"https:\/\/www.intoscana.it\/it\/articolo\/firenze-san-piero-a-sieve-ecco-il-treno-della-befana\/\" target=\"_blank\" rel=\"noopener\">Treno della Befana<\/a> che, dal 2006, consente ai visitatori di raggiungere San Piero a Sieve a bordo di un antico treno a vapore.<\/p>\n<div class=\"focuson\"><a href=\"https:\/\/www.intoscana.it\/it\/articolo\/la-befana-una-tradizione-antichissima-con-origini-pagane\/\"><img decoding=\"async\" class=\"lazy\" src=\"https:\/\/www.intoscana.it\/wp-content\/uploads\/befana_scopa_volante_siena.jpg\" style=\"\">\n                <div class=\"cat\">La Befana: una tradizione antichissima con origini pagane<\/div>\n                <h4>La vera origine della festa amata dai bambini<\/h4><\/a>\n              <\/div>\n<p>Ma non disperiamo: anche senza feste in piazza sono comunque diverse le occasioni per trascorrere una giornata all\u2019insegna del divertimento.<\/p>\n<h3>Musei, giardini e mostre<\/h3>\n<p>L\u2019arte non va in vacanza: sar\u00e0 possibile visitare gli <strong><a href=\"https:\/\/www.intoscana.it\/it\/articolo\/natale-musei-e-luoghi-darte-in-toscana-non-vanno-in-vacanza\/\" target=\"_blank\" rel=\"noopener\">Uffizi<\/a>, Palazzo Pitti, il Bargello<\/strong> e il meraviglioso <strong>Giardino di Boboli<\/strong>. Anche la <strong>Galleria dell\u2019Accademia di Firenze<\/strong> sar\u00e0 straordinariamente aperta il giorno dell\u2019Epifania con il consueto orario dalle 9 alle 18.45 (ultimo ingresso 18.15).<\/p>\n<p>Tra le mostre da vedere, si ricorda quella a Palazzo Strozzi dal titolo &#8220;<a href=\"https:\/\/www.intoscana.it\/it\/dettaglio-video\/jeff-koons-shine\/\" target=\"_blank\" rel=\"noopener\"><strong>Jeff Koons. Shine<\/strong><\/a><strong>&#8220;<\/strong>, a cura di Arturo Galansino e Joachim Pissarro, con una selezione delle opere di un artista che, dalla met\u00e0 degli anni Settanta a oggi, ha rivoluzionato il sistema dell\u2019arte internazionale.<\/p>\n<p>A Pisa, invece, Palazzo Blu ospita la mostra \u201c<a href=\"https:\/\/www.intoscana.it\/it\/dettaglio-video\/a-pisa-il-padre-della-street-art-170-opere-di-keith-haring-a-palazzo-blu\/\" target=\"_blank\" rel=\"noopener\"><strong>Keith Haring<\/strong><\/a>\u201d che rende omaggio all\u2019artista statunitense, universalmente riconosciuto tra i padri della street-art, che proprio nella citt\u00e0 della Torre pendente dipinse il celeberrimo murale &#8220;Tuttomondo&#8221;.<\/p>\n<figure id=\"post-198611 media-198611\" class=\"align-none\"><img decoding=\"async\" src=\"https:\/\/www.intoscana.it\/wp-content\/uploads\/IMG_5412-scaled.jpg\" alt=\"\" \/><\/figure>\n<div class=\"titleimg\">Keith Haring a Pisa &#8211; \u00a9 Marta Mancini<\/div>\n<p>In occasione della festa della Befana, anche il <strong>Parco di Collodi-Pinocchio<\/strong> sar\u00e0 aperto e consentir\u00e0 ai bambini di partecipare gratuitamente alle attivit\u00e0 in programma, come laboratori e giochi. L\u2019ingresso comprende anche il parco monumentale, la serra botanica, il giardino storico e il cortile di Villa Garzoni. Alle 15.00 \u00e8 inoltre prevista l\u2019apertura della <a href=\"https:\/\/www.intoscana.it\/it\/articolo\/per-le-feste-di-natale-a-collodi-in-arrivo-una-balena-di-cioccolato-da-guinness\/\" target=\"_blank\" rel=\"noopener\">Balena e Pinocchio di cioccolato<\/a> con il cioccolatiere Massimiliano Rosamilia.<\/p>\n<h3>Teatri e spettacoli<\/h3>\n<p>Al Teatrodante Carlo Monni di Campi Bisenzio, gioved\u00ec 6 gennaio alle 16.30, andr\u00e0 in scena \u201c<a href=\"https:\/\/www.intoscana.it\/it\/articolo\/la-befana-al-teatrodante-carlo-monni-con-una-fiaba-per-bambini-e-il-concerto-di-lorenzo-baglioni\/\" target=\"_blank\" rel=\"noopener\">Il brutto anatroccolo<\/a>\u201d, il viaggio di un pulcino nato \u201cdiverso\u201d per raccontare l\u2019avventura della crescita e la necessit\u00e0 di sognare. Protagonisti Mirco Sassoli e Livio Valenti, con i pupazzi realizzati da Roberta Socci.<\/p>\n<p>Al <strong>Teatro Goldoni di Livorno<\/strong>, invece, si terr\u00e0 il concerto di Epifania a partire dalle 18; a <strong>Castelfiorentino<\/strong> i bambini parteciperanno allo spettacolo \u201cGiac e il Natale dimenticato\u201d, in programma gioved\u00ec 6 gennaio (ore 16.30) al Teatro del Popolo.<\/p>\n<h3>Befana in canoa<\/h3>\n<figure id=\"post-205984 media-205984\" class=\"align-none\"><img decoding=\"async\" src=\"https:\/\/www.intoscana.it\/wp-content\/uploads\/Befana-LILT-2021.jpg\" alt=\"\" \/><\/figure>\n<div class=\"titleimg\">A Firenze la Befana naviga in Arno sotto Ponte Vecchio<\/div>\n<p>A Firenze, la mattina del 6 gennaio, le befane della <strong>Canottieri Comunali<\/strong> e della <strong>LILT<\/strong> arriveranno a bordo di uno splendido dragon boat, carico di 400 calze da far recapitare ai bambini del Quartiere 3. Alle ore 10, in riva d\u2019Arno, i volontari prenderanno in custodia il prezioso bottino che, in giornata, verr\u00e0 distribuito ai piccoli.<\/p>\n<h3>Befana in bici<\/h3>\n<p>Per una giornata all\u2019insegna dello sport e della natura, si potr\u00e0 andare a <strong>San Rossore<\/strong> per partecipare alla &#8220;Befana nel Parco&#8221;, la prima festa del ciclismo Uisp Toscana. Nella zona dell&#8217;area barbecue all&#8217;inizio del viale del Gombo sar\u00e0 allestito un punto ristoro e consegna pacchi, attivo dalle 9 alle 11 e a tutti quelli che lo raggiungeranno in bici sar\u00e0 regalato un <strong>pacco con confettura e pasta<\/strong>, e sar\u00e0 distribuito materiale divulgativo sul calendario e le attivit\u00e0 previste nel 2022.<\/p>\n<h3>Ad Arezzo la Befana porta \u201ci chicchi\u201d ai pi\u00f9 piccini<\/h3>\n<p>Dopo aver annullato &#8211; a causa dell\u2019emergenza sanitaria &#8211; l\u2019evento previsto per il 6 gennaio dal calendario di \u201c<a href=\"https:\/\/www.intoscana.it\/it\/articolo\/arezzo-citta-del-natale-tornano-i-giorni-della-meraviglia-con-mercatini-e-spettacoli-di-luce\/\" target=\"_blank\" rel=\"noopener\">Arezzo Citt\u00e0 del Natale<\/a>\u201d, la Fondazione Arezzo Intour ha organizzato una distribuzione alternativa dei \u201cchicchi\u201d.<\/p>\n<p>A partire dalle ore 11.30, <strong>i volontari de \u201cLa Racchetta\u201d doneranno le calze ai bambini<\/strong> che si troveranno a passeggiare nel centro storico. Il personale sanitario dell\u2019Ospedale San Donato di Arezzo, invece, effettuer\u00e0 la consegna ai bambini ricoverati presso la pediatria o in procinto di ricevere il vaccino.<\/p>\n<h3>Marino il Trenino<\/h3>\n<p>A <strong>Grosseto<\/strong> il 6 gennaio torner\u00e0 <a href=\"https:\/\/www.tiemmespa.it\/marino-il-trenino\/\" target=\"_blank\" rel=\"noopener\">Marino il Trenino<\/a>, il servizio ludico e turistico pensato per una <strong>mobilit\u00e0 sostenibile<\/strong>. L\u2019itinerario toccher\u00e0 alcuni dei punti pi\u00f9 caratteristici del centro storico: un\u2019occasione per fare conoscere vie, piazze e angoli suggestivi della localit\u00e0 maremmana.<\/p>\n<h3>Presepi artistici<\/h3>\n<figure id=\"post-105836 media-105836\" class=\"align-none\"><img decoding=\"async\" src=\"https:\/\/www.intoscana.it\/wp-content\/uploads\/presepe-artistico-di-cigoli.jpg\" alt=\"\" \/><\/figure>\n<div class=\"titleimg\">Il presepe artistico di Cigoli<\/div>\n<p>Per terminare in bellezza le vacanze natalizie si possono ammirare alcuni presepi artistici in Toscana, come quello di <strong>Petroio<\/strong> (Vinci), unico nel suo genere, collocato in una collina naturale, con oltre 100 personaggi in movimento.<\/p>\n<p>Il presepe di <strong>Cigoli<\/strong> (nei pressi di San Miniato, in provincia di Pisa) \u00e8 uno dei pi\u00f9 longevi e innovativi della Regione. Sar\u00e0 visitabile fino al 9 gennaio 2022.<\/p>\n<p>La <strong>Via dei Presepi a Castelfiorentino<\/strong>, invece, propone un suggestivo itinerario nel centro storico del paese alto alla scoperta delle numerose rappresentazioni della nativit\u00e0.<\/p>\n<h3>Tradizioni enogastronomiche<\/h3>\n<p>I <strong>befanini<\/strong> (chiamati anche <strong>befanotti<\/strong> a seconda della localit\u00e0), come si evince dal nome, sono dei tipici biscotti che vengono sfornati nel periodo dell&#8217;Epifania nella <strong>provincia di Lucca<\/strong> e in particolare in <strong>Versilia<\/strong> e in <strong>Garfagnana<\/strong>. Sono dolcetti di pasta frolla che anche i bambini possono ritagliare con le formine e, infine, ricoprire con gli zuccherini colorati.<\/p>\n<p>Un\u2019altra ricetta tipica che interessa principalmente le aree di Siena e di Arezzo \u00e8 quella dei <strong>cavallucci<\/strong>: dolci di antiche ed umili origini fatti con pochi semplici ingredienti (miele, farina, zucchero, canditi e noci).<\/p>\n<figure id=\"post-205972 media-205972\" class=\"align-none\"><img decoding=\"async\" src=\"https:\/\/www.intoscana.it\/wp-content\/uploads\/befanini-biscotti-epifania-scaled.jpg\" alt=\"\" \/><\/figure>\n<div class=\"titleimg\">Cavallucci, befanini (o befanotti) e non solo: i biscotti che omaggiano la Befana &#8211; \u00a9 Fotografiche<\/div>\n<h3>Calze a km 0<\/h3>\n<p>E a proposito di prodotti tipici, al <strong>Mandela Forum<\/strong> la befana di <a href=\"https:\/\/toscana.coldiretti.it\/\" target=\"_blank\" rel=\"noopener\">Coldiretti<\/a> consegner\u00e0 ai <strong>piccoli vaccinati<\/strong> la prima calza a km zero con le specialit\u00e0 delle aziende agricole toscane. Al posto di caramelle, cioccolatini e carbone, nella calza contadina ci saranno <a href=\"https:\/\/www.intoscana.it\/it\/articolo\/olio-toscano-igp-campagna-di-comunicazione\/\" target=\"_blank\" rel=\"noopener\">olio extravergine di oliva toscano IGP<\/a>, noci, noccioline, miele, nocciole e croccante.<\/p>\n","protected":false},"excerpt":{"rendered":"<p>Dalla pedalata nella natura alla gita fuori porta per ammirare i presepi artistici. Il 6 gennaio 2022, come da tradizione, per l\u2019Epifania si terranno iniziative speciali e spettacoli pensati per adulti e bambini<\/p>\n","protected":false},"author":483,"featured_media":205970,"comment_status":"open","ping_status":"open","sticky":false,"template":"","format":"standard","meta":{"_acf_changed":false,"footnotes":""},"categories":[6],"tags":[5257,4474,409],"class_list":["post-205975","post","type-post","status-publish","format-standard","has-post-thumbnail","hentry","category-viaggi","tag-befana","tag-eventi","tag-natale"],"acf":[],"yoast_head":"<!-- This site is optimized with the Yoast SEO Premium plugin v24.2 (Yoast SEO v25.6) - https:\/\/yoast.com\/wordpress\/plugins\/seo\/ -->\n<title>Epifania 2022: come festeggiare la Befana in Toscana - intoscana<\/title>\n<meta name=\"description\" content=\"Il 6 gennaio 2022 in Toscana si festeggia la Befana: ecco le iniziative speciali e gli spettacoli pensati per adulti e bambini per l&#039;Epifania.\" \/>\n<meta name=\"robots\" content=\"index, follow, max-snippet:-1, max-image-preview:large, max-video-preview:-1\" \/>\n<link rel=\"canonical\" href=\"https:\/\/www.intoscana.it\/it\/befana-2022-in-toscana\/\" \/>\n<meta property=\"og:locale\" content=\"it_IT\" \/>\n<meta property=\"og:type\" content=\"article\" \/>\n<meta property=\"og:title\" content=\"Tra biscotti e musei aperti: come festeggiare la Befana in Toscana\" \/>\n<meta property=\"og:description\" content=\"Il 6 gennaio 2022 in Toscana si festeggia la Befana: ecco le iniziative speciali e gli spettacoli pensati per adulti e bambini per l&#039;Epifania.\" \/>\n<meta property=\"og:url\" content=\"https:\/\/www.intoscana.it\/it\/befana-2022-in-toscana\/\" \/>\n<meta property=\"og:site_name\" content=\"intoscana\" \/>\n<meta property=\"article:publisher\" content=\"https:\/\/www.facebook.com\/intoscana.it\" \/>\n<meta property=\"article:published_time\" content=\"2022-01-05T12:13:48+00:00\" \/>\n<meta property=\"article:modified_time\" content=\"2022-01-05T15:05:40+00:00\" \/>\n<meta property=\"og:image\" content=\"https:\/\/www.intoscana.it\/wp-content\/uploads\/befana-toscana-6-gennaio-2022-eventi-feste-scaled.jpg\" \/>\n\t<meta property=\"og:image:width\" content=\"2048\" \/>\n\t<meta property=\"og:image:height\" content=\"1152\" \/>\n\t<meta property=\"og:image:type\" content=\"image\/jpeg\" \/>\n<meta name=\"author\" content=\"Marta Mancini\" \/>\n<meta name=\"twitter:card\" content=\"summary_large_image\" \/>\n<meta name=\"twitter:creator\" content=\"@intoscana\" \/>\n<meta name=\"twitter:site\" content=\"@intoscana\" \/>\n<meta name=\"twitter:label1\" content=\"Written by\" \/>\n\t<meta name=\"twitter:data1\" content=\"Marta Mancini\" \/>\n\t<meta name=\"twitter:label2\" content=\"Est. reading time\" \/>\n\t<meta name=\"twitter:data2\" content=\"5 minuti\" \/>\n<script type=\"application\/ld+json\" class=\"yoast-schema-graph\">{\"@context\":\"https:\/\/schema.org\",\"@graph\":[{\"@type\":\"WebPage\",\"@id\":\"https:\/\/www.intoscana.it\/it\/befana-2022-in-toscana\/\",\"url\":\"https:\/\/www.intoscana.it\/it\/befana-2022-in-toscana\/\",\"name\":\"Epifania 2022: come festeggiare la Befana in Toscana - intoscana\",\"isPartOf\":{\"@id\":\"https:\/\/www.intoscana.it\/it\/#website\"},\"primaryImageOfPage\":{\"@id\":\"https:\/\/www.intoscana.it\/it\/befana-2022-in-toscana\/#primaryimage\"},\"image\":{\"@id\":\"https:\/\/www.intoscana.it\/it\/befana-2022-in-toscana\/#primaryimage\"},\"thumbnailUrl\":\"https:\/\/www.intoscana.it\/wp-content\/uploads\/befana-toscana-6-gennaio-2022-eventi-feste-scaled.jpg\",\"datePublished\":\"2022-01-05T12:13:48+00:00\",\"dateModified\":\"2022-01-05T15:05:40+00:00\",\"author\":{\"@id\":\"https:\/\/www.intoscana.it\/it\/#\/schema\/person\/ba955c49c389f39a8208f182b0652479\"},\"description\":\"Il 6 gennaio 2022 in Toscana si festeggia la Befana: ecco le iniziative speciali e gli spettacoli pensati per adulti e bambini per l'Epifania.\",\"breadcrumb\":{\"@id\":\"https:\/\/www.intoscana.it\/it\/befana-2022-in-toscana\/#breadcrumb\"},\"inLanguage\":\"it-IT\",\"potentialAction\":[{\"@type\":\"ReadAction\",\"target\":[\"https:\/\/www.intoscana.it\/it\/befana-2022-in-toscana\/\"]}]},{\"@type\":\"ImageObject\",\"inLanguage\":\"it-IT\",\"@id\":\"https:\/\/www.intoscana.it\/it\/befana-2022-in-toscana\/#primaryimage\",\"url\":\"https:\/\/www.intoscana.it\/wp-content\/uploads\/befana-toscana-6-gennaio-2022-eventi-feste-scaled.jpg\",\"contentUrl\":\"https:\/\/www.intoscana.it\/wp-content\/uploads\/befana-toscana-6-gennaio-2022-eventi-feste-scaled.jpg\",\"width\":2048,\"height\":1152,\"caption\":\"La Befana in Toscana: la festa che pone fine al periodo natalizio\"},{\"@type\":\"BreadcrumbList\",\"@id\":\"https:\/\/www.intoscana.it\/it\/befana-2022-in-toscana\/#breadcrumb\",\"itemListElement\":[{\"@type\":\"ListItem\",\"position\":1,\"name\":\"Home\",\"item\":\"https:\/\/www.intoscana.it\/it\/\"},{\"@type\":\"ListItem\",\"position\":2,\"name\":\"Tra biscotti e musei aperti: come festeggiare la Befana in Toscana\"}]},{\"@type\":\"WebSite\",\"@id\":\"https:\/\/www.intoscana.it\/it\/#website\",\"url\":\"https:\/\/www.intoscana.it\/it\/\",\"name\":\"intoscana\",\"description\":\"\",\"potentialAction\":[{\"@type\":\"SearchAction\",\"target\":{\"@type\":\"EntryPoint\",\"urlTemplate\":\"https:\/\/www.intoscana.it\/it\/?s={search_term_string}\"},\"query-input\":{\"@type\":\"PropertyValueSpecification\",\"valueRequired\":true,\"valueName\":\"search_term_string\"}}],\"inLanguage\":\"it-IT\"},{\"@type\":\"Person\",\"@id\":\"https:\/\/www.intoscana.it\/it\/#\/schema\/person\/ba955c49c389f39a8208f182b0652479\",\"name\":\"Marta Mancini\",\"url\":\"https:\/\/www.intoscana.it\/it\/author\/marta-mancini\/\"}]}<\/script>\n<!-- \/ Yoast SEO Premium plugin. -->","yoast_head_json":{"title":"Epifania 2022: come festeggiare la Befana in Toscana - intoscana","description":"Il 6 gennaio 2022 in Toscana si festeggia la Befana: ecco le iniziative speciali e gli spettacoli pensati per adulti e bambini per l'Epifania.","robots":{"index":"index","follow":"follow","max-snippet":"max-snippet:-1","max-image-preview":"max-image-preview:large","max-video-preview":"max-video-preview:-1"},"canonical":"https:\/\/www.intoscana.it\/it\/befana-2022-in-toscana\/","og_locale":"it_IT","og_type":"article","og_title":"Tra biscotti e musei aperti: come festeggiare la Befana in Toscana","og_description":"Il 6 gennaio 2022 in Toscana si festeggia la Befana: ecco le iniziative speciali e gli spettacoli pensati per adulti e bambini per l'Epifania.","og_url":"https:\/\/www.intoscana.it\/it\/befana-2022-in-toscana\/","og_site_name":"intoscana","article_publisher":"https:\/\/www.facebook.com\/intoscana.it","article_published_time":"2022-01-05T12:13:48+00:00","article_modified_time":"2022-01-05T15:05:40+00:00","og_image":[{"width":2048,"height":1152,"url":"https:\/\/www.intoscana.it\/wp-content\/uploads\/befana-toscana-6-gennaio-2022-eventi-feste-scaled.jpg","type":"image\/jpeg"}],"author":"Marta Mancini","twitter_card":"summary_large_image","twitter_creator":"@intoscana","twitter_site":"@intoscana","twitter_misc":{"Written by":"Marta Mancini","Est. reading time":"5 minuti"},"schema":{"@context":"https:\/\/schema.org","@graph":[{"@type":"WebPage","@id":"https:\/\/www.intoscana.it\/it\/befana-2022-in-toscana\/","url":"https:\/\/www.intoscana.it\/it\/befana-2022-in-toscana\/","name":"Epifania 2022: come festeggiare la Befana in Toscana - intoscana","isPartOf":{"@id":"https:\/\/www.intoscana.it\/it\/#website"},"primaryImageOfPage":{"@id":"https:\/\/www.intoscana.it\/it\/befana-2022-in-toscana\/#primaryimage"},"image":{"@id":"https:\/\/www.intoscana.it\/it\/befana-2022-in-toscana\/#primaryimage"},"thumbnailUrl":"https:\/\/www.intoscana.it\/wp-content\/uploads\/befana-toscana-6-gennaio-2022-eventi-feste-scaled.jpg","datePublished":"2022-01-05T12:13:48+00:00","dateModified":"2022-01-05T15:05:40+00:00","author":{"@id":"https:\/\/www.intoscana.it\/it\/#\/schema\/person\/ba955c49c389f39a8208f182b0652479"},"description":"Il 6 gennaio 2022 in Toscana si festeggia la Befana: ecco le iniziative speciali e gli spettacoli pensati per adulti e bambini per l'Epifania.","breadcrumb":{"@id":"https:\/\/www.intoscana.it\/it\/befana-2022-in-toscana\/#breadcrumb"},"inLanguage":"it-IT","potentialAction":[{"@type":"ReadAction","target":["https:\/\/www.intoscana.it\/it\/befana-2022-in-toscana\/"]}]},{"@type":"ImageObject","inLanguage":"it-IT","@id":"https:\/\/www.intoscana.it\/it\/befana-2022-in-toscana\/#primaryimage","url":"https:\/\/www.intoscana.it\/wp-content\/uploads\/befana-toscana-6-gennaio-2022-eventi-feste-scaled.jpg","contentUrl":"https:\/\/www.intoscana.it\/wp-content\/uploads\/befana-toscana-6-gennaio-2022-eventi-feste-scaled.jpg","width":2048,"height":1152,"caption":"La Befana in Toscana: la festa che pone fine al periodo natalizio"},{"@type":"BreadcrumbList","@id":"https:\/\/www.intoscana.it\/it\/befana-2022-in-toscana\/#breadcrumb","itemListElement":[{"@type":"ListItem","position":1,"name":"Home","item":"https:\/\/www.intoscana.it\/it\/"},{"@type":"ListItem","position":2,"name":"Tra biscotti e musei aperti: come festeggiare la Befana in Toscana"}]},{"@type":"WebSite","@id":"https:\/\/www.intoscana.it\/it\/#website","url":"https:\/\/www.intoscana.it\/it\/","name":"intoscana","description":"","potentialAction":[{"@type":"SearchAction","target":{"@type":"EntryPoint","urlTemplate":"https:\/\/www.intoscana.it\/it\/?s={search_term_string}"},"query-input":{"@type":"PropertyValueSpecification","valueRequired":true,"valueName":"search_term_string"}}],"inLanguage":"it-IT"},{"@type":"Person","@id":"https:\/\/www.intoscana.it\/it\/#\/schema\/person\/ba955c49c389f39a8208f182b0652479","name":"Marta Mancini","url":"https:\/\/www.intoscana.it\/it\/author\/marta-mancini\/"}]}},"_links":{"self":[{"href":"https:\/\/www.intoscana.it\/it\/wp-json\/wp\/v2\/posts\/205975","targetHints":{"allow":["GET"]}}],"collection":[{"href":"https:\/\/www.intoscana.it\/it\/wp-json\/wp\/v2\/posts"}],"about":[{"href":"https:\/\/www.intoscana.it\/it\/wp-json\/wp\/v2\/types\/post"}],"author":[{"embeddable":true,"href":"https:\/\/www.intoscana.it\/it\/wp-json\/wp\/v2\/users\/483"}],"replies":[{"embeddable":true,"href":"https:\/\/www.intoscana.it\/it\/wp-json\/wp\/v2\/comments?post=205975"}],"version-history":[{"count":0,"href":"https:\/\/www.intoscana.it\/it\/wp-json\/wp\/v2\/posts\/205975\/revisions"}],"wp:featuredmedia":[{"embeddable":true,"href":"https:\/\/www.intoscana.it\/it\/wp-json\/wp\/v2\/media\/205970"}],"wp:attachment":[{"href":"https:\/\/www.intoscana.it\/it\/wp-json\/wp\/v2\/media?parent=205975"}],"wp:term":[{"taxonomy":"category","embeddable":true,"href":"https:\/\/www.intoscana.it\/it\/wp-json\/wp\/v2\/categories?post=205975"},{"taxonomy":"post_tag","embeddable":true,"href":"https:\/\/www.intoscana.it\/it\/wp-json\/wp\/v2\/tags?post=205975"}],"curies":[{"name":"wp","href":"https:\/\/api.w.org\/{rel}","templated":true}]}}