{"id":206110,"date":"2022-01-07T14:31:34","date_gmt":"2022-01-07T13:31:34","guid":{"rendered":"https:\/\/www.intoscana.it\/it\/?p=206110"},"modified":"2022-01-07T14:33:12","modified_gmt":"2022-01-07T13:33:12","slug":"covid-7-567-casi-e-i-ricoveri-sfondano-quota-mille-da-oggi-possibile-prenotare-la-terza-dose-a-4-mesi","status":"publish","type":"post","link":"https:\/\/www.intoscana.it\/it\/covid-7-567-casi-e-i-ricoveri-sfondano-quota-mille-da-oggi-possibile-prenotare-la-terza-dose-a-4-mesi\/","title":{"rendered":"Covid, 7.567 casi e i ricoveri sfondano quota mille. Da oggi possibile prenotare la terza dose a 4 mesi"},"content":{"rendered":"<p>Sono 7.567 i nuovi casi di Coronavirus registrati nelle 24 ore in Toscana sono su 31.051 test di cui 18.580 tamponi molecolari e 12.471 test rapidi. Il tasso dei nuovi positivi \u00e8 24,37% (64,8% sulle prime diagnosi). <mark>L&#8217;et\u00e0 media dei 7.567 nuovi positivi odierni \u00e8 di 39 anni circa: 20% ha meno di 20 anni, 29% tra 20 e 39 anni, 33% tra 40 e 59 anni, 13% tra 60 e 79 anni, 5% ha 80 anni o pi\u00f9.<\/mark><\/p>\n<p>I <strong>ricoverati<\/strong> sono 1.066 (65 in pi\u00f9 rispetto a ieri), di cui 108 in terapia intensiva (10 in pi\u00f9). Oggi si registrano 13 nuovi decessi: 6 uomini e 7 donne con un&#8217;et\u00e0 media di 75,9 anni.<\/p>\n<h3>I casi di positivit\u00e0 sul territorio<\/h3>\n<p>Sono 139.681 i casi complessivi ad oggi a Firenze (3.195 in pi\u00f9 rispetto a ieri), 39.106 a Prato (474 in pi\u00f9), 41.261 a Pistoia (493 in pi\u00f9), 23.028 a Massa-Carrara (232 in pi\u00f9), 46.394 a Lucca (544 in pi\u00f9), 54.236 a Pisa (720 in pi\u00f9), 34.106 a Livorno (579 in pi\u00f9), 42.214 ad Arezzo (465 in pi\u00f9), 30.958 a Siena (437 in pi\u00f9), 19.051 a Grosseto (428 in pi\u00f9).<\/p>\n<p>Complessivamente, 150.502 persone sono in<strong> isolamento<\/strong> a casa, poich\u00e9 presentano sintomi lievi che non richiedono cure ospedaliere, o risultano prive di sintomi (5.889 in pi\u00f9 rispetto a ieri, pi\u00f9 4,1%).<br \/>\nSono 38.342 (3.018 in meno rispetto a ieri, meno 7,3%) le persone, anch&#8217;esse isolate, in sorveglianza attiva perch\u00e9 hanno avuto contatti con persone contagiate (ASL Centro 20.264, Nord Ovest 10.576, Sud Est 7.502).<\/p>\n<p><mark>Sono 7.630 i deceduti dall&#8217;inizio dell&#8217;epidemia<\/mark>: 2.448 a Firenze, 674 a Prato, 710 a Pistoia, 558 a Massa-Carrara, 724 a Lucca, 772 a Pisa, 444 a Livorno, 572 ad Arezzo, 388 a Siena, 241 a Grosseto, 99 persone sono decedute sul suolo toscano ma erano residenti fuori regione.<\/p>\n<h3><em>Prosegue la campagna di vaccinazione<\/em><\/h3>\n<p>Sono quasi vicino a quota 7,4 milioni le dosi somministrate in Toscana e 2,3 milioni sono le persone che hanno completato il ciclo vaccinale. Dal 7 gennaio \u00e8 possibile <a href=\"https:\/\/prenotavaccino.sanita.toscana.it\/#\/home\" target=\"_blank\" rel=\"noopener\">prenotare<\/a> la terza dose a distanza di 4 mesi dalla seconda, anticipando cos\u00ec di un mese il booster.<\/p>\n","protected":false},"excerpt":{"rendered":"<p>Crescono i posti letto occupati, anche le terapie intensive. Tredici i decessi registrati: sei uomini e sette donne<\/p>\n","protected":false},"author":525,"featured_media":194415,"comment_status":"open","ping_status":"open","sticky":false,"template":"","format":"standard","meta":{"_acf_changed":false,"footnotes":""},"categories":[494],"tags":[4868,418],"class_list":["post-206110","post","type-post","status-publish","format-standard","has-post-thumbnail","hentry","category-attualita","tag-bollettino-covid-toscana","tag-covid-19"],"acf":[],"yoast_head":"<!-- This site is optimized with the Yoast SEO Premium plugin v24.2 (Yoast SEO v25.6) - https:\/\/yoast.com\/wordpress\/plugins\/seo\/ -->\n<title>Covid, 7.567 casi e i ricoveri sfondano quota mille. Da oggi possibile prenotare la terza dose a 4 mesi - intoscana<\/title>\n<meta name=\"description\" content=\"Crescono i posti letto occupati, anche le terapie intensive. Tredici i decessi registrati: sei uomini e sette donne\" \/>\n<meta name=\"robots\" content=\"index, follow, max-snippet:-1, max-image-preview:large, max-video-preview:-1\" \/>\n<link rel=\"canonical\" href=\"https:\/\/www.intoscana.it\/it\/covid-7-567-casi-e-i-ricoveri-sfondano-quota-mille-da-oggi-possibile-prenotare-la-terza-dose-a-4-mesi\/\" \/>\n<meta property=\"og:locale\" content=\"it_IT\" \/>\n<meta property=\"og:type\" content=\"article\" \/>\n<meta property=\"og:title\" content=\"Covid, 7.567 casi e i ricoveri sfondano quota mille. Da oggi possibile prenotare la terza dose a 4 mesi\" \/>\n<meta property=\"og:description\" content=\"Crescono i posti letto occupati, anche le terapie intensive. Tredici i decessi registrati: sei uomini e sette donne\" \/>\n<meta property=\"og:url\" content=\"https:\/\/www.intoscana.it\/it\/covid-7-567-casi-e-i-ricoveri-sfondano-quota-mille-da-oggi-possibile-prenotare-la-terza-dose-a-4-mesi\/\" \/>\n<meta property=\"og:site_name\" content=\"intoscana\" \/>\n<meta property=\"article:publisher\" content=\"https:\/\/www.facebook.com\/intoscana.it\" \/>\n<meta property=\"article:published_time\" content=\"2022-01-07T13:31:34+00:00\" \/>\n<meta property=\"article:modified_time\" content=\"2022-01-07T13:33:12+00:00\" \/>\n<meta property=\"og:image\" content=\"https:\/\/www.intoscana.it\/wp-content\/uploads\/vaccino-terza-dose-scaled.jpg\" \/>\n\t<meta property=\"og:image:width\" content=\"2048\" \/>\n\t<meta property=\"og:image:height\" content=\"1247\" \/>\n\t<meta property=\"og:image:type\" content=\"image\/jpeg\" \/>\n<meta name=\"author\" content=\"Redazione\" \/>\n<meta name=\"twitter:card\" content=\"summary_large_image\" \/>\n<meta name=\"twitter:creator\" content=\"@intoscana\" \/>\n<meta name=\"twitter:site\" content=\"@intoscana\" \/>\n<meta name=\"twitter:label1\" content=\"Written by\" \/>\n\t<meta name=\"twitter:data1\" content=\"Redazione\" \/>\n\t<meta name=\"twitter:label2\" content=\"Est. reading time\" \/>\n\t<meta name=\"twitter:data2\" content=\"1 minuto\" \/>\n<script type=\"application\/ld+json\" class=\"yoast-schema-graph\">{\"@context\":\"https:\/\/schema.org\",\"@graph\":[{\"@type\":\"WebPage\",\"@id\":\"https:\/\/www.intoscana.it\/it\/covid-7-567-casi-e-i-ricoveri-sfondano-quota-mille-da-oggi-possibile-prenotare-la-terza-dose-a-4-mesi\/\",\"url\":\"https:\/\/www.intoscana.it\/it\/covid-7-567-casi-e-i-ricoveri-sfondano-quota-mille-da-oggi-possibile-prenotare-la-terza-dose-a-4-mesi\/\",\"name\":\"Covid, 7.567 casi e i ricoveri sfondano quota mille. Da oggi possibile prenotare la terza dose a 4 mesi - intoscana\",\"isPartOf\":{\"@id\":\"https:\/\/www.intoscana.it\/it\/#website\"},\"primaryImageOfPage\":{\"@id\":\"https:\/\/www.intoscana.it\/it\/covid-7-567-casi-e-i-ricoveri-sfondano-quota-mille-da-oggi-possibile-prenotare-la-terza-dose-a-4-mesi\/#primaryimage\"},\"image\":{\"@id\":\"https:\/\/www.intoscana.it\/it\/covid-7-567-casi-e-i-ricoveri-sfondano-quota-mille-da-oggi-possibile-prenotare-la-terza-dose-a-4-mesi\/#primaryimage\"},\"thumbnailUrl\":\"https:\/\/www.intoscana.it\/wp-content\/uploads\/vaccino-terza-dose-scaled.jpg\",\"datePublished\":\"2022-01-07T13:31:34+00:00\",\"dateModified\":\"2022-01-07T13:33:12+00:00\",\"author\":{\"@id\":\"https:\/\/www.intoscana.it\/it\/#\/schema\/person\/9223810753230f20bd670fdd322661f8\"},\"description\":\"Crescono i posti letto occupati, anche le terapie intensive. Tredici i decessi registrati: sei uomini e sette donne\",\"breadcrumb\":{\"@id\":\"https:\/\/www.intoscana.it\/it\/covid-7-567-casi-e-i-ricoveri-sfondano-quota-mille-da-oggi-possibile-prenotare-la-terza-dose-a-4-mesi\/#breadcrumb\"},\"inLanguage\":\"it-IT\",\"potentialAction\":[{\"@type\":\"ReadAction\",\"target\":[\"https:\/\/www.intoscana.it\/it\/covid-7-567-casi-e-i-ricoveri-sfondano-quota-mille-da-oggi-possibile-prenotare-la-terza-dose-a-4-mesi\/\"]}]},{\"@type\":\"ImageObject\",\"inLanguage\":\"it-IT\",\"@id\":\"https:\/\/www.intoscana.it\/it\/covid-7-567-casi-e-i-ricoveri-sfondano-quota-mille-da-oggi-possibile-prenotare-la-terza-dose-a-4-mesi\/#primaryimage\",\"url\":\"https:\/\/www.intoscana.it\/wp-content\/uploads\/vaccino-terza-dose-scaled.jpg\",\"contentUrl\":\"https:\/\/www.intoscana.it\/wp-content\/uploads\/vaccino-terza-dose-scaled.jpg\",\"width\":2048,\"height\":1247},{\"@type\":\"BreadcrumbList\",\"@id\":\"https:\/\/www.intoscana.it\/it\/covid-7-567-casi-e-i-ricoveri-sfondano-quota-mille-da-oggi-possibile-prenotare-la-terza-dose-a-4-mesi\/#breadcrumb\",\"itemListElement\":[{\"@type\":\"ListItem\",\"position\":1,\"name\":\"Home\",\"item\":\"https:\/\/www.intoscana.it\/it\/\"},{\"@type\":\"ListItem\",\"position\":2,\"name\":\"Covid, 7.567 casi e i ricoveri sfondano quota mille. Da oggi possibile prenotare la terza dose a 4 mesi\"}]},{\"@type\":\"WebSite\",\"@id\":\"https:\/\/www.intoscana.it\/it\/#website\",\"url\":\"https:\/\/www.intoscana.it\/it\/\",\"name\":\"intoscana\",\"description\":\"\",\"potentialAction\":[{\"@type\":\"SearchAction\",\"target\":{\"@type\":\"EntryPoint\",\"urlTemplate\":\"https:\/\/www.intoscana.it\/it\/?s={search_term_string}\"},\"query-input\":{\"@type\":\"PropertyValueSpecification\",\"valueRequired\":true,\"valueName\":\"search_term_string\"}}],\"inLanguage\":\"it-IT\"},{\"@type\":\"Person\",\"@id\":\"https:\/\/www.intoscana.it\/it\/#\/schema\/person\/9223810753230f20bd670fdd322661f8\",\"name\":\"Redazione\",\"url\":\"https:\/\/www.intoscana.it\/it\/author\/redazione\/\"}]}<\/script>\n<!-- \/ Yoast SEO Premium plugin. -->","yoast_head_json":{"title":"Covid, 7.567 casi e i ricoveri sfondano quota mille. Da oggi possibile prenotare la terza dose a 4 mesi - intoscana","description":"Crescono i posti letto occupati, anche le terapie intensive. Tredici i decessi registrati: sei uomini e sette donne","robots":{"index":"index","follow":"follow","max-snippet":"max-snippet:-1","max-image-preview":"max-image-preview:large","max-video-preview":"max-video-preview:-1"},"canonical":"https:\/\/www.intoscana.it\/it\/covid-7-567-casi-e-i-ricoveri-sfondano-quota-mille-da-oggi-possibile-prenotare-la-terza-dose-a-4-mesi\/","og_locale":"it_IT","og_type":"article","og_title":"Covid, 7.567 casi e i ricoveri sfondano quota mille. Da oggi possibile prenotare la terza dose a 4 mesi","og_description":"Crescono i posti letto occupati, anche le terapie intensive. Tredici i decessi registrati: sei uomini e sette donne","og_url":"https:\/\/www.intoscana.it\/it\/covid-7-567-casi-e-i-ricoveri-sfondano-quota-mille-da-oggi-possibile-prenotare-la-terza-dose-a-4-mesi\/","og_site_name":"intoscana","article_publisher":"https:\/\/www.facebook.com\/intoscana.it","article_published_time":"2022-01-07T13:31:34+00:00","article_modified_time":"2022-01-07T13:33:12+00:00","og_image":[{"width":2048,"height":1247,"url":"https:\/\/www.intoscana.it\/wp-content\/uploads\/vaccino-terza-dose-scaled.jpg","type":"image\/jpeg"}],"author":"Redazione","twitter_card":"summary_large_image","twitter_creator":"@intoscana","twitter_site":"@intoscana","twitter_misc":{"Written by":"Redazione","Est. reading time":"1 minuto"},"schema":{"@context":"https:\/\/schema.org","@graph":[{"@type":"WebPage","@id":"https:\/\/www.intoscana.it\/it\/covid-7-567-casi-e-i-ricoveri-sfondano-quota-mille-da-oggi-possibile-prenotare-la-terza-dose-a-4-mesi\/","url":"https:\/\/www.intoscana.it\/it\/covid-7-567-casi-e-i-ricoveri-sfondano-quota-mille-da-oggi-possibile-prenotare-la-terza-dose-a-4-mesi\/","name":"Covid, 7.567 casi e i ricoveri sfondano quota mille. Da oggi possibile prenotare la terza dose a 4 mesi - intoscana","isPartOf":{"@id":"https:\/\/www.intoscana.it\/it\/#website"},"primaryImageOfPage":{"@id":"https:\/\/www.intoscana.it\/it\/covid-7-567-casi-e-i-ricoveri-sfondano-quota-mille-da-oggi-possibile-prenotare-la-terza-dose-a-4-mesi\/#primaryimage"},"image":{"@id":"https:\/\/www.intoscana.it\/it\/covid-7-567-casi-e-i-ricoveri-sfondano-quota-mille-da-oggi-possibile-prenotare-la-terza-dose-a-4-mesi\/#primaryimage"},"thumbnailUrl":"https:\/\/www.intoscana.it\/wp-content\/uploads\/vaccino-terza-dose-scaled.jpg","datePublished":"2022-01-07T13:31:34+00:00","dateModified":"2022-01-07T13:33:12+00:00","author":{"@id":"https:\/\/www.intoscana.it\/it\/#\/schema\/person\/9223810753230f20bd670fdd322661f8"},"description":"Crescono i posti letto occupati, anche le terapie intensive. Tredici i decessi registrati: sei uomini e sette donne","breadcrumb":{"@id":"https:\/\/www.intoscana.it\/it\/covid-7-567-casi-e-i-ricoveri-sfondano-quota-mille-da-oggi-possibile-prenotare-la-terza-dose-a-4-mesi\/#breadcrumb"},"inLanguage":"it-IT","potentialAction":[{"@type":"ReadAction","target":["https:\/\/www.intoscana.it\/it\/covid-7-567-casi-e-i-ricoveri-sfondano-quota-mille-da-oggi-possibile-prenotare-la-terza-dose-a-4-mesi\/"]}]},{"@type":"ImageObject","inLanguage":"it-IT","@id":"https:\/\/www.intoscana.it\/it\/covid-7-567-casi-e-i-ricoveri-sfondano-quota-mille-da-oggi-possibile-prenotare-la-terza-dose-a-4-mesi\/#primaryimage","url":"https:\/\/www.intoscana.it\/wp-content\/uploads\/vaccino-terza-dose-scaled.jpg","contentUrl":"https:\/\/www.intoscana.it\/wp-content\/uploads\/vaccino-terza-dose-scaled.jpg","width":2048,"height":1247},{"@type":"BreadcrumbList","@id":"https:\/\/www.intoscana.it\/it\/covid-7-567-casi-e-i-ricoveri-sfondano-quota-mille-da-oggi-possibile-prenotare-la-terza-dose-a-4-mesi\/#breadcrumb","itemListElement":[{"@type":"ListItem","position":1,"name":"Home","item":"https:\/\/www.intoscana.it\/it\/"},{"@type":"ListItem","position":2,"name":"Covid, 7.567 casi e i ricoveri sfondano quota mille. Da oggi possibile prenotare la terza dose a 4 mesi"}]},{"@type":"WebSite","@id":"https:\/\/www.intoscana.it\/it\/#website","url":"https:\/\/www.intoscana.it\/it\/","name":"intoscana","description":"","potentialAction":[{"@type":"SearchAction","target":{"@type":"EntryPoint","urlTemplate":"https:\/\/www.intoscana.it\/it\/?s={search_term_string}"},"query-input":{"@type":"PropertyValueSpecification","valueRequired":true,"valueName":"search_term_string"}}],"inLanguage":"it-IT"},{"@type":"Person","@id":"https:\/\/www.intoscana.it\/it\/#\/schema\/person\/9223810753230f20bd670fdd322661f8","name":"Redazione","url":"https:\/\/www.intoscana.it\/it\/author\/redazione\/"}]}},"_links":{"self":[{"href":"https:\/\/www.intoscana.it\/it\/wp-json\/wp\/v2\/posts\/206110","targetHints":{"allow":["GET"]}}],"collection":[{"href":"https:\/\/www.intoscana.it\/it\/wp-json\/wp\/v2\/posts"}],"about":[{"href":"https:\/\/www.intoscana.it\/it\/wp-json\/wp\/v2\/types\/post"}],"author":[{"embeddable":true,"href":"https:\/\/www.intoscana.it\/it\/wp-json\/wp\/v2\/users\/525"}],"replies":[{"embeddable":true,"href":"https:\/\/www.intoscana.it\/it\/wp-json\/wp\/v2\/comments?post=206110"}],"version-history":[{"count":0,"href":"https:\/\/www.intoscana.it\/it\/wp-json\/wp\/v2\/posts\/206110\/revisions"}],"wp:featuredmedia":[{"embeddable":true,"href":"https:\/\/www.intoscana.it\/it\/wp-json\/wp\/v2\/media\/194415"}],"wp:attachment":[{"href":"https:\/\/www.intoscana.it\/it\/wp-json\/wp\/v2\/media?parent=206110"}],"wp:term":[{"taxonomy":"category","embeddable":true,"href":"https:\/\/www.intoscana.it\/it\/wp-json\/wp\/v2\/categories?post=206110"},{"taxonomy":"post_tag","embeddable":true,"href":"https:\/\/www.intoscana.it\/it\/wp-json\/wp\/v2\/tags?post=206110"}],"curies":[{"name":"wp","href":"https:\/\/api.w.org\/{rel}","templated":true}]}}