{"id":206397,"date":"2022-01-10T15:12:21","date_gmt":"2022-01-10T14:12:21","guid":{"rendered":"https:\/\/www.intoscana.it\/it\/?p=206397"},"modified":"2022-01-11T10:26:58","modified_gmt":"2022-01-11T09:26:58","slug":"covid-5-790-nuovi-casi-eta-media-39-anni-i-decessi-sono-18","status":"publish","type":"post","link":"https:\/\/www.intoscana.it\/it\/covid-5-790-nuovi-casi-eta-media-39-anni-i-decessi-sono-18\/","title":{"rendered":"Covid: 5.790 nuovi casi, et\u00e0 media 39 anni. I decessi sono 18"},"content":{"rendered":"<p>I nuovi casi di positivit\u00e0 al Coronavirus sono <strong>5.790 in pi\u00f9 rispetto a ieri<\/strong> (3.300 confermati con tampone molecolare e 2.490 da test rapido antigenico), <strong>l&#8217;et\u00e0 media \u00e8 39 anni<\/strong>. In\u00a0totale sono 504.726 i positivi. I guariti raggiungono quota 323.160 (64% dei casi totali).<\/p>\n<p>Oggi sono stati eseguiti 15.722 tamponi molecolari e 14.435 tamponi antigenici rapidi, di questi il 19,2% \u00e8 risultato positivo. Sono invece 9.722 i soggetti testati oggi (con tampone antigenico e\/o molecolare, escludendo i tamponi di controllo), di cui il 59,6% \u00e8 risultato positivo. Gli attualmente positivi sono oggi 173.897, -0,7% rispetto a ieri. I ricoverati sono 1.197 (46 in pi\u00f9 rispetto a ieri), di cui 113 in terapia intensiva (2 in meno). Oggi <strong>si registrano 18 nuovi decessi<\/strong>: 11 uomini e 7 donne con un&#8217;et\u00e0 media di 80,3 anni, le persone decedute sono: 8 a Firenze, 1 a Prato, 1 a Pistoia, 1 a Massa Carrara, 2 a Livorno, 1 a Arezzo, 4 a Siena.<\/p>\n<p>Sono 150.273 i casi complessivi ad oggi a Firenze (1.916 in pi\u00f9 rispetto a ieri), 41.603 a Prato (373 in pi\u00f9), 44.106 a Pistoia (440 in pi\u00f9), 24.665 a Massa (276 in pi\u00f9), 49.840 a Lucca (565 in pi\u00f9), 58.254 a Pisa (597 in pi\u00f9), 36.825 a Livorno (595 in pi\u00f9), 45.102 ad Arezzo (506 in pi\u00f9), 33.091 a Siena (340 in pi\u00f9), 20.412 a Grosseto (182 in pi\u00f9). Sono 555 i casi positivi notificati in Toscana, ma residenti in altre regioni.<\/p>\n<p>Sono 2.827 i casi riscontrati oggi nell&#8217;Asl Centro, 1.935 nella Nord Ovest, 1.028 nella Sud est.<\/p>\n<p>Sono <strong>172.700 le persone in isolamento a casa,<\/strong> poich\u00e9 presentano sintomi lievi che non richiedono cure ospedaliere, o risultano prive di sintomi (1.197 in meno rispetto a ieri, meno 0,7%).\u00a0<strong>Sono 21.424<\/strong> (16.707 in meno rispetto a ieri, meno 43,8%) <strong>le persone, anch&#8217;esse isolate, in sorveglianza attiva<\/strong> perch\u00e9 hanno avuto contatti con persone contagiate (ASL Centro 7.395, Nord Ovest 8.719, Sud Est 5.310). <strong>Le persone ricoverate nei posti letto<\/strong> dedicati ai pazienti COVID oggi sono complessivamente <strong>1.197 (46 in pi\u00f9 rispetto a ieri, pi\u00f9 4%), 113 in terapia intensiva (2 in meno<\/strong> rispetto a ieri, meno 1,7%).<br \/>\nLe persone complessivamente <strong>guarite sono 323.160<\/strong> (6.923 in pi\u00f9 rispetto a ieri, pi\u00f9 2,2%), le cosiddette guarigioni virali, con tampone negativo.<\/p>\n<p>Sono<strong> 7.669 i deceduti dall&#8217;inizio dell&#8217;epidemia<\/strong> cosi ripartiti: 2.461 a Firenze, 679 a Prato, 713 a Pistoia, 560 a Massa Carrara, 728 a Lucca, 772 a Pisa, 447 a Livorno, 573 ad Arezzo, 393 a Siena, 244 a Grosseto, 99 persone sono decedute sul suolo toscano ma erano residenti fuori regione.<\/p>\n","protected":false},"excerpt":{"rendered":"<p>I ricoverati sono 1.197 (46 in pi\u00f9 rispetto a ieri), di cui 113 in terapia intensiva (2 in meno)<\/p>\n","protected":false},"author":525,"featured_media":204590,"comment_status":"open","ping_status":"open","sticky":false,"template":"","format":"standard","meta":{"_acf_changed":false,"footnotes":""},"categories":[494],"tags":[4868,418],"class_list":["post-206397","post","type-post","status-publish","format-standard","has-post-thumbnail","hentry","category-attualita","tag-bollettino-covid-toscana","tag-covid-19"],"acf":[],"yoast_head":"<!-- This site is optimized with the Yoast SEO Premium plugin v24.2 (Yoast SEO v25.6) - https:\/\/yoast.com\/wordpress\/plugins\/seo\/ -->\n<title>Covid: 5.790 nuovi casi, et\u00e0 media 39 anni. I decessi sono 18 - intoscana<\/title>\n<meta name=\"description\" content=\"I ricoverati sono 1.197 (46 in pi\u00f9 rispetto a ieri), di cui 113 in terapia intensiva (2 in meno)\" \/>\n<meta name=\"robots\" content=\"index, follow, max-snippet:-1, max-image-preview:large, max-video-preview:-1\" \/>\n<link rel=\"canonical\" href=\"https:\/\/www.intoscana.it\/it\/covid-5-790-nuovi-casi-eta-media-39-anni-i-decessi-sono-18\/\" \/>\n<meta property=\"og:locale\" content=\"it_IT\" \/>\n<meta property=\"og:type\" content=\"article\" \/>\n<meta property=\"og:title\" content=\"Covid: 5.790 nuovi casi, et\u00e0 media 39 anni. I decessi sono 18\" \/>\n<meta property=\"og:description\" content=\"I ricoverati sono 1.197 (46 in pi\u00f9 rispetto a ieri), di cui 113 in terapia intensiva (2 in meno)\" \/>\n<meta property=\"og:url\" content=\"https:\/\/www.intoscana.it\/it\/covid-5-790-nuovi-casi-eta-media-39-anni-i-decessi-sono-18\/\" \/>\n<meta property=\"og:site_name\" content=\"intoscana\" \/>\n<meta property=\"article:publisher\" content=\"https:\/\/www.facebook.com\/intoscana.it\" \/>\n<meta property=\"article:published_time\" content=\"2022-01-10T14:12:21+00:00\" \/>\n<meta property=\"article:modified_time\" content=\"2022-01-11T09:26:58+00:00\" \/>\n<meta property=\"og:image\" content=\"https:\/\/www.intoscana.it\/wp-content\/uploads\/covid-4.jpg\" \/>\n\t<meta property=\"og:image:width\" content=\"1920\" \/>\n\t<meta property=\"og:image:height\" content=\"1278\" \/>\n\t<meta property=\"og:image:type\" content=\"image\/jpeg\" \/>\n<meta name=\"author\" content=\"Redazione\" \/>\n<meta name=\"twitter:card\" content=\"summary_large_image\" \/>\n<meta name=\"twitter:creator\" content=\"@intoscana\" \/>\n<meta name=\"twitter:site\" content=\"@intoscana\" \/>\n<meta name=\"twitter:label1\" content=\"Written by\" \/>\n\t<meta name=\"twitter:data1\" content=\"Redazione\" \/>\n\t<meta name=\"twitter:label2\" content=\"Est. reading time\" \/>\n\t<meta name=\"twitter:data2\" content=\"2 minuti\" \/>\n<script type=\"application\/ld+json\" class=\"yoast-schema-graph\">{\"@context\":\"https:\/\/schema.org\",\"@graph\":[{\"@type\":\"WebPage\",\"@id\":\"https:\/\/www.intoscana.it\/it\/covid-5-790-nuovi-casi-eta-media-39-anni-i-decessi-sono-18\/\",\"url\":\"https:\/\/www.intoscana.it\/it\/covid-5-790-nuovi-casi-eta-media-39-anni-i-decessi-sono-18\/\",\"name\":\"Covid: 5.790 nuovi casi, et\u00e0 media 39 anni. I decessi sono 18 - intoscana\",\"isPartOf\":{\"@id\":\"https:\/\/www.intoscana.it\/it\/#website\"},\"primaryImageOfPage\":{\"@id\":\"https:\/\/www.intoscana.it\/it\/covid-5-790-nuovi-casi-eta-media-39-anni-i-decessi-sono-18\/#primaryimage\"},\"image\":{\"@id\":\"https:\/\/www.intoscana.it\/it\/covid-5-790-nuovi-casi-eta-media-39-anni-i-decessi-sono-18\/#primaryimage\"},\"thumbnailUrl\":\"https:\/\/www.intoscana.it\/wp-content\/uploads\/covid-4.jpg\",\"datePublished\":\"2022-01-10T14:12:21+00:00\",\"dateModified\":\"2022-01-11T09:26:58+00:00\",\"author\":{\"@id\":\"https:\/\/www.intoscana.it\/it\/#\/schema\/person\/9223810753230f20bd670fdd322661f8\"},\"description\":\"I ricoverati sono 1.197 (46 in pi\u00f9 rispetto a ieri), di cui 113 in terapia intensiva (2 in meno)\",\"breadcrumb\":{\"@id\":\"https:\/\/www.intoscana.it\/it\/covid-5-790-nuovi-casi-eta-media-39-anni-i-decessi-sono-18\/#breadcrumb\"},\"inLanguage\":\"it-IT\",\"potentialAction\":[{\"@type\":\"ReadAction\",\"target\":[\"https:\/\/www.intoscana.it\/it\/covid-5-790-nuovi-casi-eta-media-39-anni-i-decessi-sono-18\/\"]}]},{\"@type\":\"ImageObject\",\"inLanguage\":\"it-IT\",\"@id\":\"https:\/\/www.intoscana.it\/it\/covid-5-790-nuovi-casi-eta-media-39-anni-i-decessi-sono-18\/#primaryimage\",\"url\":\"https:\/\/www.intoscana.it\/wp-content\/uploads\/covid-4.jpg\",\"contentUrl\":\"https:\/\/www.intoscana.it\/wp-content\/uploads\/covid-4.jpg\",\"width\":1920,\"height\":1278},{\"@type\":\"BreadcrumbList\",\"@id\":\"https:\/\/www.intoscana.it\/it\/covid-5-790-nuovi-casi-eta-media-39-anni-i-decessi-sono-18\/#breadcrumb\",\"itemListElement\":[{\"@type\":\"ListItem\",\"position\":1,\"name\":\"Home\",\"item\":\"https:\/\/www.intoscana.it\/it\/\"},{\"@type\":\"ListItem\",\"position\":2,\"name\":\"Covid: 5.790 nuovi casi, et\u00e0 media 39 anni. I decessi sono 18\"}]},{\"@type\":\"WebSite\",\"@id\":\"https:\/\/www.intoscana.it\/it\/#website\",\"url\":\"https:\/\/www.intoscana.it\/it\/\",\"name\":\"intoscana\",\"description\":\"\",\"potentialAction\":[{\"@type\":\"SearchAction\",\"target\":{\"@type\":\"EntryPoint\",\"urlTemplate\":\"https:\/\/www.intoscana.it\/it\/?s={search_term_string}\"},\"query-input\":{\"@type\":\"PropertyValueSpecification\",\"valueRequired\":true,\"valueName\":\"search_term_string\"}}],\"inLanguage\":\"it-IT\"},{\"@type\":\"Person\",\"@id\":\"https:\/\/www.intoscana.it\/it\/#\/schema\/person\/9223810753230f20bd670fdd322661f8\",\"name\":\"Redazione\",\"url\":\"https:\/\/www.intoscana.it\/it\/author\/redazione\/\"}]}<\/script>\n<!-- \/ Yoast SEO Premium plugin. -->","yoast_head_json":{"title":"Covid: 5.790 nuovi casi, et\u00e0 media 39 anni. I decessi sono 18 - intoscana","description":"I ricoverati sono 1.197 (46 in pi\u00f9 rispetto a ieri), di cui 113 in terapia intensiva (2 in meno)","robots":{"index":"index","follow":"follow","max-snippet":"max-snippet:-1","max-image-preview":"max-image-preview:large","max-video-preview":"max-video-preview:-1"},"canonical":"https:\/\/www.intoscana.it\/it\/covid-5-790-nuovi-casi-eta-media-39-anni-i-decessi-sono-18\/","og_locale":"it_IT","og_type":"article","og_title":"Covid: 5.790 nuovi casi, et\u00e0 media 39 anni. I decessi sono 18","og_description":"I ricoverati sono 1.197 (46 in pi\u00f9 rispetto a ieri), di cui 113 in terapia intensiva (2 in meno)","og_url":"https:\/\/www.intoscana.it\/it\/covid-5-790-nuovi-casi-eta-media-39-anni-i-decessi-sono-18\/","og_site_name":"intoscana","article_publisher":"https:\/\/www.facebook.com\/intoscana.it","article_published_time":"2022-01-10T14:12:21+00:00","article_modified_time":"2022-01-11T09:26:58+00:00","og_image":[{"width":1920,"height":1278,"url":"https:\/\/www.intoscana.it\/wp-content\/uploads\/covid-4.jpg","type":"image\/jpeg"}],"author":"Redazione","twitter_card":"summary_large_image","twitter_creator":"@intoscana","twitter_site":"@intoscana","twitter_misc":{"Written by":"Redazione","Est. reading time":"2 minuti"},"schema":{"@context":"https:\/\/schema.org","@graph":[{"@type":"WebPage","@id":"https:\/\/www.intoscana.it\/it\/covid-5-790-nuovi-casi-eta-media-39-anni-i-decessi-sono-18\/","url":"https:\/\/www.intoscana.it\/it\/covid-5-790-nuovi-casi-eta-media-39-anni-i-decessi-sono-18\/","name":"Covid: 5.790 nuovi casi, et\u00e0 media 39 anni. I decessi sono 18 - intoscana","isPartOf":{"@id":"https:\/\/www.intoscana.it\/it\/#website"},"primaryImageOfPage":{"@id":"https:\/\/www.intoscana.it\/it\/covid-5-790-nuovi-casi-eta-media-39-anni-i-decessi-sono-18\/#primaryimage"},"image":{"@id":"https:\/\/www.intoscana.it\/it\/covid-5-790-nuovi-casi-eta-media-39-anni-i-decessi-sono-18\/#primaryimage"},"thumbnailUrl":"https:\/\/www.intoscana.it\/wp-content\/uploads\/covid-4.jpg","datePublished":"2022-01-10T14:12:21+00:00","dateModified":"2022-01-11T09:26:58+00:00","author":{"@id":"https:\/\/www.intoscana.it\/it\/#\/schema\/person\/9223810753230f20bd670fdd322661f8"},"description":"I ricoverati sono 1.197 (46 in pi\u00f9 rispetto a ieri), di cui 113 in terapia intensiva (2 in meno)","breadcrumb":{"@id":"https:\/\/www.intoscana.it\/it\/covid-5-790-nuovi-casi-eta-media-39-anni-i-decessi-sono-18\/#breadcrumb"},"inLanguage":"it-IT","potentialAction":[{"@type":"ReadAction","target":["https:\/\/www.intoscana.it\/it\/covid-5-790-nuovi-casi-eta-media-39-anni-i-decessi-sono-18\/"]}]},{"@type":"ImageObject","inLanguage":"it-IT","@id":"https:\/\/www.intoscana.it\/it\/covid-5-790-nuovi-casi-eta-media-39-anni-i-decessi-sono-18\/#primaryimage","url":"https:\/\/www.intoscana.it\/wp-content\/uploads\/covid-4.jpg","contentUrl":"https:\/\/www.intoscana.it\/wp-content\/uploads\/covid-4.jpg","width":1920,"height":1278},{"@type":"BreadcrumbList","@id":"https:\/\/www.intoscana.it\/it\/covid-5-790-nuovi-casi-eta-media-39-anni-i-decessi-sono-18\/#breadcrumb","itemListElement":[{"@type":"ListItem","position":1,"name":"Home","item":"https:\/\/www.intoscana.it\/it\/"},{"@type":"ListItem","position":2,"name":"Covid: 5.790 nuovi casi, et\u00e0 media 39 anni. I decessi sono 18"}]},{"@type":"WebSite","@id":"https:\/\/www.intoscana.it\/it\/#website","url":"https:\/\/www.intoscana.it\/it\/","name":"intoscana","description":"","potentialAction":[{"@type":"SearchAction","target":{"@type":"EntryPoint","urlTemplate":"https:\/\/www.intoscana.it\/it\/?s={search_term_string}"},"query-input":{"@type":"PropertyValueSpecification","valueRequired":true,"valueName":"search_term_string"}}],"inLanguage":"it-IT"},{"@type":"Person","@id":"https:\/\/www.intoscana.it\/it\/#\/schema\/person\/9223810753230f20bd670fdd322661f8","name":"Redazione","url":"https:\/\/www.intoscana.it\/it\/author\/redazione\/"}]}},"_links":{"self":[{"href":"https:\/\/www.intoscana.it\/it\/wp-json\/wp\/v2\/posts\/206397","targetHints":{"allow":["GET"]}}],"collection":[{"href":"https:\/\/www.intoscana.it\/it\/wp-json\/wp\/v2\/posts"}],"about":[{"href":"https:\/\/www.intoscana.it\/it\/wp-json\/wp\/v2\/types\/post"}],"author":[{"embeddable":true,"href":"https:\/\/www.intoscana.it\/it\/wp-json\/wp\/v2\/users\/525"}],"replies":[{"embeddable":true,"href":"https:\/\/www.intoscana.it\/it\/wp-json\/wp\/v2\/comments?post=206397"}],"version-history":[{"count":0,"href":"https:\/\/www.intoscana.it\/it\/wp-json\/wp\/v2\/posts\/206397\/revisions"}],"wp:featuredmedia":[{"embeddable":true,"href":"https:\/\/www.intoscana.it\/it\/wp-json\/wp\/v2\/media\/204590"}],"wp:attachment":[{"href":"https:\/\/www.intoscana.it\/it\/wp-json\/wp\/v2\/media?parent=206397"}],"wp:term":[{"taxonomy":"category","embeddable":true,"href":"https:\/\/www.intoscana.it\/it\/wp-json\/wp\/v2\/categories?post=206397"},{"taxonomy":"post_tag","embeddable":true,"href":"https:\/\/www.intoscana.it\/it\/wp-json\/wp\/v2\/tags?post=206397"}],"curies":[{"name":"wp","href":"https:\/\/api.w.org\/{rel}","templated":true}]}}