{"id":206756,"date":"2022-01-13T10:11:05","date_gmt":"2022-01-13T09:11:05","guid":{"rendered":"https:\/\/www.intoscana.it\/it\/?p=206756"},"modified":"2022-01-13T11:55:26","modified_gmt":"2022-01-13T10:55:26","slug":"cosi-feci-lo-scoop-della-telefonata-de-falco-schettino","status":"publish","type":"post","link":"https:\/\/www.intoscana.it\/it\/cosi-feci-lo-scoop-della-telefonata-de-falco-schettino\/","title":{"rendered":"&#8220;Cos\u00ec feci lo scoop della telefonata De Falco-Schettino&#8221;"},"content":{"rendered":"<p>La telefonata tra <strong>De Falco e Schettino<\/strong> ha fatto il giro del mondo e ancora oggi \u00e8 <strong>il simbolo della tragedia della Costa Concordia<\/strong>. L\u2019autore dello<strong> scoop giornalistico<\/strong> che cambi\u00f2 la percezione stessa di quanto era avvenuto all\u2019isola del Giglio \u00e8 <strong>Simone Innocenti,<\/strong> giornalista del <strong>Corriere Fiorentino<\/strong> che, nel corso di lunghi anni di carriera si \u00e8 occupato di cronaca nera e giudiziaria: dalla <strong>strage di Viareggio<\/strong> al caso <strong>Moby Prince<\/strong>. E logicamente <strong>il naufragio della Costa Concordia<\/strong>.<br \/>\nFu la sua testata, il <strong>Corriere Fiorentino<\/strong>, a pubblicare il 16 gennaio 2012 il file audio della <strong>drammatica conversazione<\/strong> tra il capitano <strong>Gregorio De Falco<\/strong> della Capitaneria di Porto di Livorno e il comandante della nave <strong>Francesco Schettino<\/strong>. Quel &#8220;<em>Vada a bordo, cazzo<\/em>&#8221; che <strong>De Falco intim\u00f2 a Schettino<\/strong> nei momenti drammatici in cui la nave si stava inabissando, ha fatto il giro del mondo.<\/p>\n<figure id=\"post-206954 media-206954\" class=\"align-none\"><img decoding=\"async\" src=\"https:\/\/www.intoscana.it\/wp-content\/uploads\/Simone-Innocenti.jpeg\" alt=\"\" \/><\/figure>\n<div class=\"titleimg\">Simone Innocenti<\/div>\n<p>Da chi sia arrivato <strong>il file audio<\/strong> ancora oggi \u00e8 un mistero. &#8220;<em>In tutta sincerit\u00e0 fu<\/em> <em>un regalo inaspettato<\/em> &#8211; ricorda \u2013 <em>Non ho mai capito come quel file mi sia arrivato tra le mani<\/em>&#8220;. Come raccont\u00f2 anche ai <strong>pubblici ministeri di Grosseto<\/strong>, durante il procedimento che era stato aperto dalla Procura per la diffusione dell&#8217;audio tutto parte dalla cattiva abitudine di Innocenti di <strong>fumare anche in auto<\/strong>: \u201c<em>lascio quasi sempre il finestrino aperto; anche quella sera di dieci anni fa quando tornai in albergo a Porto Santo Stefano vicino al porto. Al mattino successivo, riprendendo l&#8217;auto trovai sul sedile una chiavetta Usb, la inserii in un computer e trovai all&#8217;interno il file audio con il dialogo tra De Falco e Schettino: capii subito che era la conversazione telefonica di cui avevo fatto cenno il giorno prima in un articolo sulla Concordia<\/em>&#8220;.<\/p>\n<p>Dopo aver compiuto le <strong>opportune verifiche<\/strong> Innocenti fece pubblicare il file audio sulla versione online del Corriere: da l\u00ec cominci\u00f2 il <strong>processo mediatico<\/strong> a Schettino conclusosi poi con la sua condanna. &#8220;<em>Con quella telefonata cambia tutto nella percezione di chi la sente, talmente \u00e8 violenta nella sua nudit\u00e0: chi l&#8217;ascolta non ha pi\u00f9 dubbi su come sia andata la vicenda. E&#8217; questa la forza tragica di quella telefonata. Non avevo per\u00f2 la sensazione che quella frase sarebbe entrata nel modo di dire di una nazione e avrebbe fatto il giro del mondo, finendo anche sulla Cnn. Credo che non se lo aspettasse neanche colui che la pronunci\u00f2<\/em>&#8221; ammette <strong>Innocenti<\/strong>.<\/p>\n<p>Fu un evento che ebbe <strong>ricadute a livello globale<\/strong> forse anche per la presenza di <strong>passeggeri da oltre 50 paesi<\/strong> sulla Concordia. Per alcuni la tragedia divenne <strong>il simbolo di un&#8217;Italia allo sbando<\/strong>. &#8220;<em>C\u2019era una tensione visibile a tutti i livelli, fu messo in discussione l\u2019operato della magistratura e ricordo che intervenne il presidente della Repubblica per esprimere solidariet\u00e0 alla Procura di Grosseto. Un fatto indicativo&#8221;<\/em> prosegue sull&#8217;onda dei ricordi il giornalista del <strong>Corriere Fiorentino<\/strong>.<\/p>\n<p>Innocenti ha passato <strong>mesi a seguire l&#8217;inchiesta<\/strong> e poi il processo, a studiare le carte, a raccogliere testimonianze. &#8220;<em>Ti cambia il modo di fare giornalismo, da un lato, seguire una vicenda cos\u00ec ma al tempo stesso rimani inorridito a pensare che sono morte 32 persone. Provi orrore per la cosa che stai seguendo<\/em> &#8211; commenta il giornalista -. <em>Anche se non riporta in vita queste persone, la Procura di Grosseto a differenza di quella di Lucca per la strage di Viareggio questa inchiesta l\u2019ha portata fino alla Cassazione. L&#8217;ipotesi accusatoria ha retto fino al riesame: da un lato hai un sistema giustizia spesso bistrattato, a volta anche a ragione, che per\u00f2 a Grosseto ha funzionato alla perfezione<\/em>&#8220;.<\/p>\n<p><strong>Tornare al Giglio<\/strong>, per le commemorazioni del decennale, ha molto colpito Innocenti. In un certo senso si \u00e8 sentito un po&#8217; come un reduce. &#8220;<em>Quando sono arrivato sul molo ho subito incontrato tre persone che non vedevo da anni. Questa vicenda, anche con i colleghi giornalisti, ci ha legato sia sotto il profilo professionale che umano. Io ho ancora fortissimo il ricordo della nave: in 20 anni non ho mai voluto foto di nulla, eppure ho fatto un&#8217;eccezione e ho chiesta al fotografo Massimo Sestini che fece quello scatto della Concordia dall\u2019alto, di avere un&#8217;immagine da conservare<\/em>&#8221; confida.<\/p>\n<p>Il segno di come quel dramma, in cui perse la vita tra le 32 vittime anche <strong>una bimba di 5<\/strong> <strong>anni<\/strong>, ha colpito il giornalista fiorentino. &#8220;<em>Ricordo che piansi quando seppi che nell&#8217;elenco c&#8217;era il nome di Dayana Arlotti. Non lo so perch\u00e9, non la conoscevo. Ma piansi perch\u00e9 mai l&#8217;avrei potuta conoscere: mi sembrava tremendo. E mi dissi<\/em> \u2013 <em>dentro di me lo gridai come giuramento<\/em> \u2013 <em>che quella morte non sarebbe rimasta impunita. Che avrei fatto di tutto per raccontare chi quella morte aveva provocato<\/em>&#8220;. Un giuramento a cui Innocenti ha tenuto fede.<\/p>\n","protected":false},"excerpt":{"rendered":"<p>Il giornalista del Corriere Fiorentino Simone Innocenti ricorda come diffuse l&#8217;audio del &#8220;Vada a bordo&#8230;&#8221; che fece il giro del mondo<\/p>\n","protected":false},"author":554,"featured_media":78211,"comment_status":"open","ping_status":"open","sticky":false,"template":"","format":"standard","meta":{"_acf_changed":false,"footnotes":""},"categories":[4],"tags":[1579],"class_list":["post-206756","post","type-post","status-publish","format-standard","has-post-thumbnail","hentry","category-storie","tag-naufragio-concordia"],"acf":[],"yoast_head":"<!-- This site is optimized with the Yoast SEO Premium plugin v24.2 (Yoast SEO v25.6) - https:\/\/yoast.com\/wordpress\/plugins\/seo\/ -->\n<title>&quot;Cos\u00ec feci lo scoop della telefonata De Falco-Schettino&quot; - intoscana<\/title>\n<meta name=\"description\" content=\"Il giornalista del Corriere Fiorentino Simone Innocenti ricorda come diffuse l&#039;audio del &quot;Vada a bordo...&quot; che fece il giro del mondo\" \/>\n<meta name=\"robots\" content=\"index, follow, max-snippet:-1, max-image-preview:large, max-video-preview:-1\" \/>\n<link rel=\"canonical\" href=\"https:\/\/www.intoscana.it\/it\/cosi-feci-lo-scoop-della-telefonata-de-falco-schettino\/\" \/>\n<meta property=\"og:locale\" content=\"it_IT\" \/>\n<meta property=\"og:type\" content=\"article\" \/>\n<meta property=\"og:title\" content=\"&quot;Cos\u00ec feci lo scoop della telefonata De Falco-Schettino&quot;\" \/>\n<meta property=\"og:description\" content=\"Il giornalista del Corriere Fiorentino Simone Innocenti ricorda come diffuse l&#039;audio del &quot;Vada a bordo...&quot; che fece il giro del mondo\" \/>\n<meta property=\"og:url\" content=\"https:\/\/www.intoscana.it\/it\/cosi-feci-lo-scoop-della-telefonata-de-falco-schettino\/\" \/>\n<meta property=\"og:site_name\" content=\"intoscana\" \/>\n<meta property=\"article:publisher\" content=\"https:\/\/www.facebook.com\/intoscana.it\" \/>\n<meta property=\"article:published_time\" content=\"2022-01-13T09:11:05+00:00\" \/>\n<meta property=\"article:modified_time\" content=\"2022-01-13T10:55:26+00:00\" \/>\n<meta property=\"og:image\" content=\"https:\/\/www.intoscana.it\/wp-content\/uploads\/091937526-39a670b6-43a8-461f-af4d-9a459d91a173.jpg\" \/>\n\t<meta property=\"og:image:width\" content=\"871\" \/>\n\t<meta property=\"og:image:height\" content=\"660\" \/>\n\t<meta property=\"og:image:type\" content=\"image\/jpeg\" \/>\n<meta name=\"author\" content=\"Raffaella Galamini\" \/>\n<meta name=\"twitter:card\" content=\"summary_large_image\" \/>\n<meta name=\"twitter:creator\" content=\"@orio\" \/>\n<meta name=\"twitter:site\" content=\"@intoscana\" \/>\n<meta name=\"twitter:label1\" content=\"Written by\" \/>\n\t<meta name=\"twitter:data1\" content=\"Raffaella Galamini\" \/>\n\t<meta name=\"twitter:label2\" content=\"Est. reading time\" \/>\n\t<meta name=\"twitter:data2\" content=\"4 minuti\" \/>\n<script type=\"application\/ld+json\" class=\"yoast-schema-graph\">{\"@context\":\"https:\/\/schema.org\",\"@graph\":[{\"@type\":\"WebPage\",\"@id\":\"https:\/\/www.intoscana.it\/it\/cosi-feci-lo-scoop-della-telefonata-de-falco-schettino\/\",\"url\":\"https:\/\/www.intoscana.it\/it\/cosi-feci-lo-scoop-della-telefonata-de-falco-schettino\/\",\"name\":\"\\\"Cos\u00ec feci lo scoop della telefonata De Falco-Schettino\\\" - intoscana\",\"isPartOf\":{\"@id\":\"https:\/\/www.intoscana.it\/it\/#website\"},\"primaryImageOfPage\":{\"@id\":\"https:\/\/www.intoscana.it\/it\/cosi-feci-lo-scoop-della-telefonata-de-falco-schettino\/#primaryimage\"},\"image\":{\"@id\":\"https:\/\/www.intoscana.it\/it\/cosi-feci-lo-scoop-della-telefonata-de-falco-schettino\/#primaryimage\"},\"thumbnailUrl\":\"https:\/\/www.intoscana.it\/wp-content\/uploads\/091937526-39a670b6-43a8-461f-af4d-9a459d91a173.jpg\",\"datePublished\":\"2022-01-13T09:11:05+00:00\",\"dateModified\":\"2022-01-13T10:55:26+00:00\",\"author\":{\"@id\":\"https:\/\/www.intoscana.it\/it\/#\/schema\/person\/9eb9daa846a49fe51af39a73d9d1986b\"},\"description\":\"Il giornalista del Corriere Fiorentino Simone Innocenti ricorda come diffuse l'audio del \\\"Vada a bordo...\\\" che fece il giro del mondo\",\"breadcrumb\":{\"@id\":\"https:\/\/www.intoscana.it\/it\/cosi-feci-lo-scoop-della-telefonata-de-falco-schettino\/#breadcrumb\"},\"inLanguage\":\"it-IT\",\"potentialAction\":[{\"@type\":\"ReadAction\",\"target\":[\"https:\/\/www.intoscana.it\/it\/cosi-feci-lo-scoop-della-telefonata-de-falco-schettino\/\"]}]},{\"@type\":\"ImageObject\",\"inLanguage\":\"it-IT\",\"@id\":\"https:\/\/www.intoscana.it\/it\/cosi-feci-lo-scoop-della-telefonata-de-falco-schettino\/#primaryimage\",\"url\":\"https:\/\/www.intoscana.it\/wp-content\/uploads\/091937526-39a670b6-43a8-461f-af4d-9a459d91a173.jpg\",\"contentUrl\":\"https:\/\/www.intoscana.it\/wp-content\/uploads\/091937526-39a670b6-43a8-461f-af4d-9a459d91a173.jpg\",\"width\":871,\"height\":660},{\"@type\":\"BreadcrumbList\",\"@id\":\"https:\/\/www.intoscana.it\/it\/cosi-feci-lo-scoop-della-telefonata-de-falco-schettino\/#breadcrumb\",\"itemListElement\":[{\"@type\":\"ListItem\",\"position\":1,\"name\":\"Home\",\"item\":\"https:\/\/www.intoscana.it\/it\/\"},{\"@type\":\"ListItem\",\"position\":2,\"name\":\"&#8220;Cos\u00ec feci lo scoop della telefonata De Falco-Schettino&#8221;\"}]},{\"@type\":\"WebSite\",\"@id\":\"https:\/\/www.intoscana.it\/it\/#website\",\"url\":\"https:\/\/www.intoscana.it\/it\/\",\"name\":\"intoscana\",\"description\":\"\",\"potentialAction\":[{\"@type\":\"SearchAction\",\"target\":{\"@type\":\"EntryPoint\",\"urlTemplate\":\"https:\/\/www.intoscana.it\/it\/?s={search_term_string}\"},\"query-input\":{\"@type\":\"PropertyValueSpecification\",\"valueRequired\":true,\"valueName\":\"search_term_string\"}}],\"inLanguage\":\"it-IT\"},{\"@type\":\"Person\",\"@id\":\"https:\/\/www.intoscana.it\/it\/#\/schema\/person\/9eb9daa846a49fe51af39a73d9d1986b\",\"name\":\"Raffaella Galamini\",\"sameAs\":[\"https:\/\/x.com\/orio\"],\"url\":\"https:\/\/www.intoscana.it\/it\/author\/r-galamini\/\"}]}<\/script>\n<!-- \/ Yoast SEO Premium plugin. -->","yoast_head_json":{"title":"\"Cos\u00ec feci lo scoop della telefonata De Falco-Schettino\" - intoscana","description":"Il giornalista del Corriere Fiorentino Simone Innocenti ricorda come diffuse l'audio del \"Vada a bordo...\" che fece il giro del mondo","robots":{"index":"index","follow":"follow","max-snippet":"max-snippet:-1","max-image-preview":"max-image-preview:large","max-video-preview":"max-video-preview:-1"},"canonical":"https:\/\/www.intoscana.it\/it\/cosi-feci-lo-scoop-della-telefonata-de-falco-schettino\/","og_locale":"it_IT","og_type":"article","og_title":"\"Cos\u00ec feci lo scoop della telefonata De Falco-Schettino\"","og_description":"Il giornalista del Corriere Fiorentino Simone Innocenti ricorda come diffuse l'audio del \"Vada a bordo...\" che fece il giro del mondo","og_url":"https:\/\/www.intoscana.it\/it\/cosi-feci-lo-scoop-della-telefonata-de-falco-schettino\/","og_site_name":"intoscana","article_publisher":"https:\/\/www.facebook.com\/intoscana.it","article_published_time":"2022-01-13T09:11:05+00:00","article_modified_time":"2022-01-13T10:55:26+00:00","og_image":[{"width":871,"height":660,"url":"https:\/\/www.intoscana.it\/wp-content\/uploads\/091937526-39a670b6-43a8-461f-af4d-9a459d91a173.jpg","type":"image\/jpeg"}],"author":"Raffaella Galamini","twitter_card":"summary_large_image","twitter_creator":"@orio","twitter_site":"@intoscana","twitter_misc":{"Written by":"Raffaella Galamini","Est. reading time":"4 minuti"},"schema":{"@context":"https:\/\/schema.org","@graph":[{"@type":"WebPage","@id":"https:\/\/www.intoscana.it\/it\/cosi-feci-lo-scoop-della-telefonata-de-falco-schettino\/","url":"https:\/\/www.intoscana.it\/it\/cosi-feci-lo-scoop-della-telefonata-de-falco-schettino\/","name":"\"Cos\u00ec feci lo scoop della telefonata De Falco-Schettino\" - intoscana","isPartOf":{"@id":"https:\/\/www.intoscana.it\/it\/#website"},"primaryImageOfPage":{"@id":"https:\/\/www.intoscana.it\/it\/cosi-feci-lo-scoop-della-telefonata-de-falco-schettino\/#primaryimage"},"image":{"@id":"https:\/\/www.intoscana.it\/it\/cosi-feci-lo-scoop-della-telefonata-de-falco-schettino\/#primaryimage"},"thumbnailUrl":"https:\/\/www.intoscana.it\/wp-content\/uploads\/091937526-39a670b6-43a8-461f-af4d-9a459d91a173.jpg","datePublished":"2022-01-13T09:11:05+00:00","dateModified":"2022-01-13T10:55:26+00:00","author":{"@id":"https:\/\/www.intoscana.it\/it\/#\/schema\/person\/9eb9daa846a49fe51af39a73d9d1986b"},"description":"Il giornalista del Corriere Fiorentino Simone Innocenti ricorda come diffuse l'audio del \"Vada a bordo...\" che fece il giro del mondo","breadcrumb":{"@id":"https:\/\/www.intoscana.it\/it\/cosi-feci-lo-scoop-della-telefonata-de-falco-schettino\/#breadcrumb"},"inLanguage":"it-IT","potentialAction":[{"@type":"ReadAction","target":["https:\/\/www.intoscana.it\/it\/cosi-feci-lo-scoop-della-telefonata-de-falco-schettino\/"]}]},{"@type":"ImageObject","inLanguage":"it-IT","@id":"https:\/\/www.intoscana.it\/it\/cosi-feci-lo-scoop-della-telefonata-de-falco-schettino\/#primaryimage","url":"https:\/\/www.intoscana.it\/wp-content\/uploads\/091937526-39a670b6-43a8-461f-af4d-9a459d91a173.jpg","contentUrl":"https:\/\/www.intoscana.it\/wp-content\/uploads\/091937526-39a670b6-43a8-461f-af4d-9a459d91a173.jpg","width":871,"height":660},{"@type":"BreadcrumbList","@id":"https:\/\/www.intoscana.it\/it\/cosi-feci-lo-scoop-della-telefonata-de-falco-schettino\/#breadcrumb","itemListElement":[{"@type":"ListItem","position":1,"name":"Home","item":"https:\/\/www.intoscana.it\/it\/"},{"@type":"ListItem","position":2,"name":"&#8220;Cos\u00ec feci lo scoop della telefonata De Falco-Schettino&#8221;"}]},{"@type":"WebSite","@id":"https:\/\/www.intoscana.it\/it\/#website","url":"https:\/\/www.intoscana.it\/it\/","name":"intoscana","description":"","potentialAction":[{"@type":"SearchAction","target":{"@type":"EntryPoint","urlTemplate":"https:\/\/www.intoscana.it\/it\/?s={search_term_string}"},"query-input":{"@type":"PropertyValueSpecification","valueRequired":true,"valueName":"search_term_string"}}],"inLanguage":"it-IT"},{"@type":"Person","@id":"https:\/\/www.intoscana.it\/it\/#\/schema\/person\/9eb9daa846a49fe51af39a73d9d1986b","name":"Raffaella Galamini","sameAs":["https:\/\/x.com\/orio"],"url":"https:\/\/www.intoscana.it\/it\/author\/r-galamini\/"}]}},"_links":{"self":[{"href":"https:\/\/www.intoscana.it\/it\/wp-json\/wp\/v2\/posts\/206756","targetHints":{"allow":["GET"]}}],"collection":[{"href":"https:\/\/www.intoscana.it\/it\/wp-json\/wp\/v2\/posts"}],"about":[{"href":"https:\/\/www.intoscana.it\/it\/wp-json\/wp\/v2\/types\/post"}],"author":[{"embeddable":true,"href":"https:\/\/www.intoscana.it\/it\/wp-json\/wp\/v2\/users\/554"}],"replies":[{"embeddable":true,"href":"https:\/\/www.intoscana.it\/it\/wp-json\/wp\/v2\/comments?post=206756"}],"version-history":[{"count":0,"href":"https:\/\/www.intoscana.it\/it\/wp-json\/wp\/v2\/posts\/206756\/revisions"}],"wp:featuredmedia":[{"embeddable":true,"href":"https:\/\/www.intoscana.it\/it\/wp-json\/wp\/v2\/media\/78211"}],"wp:attachment":[{"href":"https:\/\/www.intoscana.it\/it\/wp-json\/wp\/v2\/media?parent=206756"}],"wp:term":[{"taxonomy":"category","embeddable":true,"href":"https:\/\/www.intoscana.it\/it\/wp-json\/wp\/v2\/categories?post=206756"},{"taxonomy":"post_tag","embeddable":true,"href":"https:\/\/www.intoscana.it\/it\/wp-json\/wp\/v2\/tags?post=206756"}],"curies":[{"name":"wp","href":"https:\/\/api.w.org\/{rel}","templated":true}]}}