{"id":206848,"date":"2022-01-13T09:11:37","date_gmt":"2022-01-13T08:11:37","guid":{"rendered":"https:\/\/www.intoscana.it\/it\/?p=206848"},"modified":"2022-01-13T09:11:37","modified_gmt":"2022-01-13T08:11:37","slug":"le-voci-nella-notte-della-concordia-le-storie-dentro-e-fuori-la-nave","status":"publish","type":"post","link":"https:\/\/www.intoscana.it\/it\/le-voci-nella-notte-della-concordia-le-storie-dentro-e-fuori-la-nave\/","title":{"rendered":"Le voci nella notte della Concordia: le storie dentro e fuori la nave"},"content":{"rendered":"<p>Intorno alla <strong>Costa Concordia<\/strong> squarciata e adagiata miracolosamente sui due scogli dell\u2019<strong>Isola del Giglio<\/strong>, la notte del 13 gennaio 2012, si \u00e8 intrecciata la vita e la morte, il coraggio e la paura, la solidariet\u00e0 e l&#8217;incoscienza. Un unico e raro groviglio di umanit\u00e0, che si \u00e8 fa ancora fatica a sbrogliare. Le voci di quella notte &#8211;\u00a0 dei naufraghi, dei soccorritori e dei gigliesi &#8211; si rincorrono e si accavallano nel buio freddo in mezzo al mare calmo e clemente, per costruire pezzo dopo pezzo una pagina gi\u00e0 consegnata alla storia.<\/p>\n<p><em>&#8220;E\u2019 successo prima della Concordia&#8221;<\/em> oppure <em>&#8220;\u00e8 accaduto dopo la Concordia&#8221;<\/em>, cos\u00ec dicono i gigliesi, come chiuque altro fosse l\u00ec quella notte: la tragedia, come tutti gli eventi epocali, ha diviso il tempo in due. <mark>Per i\u00a0 passeggeri, per i membri dell\u2019equipaggio e per chi ha prestato soccorso, tutto \u00e8 cambiato in pochi minuti; per 32 di loro tutto \u00e8 finito.<\/mark> La verit\u00e0 processuale ha indicato la causa e i colpevoli, il tempo sta ancora provando a rendere giustizia ai vivi.<\/p>\n<h3><em>Il rumore del ferro che stride<\/em><\/h3>\n<p><strong>Nicla Ciutini<\/strong> fa la parrucchiera a Firenze e sale sulla Costa Concordia alle 19 da Civitavecchia. Alle 21:57 il boato. <mark><em>&#8220;Non dimenticher\u00f2 mai quel rumore: il ferro che stride, una sensazione terribile, e la nave che inizia a inclinarsi&#8221;<\/em>.<\/mark> Lei era l\u00ec per un evento di lavoro, accompaganta dalla cognata sedute a cena in attesa di una sfilata. Aveva il tacco alto e il vestito elegante, poi all&#8217;improvviso la luce che salta. &#8220;<em>Ci dicono che \u00e8 un guasto elettrico, nessuno ci dava indicazioni e d&#8217;istinto saliamo dal settimo al nono piano, nelle nostre cabine. Abbiamo cambiato le scarpe e messo i giubotti, poi siamo saliti all&#8217;undicesimo piano, pi\u00f9 lontano possibile dal mare&#8221;<\/em>. Mantiene il sangue freddo anche se non sa nuotare. <em>&#8220;Chiamo la mia famiglia, dico a mio marito di badare ai miei genitori se non ci vediamo, poi se ci si rivede meglio. Chiamo mio figlio e gli raccomando mio nipote. Gli dico: codesto bimbo crescilo bene. Usciamo fuori e non ci resta che scivolare, sbatto la spalla contro la balaustra, ma non sento nulla, n\u00e9 il dolore n\u00e9 il freddo. Poi riusciamo a salire su una scialuppa con la paura che la nave ci potesse cadere addosso e infine, finalmente, tocchiamo terra. Devo ringraziare i gigliesi che ci hanno aiutato, come Aldo Bartoletti <\/em>(nella foto in alto con Nicla e la cognata, ndr)<em>. Con lui abbiamo stretto un&#8217;amicizia fortissima e ha sposato anche mia cognata&#8221;.<\/em><\/p>\n<p>Arrivata al porto, infreddolita e ancora incredula,\u00a0 si ritrova a casa di un muratore di Lecce che ha la sua casa proprio l\u00ec. <em>&#8220;Cede la sua stanza a una mamma con un bimbo piccolo, ci d\u00e0 coperte e asciugamani, apre il suo armadio e dice di prendere tutto quello che ci serve.\u00a0 <mark>Capimmo cosa era successo e cosa abbiamo scampato quando qualcuno entr\u00f2 in casa e ci disse che avevano recuperato tre corpi&#8221;<\/em>.<\/mark> Nicla torna a Firenze e per 15 giorni non sente nulla, o meglio, crede di stare bene. &#8220;<em>Ma mio marito mi diceva che la notte urlavo, poi all&#8217;improvviso mi venne un febbrone&#8221;<\/em>. Tutto viene a galla, perch\u00e9 &#8220;<em>non si dimentica una notte cos\u00ec, ma ho passato di peggio nella mia vita: ho perso mio marito. Da un anno e mezzo non c&#8217;\u00e8 pi\u00f9, ora per\u00f2 ho i miei nipoti da crescere, ben tre, poi faccio volontariato e due volte alla settimana torno nel mio vecchio negozio di Porta Romana&#8221;<\/em>. Non le manca mai il sorriso: <em>&#8220;Vado avanti, ho tante cose da fare tutti i giorni. Tutti, tranne la domenica, quando sono pi\u00f9 sola e penso. Ma poi arriva di nuovo il luned\u00ec e si ricomincia&#8221;<\/em>.<\/p>\n<p><span class=\"citazione\">E&#8217; innegabile, una cosa cos\u00ec il carattere te lo cambia<\/span><\/p>\n<h3><em>La sera dei miracoli<\/em><\/h3>\n<p>Per sbaglio il suo computer selezion\u00f2 una canzone italiana, nonostante la playlist musicale fosse settata per un pubblico straniero, quello che si trova sulle navi a gennaio. <em>&#8220;La sera dei miracoli&#8221;<\/em> di Lucio Dalla \u00e8 diventata cos\u00ec un presagio, un messaggio di vita per <strong>Alessandro Brandini<\/strong>, pianista sulle navi da crociera da 18 anni e sopravvissuto alla tragedia. <em>&#8220;Ho fatto sei volte il giro del mondo, ho visto pi\u00f9 Rio De Janeiro che Follonica&#8221;<\/em>, scherza Alex, ma \u00e8 davvero cos\u00ec la vita di chi sceglie di imbarcarsi. <mark><em>&#8220;Dopo quella notte ho chiesto di ritornare a bordo, e cos\u00ec ho fatto. Poi mi sono licenziato perch\u00e9 ho voluto cambiare vita&#8221;<\/em>. Lui non partecipa alle commemorazioni, resta schivo, &#8220;<em>dentro di me dico una preghiera. E&#8217; innegabile, una cosa cos\u00ec il carattere te lo cambia&#8221;<\/em>.<\/mark><\/p>\n<figure id=\"post-206886 media-206886\" class=\"align-none\"><img decoding=\"async\" src=\"https:\/\/www.intoscana.it\/wp-content\/uploads\/alex-brandini.jpg\" alt=\"\" \/><\/figure>\n<p>Di quella note ha ricordi nitidi, soprattutto dei volti amici che ha visto sulla scialuppa che lo ha portato a terra e di quelli che non ha pi\u00f9 rivisto. <em>&#8220;Quando la nave ha iniziato a inclinarsi\u00a0 \u00e8 scoppiato il panico e noi dell&#8217;equipaggio abbiamo cercato di fare il possibile. C&#8217;erano tante forme di paura diverse, grida, panico. Finalmente salimmo sulla scialuppa, ma qualcuno mancava&#8221;<\/em>. Lui ricorda due suoi amici e colleghi che persero la vita: <mark><em>&#8220;Sandor Feheer un musicista che torn\u00f2 indietro per recuperare il suo prezioso violino\u00a0 e Giuseppe Girolamo, il batterista&#8221;<\/em>, che cedette il suo posto in scialuppa a una famiglia.<\/mark>\u00a0 <em>&#8220;Per il futuro chiedo serenit\u00e0. Ora vivo in campagna vicino Follonica, con i miei due cani e 11 gatti. Ma voglio viaggiare, di nuovo, e magari iniziare una nuova avventura artistica. Forse in Per\u00f9&#8221;.<\/em><\/p>\n<p><span class=\"citazione\">Noi del Giglio resteremo sempre le persone di quella notte, ma adesso basta<\/span><\/p>\n<h3><em>Il riflesso giallo del fumaiolo sui soccorritori<\/em><\/h3>\n<p><em><mark>&#8220;Avevamo solo la luce della luna a guidarci ed eravamo tutti gialli, immersi nel riflesso del fumaiolo della nave tanto gli eravamo vicini&#8221;<\/em>. <strong>Giovanni Rossi<\/strong> vive al Giglio e di sera, all&#8217;improvviso, casa sua si inond\u00f2 di luce:<\/mark> <em>&#8220;Mi affacciai e vidi la nave a 500 metri da casa, leggermente inclinata e adagiata sugli unici due speroni che emergono dal mare della costa. Mi mosse l&#8217;istinto, mentre mi vestito chiamai un dipendente del Comune e gli dissi di accendere i riscaldamenti delle scuole&#8221;<\/em>. Giovanni era assessore alla Portualit\u00e0, ma \u00e8 soprattutto un gigliese e come tutti gli isolani ha un forte istinto di sopravvivenza e molto senso pratico.<\/p>\n<p><em>&#8220;Arrivato al porto vidi le prime scialuppe piene di persone arrivare, poi le imbarcazioni vennero abbandonate. Allora iniziammo a fare noi i viaggi, avanti e indietro. Solo io ne feci cinque, finche la nave non si inclin\u00f2, ma in quel momento tutti i gigliesi presenti sulla banchina erano o ad accogliere o in mare. <mark>Recuperavamo persone in acqua o sulla nave che lentamente si inclinava. Se ci penso ora, mi viene ancora paura: poteva caderci addosso in ogni momento&#8221;<\/em>.<\/mark> Ma c&#8217;\u00e8 un ricordo che per lui \u00e8 l&#8217;immagine plastica della notte della Concordia: <em>&#8220;Gli occhi di una persona disabile, in carrozzina, quando gli diedi la mia giacca: non ho mai visto tanta riconoscenza in uno sguardo&#8221;.<\/em><\/p>\n<p>La macchina improvvisata dei soccorsi del Giglio funzion\u00f2 alla perfezione: &#8220;<em>Se vedi qualcuno in difficolt\u00e0 lo aiuti, \u00e8 normale. Poi la nostra fortuna fu di avere contatti diretti e una catena di comando molto corta, quindi immediata&#8221;<\/em>. Poi arriv\u00f2 il giorno dopo e l&#8217;istinto venne sostituito dalla ragione, dall&#8217;organizzazione e dalla gestione della situazione. <em>&#8220;Ci fu tanta, tanta confusione. Anche quel <strong>turismo macabro<\/strong>. Che rabbia poi quei selfie con il relitto della nave alle spalle. La Concordia era una cassa da morto enorme, i corpi dovevano ancora essere tutti recuperati. Evitavamo do andare l\u00ec per non vedere tutto questo&#8221;<\/em>.<\/p>\n<p>A dieci anni esatti da quei momenti, ora l&#8217;Isola del Giglio spera in un nuovo spartiacque. &#8220;<em>La tragedia ci ha segnato, ma non ci ha stravolto. Noi resteremo sempre le persone di quella notte<\/em> &#8211; dice Giovanni &#8211; <em>Ricordiamo perch\u00e9 ci\u00f2 non accada pi\u00f9, per il rispetto delle vittime, ma ora basta. <mark>Speriamo che per questo decimo anniversario la Concordia fischi davvero per l&#8217;ultima volta&#8221;.<\/mark><\/em><\/p>\n","protected":false},"excerpt":{"rendered":"<p>Tre storie per ricostruire quella notte: Nicla la passeggera, Alessandro il pianista e Giovanni il soccorritore del Giglio. Come \u00e8 cambiata la loro vita<\/p>\n","protected":false},"author":545,"featured_media":206868,"comment_status":"open","ping_status":"open","sticky":false,"template":"","format":"standard","meta":{"_acf_changed":false,"footnotes":""},"categories":[4],"tags":[1579],"class_list":["post-206848","post","type-post","status-publish","format-standard","has-post-thumbnail","hentry","category-storie","tag-naufragio-concordia"],"acf":[],"yoast_head":"<!-- This site is optimized with the Yoast SEO Premium plugin v24.2 (Yoast SEO v25.6) - https:\/\/yoast.com\/wordpress\/plugins\/seo\/ -->\n<title>Le voci nella notte della Concordia: le storie dentro e fuori la nave - intoscana<\/title>\n<meta name=\"description\" content=\"Tre storie per ricostruire quella notte: Nicla la passeggera, Alessandro il pianista e Giovanni il soccorritore del Giglio. Come \u00e8 cambiata la loro vita\u00a0\" \/>\n<meta name=\"robots\" content=\"index, follow, max-snippet:-1, max-image-preview:large, max-video-preview:-1\" \/>\n<link rel=\"canonical\" href=\"https:\/\/www.intoscana.it\/it\/le-voci-nella-notte-della-concordia-le-storie-dentro-e-fuori-la-nave\/\" \/>\n<meta property=\"og:locale\" content=\"it_IT\" \/>\n<meta property=\"og:type\" content=\"article\" \/>\n<meta property=\"og:title\" content=\"Le voci nella notte della Concordia: le storie dentro e fuori la nave\" \/>\n<meta property=\"og:description\" content=\"Tre storie per ricostruire quella notte: Nicla la passeggera, Alessandro il pianista e Giovanni il soccorritore del Giglio. Come \u00e8 cambiata la loro vita\u00a0\" \/>\n<meta property=\"og:url\" content=\"https:\/\/www.intoscana.it\/it\/le-voci-nella-notte-della-concordia-le-storie-dentro-e-fuori-la-nave\/\" \/>\n<meta property=\"og:site_name\" content=\"intoscana\" \/>\n<meta property=\"article:publisher\" content=\"https:\/\/www.facebook.com\/intoscana.it\" \/>\n<meta property=\"article:published_time\" content=\"2022-01-13T08:11:37+00:00\" \/>\n<meta property=\"og:image\" content=\"https:\/\/www.intoscana.it\/wp-content\/uploads\/WhatsApp-Image-2022-01-12-at-12.20.06-e1642007723908.jpeg\" \/>\n\t<meta property=\"og:image:width\" content=\"768\" \/>\n\t<meta property=\"og:image:height\" content=\"445\" \/>\n\t<meta property=\"og:image:type\" content=\"image\/jpeg\" \/>\n<meta name=\"author\" content=\"Clara D&#039;Acunto\" \/>\n<meta name=\"twitter:card\" content=\"summary_large_image\" \/>\n<meta name=\"twitter:creator\" content=\"@intoscana\" \/>\n<meta name=\"twitter:site\" content=\"@intoscana\" \/>\n<meta name=\"twitter:label1\" content=\"Written by\" \/>\n\t<meta name=\"twitter:data1\" content=\"Clara D&#039;Acunto\" \/>\n\t<meta name=\"twitter:label2\" content=\"Est. reading time\" \/>\n\t<meta name=\"twitter:data2\" content=\"7 minuti\" \/>\n<script type=\"application\/ld+json\" class=\"yoast-schema-graph\">{\"@context\":\"https:\/\/schema.org\",\"@graph\":[{\"@type\":\"WebPage\",\"@id\":\"https:\/\/www.intoscana.it\/it\/le-voci-nella-notte-della-concordia-le-storie-dentro-e-fuori-la-nave\/\",\"url\":\"https:\/\/www.intoscana.it\/it\/le-voci-nella-notte-della-concordia-le-storie-dentro-e-fuori-la-nave\/\",\"name\":\"Le voci nella notte della Concordia: le storie dentro e fuori la nave - intoscana\",\"isPartOf\":{\"@id\":\"https:\/\/www.intoscana.it\/it\/#website\"},\"primaryImageOfPage\":{\"@id\":\"https:\/\/www.intoscana.it\/it\/le-voci-nella-notte-della-concordia-le-storie-dentro-e-fuori-la-nave\/#primaryimage\"},\"image\":{\"@id\":\"https:\/\/www.intoscana.it\/it\/le-voci-nella-notte-della-concordia-le-storie-dentro-e-fuori-la-nave\/#primaryimage\"},\"thumbnailUrl\":\"https:\/\/www.intoscana.it\/wp-content\/uploads\/WhatsApp-Image-2022-01-12-at-12.20.06-e1642007723908.jpeg\",\"datePublished\":\"2022-01-13T08:11:37+00:00\",\"author\":{\"@id\":\"https:\/\/www.intoscana.it\/it\/#\/schema\/person\/137419af9ef5d385bde52864a841e6ce\"},\"description\":\"Tre storie per ricostruire quella notte: Nicla la passeggera, Alessandro il pianista e Giovanni il soccorritore del Giglio. Come \u00e8 cambiata la loro vita\u00a0\",\"breadcrumb\":{\"@id\":\"https:\/\/www.intoscana.it\/it\/le-voci-nella-notte-della-concordia-le-storie-dentro-e-fuori-la-nave\/#breadcrumb\"},\"inLanguage\":\"it-IT\",\"potentialAction\":[{\"@type\":\"ReadAction\",\"target\":[\"https:\/\/www.intoscana.it\/it\/le-voci-nella-notte-della-concordia-le-storie-dentro-e-fuori-la-nave\/\"]}]},{\"@type\":\"ImageObject\",\"inLanguage\":\"it-IT\",\"@id\":\"https:\/\/www.intoscana.it\/it\/le-voci-nella-notte-della-concordia-le-storie-dentro-e-fuori-la-nave\/#primaryimage\",\"url\":\"https:\/\/www.intoscana.it\/wp-content\/uploads\/WhatsApp-Image-2022-01-12-at-12.20.06-e1642007723908.jpeg\",\"contentUrl\":\"https:\/\/www.intoscana.it\/wp-content\/uploads\/WhatsApp-Image-2022-01-12-at-12.20.06-e1642007723908.jpeg\",\"width\":768,\"height\":445},{\"@type\":\"BreadcrumbList\",\"@id\":\"https:\/\/www.intoscana.it\/it\/le-voci-nella-notte-della-concordia-le-storie-dentro-e-fuori-la-nave\/#breadcrumb\",\"itemListElement\":[{\"@type\":\"ListItem\",\"position\":1,\"name\":\"Home\",\"item\":\"https:\/\/www.intoscana.it\/it\/\"},{\"@type\":\"ListItem\",\"position\":2,\"name\":\"Le voci nella notte della Concordia: le storie dentro e fuori la nave\"}]},{\"@type\":\"WebSite\",\"@id\":\"https:\/\/www.intoscana.it\/it\/#website\",\"url\":\"https:\/\/www.intoscana.it\/it\/\",\"name\":\"intoscana\",\"description\":\"\",\"potentialAction\":[{\"@type\":\"SearchAction\",\"target\":{\"@type\":\"EntryPoint\",\"urlTemplate\":\"https:\/\/www.intoscana.it\/it\/?s={search_term_string}\"},\"query-input\":{\"@type\":\"PropertyValueSpecification\",\"valueRequired\":true,\"valueName\":\"search_term_string\"}}],\"inLanguage\":\"it-IT\"},{\"@type\":\"Person\",\"@id\":\"https:\/\/www.intoscana.it\/it\/#\/schema\/person\/137419af9ef5d385bde52864a841e6ce\",\"name\":\"Clara D'Acunto\",\"url\":\"https:\/\/www.intoscana.it\/it\/author\/clara-d_acunto\/\"}]}<\/script>\n<!-- \/ Yoast SEO Premium plugin. -->","yoast_head_json":{"title":"Le voci nella notte della Concordia: le storie dentro e fuori la nave - intoscana","description":"Tre storie per ricostruire quella notte: Nicla la passeggera, Alessandro il pianista e Giovanni il soccorritore del Giglio. Come \u00e8 cambiata la loro vita\u00a0","robots":{"index":"index","follow":"follow","max-snippet":"max-snippet:-1","max-image-preview":"max-image-preview:large","max-video-preview":"max-video-preview:-1"},"canonical":"https:\/\/www.intoscana.it\/it\/le-voci-nella-notte-della-concordia-le-storie-dentro-e-fuori-la-nave\/","og_locale":"it_IT","og_type":"article","og_title":"Le voci nella notte della Concordia: le storie dentro e fuori la nave","og_description":"Tre storie per ricostruire quella notte: Nicla la passeggera, Alessandro il pianista e Giovanni il soccorritore del Giglio. Come \u00e8 cambiata la loro vita\u00a0","og_url":"https:\/\/www.intoscana.it\/it\/le-voci-nella-notte-della-concordia-le-storie-dentro-e-fuori-la-nave\/","og_site_name":"intoscana","article_publisher":"https:\/\/www.facebook.com\/intoscana.it","article_published_time":"2022-01-13T08:11:37+00:00","og_image":[{"width":768,"height":445,"url":"https:\/\/www.intoscana.it\/wp-content\/uploads\/WhatsApp-Image-2022-01-12-at-12.20.06-e1642007723908.jpeg","type":"image\/jpeg"}],"author":"Clara D'Acunto","twitter_card":"summary_large_image","twitter_creator":"@intoscana","twitter_site":"@intoscana","twitter_misc":{"Written by":"Clara D'Acunto","Est. reading time":"7 minuti"},"schema":{"@context":"https:\/\/schema.org","@graph":[{"@type":"WebPage","@id":"https:\/\/www.intoscana.it\/it\/le-voci-nella-notte-della-concordia-le-storie-dentro-e-fuori-la-nave\/","url":"https:\/\/www.intoscana.it\/it\/le-voci-nella-notte-della-concordia-le-storie-dentro-e-fuori-la-nave\/","name":"Le voci nella notte della Concordia: le storie dentro e fuori la nave - intoscana","isPartOf":{"@id":"https:\/\/www.intoscana.it\/it\/#website"},"primaryImageOfPage":{"@id":"https:\/\/www.intoscana.it\/it\/le-voci-nella-notte-della-concordia-le-storie-dentro-e-fuori-la-nave\/#primaryimage"},"image":{"@id":"https:\/\/www.intoscana.it\/it\/le-voci-nella-notte-della-concordia-le-storie-dentro-e-fuori-la-nave\/#primaryimage"},"thumbnailUrl":"https:\/\/www.intoscana.it\/wp-content\/uploads\/WhatsApp-Image-2022-01-12-at-12.20.06-e1642007723908.jpeg","datePublished":"2022-01-13T08:11:37+00:00","author":{"@id":"https:\/\/www.intoscana.it\/it\/#\/schema\/person\/137419af9ef5d385bde52864a841e6ce"},"description":"Tre storie per ricostruire quella notte: Nicla la passeggera, Alessandro il pianista e Giovanni il soccorritore del Giglio. Come \u00e8 cambiata la loro vita\u00a0","breadcrumb":{"@id":"https:\/\/www.intoscana.it\/it\/le-voci-nella-notte-della-concordia-le-storie-dentro-e-fuori-la-nave\/#breadcrumb"},"inLanguage":"it-IT","potentialAction":[{"@type":"ReadAction","target":["https:\/\/www.intoscana.it\/it\/le-voci-nella-notte-della-concordia-le-storie-dentro-e-fuori-la-nave\/"]}]},{"@type":"ImageObject","inLanguage":"it-IT","@id":"https:\/\/www.intoscana.it\/it\/le-voci-nella-notte-della-concordia-le-storie-dentro-e-fuori-la-nave\/#primaryimage","url":"https:\/\/www.intoscana.it\/wp-content\/uploads\/WhatsApp-Image-2022-01-12-at-12.20.06-e1642007723908.jpeg","contentUrl":"https:\/\/www.intoscana.it\/wp-content\/uploads\/WhatsApp-Image-2022-01-12-at-12.20.06-e1642007723908.jpeg","width":768,"height":445},{"@type":"BreadcrumbList","@id":"https:\/\/www.intoscana.it\/it\/le-voci-nella-notte-della-concordia-le-storie-dentro-e-fuori-la-nave\/#breadcrumb","itemListElement":[{"@type":"ListItem","position":1,"name":"Home","item":"https:\/\/www.intoscana.it\/it\/"},{"@type":"ListItem","position":2,"name":"Le voci nella notte della Concordia: le storie dentro e fuori la nave"}]},{"@type":"WebSite","@id":"https:\/\/www.intoscana.it\/it\/#website","url":"https:\/\/www.intoscana.it\/it\/","name":"intoscana","description":"","potentialAction":[{"@type":"SearchAction","target":{"@type":"EntryPoint","urlTemplate":"https:\/\/www.intoscana.it\/it\/?s={search_term_string}"},"query-input":{"@type":"PropertyValueSpecification","valueRequired":true,"valueName":"search_term_string"}}],"inLanguage":"it-IT"},{"@type":"Person","@id":"https:\/\/www.intoscana.it\/it\/#\/schema\/person\/137419af9ef5d385bde52864a841e6ce","name":"Clara D'Acunto","url":"https:\/\/www.intoscana.it\/it\/author\/clara-d_acunto\/"}]}},"_links":{"self":[{"href":"https:\/\/www.intoscana.it\/it\/wp-json\/wp\/v2\/posts\/206848","targetHints":{"allow":["GET"]}}],"collection":[{"href":"https:\/\/www.intoscana.it\/it\/wp-json\/wp\/v2\/posts"}],"about":[{"href":"https:\/\/www.intoscana.it\/it\/wp-json\/wp\/v2\/types\/post"}],"author":[{"embeddable":true,"href":"https:\/\/www.intoscana.it\/it\/wp-json\/wp\/v2\/users\/545"}],"replies":[{"embeddable":true,"href":"https:\/\/www.intoscana.it\/it\/wp-json\/wp\/v2\/comments?post=206848"}],"version-history":[{"count":0,"href":"https:\/\/www.intoscana.it\/it\/wp-json\/wp\/v2\/posts\/206848\/revisions"}],"wp:featuredmedia":[{"embeddable":true,"href":"https:\/\/www.intoscana.it\/it\/wp-json\/wp\/v2\/media\/206868"}],"wp:attachment":[{"href":"https:\/\/www.intoscana.it\/it\/wp-json\/wp\/v2\/media?parent=206848"}],"wp:term":[{"taxonomy":"category","embeddable":true,"href":"https:\/\/www.intoscana.it\/it\/wp-json\/wp\/v2\/categories?post=206848"},{"taxonomy":"post_tag","embeddable":true,"href":"https:\/\/www.intoscana.it\/it\/wp-json\/wp\/v2\/tags?post=206848"}],"curies":[{"name":"wp","href":"https:\/\/api.w.org\/{rel}","templated":true}]}}