{"id":207416,"date":"2022-01-17T09:31:59","date_gmt":"2022-01-17T08:31:59","guid":{"rendered":"https:\/\/www.intoscana.it\/it\/?p=207416"},"modified":"2022-01-17T17:48:26","modified_gmt":"2022-01-17T16:48:26","slug":"a-firenze-25-nuove-pietre-dinciampo-per-ricordare-le-vittime-del-nazifascismo","status":"publish","type":"post","link":"https:\/\/www.intoscana.it\/it\/a-firenze-25-nuove-pietre-dinciampo-per-ricordare-le-vittime-del-nazifascismo\/","title":{"rendered":"A Firenze 25 nuove pietre d&#8217;inciampo per ricordare le vittime del nazifascismo"},"content":{"rendered":"<p><strong>Marted\u00ec 18 e gioved\u00ec 20 gennaio<\/strong> a Firenze arrivano <strong>25 nuove\u00a0\u201cPietre d\u2019inciampo\u201d<\/strong> le piccole t<strong>arghe in ottone inventate dall&#8217;artista tedesco Gunter Demnig<\/strong> per ricordare le vittime della deportazione nazista e fascista, saranno posizionate davanti ai luoghi in cui vissero.<\/p>\n<p>Si tratta di una nuova tappa del progetto, voluto dalla <strong>Comunit\u00e0 Ebraica di Firenze<\/strong> e dal Comune, ha preso il via dopo l\u2019approvazione dell\u2019apposita delibera nel 2019.<\/p>\n<p>A Firenze <strong>le prime undici apposizioni sono state effettuate il 9 gennaio 2020<\/strong> cui si sono aggiunge <strong>le 13 collocate il 23 gennaio dello stesso anno<\/strong> e le 24 del maggio 2021.<\/p>\n<h3>Il calendario delle inaugurazioni<\/h3>\n<p><strong>Marted\u00ec 18 gennaio<\/strong> sono in programma le prime cerimonie, svolte nel rispetto delle normative sanitarie legate alla pandemia, e a cui parteciperanno rappresentanti dell&#8217;Amministrazione comunale tra cui l&#8217;assessore alla Cultura della Memoria e Toponomastica Alessandro Martini e della Comunit\u00e0 Ebraica di Firenze.<\/p>\n<p>Si inizia alle 9.30 in via delle Oche 11 con una posa in ricordo di <strong>Diodato Gastone Sadun<\/strong>, secondo appuntamento alle 10.30 in via degli Speziali 3 (la pietra sar\u00e0 dedicata a <strong>Angela Todesco Benedetto<\/strong>).<\/p>\n<p>Si prosegue alle 11.30 in piazza Santo Spirito 9 (per commemorare <strong>Rudolf Levy)<\/strong> e alle 12.30 in via Mannelli 25 (<strong>Archimede Piani<\/strong>).<\/p>\n<p>Alle 14 sar\u00e0 la volta della pietra in via Capo di Mondo 50 (in ricordo di <strong>Oliviero Della Torre, Anna Lina Fiano, Massimo Della Torre, Manlio Della Torre<\/strong>) e alle 15 \u00e8 in programma la cerimonia in via Manin 3 (<strong>Annetta Disegni Vogelmann e Sissel Vogelmann<\/strong>).<\/p>\n<p>Ultimi due appuntamenti della giornata alle 16 in via Masaccio 76 (in ricordo di <strong>Gina Cave Bond\u00ec, Elena Segr\u00e9, Giulio Segr\u00e9, Lidia Segr\u00e9<\/strong>) e alle 17 in via Dupr\u00e8 51 (<strong>Leone Camerino<\/strong>).<\/p>\n<p><strong>Gioved\u00ec 20 gennaio<\/strong> sono in programma sei cerimonie in altrettanti luoghi della citt\u00e0. Si inizia alle 9.30 in via Giampaolo Orsini 51 con la pietra dedicata a<strong> Bruno Baldini<\/strong>; alle 10.30 sar\u00e0 la volta della pietra di Corso Italia 19 (in memoria di <strong>Gastone Volterra<\/strong>); alle 11.30 appuntamento in via Fratelli Rosselli 78 (saranno ricordati <strong>Alberto Guetta e Pierluigi Guetta<\/strong>) e alle 12.30 in via Alamanni 9 (<strong>Piero Viterbo<\/strong>).<\/p>\n<p>Alle 14 saranno sistemate le pietre in piazza Vieusseux (dedicate a <strong>Enrico Castelli e Olga Renata Castelli<\/strong>) e alle 15 ultima cerimonia in via Trieste 20 (<strong>Elena Cal\u00f2 e Ernesto Cal\u00f2<\/strong>).<\/p>\n","protected":false},"excerpt":{"rendered":"<p>Doppio appuntamento marted\u00ec 18 e gioved\u00ec 20 gennaio con le cerimonie in ricordo delle vittime delle deportazioni naziste<\/p>\n","protected":false},"author":525,"featured_media":102219,"comment_status":"open","ping_status":"open","sticky":false,"template":"","format":"standard","meta":{"_acf_changed":false,"footnotes":""},"categories":[494],"tags":[1650],"class_list":["post-207416","post","type-post","status-publish","format-standard","has-post-thumbnail","hentry","category-attualita","tag-giorno-della-memoria"],"acf":[],"yoast_head":"<!-- This site is optimized with the Yoast SEO Premium plugin v24.2 (Yoast SEO v25.6) - https:\/\/yoast.com\/wordpress\/plugins\/seo\/ -->\n<title>A Firenze 25 nuove pietre d&#039;inciampo per ricordare le vittime del nazifascismo - intoscana<\/title>\n<meta name=\"description\" content=\"Doppio appuntamento marted\u00ec 18 e gioved\u00ec 20 gennaio con le cerimonie in ricordo delle vittime delle deportazioni naziste\" \/>\n<meta name=\"robots\" content=\"index, follow, max-snippet:-1, max-image-preview:large, max-video-preview:-1\" \/>\n<link rel=\"canonical\" href=\"https:\/\/www.intoscana.it\/it\/a-firenze-25-nuove-pietre-dinciampo-per-ricordare-le-vittime-del-nazifascismo\/\" \/>\n<meta property=\"og:locale\" content=\"it_IT\" \/>\n<meta property=\"og:type\" content=\"article\" \/>\n<meta property=\"og:title\" content=\"A Firenze 25 nuove pietre d&#039;inciampo per ricordare le vittime del nazifascismo\" \/>\n<meta property=\"og:description\" content=\"Doppio appuntamento marted\u00ec 18 e gioved\u00ec 20 gennaio con le cerimonie in ricordo delle vittime delle deportazioni naziste\" \/>\n<meta property=\"og:url\" content=\"https:\/\/www.intoscana.it\/it\/a-firenze-25-nuove-pietre-dinciampo-per-ricordare-le-vittime-del-nazifascismo\/\" \/>\n<meta property=\"og:site_name\" content=\"intoscana\" \/>\n<meta property=\"article:publisher\" content=\"https:\/\/www.facebook.com\/intoscana.it\" \/>\n<meta property=\"article:published_time\" content=\"2022-01-17T08:31:59+00:00\" \/>\n<meta property=\"article:modified_time\" content=\"2022-01-17T16:48:26+00:00\" \/>\n<meta property=\"og:image\" content=\"https:\/\/www.intoscana.it\/wp-content\/uploads\/editoriale-pietra-dinciampo.jpg\" \/>\n\t<meta property=\"og:image:width\" content=\"1280\" \/>\n\t<meta property=\"og:image:height\" content=\"901\" \/>\n\t<meta property=\"og:image:type\" content=\"image\/jpeg\" \/>\n<meta name=\"author\" content=\"Redazione\" \/>\n<meta name=\"twitter:card\" content=\"summary_large_image\" \/>\n<meta name=\"twitter:creator\" content=\"@intoscana\" \/>\n<meta name=\"twitter:site\" content=\"@intoscana\" \/>\n<meta name=\"twitter:label1\" content=\"Written by\" \/>\n\t<meta name=\"twitter:data1\" content=\"Redazione\" \/>\n\t<meta name=\"twitter:label2\" content=\"Est. reading time\" \/>\n\t<meta name=\"twitter:data2\" content=\"2 minuti\" \/>\n<script type=\"application\/ld+json\" class=\"yoast-schema-graph\">{\"@context\":\"https:\/\/schema.org\",\"@graph\":[{\"@type\":\"WebPage\",\"@id\":\"https:\/\/www.intoscana.it\/it\/a-firenze-25-nuove-pietre-dinciampo-per-ricordare-le-vittime-del-nazifascismo\/\",\"url\":\"https:\/\/www.intoscana.it\/it\/a-firenze-25-nuove-pietre-dinciampo-per-ricordare-le-vittime-del-nazifascismo\/\",\"name\":\"A Firenze 25 nuove pietre d'inciampo per ricordare le vittime del nazifascismo - intoscana\",\"isPartOf\":{\"@id\":\"https:\/\/www.intoscana.it\/it\/#website\"},\"primaryImageOfPage\":{\"@id\":\"https:\/\/www.intoscana.it\/it\/a-firenze-25-nuove-pietre-dinciampo-per-ricordare-le-vittime-del-nazifascismo\/#primaryimage\"},\"image\":{\"@id\":\"https:\/\/www.intoscana.it\/it\/a-firenze-25-nuove-pietre-dinciampo-per-ricordare-le-vittime-del-nazifascismo\/#primaryimage\"},\"thumbnailUrl\":\"https:\/\/www.intoscana.it\/wp-content\/uploads\/editoriale-pietra-dinciampo.jpg\",\"datePublished\":\"2022-01-17T08:31:59+00:00\",\"dateModified\":\"2022-01-17T16:48:26+00:00\",\"author\":{\"@id\":\"https:\/\/www.intoscana.it\/it\/#\/schema\/person\/9223810753230f20bd670fdd322661f8\"},\"description\":\"Doppio appuntamento marted\u00ec 18 e gioved\u00ec 20 gennaio con le cerimonie in ricordo delle vittime delle deportazioni naziste\",\"breadcrumb\":{\"@id\":\"https:\/\/www.intoscana.it\/it\/a-firenze-25-nuove-pietre-dinciampo-per-ricordare-le-vittime-del-nazifascismo\/#breadcrumb\"},\"inLanguage\":\"it-IT\",\"potentialAction\":[{\"@type\":\"ReadAction\",\"target\":[\"https:\/\/www.intoscana.it\/it\/a-firenze-25-nuove-pietre-dinciampo-per-ricordare-le-vittime-del-nazifascismo\/\"]}]},{\"@type\":\"ImageObject\",\"inLanguage\":\"it-IT\",\"@id\":\"https:\/\/www.intoscana.it\/it\/a-firenze-25-nuove-pietre-dinciampo-per-ricordare-le-vittime-del-nazifascismo\/#primaryimage\",\"url\":\"https:\/\/www.intoscana.it\/wp-content\/uploads\/editoriale-pietra-dinciampo.jpg\",\"contentUrl\":\"https:\/\/www.intoscana.it\/wp-content\/uploads\/editoriale-pietra-dinciampo.jpg\",\"width\":1280,\"height\":901,\"caption\":\"A Firenze arrivano le 'pietre d'inciampo' davanti alle case dei deportati\"},{\"@type\":\"BreadcrumbList\",\"@id\":\"https:\/\/www.intoscana.it\/it\/a-firenze-25-nuove-pietre-dinciampo-per-ricordare-le-vittime-del-nazifascismo\/#breadcrumb\",\"itemListElement\":[{\"@type\":\"ListItem\",\"position\":1,\"name\":\"Home\",\"item\":\"https:\/\/www.intoscana.it\/it\/\"},{\"@type\":\"ListItem\",\"position\":2,\"name\":\"A Firenze 25 nuove pietre d&#8217;inciampo per ricordare le vittime del nazifascismo\"}]},{\"@type\":\"WebSite\",\"@id\":\"https:\/\/www.intoscana.it\/it\/#website\",\"url\":\"https:\/\/www.intoscana.it\/it\/\",\"name\":\"intoscana\",\"description\":\"\",\"potentialAction\":[{\"@type\":\"SearchAction\",\"target\":{\"@type\":\"EntryPoint\",\"urlTemplate\":\"https:\/\/www.intoscana.it\/it\/?s={search_term_string}\"},\"query-input\":{\"@type\":\"PropertyValueSpecification\",\"valueRequired\":true,\"valueName\":\"search_term_string\"}}],\"inLanguage\":\"it-IT\"},{\"@type\":\"Person\",\"@id\":\"https:\/\/www.intoscana.it\/it\/#\/schema\/person\/9223810753230f20bd670fdd322661f8\",\"name\":\"Redazione\",\"url\":\"https:\/\/www.intoscana.it\/it\/author\/redazione\/\"}]}<\/script>\n<!-- \/ Yoast SEO Premium plugin. -->","yoast_head_json":{"title":"A Firenze 25 nuove pietre d'inciampo per ricordare le vittime del nazifascismo - intoscana","description":"Doppio appuntamento marted\u00ec 18 e gioved\u00ec 20 gennaio con le cerimonie in ricordo delle vittime delle deportazioni naziste","robots":{"index":"index","follow":"follow","max-snippet":"max-snippet:-1","max-image-preview":"max-image-preview:large","max-video-preview":"max-video-preview:-1"},"canonical":"https:\/\/www.intoscana.it\/it\/a-firenze-25-nuove-pietre-dinciampo-per-ricordare-le-vittime-del-nazifascismo\/","og_locale":"it_IT","og_type":"article","og_title":"A Firenze 25 nuove pietre d'inciampo per ricordare le vittime del nazifascismo","og_description":"Doppio appuntamento marted\u00ec 18 e gioved\u00ec 20 gennaio con le cerimonie in ricordo delle vittime delle deportazioni naziste","og_url":"https:\/\/www.intoscana.it\/it\/a-firenze-25-nuove-pietre-dinciampo-per-ricordare-le-vittime-del-nazifascismo\/","og_site_name":"intoscana","article_publisher":"https:\/\/www.facebook.com\/intoscana.it","article_published_time":"2022-01-17T08:31:59+00:00","article_modified_time":"2022-01-17T16:48:26+00:00","og_image":[{"width":1280,"height":901,"url":"https:\/\/www.intoscana.it\/wp-content\/uploads\/editoriale-pietra-dinciampo.jpg","type":"image\/jpeg"}],"author":"Redazione","twitter_card":"summary_large_image","twitter_creator":"@intoscana","twitter_site":"@intoscana","twitter_misc":{"Written by":"Redazione","Est. reading time":"2 minuti"},"schema":{"@context":"https:\/\/schema.org","@graph":[{"@type":"WebPage","@id":"https:\/\/www.intoscana.it\/it\/a-firenze-25-nuove-pietre-dinciampo-per-ricordare-le-vittime-del-nazifascismo\/","url":"https:\/\/www.intoscana.it\/it\/a-firenze-25-nuove-pietre-dinciampo-per-ricordare-le-vittime-del-nazifascismo\/","name":"A Firenze 25 nuove pietre d'inciampo per ricordare le vittime del nazifascismo - intoscana","isPartOf":{"@id":"https:\/\/www.intoscana.it\/it\/#website"},"primaryImageOfPage":{"@id":"https:\/\/www.intoscana.it\/it\/a-firenze-25-nuove-pietre-dinciampo-per-ricordare-le-vittime-del-nazifascismo\/#primaryimage"},"image":{"@id":"https:\/\/www.intoscana.it\/it\/a-firenze-25-nuove-pietre-dinciampo-per-ricordare-le-vittime-del-nazifascismo\/#primaryimage"},"thumbnailUrl":"https:\/\/www.intoscana.it\/wp-content\/uploads\/editoriale-pietra-dinciampo.jpg","datePublished":"2022-01-17T08:31:59+00:00","dateModified":"2022-01-17T16:48:26+00:00","author":{"@id":"https:\/\/www.intoscana.it\/it\/#\/schema\/person\/9223810753230f20bd670fdd322661f8"},"description":"Doppio appuntamento marted\u00ec 18 e gioved\u00ec 20 gennaio con le cerimonie in ricordo delle vittime delle deportazioni naziste","breadcrumb":{"@id":"https:\/\/www.intoscana.it\/it\/a-firenze-25-nuove-pietre-dinciampo-per-ricordare-le-vittime-del-nazifascismo\/#breadcrumb"},"inLanguage":"it-IT","potentialAction":[{"@type":"ReadAction","target":["https:\/\/www.intoscana.it\/it\/a-firenze-25-nuove-pietre-dinciampo-per-ricordare-le-vittime-del-nazifascismo\/"]}]},{"@type":"ImageObject","inLanguage":"it-IT","@id":"https:\/\/www.intoscana.it\/it\/a-firenze-25-nuove-pietre-dinciampo-per-ricordare-le-vittime-del-nazifascismo\/#primaryimage","url":"https:\/\/www.intoscana.it\/wp-content\/uploads\/editoriale-pietra-dinciampo.jpg","contentUrl":"https:\/\/www.intoscana.it\/wp-content\/uploads\/editoriale-pietra-dinciampo.jpg","width":1280,"height":901,"caption":"A Firenze arrivano le 'pietre d'inciampo' davanti alle case dei deportati"},{"@type":"BreadcrumbList","@id":"https:\/\/www.intoscana.it\/it\/a-firenze-25-nuove-pietre-dinciampo-per-ricordare-le-vittime-del-nazifascismo\/#breadcrumb","itemListElement":[{"@type":"ListItem","position":1,"name":"Home","item":"https:\/\/www.intoscana.it\/it\/"},{"@type":"ListItem","position":2,"name":"A Firenze 25 nuove pietre d&#8217;inciampo per ricordare le vittime del nazifascismo"}]},{"@type":"WebSite","@id":"https:\/\/www.intoscana.it\/it\/#website","url":"https:\/\/www.intoscana.it\/it\/","name":"intoscana","description":"","potentialAction":[{"@type":"SearchAction","target":{"@type":"EntryPoint","urlTemplate":"https:\/\/www.intoscana.it\/it\/?s={search_term_string}"},"query-input":{"@type":"PropertyValueSpecification","valueRequired":true,"valueName":"search_term_string"}}],"inLanguage":"it-IT"},{"@type":"Person","@id":"https:\/\/www.intoscana.it\/it\/#\/schema\/person\/9223810753230f20bd670fdd322661f8","name":"Redazione","url":"https:\/\/www.intoscana.it\/it\/author\/redazione\/"}]}},"_links":{"self":[{"href":"https:\/\/www.intoscana.it\/it\/wp-json\/wp\/v2\/posts\/207416","targetHints":{"allow":["GET"]}}],"collection":[{"href":"https:\/\/www.intoscana.it\/it\/wp-json\/wp\/v2\/posts"}],"about":[{"href":"https:\/\/www.intoscana.it\/it\/wp-json\/wp\/v2\/types\/post"}],"author":[{"embeddable":true,"href":"https:\/\/www.intoscana.it\/it\/wp-json\/wp\/v2\/users\/525"}],"replies":[{"embeddable":true,"href":"https:\/\/www.intoscana.it\/it\/wp-json\/wp\/v2\/comments?post=207416"}],"version-history":[{"count":0,"href":"https:\/\/www.intoscana.it\/it\/wp-json\/wp\/v2\/posts\/207416\/revisions"}],"wp:featuredmedia":[{"embeddable":true,"href":"https:\/\/www.intoscana.it\/it\/wp-json\/wp\/v2\/media\/102219"}],"wp:attachment":[{"href":"https:\/\/www.intoscana.it\/it\/wp-json\/wp\/v2\/media?parent=207416"}],"wp:term":[{"taxonomy":"category","embeddable":true,"href":"https:\/\/www.intoscana.it\/it\/wp-json\/wp\/v2\/categories?post=207416"},{"taxonomy":"post_tag","embeddable":true,"href":"https:\/\/www.intoscana.it\/it\/wp-json\/wp\/v2\/tags?post=207416"}],"curies":[{"name":"wp","href":"https:\/\/api.w.org\/{rel}","templated":true}]}}