{"id":207467,"date":"2022-01-18T15:08:15","date_gmt":"2022-01-18T14:08:15","guid":{"rendered":"https:\/\/www.intoscana.it\/it\/?p=207467"},"modified":"2022-01-18T15:08:15","modified_gmt":"2022-01-18T14:08:15","slug":"informatica-a-pisa-si-e-fatta-la-storia-dai-pionieri-impariamo-a-conoscere-le-luci-e-le-ombre-del-web","status":"publish","type":"post","link":"https:\/\/www.intoscana.it\/it\/informatica-a-pisa-si-e-fatta-la-storia-dai-pionieri-impariamo-a-conoscere-le-luci-e-le-ombre-del-web\/","title":{"rendered":"Informatica, a Pisa si \u00e8 fatta la storia: &#8220;Dai pionieri impariamo a conoscere le luci e le ombre del web&#8221;"},"content":{"rendered":"<p>Un tempo, intorno agli anni \u201980, era facile etichettarli malevolmente come nerd: personaggi enigmatici, introversi\u00a0 che custodivano e decifravano i segreti del web. Oggi, 40 anni dopo, tutto \u00e8 cambiato: l\u2019informatica \u00e8 patrimonio comune, &#8220;pop&#8221; e i ricercatori sono donne e uomini che programmano ad ogni livello della scienza. <mark>Prima ancora, a Pisa, negli anni &#8217;50 c&#8217;erano pionieri, i visionari, coloro che hanno seguito un&#8217;intuizione e creato letteralmente il primo computer, grande come una stanza, \u00a0legando quei nodi della rete che oggi ci fanno viaggiare veloci sul web.<\/mark><\/p>\n<p>Tutto questo \u00e8 gi\u00e0 storia e l\u2019<strong>Universit\u00e0 di Pisa<\/strong>, insieme al <strong><a href=\"https:\/\/www.msc.sma.unipi.it\/mostra-hello-world\/\" target=\"_blank\" rel=\"noopener\">Museo degli strumenti del calcolo<\/a><\/strong>, se ne \u00e8 fatto custode, ma soprattutto ha raccolta una missione sociale ben precisa: divulgare. Come lo sta facendo? Utilizzando gli strumenti del web ovviamente, come i <strong>podcast<\/strong>. Per ora sono sei disponibili sulle principali piattaforme &#8211; <a href=\"https:\/\/open.spotify.com\/show\/4wx341mqTaZHCh0aTcSkFw\" target=\"_blank\" rel=\"noopener\">Spotify<\/a>, <a href=\"https:\/\/podcasts.google.com\/feed\/aHR0cHM6Ly9hbmNob3IuZm0vcy8zNGFjNjE5MC9wb2RjYXN0L3Jzcw\" target=\"_blank\" rel=\"noopener\">Google<\/a> e <a href=\"https:\/\/podcasts.apple.com\/co\/podcast\/internet-festival\/id1560117138\" target=\"_blank\" rel=\"noopener\">Apple<\/a> &#8211; , realizzati con <a href=\"https:\/\/www.internetfestival.it\/\" target=\"_blank\" rel=\"noopener\"><strong>Internet Festival<\/strong><\/a>, nel quale si racconta come \u00e8 stata creata la Calcolatrice Elettronica Pisana, inaugurata nel 1961,\u00a0 dell\u2019Elea 9003 e della installazione del Ferranti Mark 1 all\u2019INAC di Roma. A parlare sono alcuni di quei pionieri dell\u2019informatica: Giuseppe Cecchini, Elio Fabri, Franco Filippazzi, Elisa Montessori, Luigi Pistelli e Roberto Vacca.<\/p>\n<p>L&#8217;ideatore di questa operazione \u00e8 il direttore del museo e professore di Informatica all&#8217;Universit\u00e0 di Pisa, <strong>Fabio Gadducci<\/strong>, che ha costruito questo progetto insieme al regista Lorenzo Garzella e con Maurizio Gazzarri ed Elisabetta Mori, esperti di storia dell\u2019informatica.<\/p>\n<figure id=\"post-207797 media-207797\" class=\"align-none\"><img decoding=\"async\" src=\"https:\/\/www.intoscana.it\/wp-content\/uploads\/fabio-gadducci-e1642514141831.jpg\" alt=\"\" \/><\/figure>\n<div class=\"titleimg\" style=\"text-align: center;\"><em>Fabio Gadducci<\/em><\/div>\n<p><strong>Professor Gadducci, molti ragazzi non conoscono come, e da dove, tutto \u00e8 partito<\/strong><\/p>\n<p>Diciamo che ben pochi lo sanno in generale, non solo ragazzi. <mark>Il punto principale \u00e8 che l\u2019informatica ha una storia fragilissima: oggi leggiamo e comprendiamo benissimo Fibonacci, ma capire il software di trent&#8217;anni fa \u00e8 difficilissimo.<\/mark> Lo vediamo anche quando aggiorniamo il nostro telefono che il livello di obsolescenza \u00e8 altissimo. E noi come museo rispondiamo a una esigenza di conservazione, comunicando una storia orale di come negli anni &#8217;50-&#8217;60 i tecnici hanno importato e trovato una soluzione. Abbiamo quindi raccolto una serie di interviste, rese fruibili attraverso podcast. L&#8217;idea, in futuro, \u00e8 quella di creare un documentario con tutto il materiale raccolto, che \u00e8 tanto.<\/p>\n<p><span class=\"citazione\">Quella dei pionieri \u00e8 una storia motivazionale importante, che deve ispirare<\/span><\/p>\n<p><strong>Perch\u00e9 \u00e8 importante conoscere questa storia che, se pur fragile, \u00e8 molto intensa.<\/strong><\/p>\n<p>Per capire fino in fondo la sfida epocale che \u00e8 stata affrontata. I pionieri hanno avuto una visione di cosa \u00e8 l\u2019informatica in un periodo relativamente lontano, a cavallo tra gli anni 50 e 60,\u00a0 importando tutto dall\u2019estero e creando dal nulla una nuova meccanica. E&#8217; una storia motivazionele importante, che deve ispirare. Si tratta, certo, di un&#8217;era geologica fa se si considera la velocit\u00e0 con cui cambia questo settore, ma \u00e8 una sfida riuscita e lancia luci e ombre sui nostri comportamenti attuali.<\/p>\n<p><strong>Partiamo dalla luce che porta il web<\/strong><\/p>\n<p>Pensiamo solo alla brutale potenza di calcolo che hanno queste macchine, alla mole di testi e informazioni a disposizione. Tutto \u00e8 online, ogni ricerca \u00e8 archiviata sul web, tutto \u00e8 a portata di dita. Una ricchezza mai avuta in secoli di storia.<\/p>\n<p><strong>E le ombre?<\/strong><\/p>\n<p>Dobbiamo essere utuenti consapevoli per non essere preda di fake news, di analisi e statistiche fallate. Basti pensare cosa si sta verificando ora con la <strong>propaganda no-vax<\/strong>. La nostra storia culturale, grazie alla rete, \u00e8 fruibile per tutti, ma al tempo stesso, come contraltare, pu\u00f2 essere manipolata.<\/p>\n<p><span class=\"citazione\">Essere sempre scettici, farsi domande e verificare<\/span><\/p>\n<p><strong>E come ci difendiamo<\/strong><\/p>\n<p>Essere scettici, farsi sempre domande e verificare. Come in nostri pionieri, che hanno &#8211; possiamo anche dirlo &#8211; copiato dall&#8217;estero e hanno avuto l&#8217;intuizione. Hanno verificato, analizzato i punti forti e quelli deboli e si sono migliorati. Vi assicuro che trovatre il report Ibm negli anni &#8217;50 era molto difficle rispetto alle disponibilit\u00e0 che abbiamo adesso&#8230;<\/p>\n<p><strong>Ma la mole di informazioni \u00e8 enorme, ingestibile a volte, ed \u00e8 difficile orientarsi. Come fare?<\/strong><\/p>\n<p><mark>L&#8217;importante \u00e8 evitare le bolle, le cosiddette<strong> echo chamber<\/strong>. Uscire dal solito giro di siti web: per conoscere bisogna andare in mare aperto.<\/mark> Un ruolo lo hanno anche le donne e gli uomini di scienza che si sono un po&#8217; tirati fuori dal loro isolamento. Credo che in questi anni la percezione che ha il mondo accademico sia diversa. Lo abbiamo visto anche in pandemia: tralasciando i virologi da tv, abbiamo visto scienziati parlare di modelli statistici dell&#8217;epidemia.<\/p>\n<p><strong>Un segnale anche di come sia cambiata la percezione dell&#8217;informatica.<\/strong><\/p>\n<p>Si \u00e8 capito finalmente che l\u2019informatica \u00e8 imprescindibile. Oggi non possiamo immaginarci senza ed \u00e8 per questo fondamentale investire in infrastrutture, ma soprattutto aumentare il numero di persone consapevoli e competenti. Il mondo \u00e8 cambiato, non torneremo pi\u00f9 in presenza come prima, anche lo smart working rester\u00e0&#8230;Sono i lati di luce e di ombra dell&#8217;informatica. Negli anni &#8217;80, quando \u00e8 nata la figura del nerd, l&#8217;informatica era incomprensibile. Adesso \u00e8 ovunque, \u00e8 tutt&#8217;altro che aliena.<\/p>\n<p><strong>La sfida dunque \u00e8 l&#8217;educazione all&#8217;uso consapevole del web, per giovani e meno giovani.<\/strong><\/p>\n<p>Uno degli obiettivi principali del museo \u00e8 attirarli verso questo settore. Quando guardano il calcolatore degli anni &#8217;50 vedono che ha la stessa struttura del telefonino che hanno in tasca: cpu, memoria&#8230; Dobbiamo fascinare i giovani che, rispetto a qualche anno fa, sono molto cambiati. <mark>Non mi piace chiamarli nativi digitali, loro sono molto pi\u00f9 consapevoli dei mezzi che hanno a disposizione e di come questa disciplina sia importante.<\/mark> Basta guardare i corsi all&#8217;Universit\u00e0 di Pisa: sono frequentati da studenti molto diversi tra loro e anche ci\u00f2 che si studia \u00e8 molto trasversale, penso all&#8217;informativca umanistica ad esempio.<\/p>\n<p><span class=\"citazione\">A Pisa continuiamo a sfruttare l&#8217;onda lunga delle connessioni attivate negli anni &#8217;50<\/span><\/p>\n<p><strong>E Pisa resta comunque un punto di riferimento del settore<\/strong><\/p>\n<p>Certo, l&#8217;Universit\u00e0 continua ad avere un ruolo centrale per la storia, per quello che ha rappresentato e per la ricerca. Continuiamo a sfruttare l&#8217;onda lunga delle connessioni attivate negli anni &#8217;50. E continueremo a farlo.<\/p>\n","protected":false},"excerpt":{"rendered":"<p>Intervista al professor Fabio Gadducci, direttore del Museo degli strumenti del calcolo e ideatore dei podcast di divulgazione sui protagonisti degli anni &#8217;50. &#8220;Oggi tutto \u00e8 a portata di dita, anche le fake news, difendiamoci facendoci sempre domande&#8221;<\/p>\n","protected":false},"author":545,"featured_media":207728,"comment_status":"open","ping_status":"open","sticky":false,"template":"","format":"standard","meta":{"_acf_changed":false,"footnotes":""},"categories":[475],"tags":[176,368,140],"class_list":["post-207467","post","type-post","status-publish","format-standard","has-post-thumbnail","hentry","category-innovazione","tag-internet-festival","tag-universita-di-pisa","tag-web"],"acf":[],"yoast_head":"<!-- This site is optimized with the Yoast SEO Premium plugin v24.2 (Yoast SEO v25.6) - https:\/\/yoast.com\/wordpress\/plugins\/seo\/ -->\n<title>Informatica, a Pisa si \u00e8 fatta la storia: &quot;Dai pionieri impariamo a conoscere le luci e le ombre del web&quot; - intoscana<\/title>\n<meta name=\"description\" content=\"Intervista al professor Fabio Gadducci, direttore del Museo degli strumenti del calcolo e ideatore dei podcast di divulgazione sui protagonisti degli anni &#039;50-&#039;60. &quot;Tutto \u00e8 a portata di dita, anche le fake news, difendiamoci facendoci sempre domande&quot;\" \/>\n<meta name=\"robots\" content=\"index, follow, max-snippet:-1, max-image-preview:large, max-video-preview:-1\" \/>\n<link rel=\"canonical\" href=\"https:\/\/www.intoscana.it\/it\/informatica-a-pisa-si-e-fatta-la-storia-dai-pionieri-impariamo-a-conoscere-le-luci-e-le-ombre-del-web\/\" \/>\n<meta property=\"og:locale\" content=\"it_IT\" \/>\n<meta property=\"og:type\" content=\"article\" \/>\n<meta property=\"og:title\" content=\"Informatica, a Pisa si \u00e8 fatta la storia: &quot;Dai pionieri impariamo a conoscere le luci e le ombre del web&quot;\" \/>\n<meta property=\"og:description\" content=\"Intervista al professor Fabio Gadducci, direttore del Museo degli strumenti del calcolo e ideatore dei podcast di divulgazione sui protagonisti degli anni &#039;50-&#039;60. &quot;Tutto \u00e8 a portata di dita, anche le fake news, difendiamoci facendoci sempre domande&quot;\" \/>\n<meta property=\"og:url\" content=\"https:\/\/www.intoscana.it\/it\/informatica-a-pisa-si-e-fatta-la-storia-dai-pionieri-impariamo-a-conoscere-le-luci-e-le-ombre-del-web\/\" \/>\n<meta property=\"og:site_name\" content=\"intoscana\" \/>\n<meta property=\"article:publisher\" content=\"https:\/\/www.facebook.com\/intoscana.it\" \/>\n<meta property=\"article:published_time\" content=\"2022-01-18T14:08:15+00:00\" \/>\n<meta property=\"og:image\" content=\"https:\/\/www.intoscana.it\/wp-content\/uploads\/cep04.CEP_-1.jpg\" \/>\n\t<meta property=\"og:image:width\" content=\"600\" \/>\n\t<meta property=\"og:image:height\" content=\"459\" \/>\n\t<meta property=\"og:image:type\" content=\"image\/jpeg\" \/>\n<meta name=\"author\" content=\"Clara D&#039;Acunto\" \/>\n<meta name=\"twitter:card\" content=\"summary_large_image\" \/>\n<meta name=\"twitter:creator\" content=\"@intoscana\" \/>\n<meta name=\"twitter:site\" content=\"@intoscana\" \/>\n<meta name=\"twitter:label1\" content=\"Written by\" \/>\n\t<meta name=\"twitter:data1\" content=\"Clara D&#039;Acunto\" \/>\n\t<meta name=\"twitter:label2\" content=\"Est. reading time\" \/>\n\t<meta name=\"twitter:data2\" content=\"5 minuti\" \/>\n<script type=\"application\/ld+json\" class=\"yoast-schema-graph\">{\"@context\":\"https:\/\/schema.org\",\"@graph\":[{\"@type\":\"WebPage\",\"@id\":\"https:\/\/www.intoscana.it\/it\/informatica-a-pisa-si-e-fatta-la-storia-dai-pionieri-impariamo-a-conoscere-le-luci-e-le-ombre-del-web\/\",\"url\":\"https:\/\/www.intoscana.it\/it\/informatica-a-pisa-si-e-fatta-la-storia-dai-pionieri-impariamo-a-conoscere-le-luci-e-le-ombre-del-web\/\",\"name\":\"Informatica, a Pisa si \u00e8 fatta la storia: \\\"Dai pionieri impariamo a conoscere le luci e le ombre del web\\\" - intoscana\",\"isPartOf\":{\"@id\":\"https:\/\/www.intoscana.it\/it\/#website\"},\"primaryImageOfPage\":{\"@id\":\"https:\/\/www.intoscana.it\/it\/informatica-a-pisa-si-e-fatta-la-storia-dai-pionieri-impariamo-a-conoscere-le-luci-e-le-ombre-del-web\/#primaryimage\"},\"image\":{\"@id\":\"https:\/\/www.intoscana.it\/it\/informatica-a-pisa-si-e-fatta-la-storia-dai-pionieri-impariamo-a-conoscere-le-luci-e-le-ombre-del-web\/#primaryimage\"},\"thumbnailUrl\":\"https:\/\/www.intoscana.it\/wp-content\/uploads\/cep04.CEP_-1.jpg\",\"datePublished\":\"2022-01-18T14:08:15+00:00\",\"author\":{\"@id\":\"https:\/\/www.intoscana.it\/it\/#\/schema\/person\/137419af9ef5d385bde52864a841e6ce\"},\"description\":\"Intervista al professor Fabio Gadducci, direttore del Museo degli strumenti del calcolo e ideatore dei podcast di divulgazione sui protagonisti degli anni '50-'60. \\\"Tutto \u00e8 a portata di dita, anche le fake news, difendiamoci facendoci sempre domande\\\"\",\"breadcrumb\":{\"@id\":\"https:\/\/www.intoscana.it\/it\/informatica-a-pisa-si-e-fatta-la-storia-dai-pionieri-impariamo-a-conoscere-le-luci-e-le-ombre-del-web\/#breadcrumb\"},\"inLanguage\":\"it-IT\",\"potentialAction\":[{\"@type\":\"ReadAction\",\"target\":[\"https:\/\/www.intoscana.it\/it\/informatica-a-pisa-si-e-fatta-la-storia-dai-pionieri-impariamo-a-conoscere-le-luci-e-le-ombre-del-web\/\"]}]},{\"@type\":\"ImageObject\",\"inLanguage\":\"it-IT\",\"@id\":\"https:\/\/www.intoscana.it\/it\/informatica-a-pisa-si-e-fatta-la-storia-dai-pionieri-impariamo-a-conoscere-le-luci-e-le-ombre-del-web\/#primaryimage\",\"url\":\"https:\/\/www.intoscana.it\/wp-content\/uploads\/cep04.CEP_-1.jpg\",\"contentUrl\":\"https:\/\/www.intoscana.it\/wp-content\/uploads\/cep04.CEP_-1.jpg\",\"width\":600,\"height\":459},{\"@type\":\"BreadcrumbList\",\"@id\":\"https:\/\/www.intoscana.it\/it\/informatica-a-pisa-si-e-fatta-la-storia-dai-pionieri-impariamo-a-conoscere-le-luci-e-le-ombre-del-web\/#breadcrumb\",\"itemListElement\":[{\"@type\":\"ListItem\",\"position\":1,\"name\":\"Home\",\"item\":\"https:\/\/www.intoscana.it\/it\/\"},{\"@type\":\"ListItem\",\"position\":2,\"name\":\"Informatica, a Pisa si \u00e8 fatta la storia: &#8220;Dai pionieri impariamo a conoscere le luci e le ombre del web&#8221;\"}]},{\"@type\":\"WebSite\",\"@id\":\"https:\/\/www.intoscana.it\/it\/#website\",\"url\":\"https:\/\/www.intoscana.it\/it\/\",\"name\":\"intoscana\",\"description\":\"\",\"potentialAction\":[{\"@type\":\"SearchAction\",\"target\":{\"@type\":\"EntryPoint\",\"urlTemplate\":\"https:\/\/www.intoscana.it\/it\/?s={search_term_string}\"},\"query-input\":{\"@type\":\"PropertyValueSpecification\",\"valueRequired\":true,\"valueName\":\"search_term_string\"}}],\"inLanguage\":\"it-IT\"},{\"@type\":\"Person\",\"@id\":\"https:\/\/www.intoscana.it\/it\/#\/schema\/person\/137419af9ef5d385bde52864a841e6ce\",\"name\":\"Clara D'Acunto\",\"url\":\"https:\/\/www.intoscana.it\/it\/author\/clara-d_acunto\/\"}]}<\/script>\n<!-- \/ Yoast SEO Premium plugin. -->","yoast_head_json":{"title":"Informatica, a Pisa si \u00e8 fatta la storia: \"Dai pionieri impariamo a conoscere le luci e le ombre del web\" - intoscana","description":"Intervista al professor Fabio Gadducci, direttore del Museo degli strumenti del calcolo e ideatore dei podcast di divulgazione sui protagonisti degli anni '50-'60. \"Tutto \u00e8 a portata di dita, anche le fake news, difendiamoci facendoci sempre domande\"","robots":{"index":"index","follow":"follow","max-snippet":"max-snippet:-1","max-image-preview":"max-image-preview:large","max-video-preview":"max-video-preview:-1"},"canonical":"https:\/\/www.intoscana.it\/it\/informatica-a-pisa-si-e-fatta-la-storia-dai-pionieri-impariamo-a-conoscere-le-luci-e-le-ombre-del-web\/","og_locale":"it_IT","og_type":"article","og_title":"Informatica, a Pisa si \u00e8 fatta la storia: \"Dai pionieri impariamo a conoscere le luci e le ombre del web\"","og_description":"Intervista al professor Fabio Gadducci, direttore del Museo degli strumenti del calcolo e ideatore dei podcast di divulgazione sui protagonisti degli anni '50-'60. \"Tutto \u00e8 a portata di dita, anche le fake news, difendiamoci facendoci sempre domande\"","og_url":"https:\/\/www.intoscana.it\/it\/informatica-a-pisa-si-e-fatta-la-storia-dai-pionieri-impariamo-a-conoscere-le-luci-e-le-ombre-del-web\/","og_site_name":"intoscana","article_publisher":"https:\/\/www.facebook.com\/intoscana.it","article_published_time":"2022-01-18T14:08:15+00:00","og_image":[{"width":600,"height":459,"url":"https:\/\/www.intoscana.it\/wp-content\/uploads\/cep04.CEP_-1.jpg","type":"image\/jpeg"}],"author":"Clara D'Acunto","twitter_card":"summary_large_image","twitter_creator":"@intoscana","twitter_site":"@intoscana","twitter_misc":{"Written by":"Clara D'Acunto","Est. reading time":"5 minuti"},"schema":{"@context":"https:\/\/schema.org","@graph":[{"@type":"WebPage","@id":"https:\/\/www.intoscana.it\/it\/informatica-a-pisa-si-e-fatta-la-storia-dai-pionieri-impariamo-a-conoscere-le-luci-e-le-ombre-del-web\/","url":"https:\/\/www.intoscana.it\/it\/informatica-a-pisa-si-e-fatta-la-storia-dai-pionieri-impariamo-a-conoscere-le-luci-e-le-ombre-del-web\/","name":"Informatica, a Pisa si \u00e8 fatta la storia: \"Dai pionieri impariamo a conoscere le luci e le ombre del web\" - intoscana","isPartOf":{"@id":"https:\/\/www.intoscana.it\/it\/#website"},"primaryImageOfPage":{"@id":"https:\/\/www.intoscana.it\/it\/informatica-a-pisa-si-e-fatta-la-storia-dai-pionieri-impariamo-a-conoscere-le-luci-e-le-ombre-del-web\/#primaryimage"},"image":{"@id":"https:\/\/www.intoscana.it\/it\/informatica-a-pisa-si-e-fatta-la-storia-dai-pionieri-impariamo-a-conoscere-le-luci-e-le-ombre-del-web\/#primaryimage"},"thumbnailUrl":"https:\/\/www.intoscana.it\/wp-content\/uploads\/cep04.CEP_-1.jpg","datePublished":"2022-01-18T14:08:15+00:00","author":{"@id":"https:\/\/www.intoscana.it\/it\/#\/schema\/person\/137419af9ef5d385bde52864a841e6ce"},"description":"Intervista al professor Fabio Gadducci, direttore del Museo degli strumenti del calcolo e ideatore dei podcast di divulgazione sui protagonisti degli anni '50-'60. \"Tutto \u00e8 a portata di dita, anche le fake news, difendiamoci facendoci sempre domande\"","breadcrumb":{"@id":"https:\/\/www.intoscana.it\/it\/informatica-a-pisa-si-e-fatta-la-storia-dai-pionieri-impariamo-a-conoscere-le-luci-e-le-ombre-del-web\/#breadcrumb"},"inLanguage":"it-IT","potentialAction":[{"@type":"ReadAction","target":["https:\/\/www.intoscana.it\/it\/informatica-a-pisa-si-e-fatta-la-storia-dai-pionieri-impariamo-a-conoscere-le-luci-e-le-ombre-del-web\/"]}]},{"@type":"ImageObject","inLanguage":"it-IT","@id":"https:\/\/www.intoscana.it\/it\/informatica-a-pisa-si-e-fatta-la-storia-dai-pionieri-impariamo-a-conoscere-le-luci-e-le-ombre-del-web\/#primaryimage","url":"https:\/\/www.intoscana.it\/wp-content\/uploads\/cep04.CEP_-1.jpg","contentUrl":"https:\/\/www.intoscana.it\/wp-content\/uploads\/cep04.CEP_-1.jpg","width":600,"height":459},{"@type":"BreadcrumbList","@id":"https:\/\/www.intoscana.it\/it\/informatica-a-pisa-si-e-fatta-la-storia-dai-pionieri-impariamo-a-conoscere-le-luci-e-le-ombre-del-web\/#breadcrumb","itemListElement":[{"@type":"ListItem","position":1,"name":"Home","item":"https:\/\/www.intoscana.it\/it\/"},{"@type":"ListItem","position":2,"name":"Informatica, a Pisa si \u00e8 fatta la storia: &#8220;Dai pionieri impariamo a conoscere le luci e le ombre del web&#8221;"}]},{"@type":"WebSite","@id":"https:\/\/www.intoscana.it\/it\/#website","url":"https:\/\/www.intoscana.it\/it\/","name":"intoscana","description":"","potentialAction":[{"@type":"SearchAction","target":{"@type":"EntryPoint","urlTemplate":"https:\/\/www.intoscana.it\/it\/?s={search_term_string}"},"query-input":{"@type":"PropertyValueSpecification","valueRequired":true,"valueName":"search_term_string"}}],"inLanguage":"it-IT"},{"@type":"Person","@id":"https:\/\/www.intoscana.it\/it\/#\/schema\/person\/137419af9ef5d385bde52864a841e6ce","name":"Clara D'Acunto","url":"https:\/\/www.intoscana.it\/it\/author\/clara-d_acunto\/"}]}},"_links":{"self":[{"href":"https:\/\/www.intoscana.it\/it\/wp-json\/wp\/v2\/posts\/207467","targetHints":{"allow":["GET"]}}],"collection":[{"href":"https:\/\/www.intoscana.it\/it\/wp-json\/wp\/v2\/posts"}],"about":[{"href":"https:\/\/www.intoscana.it\/it\/wp-json\/wp\/v2\/types\/post"}],"author":[{"embeddable":true,"href":"https:\/\/www.intoscana.it\/it\/wp-json\/wp\/v2\/users\/545"}],"replies":[{"embeddable":true,"href":"https:\/\/www.intoscana.it\/it\/wp-json\/wp\/v2\/comments?post=207467"}],"version-history":[{"count":0,"href":"https:\/\/www.intoscana.it\/it\/wp-json\/wp\/v2\/posts\/207467\/revisions"}],"wp:featuredmedia":[{"embeddable":true,"href":"https:\/\/www.intoscana.it\/it\/wp-json\/wp\/v2\/media\/207728"}],"wp:attachment":[{"href":"https:\/\/www.intoscana.it\/it\/wp-json\/wp\/v2\/media?parent=207467"}],"wp:term":[{"taxonomy":"category","embeddable":true,"href":"https:\/\/www.intoscana.it\/it\/wp-json\/wp\/v2\/categories?post=207467"},{"taxonomy":"post_tag","embeddable":true,"href":"https:\/\/www.intoscana.it\/it\/wp-json\/wp\/v2\/tags?post=207467"}],"curies":[{"name":"wp","href":"https:\/\/api.w.org\/{rel}","templated":true}]}}