{"id":207834,"date":"2022-01-18T17:30:49","date_gmt":"2022-01-18T16:30:49","guid":{"rendered":"https:\/\/www.intoscana.it\/it\/?p=207834"},"modified":"2022-01-18T18:16:36","modified_gmt":"2022-01-18T17:16:36","slug":"scuola-e-quarantena-le-rassicurazioni-del-ministro-bianchi-lavoriamo-per-semplificare","status":"publish","type":"post","link":"https:\/\/www.intoscana.it\/it\/scuola-e-quarantena-le-rassicurazioni-del-ministro-bianchi-lavoriamo-per-semplificare\/","title":{"rendered":"Scuola e quarantena, il ministro Bianchi: &#8220;Obiettivo semplificare&#8221;"},"content":{"rendered":"<p>L&#8217;occasione \u00e8 stata l&#8217;inaugurazione del liceo scientifico Agnoletti di Sesto Fiorentino e il convegno sull&#8217;infanzia organizzato dall&#8217;Istituto degli Innocenti di Firenze. Accanto alle foto di rito e ai saluti istituzionali, l&#8217;argomento al centro della mattinata fiorentina del ministro dell&#8217;Istruzione <strong>Patrizio Bianchi<\/strong> \u00e8 stata soprattutto la <strong>scuola<\/strong> e la gestione della <strong>pandemia<\/strong>. La rassicurazione \u00e8 arrivata: <em>&#8220;Lavoriamo per semplifcare&#8221;, <\/em>rispondendo cos\u00ec alle richieste sempre pi\u00f9 pressanti di un protocollo che veda la Dad come extrema ratio.<\/p>\n<p>Il primo pressing \u00e8 arrivato dal <mark>presidente della <strong>Regione Toscana, Eugenio Giani<\/strong>, che ha sottolineato: <em>&#8220;Serve un meccanismo che isoli i positivi, ma lascia strutturalmente le classi in presenza&#8221;. &#8220;Il virus \u00e8 molto diffuso <\/em>&#8211; ha detto Giani &#8211;<em>\u00a0 ma meno incisivo di come lo conoscevamo e quindi anche a scuola dobbiamo prendere coscienza che se si decide di tornare in presenza si va a scuola in presenza, non possiamo metterci a conteggiare i 2-3-4 ragazzi positivi che determinano la quarantena per tutta la classe&#8221;.<\/mark> &#8220;Dobbiamo lavorare in modo empirico, ci dobbiamo rendere conto che Omicron \u00e8 diverso dal Covid che abbiamo conosciuto originariamente, ha molta diffusione, dai mille contagi a settimana siamo arrivati ai 85mila contagi dell&#8217;ultima settimana, e di conseguenza dobbiamo affrontarla con la consapevolezza che e&#8217; molto difficile arrivare all&#8217;ospedalizzazione o peggio alla terapia intensiva. A oggi abbiamo somministrato 7.755.913 dosi: quasi 45 mila nelle ultime 24 ore. In Toscana per chi non \u00e8 vaccinato il tasso di ingresso in terapia intensiva \u00e8 pi\u00f9 di 10 volte superiore rispetto a quello dei vaccinati\u201d&#8221;<\/em>.<\/p>\n<p>Punto su cui converge anche il ministro. <mark>&#8220;<em>Vediamo che la pandemia sta mutando essenza e sulla base di questo stiamo chiedendo che si vada verso una modalit\u00e0 di gestione che tenga anche conto di tutte le indicazioni che vengono dalle nostre scuole, che \u00e8 quella di semplificare. E stiamo lavorando per semplificare come governo tutti insieme&#8221;.<\/mark> &#8220;Con grande serenit\u00e0 di animo, come sempre, lavoriamo con tutti ma soprattutto per tutti i nostri bambini&#8221;. <\/em>In particolare per quanto riguarda la scuola primaria, Bianchi ha detto che<em> &#8220;stiamo ascoltando tutti i dirigenti, i sindaci e stiamo lavorando proprio per dare questo, per fare in modo che sia progressivamente migliore e sempre piu&#8217; semplice per tutti&#8221;.<\/em><\/p>\n<p>Sulla stessa lunghezza d&#8217;onda anche la proposta arriva dal sindaco di Firenze, <strong>Dario Nardella<\/strong>: <em>&#8220;Estendere alla scuola primaria le regole presenti per la secondaria per quel che riguarda il numero di bambini positivi per far scattare la chiusura della classe e la Dad, in questo modo aumenteremmo la possibilit\u00e0 di rimanere in presenza in classe nel caso delle primarie, dando una mano alle famiglie&#8221;<\/em>.<\/p>\n<h3><em>L&#8217;inaugurazione del liceo Agnoletti<\/em><\/h3>\n<p>La visita del ministro ha significato anche l&#8217;inaugurazione ufficiale del nuovo liceo <strong>Enriques Agnoletti<\/strong>.\u00a0 Al taglio del nastro per\u00f2 si \u00e8 aggiunta anche una visita al <strong>camper dei vaccini di Giovanis\u00ec-Regione Toscana<\/strong> che per la seconda tappa ha scelto proprio il liceo. <em>&#8220;Stiamo procedendo di comune accordo con l&#8217;ufficio scolastico regionale per rispondere all&#8217;appello del ministro Patrizio Bianchi, ovvero quello di fare degli <a href=\"https:\/\/www.intoscana.it\/it\/dettaglio-video\/toscana-il-camper-vaccini-riparte-dalle-scuole-elementari-giani-completare-copertura-popolazione-il-piu-presto-possibile\/\">hub per i vaccini nelle scuole<\/a>&#8220;<\/em>, aveva detto il presidente Giani.<\/p>\n<figure id=\"post-207859 media-207859\" class=\"align-none\"><img decoding=\"async\" src=\"https:\/\/www.intoscana.it\/wp-content\/uploads\/PRT_8762-scaled.jpg\" alt=\"\" \/><\/figure>\n<p>Il tanto atteso liceo \u00e8 realizzato all&#8217;interno del <strong>polo tecnologico di Sesto Fiorentino<\/strong> ed \u00e8organizzato in 36 aule, cinque laboratori, un auditorium e una palestra dedicata anche all&#8217;utenza esterna. L&#8217;edificio \u00e8 stato progettato ad alta prestazione energetica con un investimento di 17,6 milioni di euro:\u00a0 10 milioni dalla Regione Toscana, p7 milioni dalla Citt\u00e0 metropolitana e 600mila euro dall&#8217;Universita&#8217; di Firenze.<\/p>\n<p>Insieme al ministro Bianchi hanno preso parte al taglio del nastro della nuova struttura, anche l\u2019assessora all\u2019istruzione Alessandra Nardini, il sindaco della Citt\u00e0 Metropolitana di Firenze Dario Nardella, il sindaco di Sesto Fiorentino Lorenzo Falchi, il direttore dell\u2019Ufficio scolastico regionale Ernesto Pellecchia, la rettrice dell\u2019Universit\u00e0 Alessandra Petrucci, il consigliere alle politiche giovanili della Regione Toscana Bernard Dika, e una rappresentanza di Eli Lilly, l&#8217;azienda farmaceutica che, grazie a un accordo, ha potuto espandersi sui terreni dove sorgeva il vecchio Liceo, rendendo cos\u00ec possibile la realizzazione del nuovo istituto.<\/p>\n<figure id=\"post-207855 media-207855\" class=\"align-none\"><img decoding=\"async\" src=\"https:\/\/www.intoscana.it\/wp-content\/uploads\/PRT_8819-scaled.jpg\" alt=\"\" \/><\/figure>\n<p>&#8220;<em>Quando si apre una nuova scuola \u00e8 sempre una festa per tutta la comunit\u00e0, soprattutto questa che nasce dall&#8217;impegno comuni degli enti locali e dell&#8217;impresa <\/em>&#8211; ha sottolineato il ministro Bianchi &#8211;\u00a0<em> E&#8217; un grandissimo risultato che fara\u00e0 da riferimento a tutto il livello nazionale. <mark>Noi oggi stiamo facendo dei grandissimi investimenti sulla scuola, 12,5 miliardi di euro del Pnrr. Abbiamo bisogno di esempi concreti e questo \u00e8 l&#8217;esempio concreto a cui riferiremo tutte le nostre azioni&#8221;.<\/mark><\/em><\/p>\n<p><em>\u201cSiamo orgogliosi di questa nuova struttura, che \u00e8 all\u2019avanguardia, perch\u00e9 abbiamo bisogno di scuole belle, accoglienti, inclusive, innovative <\/em>&#8211; ha affermato l\u2019assessora all&#8217;Istruzione <strong>Alessandra Nardini<\/strong> &#8211;<em>. \u00a0La Regione Toscana \u00e8 fortemente impegnata sul fronte dell\u2019edilizia scolastica e pu\u00f2 contare sulla concreta collaborazione di pi\u00f9 istituzioni e soggetti, che condividono i medesimi obiettivi. Oggi \u00e8 per noi un giorno di festa, di ripartenza, un giorno che parla di futuro&#8221;<\/em><\/p>\n<figure id=\"post-207854 media-207854\" class=\"align-none\"><img decoding=\"async\" src=\"https:\/\/www.intoscana.it\/wp-content\/uploads\/PRT_8860-scaled.jpg\" alt=\"\" \/><\/figure>\n<div class=\"titleimg\"><\/div>\n","protected":false},"excerpt":{"rendered":"<p>Il rappresentate del Governo a Firenze per inaugurare il liceo Agnoletti. La proposta del presidente Giani: &#8220;Isolare i positivi e lasciare le classi in presenza&#8221;<\/p>\n","protected":false},"author":525,"featured_media":207862,"comment_status":"open","ping_status":"open","sticky":false,"template":"","format":"standard","meta":{"_acf_changed":false,"footnotes":""},"categories":[18],"tags":[418,158,212],"class_list":["post-207834","post","type-post","status-publish","format-standard","has-post-thumbnail","hentry","category-salute","tag-covid-19","tag-eugenio-giani","tag-scuola"],"acf":[],"yoast_head":"<!-- This site is optimized with the Yoast SEO Premium plugin v24.2 (Yoast SEO v25.6) - https:\/\/yoast.com\/wordpress\/plugins\/seo\/ -->\n<title>Scuola e quarantena, il ministro Bianchi: &quot;Obiettivo semplificare&quot; - intoscana<\/title>\n<meta name=\"description\" content=\"Il rappresentate del Governo a Firenze per inaugurare il liceo Agnoletti. La proposta del presidente Giani: &quot;Isolare i positivi e lasciare le classi in presenza&quot;\" \/>\n<meta name=\"robots\" content=\"index, follow, max-snippet:-1, max-image-preview:large, max-video-preview:-1\" \/>\n<link rel=\"canonical\" href=\"https:\/\/www.intoscana.it\/it\/scuola-e-quarantena-le-rassicurazioni-del-ministro-bianchi-lavoriamo-per-semplificare\/\" \/>\n<meta property=\"og:locale\" content=\"it_IT\" \/>\n<meta property=\"og:type\" content=\"article\" \/>\n<meta property=\"og:title\" content=\"Scuola e quarantena, il ministro Bianchi: &quot;Obiettivo semplificare&quot;\" \/>\n<meta property=\"og:description\" content=\"Il rappresentate del Governo a Firenze per inaugurare il liceo Agnoletti. La proposta del presidente Giani: &quot;Isolare i positivi e lasciare le classi in presenza&quot;\" \/>\n<meta property=\"og:url\" content=\"https:\/\/www.intoscana.it\/it\/scuola-e-quarantena-le-rassicurazioni-del-ministro-bianchi-lavoriamo-per-semplificare\/\" \/>\n<meta property=\"og:site_name\" content=\"intoscana\" \/>\n<meta property=\"article:publisher\" content=\"https:\/\/www.facebook.com\/intoscana.it\" \/>\n<meta property=\"article:published_time\" content=\"2022-01-18T16:30:49+00:00\" \/>\n<meta property=\"article:modified_time\" content=\"2022-01-18T17:16:36+00:00\" \/>\n<meta property=\"og:image\" content=\"https:\/\/www.intoscana.it\/wp-content\/uploads\/PRT_8968-scaled.jpg\" \/>\n\t<meta property=\"og:image:width\" content=\"2048\" \/>\n\t<meta property=\"og:image:height\" content=\"1365\" \/>\n\t<meta property=\"og:image:type\" content=\"image\/jpeg\" \/>\n<meta name=\"author\" content=\"Redazione\" \/>\n<meta name=\"twitter:card\" content=\"summary_large_image\" \/>\n<meta name=\"twitter:creator\" content=\"@intoscana\" \/>\n<meta name=\"twitter:site\" content=\"@intoscana\" \/>\n<meta name=\"twitter:label1\" content=\"Written by\" \/>\n\t<meta name=\"twitter:data1\" content=\"Redazione\" \/>\n\t<meta name=\"twitter:label2\" content=\"Est. reading time\" \/>\n\t<meta name=\"twitter:data2\" content=\"4 minuti\" \/>\n<script type=\"application\/ld+json\" class=\"yoast-schema-graph\">{\"@context\":\"https:\/\/schema.org\",\"@graph\":[{\"@type\":\"WebPage\",\"@id\":\"https:\/\/www.intoscana.it\/it\/scuola-e-quarantena-le-rassicurazioni-del-ministro-bianchi-lavoriamo-per-semplificare\/\",\"url\":\"https:\/\/www.intoscana.it\/it\/scuola-e-quarantena-le-rassicurazioni-del-ministro-bianchi-lavoriamo-per-semplificare\/\",\"name\":\"Scuola e quarantena, il ministro Bianchi: \\\"Obiettivo semplificare\\\" - intoscana\",\"isPartOf\":{\"@id\":\"https:\/\/www.intoscana.it\/it\/#website\"},\"primaryImageOfPage\":{\"@id\":\"https:\/\/www.intoscana.it\/it\/scuola-e-quarantena-le-rassicurazioni-del-ministro-bianchi-lavoriamo-per-semplificare\/#primaryimage\"},\"image\":{\"@id\":\"https:\/\/www.intoscana.it\/it\/scuola-e-quarantena-le-rassicurazioni-del-ministro-bianchi-lavoriamo-per-semplificare\/#primaryimage\"},\"thumbnailUrl\":\"https:\/\/www.intoscana.it\/wp-content\/uploads\/PRT_8968-scaled.jpg\",\"datePublished\":\"2022-01-18T16:30:49+00:00\",\"dateModified\":\"2022-01-18T17:16:36+00:00\",\"author\":{\"@id\":\"https:\/\/www.intoscana.it\/it\/#\/schema\/person\/9223810753230f20bd670fdd322661f8\"},\"description\":\"Il rappresentate del Governo a Firenze per inaugurare il liceo Agnoletti. La proposta del presidente Giani: \\\"Isolare i positivi e lasciare le classi in presenza\\\"\",\"breadcrumb\":{\"@id\":\"https:\/\/www.intoscana.it\/it\/scuola-e-quarantena-le-rassicurazioni-del-ministro-bianchi-lavoriamo-per-semplificare\/#breadcrumb\"},\"inLanguage\":\"it-IT\",\"potentialAction\":[{\"@type\":\"ReadAction\",\"target\":[\"https:\/\/www.intoscana.it\/it\/scuola-e-quarantena-le-rassicurazioni-del-ministro-bianchi-lavoriamo-per-semplificare\/\"]}]},{\"@type\":\"ImageObject\",\"inLanguage\":\"it-IT\",\"@id\":\"https:\/\/www.intoscana.it\/it\/scuola-e-quarantena-le-rassicurazioni-del-ministro-bianchi-lavoriamo-per-semplificare\/#primaryimage\",\"url\":\"https:\/\/www.intoscana.it\/wp-content\/uploads\/PRT_8968-scaled.jpg\",\"contentUrl\":\"https:\/\/www.intoscana.it\/wp-content\/uploads\/PRT_8968-scaled.jpg\",\"width\":2048,\"height\":1365},{\"@type\":\"BreadcrumbList\",\"@id\":\"https:\/\/www.intoscana.it\/it\/scuola-e-quarantena-le-rassicurazioni-del-ministro-bianchi-lavoriamo-per-semplificare\/#breadcrumb\",\"itemListElement\":[{\"@type\":\"ListItem\",\"position\":1,\"name\":\"Home\",\"item\":\"https:\/\/www.intoscana.it\/it\/\"},{\"@type\":\"ListItem\",\"position\":2,\"name\":\"Scuola e quarantena, il ministro Bianchi: &#8220;Obiettivo semplificare&#8221;\"}]},{\"@type\":\"WebSite\",\"@id\":\"https:\/\/www.intoscana.it\/it\/#website\",\"url\":\"https:\/\/www.intoscana.it\/it\/\",\"name\":\"intoscana\",\"description\":\"\",\"potentialAction\":[{\"@type\":\"SearchAction\",\"target\":{\"@type\":\"EntryPoint\",\"urlTemplate\":\"https:\/\/www.intoscana.it\/it\/?s={search_term_string}\"},\"query-input\":{\"@type\":\"PropertyValueSpecification\",\"valueRequired\":true,\"valueName\":\"search_term_string\"}}],\"inLanguage\":\"it-IT\"},{\"@type\":\"Person\",\"@id\":\"https:\/\/www.intoscana.it\/it\/#\/schema\/person\/9223810753230f20bd670fdd322661f8\",\"name\":\"Redazione\",\"url\":\"https:\/\/www.intoscana.it\/it\/author\/redazione\/\"}]}<\/script>\n<!-- \/ Yoast SEO Premium plugin. -->","yoast_head_json":{"title":"Scuola e quarantena, il ministro Bianchi: \"Obiettivo semplificare\" - intoscana","description":"Il rappresentate del Governo a Firenze per inaugurare il liceo Agnoletti. La proposta del presidente Giani: \"Isolare i positivi e lasciare le classi in presenza\"","robots":{"index":"index","follow":"follow","max-snippet":"max-snippet:-1","max-image-preview":"max-image-preview:large","max-video-preview":"max-video-preview:-1"},"canonical":"https:\/\/www.intoscana.it\/it\/scuola-e-quarantena-le-rassicurazioni-del-ministro-bianchi-lavoriamo-per-semplificare\/","og_locale":"it_IT","og_type":"article","og_title":"Scuola e quarantena, il ministro Bianchi: \"Obiettivo semplificare\"","og_description":"Il rappresentate del Governo a Firenze per inaugurare il liceo Agnoletti. La proposta del presidente Giani: \"Isolare i positivi e lasciare le classi in presenza\"","og_url":"https:\/\/www.intoscana.it\/it\/scuola-e-quarantena-le-rassicurazioni-del-ministro-bianchi-lavoriamo-per-semplificare\/","og_site_name":"intoscana","article_publisher":"https:\/\/www.facebook.com\/intoscana.it","article_published_time":"2022-01-18T16:30:49+00:00","article_modified_time":"2022-01-18T17:16:36+00:00","og_image":[{"width":2048,"height":1365,"url":"https:\/\/www.intoscana.it\/wp-content\/uploads\/PRT_8968-scaled.jpg","type":"image\/jpeg"}],"author":"Redazione","twitter_card":"summary_large_image","twitter_creator":"@intoscana","twitter_site":"@intoscana","twitter_misc":{"Written by":"Redazione","Est. reading time":"4 minuti"},"schema":{"@context":"https:\/\/schema.org","@graph":[{"@type":"WebPage","@id":"https:\/\/www.intoscana.it\/it\/scuola-e-quarantena-le-rassicurazioni-del-ministro-bianchi-lavoriamo-per-semplificare\/","url":"https:\/\/www.intoscana.it\/it\/scuola-e-quarantena-le-rassicurazioni-del-ministro-bianchi-lavoriamo-per-semplificare\/","name":"Scuola e quarantena, il ministro Bianchi: \"Obiettivo semplificare\" - intoscana","isPartOf":{"@id":"https:\/\/www.intoscana.it\/it\/#website"},"primaryImageOfPage":{"@id":"https:\/\/www.intoscana.it\/it\/scuola-e-quarantena-le-rassicurazioni-del-ministro-bianchi-lavoriamo-per-semplificare\/#primaryimage"},"image":{"@id":"https:\/\/www.intoscana.it\/it\/scuola-e-quarantena-le-rassicurazioni-del-ministro-bianchi-lavoriamo-per-semplificare\/#primaryimage"},"thumbnailUrl":"https:\/\/www.intoscana.it\/wp-content\/uploads\/PRT_8968-scaled.jpg","datePublished":"2022-01-18T16:30:49+00:00","dateModified":"2022-01-18T17:16:36+00:00","author":{"@id":"https:\/\/www.intoscana.it\/it\/#\/schema\/person\/9223810753230f20bd670fdd322661f8"},"description":"Il rappresentate del Governo a Firenze per inaugurare il liceo Agnoletti. La proposta del presidente Giani: \"Isolare i positivi e lasciare le classi in presenza\"","breadcrumb":{"@id":"https:\/\/www.intoscana.it\/it\/scuola-e-quarantena-le-rassicurazioni-del-ministro-bianchi-lavoriamo-per-semplificare\/#breadcrumb"},"inLanguage":"it-IT","potentialAction":[{"@type":"ReadAction","target":["https:\/\/www.intoscana.it\/it\/scuola-e-quarantena-le-rassicurazioni-del-ministro-bianchi-lavoriamo-per-semplificare\/"]}]},{"@type":"ImageObject","inLanguage":"it-IT","@id":"https:\/\/www.intoscana.it\/it\/scuola-e-quarantena-le-rassicurazioni-del-ministro-bianchi-lavoriamo-per-semplificare\/#primaryimage","url":"https:\/\/www.intoscana.it\/wp-content\/uploads\/PRT_8968-scaled.jpg","contentUrl":"https:\/\/www.intoscana.it\/wp-content\/uploads\/PRT_8968-scaled.jpg","width":2048,"height":1365},{"@type":"BreadcrumbList","@id":"https:\/\/www.intoscana.it\/it\/scuola-e-quarantena-le-rassicurazioni-del-ministro-bianchi-lavoriamo-per-semplificare\/#breadcrumb","itemListElement":[{"@type":"ListItem","position":1,"name":"Home","item":"https:\/\/www.intoscana.it\/it\/"},{"@type":"ListItem","position":2,"name":"Scuola e quarantena, il ministro Bianchi: &#8220;Obiettivo semplificare&#8221;"}]},{"@type":"WebSite","@id":"https:\/\/www.intoscana.it\/it\/#website","url":"https:\/\/www.intoscana.it\/it\/","name":"intoscana","description":"","potentialAction":[{"@type":"SearchAction","target":{"@type":"EntryPoint","urlTemplate":"https:\/\/www.intoscana.it\/it\/?s={search_term_string}"},"query-input":{"@type":"PropertyValueSpecification","valueRequired":true,"valueName":"search_term_string"}}],"inLanguage":"it-IT"},{"@type":"Person","@id":"https:\/\/www.intoscana.it\/it\/#\/schema\/person\/9223810753230f20bd670fdd322661f8","name":"Redazione","url":"https:\/\/www.intoscana.it\/it\/author\/redazione\/"}]}},"_links":{"self":[{"href":"https:\/\/www.intoscana.it\/it\/wp-json\/wp\/v2\/posts\/207834","targetHints":{"allow":["GET"]}}],"collection":[{"href":"https:\/\/www.intoscana.it\/it\/wp-json\/wp\/v2\/posts"}],"about":[{"href":"https:\/\/www.intoscana.it\/it\/wp-json\/wp\/v2\/types\/post"}],"author":[{"embeddable":true,"href":"https:\/\/www.intoscana.it\/it\/wp-json\/wp\/v2\/users\/525"}],"replies":[{"embeddable":true,"href":"https:\/\/www.intoscana.it\/it\/wp-json\/wp\/v2\/comments?post=207834"}],"version-history":[{"count":0,"href":"https:\/\/www.intoscana.it\/it\/wp-json\/wp\/v2\/posts\/207834\/revisions"}],"wp:featuredmedia":[{"embeddable":true,"href":"https:\/\/www.intoscana.it\/it\/wp-json\/wp\/v2\/media\/207862"}],"wp:attachment":[{"href":"https:\/\/www.intoscana.it\/it\/wp-json\/wp\/v2\/media?parent=207834"}],"wp:term":[{"taxonomy":"category","embeddable":true,"href":"https:\/\/www.intoscana.it\/it\/wp-json\/wp\/v2\/categories?post=207834"},{"taxonomy":"post_tag","embeddable":true,"href":"https:\/\/www.intoscana.it\/it\/wp-json\/wp\/v2\/tags?post=207834"}],"curies":[{"name":"wp","href":"https:\/\/api.w.org\/{rel}","templated":true}]}}