{"id":207879,"date":"2022-01-18T17:24:59","date_gmt":"2022-01-18T16:24:59","guid":{"rendered":"https:\/\/www.intoscana.it\/it\/?p=207879"},"modified":"2022-01-18T17:24:59","modified_gmt":"2022-01-18T16:24:59","slug":"bibbona-rinasce-sotto-il-segno-dei-fuksas-archistar-allopera-per-rendere-il-borgo-piu-attrattivo","status":"publish","type":"post","link":"https:\/\/www.intoscana.it\/it\/bibbona-rinasce-sotto-il-segno-dei-fuksas-archistar-allopera-per-rendere-il-borgo-piu-attrattivo\/","title":{"rendered":"Bibbona rinasce sotto il segno dei Fuksas: archistar all&#8217;opera per rendere il borgo pi\u00f9 attrattivo"},"content":{"rendered":"<p>Un progetto di recupero e valorizzazione del patrimonio storico e ambientale di <strong>Bibbona<\/strong>, il piccolo borgo nel livornese, firmato\u00a0 dalla coppia di architetti <strong>Massimiliano e Doriana Fuksas<\/strong>. A promuoverlo \u00e8 il <strong>Comune di Bibbona<\/strong> che,\u00a0 con la <strong>Regione Toscana,<\/strong> ha deciso di firmare un protocollo con i prestigioso studio. L&#8217;idea \u00e8 nata nel periodo di quarantena, quando i Fuksas hanno pensato di mettere su un laboratorio per realizzare interventi urbanistici e logistici, valorizzando le bellezze artistiche, culturali e paesaggistiche dei borghi, anche in un&#8217;ottica di ripopolamento.<\/p>\n<p>Si parla quindi non solo di turismo, ma di <strong>soggiorni residenziali<\/strong> di pi\u00f9 lungo periodo, anche in <strong>smart working<\/strong>, che richiedono dunque una riprogettazione del contesto urbano e anche sociale, utilizzando anche i fondi del Pnrr oltre che quelli privati, senza stravolgere l&#8217;assetto naturalistico del contesto. Bibbona quindi come &#8220;laboratorio internazionale&#8221; per\u00a0 modello per ripensare la socialit\u00e0. <em>\u201cBisogna rendere contemporanei i piccoli borghi, senza snaturarli: bisogna porre le basi per poterci vivere\u201d, <\/em>spiegano gli architetti<\/p>\n<p><em>&#8220;Bibbona vive uno stacco tra periodo estivo e invernale <\/em>&#8211; ha spiegato il presidente della Regione, <strong>Eugenio Giani<\/strong> &#8211;\u00a0<em> A Marina di Bibbona, ad esempio, nei mesi estivi si arriva anche a 200mila abitanti. Quello che risalta \u00e8 il borgo storico che sta vivendo un processo di riqualificazione importante, con progetti animati da grande passione. Oggi, attraverso il contributo di un grande architetto, potrebbe ricevere stimoli di qualificazione non solo dal punto di vista degli interventi concreti sulle caratteristiche del borgo, ma anche di rianimazione per attrarre presenze e qualit\u00e0 con le quali Bibbona pu\u00f2 incuriosire, incastonata come \u00e8 in un paesaggio naturale bellissimo\u201d.<\/em><\/p>\n<p>Il progetto si inserisce in un territorio variegato, che pu\u00f2 essere schematizzato in quattro ambiti principali: il Borgo storico, l\u2019agglomerato di case moderne de La California, che si sviluppa su una maglia di strade rettilinee attraversate dall\u2019Aurelia Vecchia, il bosco della Magona e il noto centro turistico di Marina di Bibbona, costituito da nuovi edifici anche di interesse architettonico.<\/p>\n<h3><em><strong>La storia di un luogo magico<\/strong><\/em><\/h3>\n<p>Il paese di Bibbona \u00e8 costituito da vecchi e antichi edifici in pietra o a intonaco a cemento, edificati sulle rovine dell\u2019antico castello medievale. Si erge su un poggio, da cui in lontananza si vede il mare, costituito da un alto zoccolo di pietra piena di fossili di conchiglie, nel quale sono state scavate, dalla popolazione etrusca, innumerevoli tombe che poi, nel tempo, sono servite da rifugi durante la guerra e da depositi. <mark>Nei pressi di questi luoghi \u00e8 stata ritrovata la piccola scultura raffigurante il \u201ccaprone\u201d che \u00e8 attualmente conservata al museo archeologico di Firenze ed \u00e8 considerata una delle pi\u00f9 belle realizzazioni dell\u2019artigianato etrusco.<\/mark><\/p>\n<p>Il centro storico ospita diverse chiese, romaniche e rinascimentali, tra cui Santa Maria della Piet\u00e0, con pianta a croce greca, riportata in un disegno di <strong>Leonardo da Vinci<\/strong>, riprodotta fuori scala, in una mappa accanto alla scritta \u201cBibiona\u201d. E poi: stradine, vicoli, archi, belvedere, fonti e Madonne \u2018miracolose\u2019.<\/p>\n<p>Per arrivare a Marina di Bibbona si deve percorrere l\u2019Aurelia e uscire a \u201cLa California\u201d, una frazione del Comune. Sembra che sia stata chiamata cos\u00ec in quanto fondata da alcuni emigrati in America, che al loro ritorno a casa fondarono questa piccolo centro urbano. Proseguendo in direzione Sud, si arriva a Marina di Bibbona, localit\u00e0 sul mare sviluppatasi su un\u2019area bonificata intorno agli anni \u201970, con edifici particolari a forma cilindrica, che costituivano le ex-colonie di Sesto San Giovanni. Con case anni \u201860 e qualche villa pi\u00f9 antica, ma soprattutto tantissimi campeggi di tutte le categorie. Si registra un grandissimo potenziale di ricezione, che al momento \u00e8 rappresentato da un turismo stagionale: <mark>Marina di Bibbona, nel periodo estivo, registra pi\u00f9 di un milione di presenze.<\/mark><\/p>\n<p>L\u2019elemento storico pi\u00f9 importante \u00e8 sicuramente <strong>il forte dei Cavalleggeri<\/strong>; una struttura a protezione della costa del 1780. Esso fa parte di una serie di edifici militari che si trovavano distribuiti sul litorale a protezione dalle invasioni dei saraceni e dei pirati.<\/p>\n","protected":false},"excerpt":{"rendered":"<p>Protocollo tra Regione Toscana, Comune e lo studio di Massimiliano e Doriana Fuksas per realizzare interventi che valorizzino le bellezze del luogo. L&#8217;obiettivo \u00e8 un turismo residenziale di lungo periodo, anche per lo smart working<\/p>\n","protected":false},"author":525,"featured_media":207894,"comment_status":"open","ping_status":"open","sticky":false,"template":"","format":"standard","meta":{"_acf_changed":false,"footnotes":""},"categories":[494],"tags":[5217,158],"class_list":["post-207879","post","type-post","status-publish","format-standard","has-post-thumbnail","hentry","category-attualita","tag-bibbona","tag-eugenio-giani"],"acf":[],"yoast_head":"<!-- This site is optimized with the Yoast SEO Premium plugin v24.2 (Yoast SEO v25.6) - https:\/\/yoast.com\/wordpress\/plugins\/seo\/ -->\n<title>Bibbona rinasce sotto il segno dei Fuksas: archistar all&#039;opera per rendere il borgo pi\u00f9 attrattivo - intoscana<\/title>\n<meta name=\"description\" content=\"Protocollo tra Regione Toscana e lo studio di Massimiliano e Doriana Fuksas per realizzare interventi che valorizzino le bellezze del luogo. L&#039;obiettivo \u00e8 un turismo residenziale di lungo periodo, anche per lo smart working\" \/>\n<meta name=\"robots\" content=\"index, follow, max-snippet:-1, max-image-preview:large, max-video-preview:-1\" \/>\n<link rel=\"canonical\" href=\"https:\/\/www.intoscana.it\/it\/bibbona-rinasce-sotto-il-segno-dei-fuksas-archistar-allopera-per-rendere-il-borgo-piu-attrattivo\/\" \/>\n<meta property=\"og:locale\" content=\"it_IT\" \/>\n<meta property=\"og:type\" content=\"article\" \/>\n<meta property=\"og:title\" content=\"Bibbona rinasce sotto il segno dei Fuksas: archistar all&#039;opera per rendere il borgo pi\u00f9 attrattivo\" \/>\n<meta property=\"og:description\" content=\"Protocollo tra Regione Toscana e lo studio di Massimiliano e Doriana Fuksas per realizzare interventi che valorizzino le bellezze del luogo. L&#039;obiettivo \u00e8 un turismo residenziale di lungo periodo, anche per lo smart working\" \/>\n<meta property=\"og:url\" content=\"https:\/\/www.intoscana.it\/it\/bibbona-rinasce-sotto-il-segno-dei-fuksas-archistar-allopera-per-rendere-il-borgo-piu-attrattivo\/\" \/>\n<meta property=\"og:site_name\" content=\"intoscana\" \/>\n<meta property=\"article:publisher\" content=\"https:\/\/www.facebook.com\/intoscana.it\" \/>\n<meta property=\"article:published_time\" content=\"2022-01-18T16:24:59+00:00\" \/>\n<meta property=\"og:image\" content=\"https:\/\/www.intoscana.it\/wp-content\/uploads\/PRT_9176-scaled.jpg\" \/>\n\t<meta property=\"og:image:width\" content=\"2048\" \/>\n\t<meta property=\"og:image:height\" content=\"1365\" \/>\n\t<meta property=\"og:image:type\" content=\"image\/jpeg\" \/>\n<meta name=\"author\" content=\"Redazione\" \/>\n<meta name=\"twitter:card\" content=\"summary_large_image\" \/>\n<meta name=\"twitter:creator\" content=\"@intoscana\" \/>\n<meta name=\"twitter:site\" content=\"@intoscana\" \/>\n<meta name=\"twitter:label1\" content=\"Written by\" \/>\n\t<meta name=\"twitter:data1\" content=\"Redazione\" \/>\n\t<meta name=\"twitter:label2\" content=\"Est. reading time\" \/>\n\t<meta name=\"twitter:data2\" content=\"3 minuti\" \/>\n<script type=\"application\/ld+json\" class=\"yoast-schema-graph\">{\"@context\":\"https:\/\/schema.org\",\"@graph\":[{\"@type\":\"WebPage\",\"@id\":\"https:\/\/www.intoscana.it\/it\/bibbona-rinasce-sotto-il-segno-dei-fuksas-archistar-allopera-per-rendere-il-borgo-piu-attrattivo\/\",\"url\":\"https:\/\/www.intoscana.it\/it\/bibbona-rinasce-sotto-il-segno-dei-fuksas-archistar-allopera-per-rendere-il-borgo-piu-attrattivo\/\",\"name\":\"Bibbona rinasce sotto il segno dei Fuksas: archistar all'opera per rendere il borgo pi\u00f9 attrattivo - intoscana\",\"isPartOf\":{\"@id\":\"https:\/\/www.intoscana.it\/it\/#website\"},\"primaryImageOfPage\":{\"@id\":\"https:\/\/www.intoscana.it\/it\/bibbona-rinasce-sotto-il-segno-dei-fuksas-archistar-allopera-per-rendere-il-borgo-piu-attrattivo\/#primaryimage\"},\"image\":{\"@id\":\"https:\/\/www.intoscana.it\/it\/bibbona-rinasce-sotto-il-segno-dei-fuksas-archistar-allopera-per-rendere-il-borgo-piu-attrattivo\/#primaryimage\"},\"thumbnailUrl\":\"https:\/\/www.intoscana.it\/wp-content\/uploads\/PRT_9176-scaled.jpg\",\"datePublished\":\"2022-01-18T16:24:59+00:00\",\"author\":{\"@id\":\"https:\/\/www.intoscana.it\/it\/#\/schema\/person\/9223810753230f20bd670fdd322661f8\"},\"description\":\"Protocollo tra Regione Toscana e lo studio di Massimiliano e Doriana Fuksas per realizzare interventi che valorizzino le bellezze del luogo. L'obiettivo \u00e8 un turismo residenziale di lungo periodo, anche per lo smart working\",\"breadcrumb\":{\"@id\":\"https:\/\/www.intoscana.it\/it\/bibbona-rinasce-sotto-il-segno-dei-fuksas-archistar-allopera-per-rendere-il-borgo-piu-attrattivo\/#breadcrumb\"},\"inLanguage\":\"it-IT\",\"potentialAction\":[{\"@type\":\"ReadAction\",\"target\":[\"https:\/\/www.intoscana.it\/it\/bibbona-rinasce-sotto-il-segno-dei-fuksas-archistar-allopera-per-rendere-il-borgo-piu-attrattivo\/\"]}]},{\"@type\":\"ImageObject\",\"inLanguage\":\"it-IT\",\"@id\":\"https:\/\/www.intoscana.it\/it\/bibbona-rinasce-sotto-il-segno-dei-fuksas-archistar-allopera-per-rendere-il-borgo-piu-attrattivo\/#primaryimage\",\"url\":\"https:\/\/www.intoscana.it\/wp-content\/uploads\/PRT_9176-scaled.jpg\",\"contentUrl\":\"https:\/\/www.intoscana.it\/wp-content\/uploads\/PRT_9176-scaled.jpg\",\"width\":2048,\"height\":1365},{\"@type\":\"BreadcrumbList\",\"@id\":\"https:\/\/www.intoscana.it\/it\/bibbona-rinasce-sotto-il-segno-dei-fuksas-archistar-allopera-per-rendere-il-borgo-piu-attrattivo\/#breadcrumb\",\"itemListElement\":[{\"@type\":\"ListItem\",\"position\":1,\"name\":\"Home\",\"item\":\"https:\/\/www.intoscana.it\/it\/\"},{\"@type\":\"ListItem\",\"position\":2,\"name\":\"Bibbona rinasce sotto il segno dei Fuksas: archistar all&#8217;opera per rendere il borgo pi\u00f9 attrattivo\"}]},{\"@type\":\"WebSite\",\"@id\":\"https:\/\/www.intoscana.it\/it\/#website\",\"url\":\"https:\/\/www.intoscana.it\/it\/\",\"name\":\"intoscana\",\"description\":\"\",\"potentialAction\":[{\"@type\":\"SearchAction\",\"target\":{\"@type\":\"EntryPoint\",\"urlTemplate\":\"https:\/\/www.intoscana.it\/it\/?s={search_term_string}\"},\"query-input\":{\"@type\":\"PropertyValueSpecification\",\"valueRequired\":true,\"valueName\":\"search_term_string\"}}],\"inLanguage\":\"it-IT\"},{\"@type\":\"Person\",\"@id\":\"https:\/\/www.intoscana.it\/it\/#\/schema\/person\/9223810753230f20bd670fdd322661f8\",\"name\":\"Redazione\",\"url\":\"https:\/\/www.intoscana.it\/it\/author\/redazione\/\"}]}<\/script>\n<!-- \/ Yoast SEO Premium plugin. -->","yoast_head_json":{"title":"Bibbona rinasce sotto il segno dei Fuksas: archistar all'opera per rendere il borgo pi\u00f9 attrattivo - intoscana","description":"Protocollo tra Regione Toscana e lo studio di Massimiliano e Doriana Fuksas per realizzare interventi che valorizzino le bellezze del luogo. L'obiettivo \u00e8 un turismo residenziale di lungo periodo, anche per lo smart working","robots":{"index":"index","follow":"follow","max-snippet":"max-snippet:-1","max-image-preview":"max-image-preview:large","max-video-preview":"max-video-preview:-1"},"canonical":"https:\/\/www.intoscana.it\/it\/bibbona-rinasce-sotto-il-segno-dei-fuksas-archistar-allopera-per-rendere-il-borgo-piu-attrattivo\/","og_locale":"it_IT","og_type":"article","og_title":"Bibbona rinasce sotto il segno dei Fuksas: archistar all'opera per rendere il borgo pi\u00f9 attrattivo","og_description":"Protocollo tra Regione Toscana e lo studio di Massimiliano e Doriana Fuksas per realizzare interventi che valorizzino le bellezze del luogo. L'obiettivo \u00e8 un turismo residenziale di lungo periodo, anche per lo smart working","og_url":"https:\/\/www.intoscana.it\/it\/bibbona-rinasce-sotto-il-segno-dei-fuksas-archistar-allopera-per-rendere-il-borgo-piu-attrattivo\/","og_site_name":"intoscana","article_publisher":"https:\/\/www.facebook.com\/intoscana.it","article_published_time":"2022-01-18T16:24:59+00:00","og_image":[{"width":2048,"height":1365,"url":"https:\/\/www.intoscana.it\/wp-content\/uploads\/PRT_9176-scaled.jpg","type":"image\/jpeg"}],"author":"Redazione","twitter_card":"summary_large_image","twitter_creator":"@intoscana","twitter_site":"@intoscana","twitter_misc":{"Written by":"Redazione","Est. reading time":"3 minuti"},"schema":{"@context":"https:\/\/schema.org","@graph":[{"@type":"WebPage","@id":"https:\/\/www.intoscana.it\/it\/bibbona-rinasce-sotto-il-segno-dei-fuksas-archistar-allopera-per-rendere-il-borgo-piu-attrattivo\/","url":"https:\/\/www.intoscana.it\/it\/bibbona-rinasce-sotto-il-segno-dei-fuksas-archistar-allopera-per-rendere-il-borgo-piu-attrattivo\/","name":"Bibbona rinasce sotto il segno dei Fuksas: archistar all'opera per rendere il borgo pi\u00f9 attrattivo - intoscana","isPartOf":{"@id":"https:\/\/www.intoscana.it\/it\/#website"},"primaryImageOfPage":{"@id":"https:\/\/www.intoscana.it\/it\/bibbona-rinasce-sotto-il-segno-dei-fuksas-archistar-allopera-per-rendere-il-borgo-piu-attrattivo\/#primaryimage"},"image":{"@id":"https:\/\/www.intoscana.it\/it\/bibbona-rinasce-sotto-il-segno-dei-fuksas-archistar-allopera-per-rendere-il-borgo-piu-attrattivo\/#primaryimage"},"thumbnailUrl":"https:\/\/www.intoscana.it\/wp-content\/uploads\/PRT_9176-scaled.jpg","datePublished":"2022-01-18T16:24:59+00:00","author":{"@id":"https:\/\/www.intoscana.it\/it\/#\/schema\/person\/9223810753230f20bd670fdd322661f8"},"description":"Protocollo tra Regione Toscana e lo studio di Massimiliano e Doriana Fuksas per realizzare interventi che valorizzino le bellezze del luogo. L'obiettivo \u00e8 un turismo residenziale di lungo periodo, anche per lo smart working","breadcrumb":{"@id":"https:\/\/www.intoscana.it\/it\/bibbona-rinasce-sotto-il-segno-dei-fuksas-archistar-allopera-per-rendere-il-borgo-piu-attrattivo\/#breadcrumb"},"inLanguage":"it-IT","potentialAction":[{"@type":"ReadAction","target":["https:\/\/www.intoscana.it\/it\/bibbona-rinasce-sotto-il-segno-dei-fuksas-archistar-allopera-per-rendere-il-borgo-piu-attrattivo\/"]}]},{"@type":"ImageObject","inLanguage":"it-IT","@id":"https:\/\/www.intoscana.it\/it\/bibbona-rinasce-sotto-il-segno-dei-fuksas-archistar-allopera-per-rendere-il-borgo-piu-attrattivo\/#primaryimage","url":"https:\/\/www.intoscana.it\/wp-content\/uploads\/PRT_9176-scaled.jpg","contentUrl":"https:\/\/www.intoscana.it\/wp-content\/uploads\/PRT_9176-scaled.jpg","width":2048,"height":1365},{"@type":"BreadcrumbList","@id":"https:\/\/www.intoscana.it\/it\/bibbona-rinasce-sotto-il-segno-dei-fuksas-archistar-allopera-per-rendere-il-borgo-piu-attrattivo\/#breadcrumb","itemListElement":[{"@type":"ListItem","position":1,"name":"Home","item":"https:\/\/www.intoscana.it\/it\/"},{"@type":"ListItem","position":2,"name":"Bibbona rinasce sotto il segno dei Fuksas: archistar all&#8217;opera per rendere il borgo pi\u00f9 attrattivo"}]},{"@type":"WebSite","@id":"https:\/\/www.intoscana.it\/it\/#website","url":"https:\/\/www.intoscana.it\/it\/","name":"intoscana","description":"","potentialAction":[{"@type":"SearchAction","target":{"@type":"EntryPoint","urlTemplate":"https:\/\/www.intoscana.it\/it\/?s={search_term_string}"},"query-input":{"@type":"PropertyValueSpecification","valueRequired":true,"valueName":"search_term_string"}}],"inLanguage":"it-IT"},{"@type":"Person","@id":"https:\/\/www.intoscana.it\/it\/#\/schema\/person\/9223810753230f20bd670fdd322661f8","name":"Redazione","url":"https:\/\/www.intoscana.it\/it\/author\/redazione\/"}]}},"_links":{"self":[{"href":"https:\/\/www.intoscana.it\/it\/wp-json\/wp\/v2\/posts\/207879","targetHints":{"allow":["GET"]}}],"collection":[{"href":"https:\/\/www.intoscana.it\/it\/wp-json\/wp\/v2\/posts"}],"about":[{"href":"https:\/\/www.intoscana.it\/it\/wp-json\/wp\/v2\/types\/post"}],"author":[{"embeddable":true,"href":"https:\/\/www.intoscana.it\/it\/wp-json\/wp\/v2\/users\/525"}],"replies":[{"embeddable":true,"href":"https:\/\/www.intoscana.it\/it\/wp-json\/wp\/v2\/comments?post=207879"}],"version-history":[{"count":0,"href":"https:\/\/www.intoscana.it\/it\/wp-json\/wp\/v2\/posts\/207879\/revisions"}],"wp:featuredmedia":[{"embeddable":true,"href":"https:\/\/www.intoscana.it\/it\/wp-json\/wp\/v2\/media\/207894"}],"wp:attachment":[{"href":"https:\/\/www.intoscana.it\/it\/wp-json\/wp\/v2\/media?parent=207879"}],"wp:term":[{"taxonomy":"category","embeddable":true,"href":"https:\/\/www.intoscana.it\/it\/wp-json\/wp\/v2\/categories?post=207879"},{"taxonomy":"post_tag","embeddable":true,"href":"https:\/\/www.intoscana.it\/it\/wp-json\/wp\/v2\/tags?post=207879"}],"curies":[{"name":"wp","href":"https:\/\/api.w.org\/{rel}","templated":true}]}}