{"id":207990,"date":"2022-01-19T12:23:24","date_gmt":"2022-01-19T11:23:24","guid":{"rendered":"https:\/\/www.intoscana.it\/it\/?p=207990"},"modified":"2022-01-20T10:13:49","modified_gmt":"2022-01-20T09:13:49","slug":"covid-nuovi-casi-19-gennaio","status":"publish","type":"post","link":"https:\/\/www.intoscana.it\/it\/covid-nuovi-casi-19-gennaio\/","title":{"rendered":"Covid, nuovi casi in diminuzione: oggi sono 12.564. Scendono anche i ricoveri"},"content":{"rendered":"<p>Tornano a scendere i nuovi casi in Toscana. Oggi sono <strong>12.564<\/strong> in pi\u00f9 rispetto a ieri: 4.575 confermati con tampone molecolare e 7.989 da test rapido antigenico. <strong>I nuovi casi sono il 2,1% in pi\u00f9 rispetto al totale del giorno precedente<\/strong>. La buona notizia \u00e8 che <strong>crescono anche i guariti del 3,9% <\/strong>e raggiungono quota 430.120 (70% dei casi totali)<strong> e scendono i ricoveri<\/strong>. Purtroppo si registrano <strong>33 nuovi decessi: 17 uomini e 16 donne con un&#8217;et\u00e0 media di 81,8 anni.<\/strong><\/p>\n<h3>Test e nuovi casi<\/h3>\n<p>Oggi sono stati eseguiti 20.917 tamponi molecolari e 52.587 tamponi antigenici rapidi, di questi il 17,1% \u00e8 risultato positivo. Sono invece 16.993 i soggetti testati oggi (con tampone antigenico e\/o molecolare, escludendo i tamponi di controllo), di cui il 73,9% \u00e8 risultato positivo. Gli attualmente positivi sono oggi 176.359, -1,9% rispetto a ieri. I ricoverati sono 1.441 (8 in meno rispetto a ieri), di cui 127 in terapia intensiva (4 in meno).<\/p>\n<p><strong>L&#8217;et\u00e0 media dei 12.564 nuovi positivi odierni \u00e8 di 36 anni circa<\/strong> (29% ha meno di 20 anni, 23% tra 20 e 39 anni, 32% tra 40 e 59 anni, 12% tra 60 e 79 anni, 4% ha 80 anni o pi\u00f9).<\/p>\n<h3>I casi di positivit\u00e0 sul territorio<\/h3>\n<p>Di seguito i casi di positivit\u00e0 sul territorio con la variazione rispetto a ieri (4.575 confermati con tampone molecolare e 7.989 da test rapido antigenico). Sono 184.504 i casi complessivi ad oggi a Firenze (3.585 in pi\u00f9 rispetto a ieri), 49.046 a Prato (865 in pi\u00f9), 52.895 a Pistoia (1.030 in pi\u00f9), 29.486 a Massa (567 in pi\u00f9), 60.297 a Lucca (1.223 in pi\u00f9), 71.286 a Pisa (1.501 in pi\u00f9), 46.930 a Livorno (1.340 in pi\u00f9), 54.437 ad Arezzo (1.040 in pi\u00f9), 39.362 a Siena (759 in pi\u00f9), 25.606 a Grosseto (654 in pi\u00f9). Sono 555 i casi positivi notificati in Toscana, ma residenti in altre regioni.<\/p>\n<p>Sono 5.713 i casi riscontrati oggi nell&#8217;Asl Centro, 4.397 nella Nord Ovest, 2.454 nella Sud est.<\/p>\n<p><strong>La Toscana si trova al 9\u00b0 posto in Italia come numerosit\u00e0 di casi<\/strong> (comprensivi di residenti e non residenti), con circa 16.638 casi per 100.000 abitanti (media italiana circa 15.225 x100.000, dato di ieri). Le province di notifica con il tasso pi\u00f9 alto sono Prato con 18.489 casi x100.000 abitanti, Firenze con 18.479, Pistoia con 18.224, la pi\u00f9 bassa Grosseto con 11.754.<\/p>\n<h3>Isolamento e ricoveri<\/h3>\n<p>Complessivamente, 174.918 persone sono in isolamento a casa, poich\u00e9 presentano sintomi lievi che non richiedono cure ospedaliere, o risultano prive di sintomi (3.448 in meno rispetto a ieri, meno 1,9%).<br \/>\nSono 36.652 (6.721 in pi\u00f9 rispetto a ieri, pi\u00f9 22,5%) le persone, anch&#8217;esse isolate, in sorveglianza attiva perch\u00e9 hanno avuto contatti con persone contagiate (ASL Centro 12.669, Nord Ovest 16.078, Sud Est 7.905).<\/p>\n<p><strong>Le persone ricoverate nei posti letto dedicati ai pazienti Covid oggi sono complessivamente 1.441<\/strong> (8 in meno rispetto a ieri, meno 0,6%), <strong>127 in terapia intensiva (4 in meno rispetto a ieri, meno 3,1%).<\/strong><\/p>\n<p>Le persone complessivamente guarite sono 430.120 (15.987 in pi\u00f9 rispetto a ieri, pi\u00f9 3,9%): 0 persone clinicamente guarite (stabili rispetto a ieri), divenute cio\u00e8 asintomatiche dopo aver presentato manifestazioni cliniche associate all&#8217;infezione e 430.120 (15.987 in pi\u00f9 rispetto a ieri, pi\u00f9 3,9%) dichiarate guarite a tutti gli effetti, le cosiddette guarigioni virali, con tampone negativo.<\/p>\n<p>Come anticipato, ogggi si registrano 33 nuovi decessi: 17 uomini e 16 donne con un&#8217;et\u00e0 media di 81,8 anni.\u00a0Relativamente alla provincia di residenza, le persone decedute sono: 6 a Firenze, 2 a Prato, 2 a Pistoia, 2 a Lucca, 7 a Pisa, 7 a Livorno, 2 a Arezzo, 2 a Siena, 2 a Grosseto, 1 fuori Toscana.<\/p>\n<p>Sono 7.925 i deceduti dall&#8217;inizio dell&#8217;epidemia cosi ripartiti: 2.523 a Firenze, 689 a Prato, 733 a Pistoia, 564 a Massa Carrara, 750 a Lucca, 809 a Pisa, 515 a Livorno, 577 ad Arezzo, 406 a Siena, 257 a Grosseto, 102 persone sono decedute sul suolo toscano ma erano residenti fuori regione.<\/p>\n<p>Il tasso grezzo di mortalit\u00e0 toscano (numero di deceduti\/popolazione residente) per Covid-19 \u00e8 di 214,6 x100.000 residenti contro il 239,4 x100.000 della media italiana (11\u00b0 regione). Per quanto riguarda le province, il tasso di mortalit\u00e0 pi\u00f9 alto si riscontra a Massa Carrara (297,1 x100.000), Prato (259,7 x100.000) e Firenze (252,7 x100.000), il pi\u00f9 basso a Grosseto (118,0 x100.000).<\/p>\n","protected":false},"excerpt":{"rendered":"<p>Le persone ricoverate nei posti letto dedicati ai pazienti Covid oggi sono 8 in meno rispetto a ieri, 4 in meno rispetto a ieri i ricoveri in terapia intensiva. Purtroppo sono 33 i deceduti odierni con un&#8217;et\u00e0 media di 81,8 anni<\/p>\n","protected":false},"author":525,"featured_media":159137,"comment_status":"open","ping_status":"open","sticky":false,"template":"","format":"standard","meta":{"_acf_changed":false,"footnotes":""},"categories":[494],"tags":[4868,4809],"class_list":["post-207990","post","type-post","status-publish","format-standard","has-post-thumbnail","hentry","category-attualita","tag-bollettino-covid-toscana","tag-covid"],"acf":[],"yoast_head":"<!-- This site is optimized with the Yoast SEO Premium plugin v24.2 (Yoast SEO v25.6) - https:\/\/yoast.com\/wordpress\/plugins\/seo\/ -->\n<title>Covid, nuovi casi in diminuzione: oggi sono 12.564. Scendono anche i ricoveri - intoscana<\/title>\n<meta name=\"description\" content=\"Le persone ricoverate nei posti letto dedicati ai pazienti Covid oggi sono 8 in meno rispetto a ieri, 4 in meno in terapia intensiva\" \/>\n<meta name=\"robots\" content=\"index, follow, max-snippet:-1, max-image-preview:large, max-video-preview:-1\" \/>\n<link rel=\"canonical\" href=\"https:\/\/www.intoscana.it\/it\/covid-nuovi-casi-19-gennaio\/\" \/>\n<meta property=\"og:locale\" content=\"it_IT\" \/>\n<meta property=\"og:type\" content=\"article\" \/>\n<meta property=\"og:title\" content=\"Covid, nuovi casi in diminuzione: oggi sono 12.564. Scendono anche i ricoveri\" \/>\n<meta property=\"og:description\" content=\"Le persone ricoverate nei posti letto dedicati ai pazienti Covid oggi sono 8 in meno rispetto a ieri, 4 in meno in terapia intensiva\" \/>\n<meta property=\"og:url\" content=\"https:\/\/www.intoscana.it\/it\/covid-nuovi-casi-19-gennaio\/\" \/>\n<meta property=\"og:site_name\" content=\"intoscana\" \/>\n<meta property=\"article:publisher\" content=\"https:\/\/www.facebook.com\/intoscana.it\" \/>\n<meta property=\"article:published_time\" content=\"2022-01-19T11:23:24+00:00\" \/>\n<meta property=\"article:modified_time\" content=\"2022-01-20T09:13:49+00:00\" \/>\n<meta property=\"og:image\" content=\"https:\/\/www.intoscana.it\/wp-content\/uploads\/canzoni-jovanotti-ospedale-arezzo.jpg\" \/>\n\t<meta property=\"og:image:width\" content=\"720\" \/>\n\t<meta property=\"og:image:height\" content=\"720\" \/>\n\t<meta property=\"og:image:type\" content=\"image\/jpeg\" \/>\n<meta name=\"author\" content=\"Redazione\" \/>\n<meta name=\"twitter:card\" content=\"summary_large_image\" \/>\n<meta name=\"twitter:creator\" content=\"@intoscana\" \/>\n<meta name=\"twitter:site\" content=\"@intoscana\" \/>\n<meta name=\"twitter:label1\" content=\"Written by\" \/>\n\t<meta name=\"twitter:data1\" content=\"Redazione\" \/>\n\t<meta name=\"twitter:label2\" content=\"Est. reading time\" \/>\n\t<meta name=\"twitter:data2\" content=\"3 minuti\" \/>\n<script type=\"application\/ld+json\" class=\"yoast-schema-graph\">{\"@context\":\"https:\/\/schema.org\",\"@graph\":[{\"@type\":\"WebPage\",\"@id\":\"https:\/\/www.intoscana.it\/it\/covid-nuovi-casi-19-gennaio\/\",\"url\":\"https:\/\/www.intoscana.it\/it\/covid-nuovi-casi-19-gennaio\/\",\"name\":\"Covid, nuovi casi in diminuzione: oggi sono 12.564. Scendono anche i ricoveri - intoscana\",\"isPartOf\":{\"@id\":\"https:\/\/www.intoscana.it\/it\/#website\"},\"primaryImageOfPage\":{\"@id\":\"https:\/\/www.intoscana.it\/it\/covid-nuovi-casi-19-gennaio\/#primaryimage\"},\"image\":{\"@id\":\"https:\/\/www.intoscana.it\/it\/covid-nuovi-casi-19-gennaio\/#primaryimage\"},\"thumbnailUrl\":\"https:\/\/www.intoscana.it\/wp-content\/uploads\/canzoni-jovanotti-ospedale-arezzo.jpg\",\"datePublished\":\"2022-01-19T11:23:24+00:00\",\"dateModified\":\"2022-01-20T09:13:49+00:00\",\"author\":{\"@id\":\"https:\/\/www.intoscana.it\/it\/#\/schema\/person\/9223810753230f20bd670fdd322661f8\"},\"description\":\"Le persone ricoverate nei posti letto dedicati ai pazienti Covid oggi sono 8 in meno rispetto a ieri, 4 in meno in terapia intensiva\",\"breadcrumb\":{\"@id\":\"https:\/\/www.intoscana.it\/it\/covid-nuovi-casi-19-gennaio\/#breadcrumb\"},\"inLanguage\":\"it-IT\",\"potentialAction\":[{\"@type\":\"ReadAction\",\"target\":[\"https:\/\/www.intoscana.it\/it\/covid-nuovi-casi-19-gennaio\/\"]}]},{\"@type\":\"ImageObject\",\"inLanguage\":\"it-IT\",\"@id\":\"https:\/\/www.intoscana.it\/it\/covid-nuovi-casi-19-gennaio\/#primaryimage\",\"url\":\"https:\/\/www.intoscana.it\/wp-content\/uploads\/canzoni-jovanotti-ospedale-arezzo.jpg\",\"contentUrl\":\"https:\/\/www.intoscana.it\/wp-content\/uploads\/canzoni-jovanotti-ospedale-arezzo.jpg\",\"width\":720,\"height\":720,\"caption\":\"Il ringraziamento degli operatori sanitari dell'Ospedale di Arezzo dopo la telefonata di Jovanotti\"},{\"@type\":\"BreadcrumbList\",\"@id\":\"https:\/\/www.intoscana.it\/it\/covid-nuovi-casi-19-gennaio\/#breadcrumb\",\"itemListElement\":[{\"@type\":\"ListItem\",\"position\":1,\"name\":\"Home\",\"item\":\"https:\/\/www.intoscana.it\/it\/\"},{\"@type\":\"ListItem\",\"position\":2,\"name\":\"Covid, nuovi casi in diminuzione: oggi sono 12.564. Scendono anche i ricoveri\"}]},{\"@type\":\"WebSite\",\"@id\":\"https:\/\/www.intoscana.it\/it\/#website\",\"url\":\"https:\/\/www.intoscana.it\/it\/\",\"name\":\"intoscana\",\"description\":\"\",\"potentialAction\":[{\"@type\":\"SearchAction\",\"target\":{\"@type\":\"EntryPoint\",\"urlTemplate\":\"https:\/\/www.intoscana.it\/it\/?s={search_term_string}\"},\"query-input\":{\"@type\":\"PropertyValueSpecification\",\"valueRequired\":true,\"valueName\":\"search_term_string\"}}],\"inLanguage\":\"it-IT\"},{\"@type\":\"Person\",\"@id\":\"https:\/\/www.intoscana.it\/it\/#\/schema\/person\/9223810753230f20bd670fdd322661f8\",\"name\":\"Redazione\",\"url\":\"https:\/\/www.intoscana.it\/it\/author\/redazione\/\"}]}<\/script>\n<!-- \/ Yoast SEO Premium plugin. -->","yoast_head_json":{"title":"Covid, nuovi casi in diminuzione: oggi sono 12.564. Scendono anche i ricoveri - intoscana","description":"Le persone ricoverate nei posti letto dedicati ai pazienti Covid oggi sono 8 in meno rispetto a ieri, 4 in meno in terapia intensiva","robots":{"index":"index","follow":"follow","max-snippet":"max-snippet:-1","max-image-preview":"max-image-preview:large","max-video-preview":"max-video-preview:-1"},"canonical":"https:\/\/www.intoscana.it\/it\/covid-nuovi-casi-19-gennaio\/","og_locale":"it_IT","og_type":"article","og_title":"Covid, nuovi casi in diminuzione: oggi sono 12.564. Scendono anche i ricoveri","og_description":"Le persone ricoverate nei posti letto dedicati ai pazienti Covid oggi sono 8 in meno rispetto a ieri, 4 in meno in terapia intensiva","og_url":"https:\/\/www.intoscana.it\/it\/covid-nuovi-casi-19-gennaio\/","og_site_name":"intoscana","article_publisher":"https:\/\/www.facebook.com\/intoscana.it","article_published_time":"2022-01-19T11:23:24+00:00","article_modified_time":"2022-01-20T09:13:49+00:00","og_image":[{"width":720,"height":720,"url":"https:\/\/www.intoscana.it\/wp-content\/uploads\/canzoni-jovanotti-ospedale-arezzo.jpg","type":"image\/jpeg"}],"author":"Redazione","twitter_card":"summary_large_image","twitter_creator":"@intoscana","twitter_site":"@intoscana","twitter_misc":{"Written by":"Redazione","Est. reading time":"3 minuti"},"schema":{"@context":"https:\/\/schema.org","@graph":[{"@type":"WebPage","@id":"https:\/\/www.intoscana.it\/it\/covid-nuovi-casi-19-gennaio\/","url":"https:\/\/www.intoscana.it\/it\/covid-nuovi-casi-19-gennaio\/","name":"Covid, nuovi casi in diminuzione: oggi sono 12.564. Scendono anche i ricoveri - intoscana","isPartOf":{"@id":"https:\/\/www.intoscana.it\/it\/#website"},"primaryImageOfPage":{"@id":"https:\/\/www.intoscana.it\/it\/covid-nuovi-casi-19-gennaio\/#primaryimage"},"image":{"@id":"https:\/\/www.intoscana.it\/it\/covid-nuovi-casi-19-gennaio\/#primaryimage"},"thumbnailUrl":"https:\/\/www.intoscana.it\/wp-content\/uploads\/canzoni-jovanotti-ospedale-arezzo.jpg","datePublished":"2022-01-19T11:23:24+00:00","dateModified":"2022-01-20T09:13:49+00:00","author":{"@id":"https:\/\/www.intoscana.it\/it\/#\/schema\/person\/9223810753230f20bd670fdd322661f8"},"description":"Le persone ricoverate nei posti letto dedicati ai pazienti Covid oggi sono 8 in meno rispetto a ieri, 4 in meno in terapia intensiva","breadcrumb":{"@id":"https:\/\/www.intoscana.it\/it\/covid-nuovi-casi-19-gennaio\/#breadcrumb"},"inLanguage":"it-IT","potentialAction":[{"@type":"ReadAction","target":["https:\/\/www.intoscana.it\/it\/covid-nuovi-casi-19-gennaio\/"]}]},{"@type":"ImageObject","inLanguage":"it-IT","@id":"https:\/\/www.intoscana.it\/it\/covid-nuovi-casi-19-gennaio\/#primaryimage","url":"https:\/\/www.intoscana.it\/wp-content\/uploads\/canzoni-jovanotti-ospedale-arezzo.jpg","contentUrl":"https:\/\/www.intoscana.it\/wp-content\/uploads\/canzoni-jovanotti-ospedale-arezzo.jpg","width":720,"height":720,"caption":"Il ringraziamento degli operatori sanitari dell'Ospedale di Arezzo dopo la telefonata di Jovanotti"},{"@type":"BreadcrumbList","@id":"https:\/\/www.intoscana.it\/it\/covid-nuovi-casi-19-gennaio\/#breadcrumb","itemListElement":[{"@type":"ListItem","position":1,"name":"Home","item":"https:\/\/www.intoscana.it\/it\/"},{"@type":"ListItem","position":2,"name":"Covid, nuovi casi in diminuzione: oggi sono 12.564. Scendono anche i ricoveri"}]},{"@type":"WebSite","@id":"https:\/\/www.intoscana.it\/it\/#website","url":"https:\/\/www.intoscana.it\/it\/","name":"intoscana","description":"","potentialAction":[{"@type":"SearchAction","target":{"@type":"EntryPoint","urlTemplate":"https:\/\/www.intoscana.it\/it\/?s={search_term_string}"},"query-input":{"@type":"PropertyValueSpecification","valueRequired":true,"valueName":"search_term_string"}}],"inLanguage":"it-IT"},{"@type":"Person","@id":"https:\/\/www.intoscana.it\/it\/#\/schema\/person\/9223810753230f20bd670fdd322661f8","name":"Redazione","url":"https:\/\/www.intoscana.it\/it\/author\/redazione\/"}]}},"_links":{"self":[{"href":"https:\/\/www.intoscana.it\/it\/wp-json\/wp\/v2\/posts\/207990","targetHints":{"allow":["GET"]}}],"collection":[{"href":"https:\/\/www.intoscana.it\/it\/wp-json\/wp\/v2\/posts"}],"about":[{"href":"https:\/\/www.intoscana.it\/it\/wp-json\/wp\/v2\/types\/post"}],"author":[{"embeddable":true,"href":"https:\/\/www.intoscana.it\/it\/wp-json\/wp\/v2\/users\/525"}],"replies":[{"embeddable":true,"href":"https:\/\/www.intoscana.it\/it\/wp-json\/wp\/v2\/comments?post=207990"}],"version-history":[{"count":0,"href":"https:\/\/www.intoscana.it\/it\/wp-json\/wp\/v2\/posts\/207990\/revisions"}],"wp:featuredmedia":[{"embeddable":true,"href":"https:\/\/www.intoscana.it\/it\/wp-json\/wp\/v2\/media\/159137"}],"wp:attachment":[{"href":"https:\/\/www.intoscana.it\/it\/wp-json\/wp\/v2\/media?parent=207990"}],"wp:term":[{"taxonomy":"category","embeddable":true,"href":"https:\/\/www.intoscana.it\/it\/wp-json\/wp\/v2\/categories?post=207990"},{"taxonomy":"post_tag","embeddable":true,"href":"https:\/\/www.intoscana.it\/it\/wp-json\/wp\/v2\/tags?post=207990"}],"curies":[{"name":"wp","href":"https:\/\/api.w.org\/{rel}","templated":true}]}}